{"id":77872,"date":"2026-09-01T13:15:00","date_gmt":"2026-09-01T20:15:00","guid":{"rendered":"https:\/\/periodicorealidades.com\/?p=77872"},"modified":"2026-09-01T13:15:00","modified_gmt":"2026-09-01T20:15:00","slug":"identifican-y-detienen-a-presunto-implicado-en-explosion-de-comandancia-en-ojocaliente","status":"publish","type":"post","link":"https:\/\/periodicorealidades.com\/index.php\/2026\/09\/01\/identifican-y-detienen-a-presunto-implicado-en-explosion-de-comandancia-en-ojocaliente\/","title":{"rendered":"Identifican y detienen a presunto implicado en explosi\u00f3n de comandancia en Ojocaliente"},"content":{"rendered":"\n<p class=\"wp-block-paragraph\">&nbsp;Autoridades de seguridad identificaron y detuvieron a Juan Pedro N., de 29 a\u00f1os y originario de Aguascalientes, como presunto integrante de un grupo delictivo relacionado con el veh\u00edculo que explot\u00f3 cerca de la Direcci\u00f3n de Seguridad P\u00fablica Municipal de Ojocaliente, Zacatecas.<\/p>\n\n\n\n<p class=\"wp-block-paragraph\">De acuerdo con informaci\u00f3n de la Mesa Estatal de Construcci\u00f3n de Paz y Seguridad, el detenido fue localizado durante un operativo mientras conduc\u00eda un veh\u00edculo Nissan. Al percatarse de la presencia de las fuerzas de seguridad, habr\u00eda intentado escapar hacia una zona de cultivos y arroj\u00f3 diversos artefactos ponchallantas.<\/p>\n\n\n\n<p class=\"wp-block-paragraph\">Posteriormente, abandon\u00f3 el veh\u00edculo y continu\u00f3 su huida a pie; sin embargo, fue alcanzado y detenido por los elementos de seguridad.<\/p>\n\n\n\n<p class=\"wp-block-paragraph\">Las autoridades indicaron que, como parte de los trabajos de inteligencia realizados durante la investigaci\u00f3n, se obtuvieron indicios que apuntan a su posible participaci\u00f3n en los hechos ocurridos en Ojocaliente.<\/p>\n\n\n\n<p class=\"wp-block-paragraph\">Durante el operativo tambi\u00e9n fueron asegurados un explosivo artesanal tipo niple, una granada de fragmentaci\u00f3n, 22 artefactos ponchallantas, cinco cargadores abastecidos y diversas dosis de sustancias con caracter\u00edsticas de marihuana, metanfetamina y coca\u00edna.<\/p>\n\n\n\n<figure class=\"wp-block-image size-full\"><img loading=\"lazy\" decoding=\"async\" width=\"700\" height=\"438\" src=\"https:\/\/periodicorealidades.com\/wp-content\/uploads\/2026\/09\/image-3.png\" alt=\"\" class=\"wp-image-77874\" srcset=\"https:\/\/periodicorealidades.com\/wp-content\/uploads\/2026\/09\/image-3.png 700w, https:\/\/periodicorealidades.com\/wp-content\/uploads\/2026\/09\/image-3-300x188.png 300w, https:\/\/periodicorealidades.com\/wp-content\/uploads\/2026\/09\/image-3-323x202.png 323w, https:\/\/periodicorealidades.com\/wp-content\/uploads\/2026\/09\/image-3-255x160.png 255w, https:\/\/periodicorealidades.com\/wp-content\/uploads\/2026\/09\/image-3-695x435.png 695w, https:\/\/periodicorealidades.com\/wp-content\/uploads\/2026\/09\/image-3-351x220.png 351w, https:\/\/periodicorealidades.com\/wp-content\/uploads\/2026\/09\/image-3-355x222.png 355w, https:\/\/periodicorealidades.com\/wp-content\/uploads\/2026\/09\/image-3-417x261.png 417w\" sizes=\"auto, (max-width: 700px) 100vw, 700px\" \/><\/figure>\n\n\n\n<p class=\"wp-block-paragraph\">El veh\u00edculo en el que viajaba el detenido tambi\u00e9n qued\u00f3 bajo resguardo de las autoridades. Juan Pedro N. y los objetos asegurados fueron puestos a disposici\u00f3n de la autoridad competente, que continuar\u00e1 con las investigaciones para determinar las responsabilidades correspondientes y esclarecer el ataque.<\/p>\n\n\n\n<p class=\"wp-block-paragraph\">La detenci\u00f3n ocurre luego de la explosi\u00f3n registrada frente a la Direcci\u00f3n de Seguridad P\u00fablica Municipal de Ojocaliente, un hecho que dej\u00f3&nbsp;<strong>11 personas lesionadas y da\u00f1os en alrededor de 40 viviendas<\/strong>, seg\u00fan el reporte previamente dado a conocer por autoridades estatales.<\/p>\n\n\n\n<p class=\"wp-block-paragraph\">La Mesa Estatal de Construcci\u00f3n de Paz y Seguridad se\u00f1al\u00f3 que mantendr\u00e1 las labores de inteligencia y la coordinaci\u00f3n entre las instituciones de seguridad para identificar, ubicar y localizar a otras personas que pudieran estar relacionadas con el ataque y llevar ante la justicia a quienes resulten responsables.<\/p>\n\n\n\n<p class=\"wp-block-paragraph\"><\/p>\n","protected":false},"excerpt":{"rendered":"<p>&nbsp;Autoridades de seguridad identificaron y detuvieron a Juan Pedro N., de 29 a\u00f1os y originario de Aguascalientes, como presunto integrante de un grupo delictivo relacionado con el veh\u00edculo que explot\u00f3 cerca de la Direcci\u00f3n de Seguridad P\u00fablica Municipal de Ojocaliente, Zacatecas. De acuerdo con informaci\u00f3n de la Mesa Estatal de Construcci\u00f3n de Paz y Seguridad, [&hellip;]<\/p>\n","protected":false},"author":4,"featured_media":77873,"comment_status":"closed","ping_status":"open","sticky":false,"template":"","format":"standard","meta":{"footnotes":""},"categories":[6],"tags":[],"class_list":["post-77872","post","type-post","status-publish","format-standard","has-post-thumbnail","category-policiaca"],"yoast_head":"<!-- This site is optimized with the Yoast SEO plugin v28.3 - https:\/\/yoast.com\/product\/yoast-seo-wordpress\/ -->\n<title>Identifican y detienen a presunto implicado en explosi\u00f3n de comandancia en Ojocaliente - Peri\u00f3dico Realidades<\/title>\n<meta name=\"robots\" content=\"index, follow, max-snippet:-1, max-image-preview:large, max-video-preview:-1\" \/>\n<link rel=\"canonical\" href=\"https:\/\/periodicorealidades.com\/index.php\/2026\/09\/01\/identifican-y-detienen-a-presunto-implicado-en-explosion-de-comandancia-en-ojocaliente\/\" \/>\n<meta property=\"og:locale\" content=\"es_MX\" \/>\n<meta property=\"og:type\" content=\"article\" \/>\n<meta property=\"og:title\" content=\"Identifican y detienen a presunto implicado en explosi\u00f3n de comandancia en Ojocaliente - Peri\u00f3dico Realidades\" \/>\n<meta property=\"og:description\" content=\"&nbsp;Autoridades de seguridad identificaron y detuvieron a Juan Pedro N., de 29 a\u00f1os y originario de Aguascalientes, como presunto integrante de un grupo delictivo relacionado con el veh\u00edculo que explot\u00f3 cerca de la Direcci\u00f3n de Seguridad P\u00fablica Municipal de Ojocaliente, Zacatecas. De acuerdo con informaci\u00f3n de la Mesa Estatal de Construcci\u00f3n de Paz y Seguridad, [&hellip;]\" \/>\n<meta property=\"og:url\" content=\"https:\/\/periodicorealidades.com\/index.php\/2026\/09\/01\/identifican-y-detienen-a-presunto-implicado-en-explosion-de-comandancia-en-ojocaliente\/\" \/>\n<meta property=\"og:site_name\" content=\"Peri\u00f3dico Realidades\" \/>\n<meta property=\"article:publisher\" content=\"https:\/\/www.facebook.com\/periodicorealidades.denayarit?mibextid=LQQJ4d\" \/>\n<meta property=\"article:published_time\" content=\"2026-09-01T20:15:00+00:00\" \/>\n<meta property=\"og:image\" content=\"https:\/\/periodicorealidades.com\/wp-content\/uploads\/2026\/09\/image-2.png\" \/>\n\t<meta property=\"og:image:width\" content=\"1200\" \/>\n\t<meta property=\"og:image:height\" content=\"750\" \/>\n\t<meta property=\"og:image:type\" content=\"image\/png\" \/>\n<meta name=\"author\" content=\"Arcelia\" \/>\n<meta name=\"twitter:card\" content=\"summary_large_image\" \/>\n<meta name=\"twitter:label1\" content=\"Escrito por\" \/>\n\t<meta name=\"twitter:data1\" content=\"Arcelia\" \/>\n\t<meta name=\"twitter:label2\" content=\"Tiempo de lectura\" \/>\n\t<meta name=\"twitter:data2\" content=\"2 minutos\" \/>\n<script type=\"application\/ld+json\" class=\"yoast-schema-graph\">{\"@context\":\"https:\\\/\\\/schema.org\",\"@graph\":[{\"@type\":\"Article\",\"@id\":\"https:\\\/\\\/periodicorealidades.com\\\/index.php\\\/2026\\\/09\\\/01\\\/identifican-y-detienen-a-presunto-implicado-en-explosion-de-comandancia-en-ojocaliente\\\/#article\",\"isPartOf\":{\"@id\":\"https:\\\/\\\/periodicorealidades.com\\\/index.php\\\/2026\\\/09\\\/01\\\/identifican-y-detienen-a-presunto-implicado-en-explosion-de-comandancia-en-ojocaliente\\\/\"},\"author\":{\"name\":\"Arcelia\",\"@id\":\"https:\\\/\\\/periodicorealidades.com\\\/#\\\/schema\\\/person\\\/ed60e33c6767be45db655d22ad0c15c4\"},\"headline\":\"Identifican y detienen a presunto implicado en explosi\u00f3n de comandancia en Ojocaliente\",\"datePublished\":\"2026-09-01T20:15:00+00:00\",\"mainEntityOfPage\":{\"@id\":\"https:\\\/\\\/periodicorealidades.com\\\/index.php\\\/2026\\\/09\\\/01\\\/identifican-y-detienen-a-presunto-implicado-en-explosion-de-comandancia-en-ojocaliente\\\/\"},\"wordCount\":347,\"publisher\":{\"@id\":\"https:\\\/\\\/periodicorealidades.com\\\/#organization\"},\"image\":{\"@id\":\"https:\\\/\\\/periodicorealidades.com\\\/index.php\\\/2026\\\/09\\\/01\\\/identifican-y-detienen-a-presunto-implicado-en-explosion-de-comandancia-en-ojocaliente\\\/#primaryimage\"},\"thumbnailUrl\":\"https:\\\/\\\/periodicorealidades.com\\\/wp-content\\\/uploads\\\/2026\\\/09\\\/image-2.png\",\"articleSection\":[\"Policiaca\"],\"inLanguage\":\"es\"},{\"@type\":\"WebPage\",\"@id\":\"https:\\\/\\\/periodicorealidades.com\\\/index.php\\\/2026\\\/09\\\/01\\\/identifican-y-detienen-a-presunto-implicado-en-explosion-de-comandancia-en-ojocaliente\\\/\",\"url\":\"https:\\\/\\\/periodicorealidades.com\\\/index.php\\\/2026\\\/09\\\/01\\\/identifican-y-detienen-a-presunto-implicado-en-explosion-de-comandancia-en-ojocaliente\\\/\",\"name\":\"Identifican y detienen a presunto implicado en explosi\u00f3n de comandancia en Ojocaliente - Peri\u00f3dico Realidades\",\"isPartOf\":{\"@id\":\"https:\\\/\\\/periodicorealidades.com\\\/#website\"},\"primaryImageOfPage\":{\"@id\":\"https:\\\/\\\/periodicorealidades.com\\\/index.php\\\/2026\\\/09\\\/01\\\/identifican-y-detienen-a-presunto-implicado-en-explosion-de-comandancia-en-ojocaliente\\\/#primaryimage\"},\"image\":{\"@id\":\"https:\\\/\\\/periodicorealidades.com\\\/index.php\\\/2026\\\/09\\\/01\\\/identifican-y-detienen-a-presunto-implicado-en-explosion-de-comandancia-en-ojocaliente\\\/#primaryimage\"},\"thumbnailUrl\":\"https:\\\/\\\/periodicorealidades.com\\\/wp-content\\\/uploads\\\/2026\\\/09\\\/image-2.png\",\"datePublished\":\"2026-09-01T20:15:00+00:00\",\"breadcrumb\":{\"@id\":\"https:\\\/\\\/periodicorealidades.com\\\/index.php\\\/2026\\\/09\\\/01\\\/identifican-y-detienen-a-presunto-implicado-en-explosion-de-comandancia-en-ojocaliente\\\/#breadcrumb\"},\"inLanguage\":\"es\",\"potentialAction\":[{\"@type\":\"ReadAction\",\"target\":[\"https:\\\/\\\/periodicorealidades.com\\\/index.php\\\/2026\\\/09\\\/01\\\/identifican-y-detienen-a-presunto-implicado-en-explosion-de-comandancia-en-ojocaliente\\\/\"]}]},{\"@type\":\"ImageObject\",\"inLanguage\":\"es\",\"@id\":\"https:\\\/\\\/periodicorealidades.com\\\/index.php\\\/2026\\\/09\\\/01\\\/identifican-y-detienen-a-presunto-implicado-en-explosion-de-comandancia-en-ojocaliente\\\/#primaryimage\",\"url\":\"https:\\\/\\\/periodicorealidades.com\\\/wp-content\\\/uploads\\\/2026\\\/09\\\/image-2.png\",\"contentUrl\":\"https:\\\/\\\/periodicorealidades.com\\\/wp-content\\\/uploads\\\/2026\\\/09\\\/image-2.png\",\"width\":1200,\"height\":750},{\"@type\":\"BreadcrumbList\",\"@id\":\"https:\\\/\\\/periodicorealidades.com\\\/index.php\\\/2026\\\/09\\\/01\\\/identifican-y-detienen-a-presunto-implicado-en-explosion-de-comandancia-en-ojocaliente\\\/#breadcrumb\",\"itemListElement\":[{\"@type\":\"ListItem\",\"position\":1,\"name\":\"Inicio\",\"item\":\"https:\\\/\\\/periodicorealidades.com\\\/\"},{\"@type\":\"ListItem\",\"position\":2,\"name\":\"Identifican y detienen a presunto implicado en explosi\u00f3n de comandancia en Ojocaliente\"}]},{\"@type\":\"WebSite\",\"@id\":\"https:\\\/\\\/periodicorealidades.com\\\/#website\",\"url\":\"https:\\\/\\\/periodicorealidades.com\\\/\",\"name\":\"Peri\u00f3dico Realidades\",\"description\":\"M\u00e9dio de comunicaci\u00f3n en Nayarit\",\"publisher\":{\"@id\":\"https:\\\/\\\/periodicorealidades.com\\\/#organization\"},\"potentialAction\":[{\"@type\":\"SearchAction\",\"target\":{\"@type\":\"EntryPoint\",\"urlTemplate\":\"https:\\\/\\\/periodicorealidades.com\\\/?s={search_term_string}\"},\"query-input\":{\"@type\":\"PropertyValueSpecification\",\"valueRequired\":true,\"valueName\":\"search_term_string\"}}],\"inLanguage\":\"es\"},{\"@type\":\"Organization\",\"@id\":\"https:\\\/\\\/periodicorealidades.com\\\/#organization\",\"name\":\"Peri\u00f3dico Realidades\",\"url\":\"https:\\\/\\\/periodicorealidades.com\\\/\",\"logo\":{\"@type\":\"ImageObject\",\"inLanguage\":\"es\",\"@id\":\"https:\\\/\\\/periodicorealidades.com\\\/#\\\/schema\\\/logo\\\/image\\\/\",\"url\":\"https:\\\/\\\/periodicorealidades.com\\\/wp-content\\\/uploads\\\/2023\\\/05\\\/r-prueba.png\",\"contentUrl\":\"https:\\\/\\\/periodicorealidades.com\\\/wp-content\\\/uploads\\\/2023\\\/05\\\/r-prueba.png\",\"width\":709,\"height\":709,\"caption\":\"Peri\u00f3dico Realidades\"},\"image\":{\"@id\":\"https:\\\/\\\/periodicorealidades.com\\\/#\\\/schema\\\/logo\\\/image\\\/\"},\"sameAs\":[\"https:\\\/\\\/www.facebook.com\\\/periodicorealidades.denayarit?mibextid=LQQJ4d\"]},{\"@type\":\"Person\",\"@id\":\"https:\\\/\\\/periodicorealidades.com\\\/#\\\/schema\\\/person\\\/ed60e33c6767be45db655d22ad0c15c4\",\"name\":\"Arcelia\",\"image\":{\"@type\":\"ImageObject\",\"inLanguage\":\"es\",\"@id\":\"https:\\\/\\\/secure.gravatar.com\\\/avatar\\\/36cdbbe591db4ecc4985aac5ab27b8093cf6488d3b664974f0cda2e38368b10d?s=96&d=mm&r=g\",\"url\":\"https:\\\/\\\/secure.gravatar.com\\\/avatar\\\/36cdbbe591db4ecc4985aac5ab27b8093cf6488d3b664974f0cda2e38368b10d?s=96&d=mm&r=g\",\"contentUrl\":\"https:\\\/\\\/secure.gravatar.com\\\/avatar\\\/36cdbbe591db4ecc4985aac5ab27b8093cf6488d3b664974f0cda2e38368b10d?s=96&d=mm&r=g\",\"caption\":\"Arcelia\"},\"url\":\"https:\\\/\\\/periodicorealidades.com\\\/index.php\\\/author\\\/editor-2\\\/\"}]}<\/script>\n<!-- \/ Yoast SEO plugin. -->","yoast_head_json":{"title":"Identifican y detienen a presunto implicado en explosi\u00f3n de comandancia en Ojocaliente - Peri\u00f3dico Realidades","robots":{"index":"index","follow":"follow","max-snippet":"max-snippet:-1","max-image-preview":"max-image-preview:large","max-video-preview":"max-video-preview:-1"},"canonical":"https:\/\/periodicorealidades.com\/index.php\/2026\/09\/01\/identifican-y-detienen-a-presunto-implicado-en-explosion-de-comandancia-en-ojocaliente\/","og_locale":"es_MX","og_type":"article","og_title":"Identifican y detienen a presunto implicado en explosi\u00f3n de comandancia en Ojocaliente - Peri\u00f3dico Realidades","og_description":"&nbsp;Autoridades de seguridad identificaron y detuvieron a Juan Pedro N., de 29 a\u00f1os y originario de Aguascalientes, como presunto integrante de un grupo delictivo relacionado con el veh\u00edculo que explot\u00f3 cerca de la Direcci\u00f3n de Seguridad P\u00fablica Municipal de Ojocaliente, Zacatecas. De acuerdo con informaci\u00f3n de la Mesa Estatal de Construcci\u00f3n de Paz y Seguridad, [&hellip;]","og_url":"https:\/\/periodicorealidades.com\/index.php\/2026\/09\/01\/identifican-y-detienen-a-presunto-implicado-en-explosion-de-comandancia-en-ojocaliente\/","og_site_name":"Peri\u00f3dico Realidades","article_publisher":"https:\/\/www.facebook.com\/periodicorealidades.denayarit?mibextid=LQQJ4d","article_published_time":"2026-09-01T20:15:00+00:00","og_image":[{"width":1200,"height":750,"url":"https:\/\/periodicorealidades.com\/wp-content\/uploads\/2026\/09\/image-2.png","type":"image\/png"}],"author":"Arcelia","twitter_card":"summary_large_image","twitter_misc":{"Escrito por":"Arcelia","Tiempo de lectura":"2 minutos"},"schema":{"@context":"https:\/\/schema.org","@graph":[{"@type":"Article","@id":"https:\/\/periodicorealidades.com\/index.php\/2026\/09\/01\/identifican-y-detienen-a-presunto-implicado-en-explosion-de-comandancia-en-ojocaliente\/#article","isPartOf":{"@id":"https:\/\/periodicorealidades.com\/index.php\/2026\/09\/01\/identifican-y-detienen-a-presunto-implicado-en-explosion-de-comandancia-en-ojocaliente\/"},"author":{"name":"Arcelia","@id":"https:\/\/periodicorealidades.com\/#\/schema\/person\/ed60e33c6767be45db655d22ad0c15c4"},"headline":"Identifican y detienen a presunto implicado en explosi\u00f3n de comandancia en Ojocaliente","datePublished":"2026-09-01T20:15:00+00:00","mainEntityOfPage":{"@id":"https:\/\/periodicorealidades.com\/index.php\/2026\/09\/01\/identifican-y-detienen-a-presunto-implicado-en-explosion-de-comandancia-en-ojocaliente\/"},"wordCount":347,"publisher":{"@id":"https:\/\/periodicorealidades.com\/#organization"},"image":{"@id":"https:\/\/periodicorealidades.com\/index.php\/2026\/09\/01\/identifican-y-detienen-a-presunto-implicado-en-explosion-de-comandancia-en-ojocaliente\/#primaryimage"},"thumbnailUrl":"https:\/\/periodicorealidades.com\/wp-content\/uploads\/2026\/09\/image-2.png","articleSection":["Policiaca"],"inLanguage":"es"},{"@type":"WebPage","@id":"https:\/\/periodicorealidades.com\/index.php\/2026\/09\/01\/identifican-y-detienen-a-presunto-implicado-en-explosion-de-comandancia-en-ojocaliente\/","url":"https:\/\/periodicorealidades.com\/index.php\/2026\/09\/01\/identifican-y-detienen-a-presunto-implicado-en-explosion-de-comandancia-en-ojocaliente\/","name":"Identifican y detienen a presunto implicado en explosi\u00f3n de comandancia en Ojocaliente - Peri\u00f3dico Realidades","isPartOf":{"@id":"https:\/\/periodicorealidades.com\/#website"},"primaryImageOfPage":{"@id":"https:\/\/periodicorealidades.com\/index.php\/2026\/09\/01\/identifican-y-detienen-a-presunto-implicado-en-explosion-de-comandancia-en-ojocaliente\/#primaryimage"},"image":{"@id":"https:\/\/periodicorealidades.com\/index.php\/2026\/09\/01\/identifican-y-detienen-a-presunto-implicado-en-explosion-de-comandancia-en-ojocaliente\/#primaryimage"},"thumbnailUrl":"https:\/\/periodicorealidades.com\/wp-content\/uploads\/2026\/09\/image-2.png","datePublished":"2026-09-01T20:15:00+00:00","breadcrumb":{"@id":"https:\/\/periodicorealidades.com\/index.php\/2026\/09\/01\/identifican-y-detienen-a-presunto-implicado-en-explosion-de-comandancia-en-ojocaliente\/#breadcrumb"},"inLanguage":"es","potentialAction":[{"@type":"ReadAction","target":["https:\/\/periodicorealidades.com\/index.php\/2026\/09\/01\/identifican-y-detienen-a-presunto-implicado-en-explosion-de-comandancia-en-ojocaliente\/"]}]},{"@type":"ImageObject","inLanguage":"es","@id":"https:\/\/periodicorealidades.com\/index.php\/2026\/09\/01\/identifican-y-detienen-a-presunto-implicado-en-explosion-de-comandancia-en-ojocaliente\/#primaryimage","url":"https:\/\/periodicorealidades.com\/wp-content\/uploads\/2026\/09\/image-2.png","contentUrl":"https:\/\/periodicorealidades.com\/wp-content\/uploads\/2026\/09\/image-2.png","width":1200,"height":750},{"@type":"BreadcrumbList","@id":"https:\/\/periodicorealidades.com\/index.php\/2026\/09\/01\/identifican-y-detienen-a-presunto-implicado-en-explosion-de-comandancia-en-ojocaliente\/#breadcrumb","itemListElement":[{"@type":"ListItem","position":1,"name":"Inicio","item":"https:\/\/periodicorealidades.com\/"},{"@type":"ListItem","position":2,"name":"Identifican y detienen a presunto implicado en explosi\u00f3n de comandancia en Ojocaliente"}]},{"@type":"WebSite","@id":"https:\/\/periodicorealidades.com\/#website","url":"https:\/\/periodicorealidades.com\/","name":"Peri\u00f3dico Realidades","description":"M\u00e9dio de comunicaci\u00f3n en Nayarit","publisher":{"@id":"https:\/\/periodicorealidades.com\/#organization"},"potentialAction":[{"@type":"SearchAction","target":{"@type":"EntryPoint","urlTemplate":"https:\/\/periodicorealidades.com\/?s={search_term_string}"},"query-input":{"@type":"PropertyValueSpecification","valueRequired":true,"valueName":"search_term_string"}}],"inLanguage":"es"},{"@type":"Organization","@id":"https:\/\/periodicorealidades.com\/#organization","name":"Peri\u00f3dico Realidades","url":"https:\/\/periodicorealidades.com\/","logo":{"@type":"ImageObject","inLanguage":"es","@id":"https:\/\/periodicorealidades.com\/#\/schema\/logo\/image\/","url":"https:\/\/periodicorealidades.com\/wp-content\/uploads\/2023\/05\/r-prueba.png","contentUrl":"https:\/\/periodicorealidades.com\/wp-content\/uploads\/2023\/05\/r-prueba.png","width":709,"height":709,"caption":"Peri\u00f3dico Realidades"},"image":{"@id":"https:\/\/periodicorealidades.com\/#\/schema\/logo\/image\/"},"sameAs":["https:\/\/www.facebook.com\/periodicorealidades.denayarit?mibextid=LQQJ4d"]},{"@type":"Person","@id":"https:\/\/periodicorealidades.com\/#\/schema\/person\/ed60e33c6767be45db655d22ad0c15c4","name":"Arcelia","image":{"@type":"ImageObject","inLanguage":"es","@id":"https:\/\/secure.gravatar.com\/avatar\/36cdbbe591db4ecc4985aac5ab27b8093cf6488d3b664974f0cda2e38368b10d?s=96&d=mm&r=g","url":"https:\/\/secure.gravatar.com\/avatar\/36cdbbe591db4ecc4985aac5ab27b8093cf6488d3b664974f0cda2e38368b10d?s=96&d=mm&r=g","contentUrl":"https:\/\/secure.gravatar.com\/avatar\/36cdbbe591db4ecc4985aac5ab27b8093cf6488d3b664974f0cda2e38368b10d?s=96&d=mm&r=g","caption":"Arcelia"},"url":"https:\/\/periodicorealidades.com\/index.php\/author\/editor-2\/"}]}},"_links":{"self":[{"href":"https:\/\/periodicorealidades.com\/index.php\/wp-json\/wp\/v2\/posts\/77872","targetHints":{"allow":["GET"]}}],"collection":[{"href":"https:\/\/periodicorealidades.com\/index.php\/wp-json\/wp\/v2\/posts"}],"about":[{"href":"https:\/\/periodicorealidades.com\/index.php\/wp-json\/wp\/v2\/types\/post"}],"author":[{"embeddable":true,"href":"https:\/\/periodicorealidades.com\/index.php\/wp-json\/wp\/v2\/users\/4"}],"replies":[{"embeddable":true,"href":"https:\/\/periodicorealidades.com\/index.php\/wp-json\/wp\/v2\/comments?post=77872"}],"version-history":[{"count":1,"href":"https:\/\/periodicorealidades.com\/index.php\/wp-json\/wp\/v2\/posts\/77872\/revisions"}],"predecessor-version":[{"id":77875,"href":"https:\/\/periodicorealidades.com\/index.php\/wp-json\/wp\/v2\/posts\/77872\/revisions\/77875"}],"wp:featuredmedia":[{"embeddable":true,"href":"https:\/\/periodicorealidades.com\/index.php\/wp-json\/wp\/v2\/media\/77873"}],"wp:attachment":[{"href":"https:\/\/periodicorealidades.com\/index.php\/wp-json\/wp\/v2\/media?parent=77872"}],"wp:term":[{"taxonomy":"category","embeddable":true,"href":"https:\/\/periodicorealidades.com\/index.php\/wp-json\/wp\/v2\/categories?post=77872"},{"taxonomy":"post_tag","embeddable":true,"href":"https:\/\/periodicorealidades.com\/index.php\/wp-json\/wp\/v2\/tags?post=77872"}],"curies":[{"name":"wp","href":"https:\/\/api.w.org\/{rel}","templated":true}]}}