{"id":77876,"date":"2026-09-01T13:29:35","date_gmt":"2026-09-01T20:29:35","guid":{"rendered":"https:\/\/periodicorealidades.com\/?p=77876"},"modified":"2026-09-01T13:29:36","modified_gmt":"2026-09-01T20:29:36","slug":"lucero-celebra-sus-57-anos-con-musica-conciertos-y-el-exito-de-fuertes-declaraciones","status":"publish","type":"post","link":"https:\/\/periodicorealidades.com\/index.php\/2026\/09\/01\/lucero-celebra-sus-57-anos-con-musica-conciertos-y-el-exito-de-fuertes-declaraciones\/","title":{"rendered":"Lucero celebra sus 57 a\u00f1os con m\u00fasica, conciertos y el \u00e9xito de \u201cFuertes Declaraciones\u201d"},"content":{"rendered":"\n<p class=\"wp-block-paragraph\">&nbsp;Lucero atraviesa uno de los momentos m\u00e1s activos de su carrera. A pocos d\u00edas de celebrar sus 57 a\u00f1os, la cantante mantiene una agenda llena de proyectos musicales, con dos conciertos confirmados en M\u00e9xico, el \u00e9xito de su m\u00e1s reciente sencillo \u201cFuertes Declaraciones\u201d, un nuevo \u00e1lbum de mariachi en camino y una gira internacional junto a Yuri.<\/p>\n\n\n\n<p class=\"wp-block-paragraph\">El pasado 29 de agosto, la int\u00e9rprete festej\u00f3 su cumplea\u00f1os rodeada de familiares y amigos. La celebraci\u00f3n lleg\u00f3 en medio de una etapa profesional marcada por el regreso a sus ra\u00edces musicales y por la preparaci\u00f3n de un nuevo disco de mariachi, el primero de estudio que lanzar\u00e1 en siete a\u00f1os.<\/p>\n\n\n\n<h2 class=\"wp-block-heading\">\u201cFuertes Declaraciones\u201d conquista al p\u00fablico<\/h2>\n\n\n\n<p class=\"wp-block-paragraph\">Uno de los principales motivos de celebraci\u00f3n para Lucero es la respuesta que ha tenido su sencillo \u201cFuertes Declaraciones\u201d, estrenado el pasado 30 de julio bajo el sello OCESA Seitrack.<\/p>\n\n\n\n<p class=\"wp-block-paragraph\">La canci\u00f3n, compuesta por Amanda Coronel y Alejandra Zeguer, aborda el desamor y la confrontaci\u00f3n emocional desde una perspectiva femenina. En pocas semanas, el video oficial super\u00f3 los&nbsp;<strong>3 millones de reproducciones en YouTube<\/strong>, adem\u00e1s de colocarse en el primer lugar de la lista HotSong M\u00e9xico de monitorLATINO.<\/p>\n\n\n\n<p class=\"wp-block-paragraph\">El lanzamiento tuvo un momento especial cuando Lucero apareci\u00f3 por sorpresa en la Central de Abasto de la Ciudad de M\u00e9xico, a finales de julio. Vestida con un atuendo inspirado en la m\u00fasica mexicana y acompa\u00f1ada por mariachi en vivo, la cantante interpret\u00f3 el tema ante comerciantes y visitantes.<\/p>\n\n\n\n<p class=\"wp-block-paragraph\">Musicalmente, \u201cFuertes Declaraciones\u201d combina elementos del mariachi tradicional con sonidos tumbados y ritmos sierre\u00f1os, una mezcla que representa el regreso de Lucero a la m\u00fasica ranchera y regional mexicana.<\/p>\n\n\n\n<h2 class=\"wp-block-heading\">Dos conciertos confirmados en M\u00e9xico<\/h2>\n\n\n\n<p class=\"wp-block-paragraph\">Como parte de su&nbsp;<strong>Siempre Contigo Tour<\/strong>, con el que celebra 46 a\u00f1os de trayectoria, Lucero se presentar\u00e1 el&nbsp;<strong>18 de septiembre en el Auditorio Josefa Ortiz de Dom\u00ednguez de Quer\u00e9taro<\/strong>&nbsp;y el&nbsp;<strong>24 de septiembre en el Auditorio Nacional de la Ciudad de M\u00e9xico<\/strong>, ambos conciertos programados para iniciar a las 20:30 horas.<\/p>\n\n\n\n<p class=\"wp-block-paragraph\">El espect\u00e1culo re\u00fane algunos de sus \u00e9xitos m\u00e1s reconocidos con canciones de su pr\u00f3ximo material discogr\u00e1fico. Para la fecha en la capital, los boletos tienen precios que van de 400 a 2 mil 500 pesos.<\/p>\n\n\n\n<p class=\"wp-block-paragraph\">Sin embargo, la gira por M\u00e9xico tambi\u00e9n ha tenido contratiempos. Los conciertos que estaban programados para el&nbsp;<strong>3 de septiembre en Hermosillo, Sonora, y el 5 de septiembre en Los Mochis, Sinaloa<\/strong>, fueron cancelados por la promotora Uno M\u00e1s Producciones debido a causas de fuerza mayor.<\/p>\n\n\n\n<figure class=\"wp-block-image size-full\"><img loading=\"lazy\" decoding=\"async\" width=\"992\" height=\"559\" src=\"https:\/\/periodicorealidades.com\/wp-content\/uploads\/2026\/09\/image-5.png\" alt=\"\" class=\"wp-image-77878\" srcset=\"https:\/\/periodicorealidades.com\/wp-content\/uploads\/2026\/09\/image-5.png 992w, https:\/\/periodicorealidades.com\/wp-content\/uploads\/2026\/09\/image-5-300x169.png 300w, https:\/\/periodicorealidades.com\/wp-content\/uploads\/2026\/09\/image-5-767x432.png 767w, https:\/\/periodicorealidades.com\/wp-content\/uploads\/2026\/09\/image-5-323x182.png 323w, https:\/\/periodicorealidades.com\/wp-content\/uploads\/2026\/09\/image-5-696x392.png 696w, https:\/\/periodicorealidades.com\/wp-content\/uploads\/2026\/09\/image-5-283x159.png 283w, https:\/\/periodicorealidades.com\/wp-content\/uploads\/2026\/09\/image-5-355x200.png 355w, https:\/\/periodicorealidades.com\/wp-content\/uploads\/2026\/09\/image-5-463x261.png 463w\" sizes=\"auto, (max-width: 992px) 100vw, 992px\" \/><\/figure>\n\n\n\n<h2 class=\"wp-block-heading\">Un nuevo disco de mariachi llegar\u00e1 en 2027<\/h2>\n\n\n\n<p class=\"wp-block-paragraph\">La etapa actual de Lucero tambi\u00e9n sirve como antesala para el lanzamiento de&nbsp;<strong>Conexi\u00f3n Mexicana<\/strong>, su nuevo \u00e1lbum de mariachi, previsto para febrero de 2027.<\/p>\n\n\n\n<p class=\"wp-block-paragraph\">El material estar\u00e1 integrado por 14 canciones, entre ellas tres versiones y diversos temas in\u00e9ditos. El proyecto contar\u00e1 con colaboraciones de artistas como&nbsp;<strong>Majo Aguilar, Joss Favela y Los \u00c1ngeles Azules<\/strong>, bajo la producci\u00f3n de Aureo Baqueiro.<\/p>\n\n\n\n<p class=\"wp-block-paragraph\">Para Lucero, este disco representa una nueva oportunidad de explorar su identidad musical despu\u00e9s de m\u00e1s de cuatro d\u00e9cadas de trayectoria.<\/p>\n\n\n\n<h2 class=\"wp-block-heading\">Lucero y Yuri preparan gira por Estados Unidos<\/h2>\n\n\n\n<p class=\"wp-block-paragraph\">Despu\u00e9s de sus compromisos en M\u00e9xico, Lucero continuar\u00e1 con una agenda internacional. La cantante se unir\u00e1 a&nbsp;<strong>Yuri<\/strong>&nbsp;en el&nbsp;<strong>Entre Amigas Tour<\/strong>, cuya primera etapa comenzar\u00e1 en noviembre en Texas.<\/p>\n\n\n\n<p class=\"wp-block-paragraph\">La gira arrancar\u00e1 el&nbsp;<strong>27 de noviembre en Sugar Land<\/strong>, continuar\u00e1 el 28 en San Antonio y el 29 en Hidalgo. Posteriormente, la segunda etapa retomar\u00e1 actividades en abril de 2027 con presentaciones en distintas ciudades de Estados Unidos, entre ellas Los \u00c1ngeles, San Diego, San Jos\u00e9, El Paso, Newark y otras.<\/p>\n\n\n\n<figure class=\"wp-block-image size-full\"><img loading=\"lazy\" decoding=\"async\" width=\"992\" height=\"662\" src=\"https:\/\/periodicorealidades.com\/wp-content\/uploads\/2026\/09\/image-4.png\" alt=\"\" class=\"wp-image-77877\" srcset=\"https:\/\/periodicorealidades.com\/wp-content\/uploads\/2026\/09\/image-4.png 992w, https:\/\/periodicorealidades.com\/wp-content\/uploads\/2026\/09\/image-4-300x200.png 300w, https:\/\/periodicorealidades.com\/wp-content\/uploads\/2026\/09\/image-4-324x216.png 324w, https:\/\/periodicorealidades.com\/wp-content\/uploads\/2026\/09\/image-4-767x512.png 767w, https:\/\/periodicorealidades.com\/wp-content\/uploads\/2026\/09\/image-4-695x464.png 695w, https:\/\/periodicorealidades.com\/wp-content\/uploads\/2026\/09\/image-4-239x159.png 239w, https:\/\/periodicorealidades.com\/wp-content\/uploads\/2026\/09\/image-4-329x220.png 329w, https:\/\/periodicorealidades.com\/wp-content\/uploads\/2026\/09\/image-4-355x237.png 355w, https:\/\/periodicorealidades.com\/wp-content\/uploads\/2026\/09\/image-4-391x261.png 391w, https:\/\/periodicorealidades.com\/wp-content\/uploads\/2026\/09\/image-4-728x486.png 728w, https:\/\/periodicorealidades.com\/wp-content\/uploads\/2026\/09\/image-4-869x580.png 869w\" sizes=\"auto, (max-width: 992px) 100vw, 992px\" \/><\/figure>\n\n\n\n<p class=\"wp-block-paragraph\">El recorrido contempla&nbsp;<strong>13 fechas anunciadas<\/strong>, con cierre previsto para el&nbsp;<strong>9 de mayo de 2027 en Newark, Nueva Jersey<\/strong>.<\/p>\n\n\n\n<p class=\"wp-block-paragraph\">As\u00ed, Lucero llega a sus 57 a\u00f1os con una carrera que contin\u00faa en movimiento: nuevos sonidos, un \u00e1lbum de mariachi, presentaciones en M\u00e9xico, una gira internacional y un sencillo que ya conquist\u00f3 a millones de espectadores.<\/p>\n","protected":false},"excerpt":{"rendered":"<p>&nbsp;Lucero atraviesa uno de los momentos m\u00e1s activos de su carrera. A pocos d\u00edas de celebrar sus 57 a\u00f1os, la cantante mantiene una agenda llena de proyectos musicales, con dos conciertos confirmados en M\u00e9xico, el \u00e9xito de su m\u00e1s reciente sencillo \u201cFuertes Declaraciones\u201d, un nuevo \u00e1lbum de mariachi en camino y una gira internacional junto [&hellip;]<\/p>\n","protected":false},"author":4,"featured_media":77879,"comment_status":"closed","ping_status":"open","sticky":false,"template":"","format":"standard","meta":{"footnotes":""},"categories":[11],"tags":[],"class_list":["post-77876","post","type-post","status-publish","format-standard","has-post-thumbnail","category-farandula"],"yoast_head":"<!-- This site is optimized with the Yoast SEO plugin v28.3 - https:\/\/yoast.com\/product\/yoast-seo-wordpress\/ -->\n<title>Lucero celebra sus 57 a\u00f1os con m\u00fasica, conciertos y el \u00e9xito de \u201cFuertes Declaraciones\u201d - Peri\u00f3dico Realidades<\/title>\n<meta name=\"robots\" content=\"index, follow, max-snippet:-1, max-image-preview:large, max-video-preview:-1\" \/>\n<link rel=\"canonical\" href=\"https:\/\/periodicorealidades.com\/index.php\/2026\/09\/01\/lucero-celebra-sus-57-anos-con-musica-conciertos-y-el-exito-de-fuertes-declaraciones\/\" \/>\n<meta property=\"og:locale\" content=\"es_MX\" \/>\n<meta property=\"og:type\" content=\"article\" \/>\n<meta property=\"og:title\" content=\"Lucero celebra sus 57 a\u00f1os con m\u00fasica, conciertos y el \u00e9xito de \u201cFuertes Declaraciones\u201d - Peri\u00f3dico Realidades\" \/>\n<meta property=\"og:description\" content=\"&nbsp;Lucero atraviesa uno de los momentos m\u00e1s activos de su carrera. A pocos d\u00edas de celebrar sus 57 a\u00f1os, la cantante mantiene una agenda llena de proyectos musicales, con dos conciertos confirmados en M\u00e9xico, el \u00e9xito de su m\u00e1s reciente sencillo \u201cFuertes Declaraciones\u201d, un nuevo \u00e1lbum de mariachi en camino y una gira internacional junto [&hellip;]\" \/>\n<meta property=\"og:url\" content=\"https:\/\/periodicorealidades.com\/index.php\/2026\/09\/01\/lucero-celebra-sus-57-anos-con-musica-conciertos-y-el-exito-de-fuertes-declaraciones\/\" \/>\n<meta property=\"og:site_name\" content=\"Peri\u00f3dico Realidades\" \/>\n<meta property=\"article:publisher\" content=\"https:\/\/www.facebook.com\/periodicorealidades.denayarit?mibextid=LQQJ4d\" \/>\n<meta property=\"article:published_time\" content=\"2026-09-01T20:29:35+00:00\" \/>\n<meta property=\"article:modified_time\" content=\"2026-09-01T20:29:36+00:00\" \/>\n<meta property=\"og:image\" content=\"https:\/\/periodicorealidades.com\/wp-content\/uploads\/2026\/09\/image-6.png\" \/>\n\t<meta property=\"og:image:width\" content=\"992\" \/>\n\t<meta property=\"og:image:height\" content=\"661\" \/>\n\t<meta property=\"og:image:type\" content=\"image\/png\" \/>\n<meta name=\"author\" content=\"Arcelia\" \/>\n<meta name=\"twitter:card\" content=\"summary_large_image\" \/>\n<meta name=\"twitter:label1\" content=\"Escrito por\" \/>\n\t<meta name=\"twitter:data1\" content=\"Arcelia\" \/>\n\t<meta name=\"twitter:label2\" content=\"Tiempo de lectura\" \/>\n\t<meta name=\"twitter:data2\" content=\"4 minutos\" \/>\n<script type=\"application\/ld+json\" class=\"yoast-schema-graph\">{\"@context\":\"https:\\\/\\\/schema.org\",\"@graph\":[{\"@type\":\"Article\",\"@id\":\"https:\\\/\\\/periodicorealidades.com\\\/index.php\\\/2026\\\/09\\\/01\\\/lucero-celebra-sus-57-anos-con-musica-conciertos-y-el-exito-de-fuertes-declaraciones\\\/#article\",\"isPartOf\":{\"@id\":\"https:\\\/\\\/periodicorealidades.com\\\/index.php\\\/2026\\\/09\\\/01\\\/lucero-celebra-sus-57-anos-con-musica-conciertos-y-el-exito-de-fuertes-declaraciones\\\/\"},\"author\":{\"name\":\"Arcelia\",\"@id\":\"https:\\\/\\\/periodicorealidades.com\\\/#\\\/schema\\\/person\\\/ed60e33c6767be45db655d22ad0c15c4\"},\"headline\":\"Lucero celebra sus 57 a\u00f1os con m\u00fasica, conciertos y el \u00e9xito de \u201cFuertes Declaraciones\u201d\",\"datePublished\":\"2026-09-01T20:29:35+00:00\",\"dateModified\":\"2026-09-01T20:29:36+00:00\",\"mainEntityOfPage\":{\"@id\":\"https:\\\/\\\/periodicorealidades.com\\\/index.php\\\/2026\\\/09\\\/01\\\/lucero-celebra-sus-57-anos-con-musica-conciertos-y-el-exito-de-fuertes-declaraciones\\\/\"},\"wordCount\":700,\"publisher\":{\"@id\":\"https:\\\/\\\/periodicorealidades.com\\\/#organization\"},\"image\":{\"@id\":\"https:\\\/\\\/periodicorealidades.com\\\/index.php\\\/2026\\\/09\\\/01\\\/lucero-celebra-sus-57-anos-con-musica-conciertos-y-el-exito-de-fuertes-declaraciones\\\/#primaryimage\"},\"thumbnailUrl\":\"https:\\\/\\\/periodicorealidades.com\\\/wp-content\\\/uploads\\\/2026\\\/09\\\/image-6.png\",\"articleSection\":[\"FARANDULA\"],\"inLanguage\":\"es\"},{\"@type\":\"WebPage\",\"@id\":\"https:\\\/\\\/periodicorealidades.com\\\/index.php\\\/2026\\\/09\\\/01\\\/lucero-celebra-sus-57-anos-con-musica-conciertos-y-el-exito-de-fuertes-declaraciones\\\/\",\"url\":\"https:\\\/\\\/periodicorealidades.com\\\/index.php\\\/2026\\\/09\\\/01\\\/lucero-celebra-sus-57-anos-con-musica-conciertos-y-el-exito-de-fuertes-declaraciones\\\/\",\"name\":\"Lucero celebra sus 57 a\u00f1os con m\u00fasica, conciertos y el \u00e9xito de \u201cFuertes Declaraciones\u201d - Peri\u00f3dico Realidades\",\"isPartOf\":{\"@id\":\"https:\\\/\\\/periodicorealidades.com\\\/#website\"},\"primaryImageOfPage\":{\"@id\":\"https:\\\/\\\/periodicorealidades.com\\\/index.php\\\/2026\\\/09\\\/01\\\/lucero-celebra-sus-57-anos-con-musica-conciertos-y-el-exito-de-fuertes-declaraciones\\\/#primaryimage\"},\"image\":{\"@id\":\"https:\\\/\\\/periodicorealidades.com\\\/index.php\\\/2026\\\/09\\\/01\\\/lucero-celebra-sus-57-anos-con-musica-conciertos-y-el-exito-de-fuertes-declaraciones\\\/#primaryimage\"},\"thumbnailUrl\":\"https:\\\/\\\/periodicorealidades.com\\\/wp-content\\\/uploads\\\/2026\\\/09\\\/image-6.png\",\"datePublished\":\"2026-09-01T20:29:35+00:00\",\"dateModified\":\"2026-09-01T20:29:36+00:00\",\"breadcrumb\":{\"@id\":\"https:\\\/\\\/periodicorealidades.com\\\/index.php\\\/2026\\\/09\\\/01\\\/lucero-celebra-sus-57-anos-con-musica-conciertos-y-el-exito-de-fuertes-declaraciones\\\/#breadcrumb\"},\"inLanguage\":\"es\",\"potentialAction\":[{\"@type\":\"ReadAction\",\"target\":[\"https:\\\/\\\/periodicorealidades.com\\\/index.php\\\/2026\\\/09\\\/01\\\/lucero-celebra-sus-57-anos-con-musica-conciertos-y-el-exito-de-fuertes-declaraciones\\\/\"]}]},{\"@type\":\"ImageObject\",\"inLanguage\":\"es\",\"@id\":\"https:\\\/\\\/periodicorealidades.com\\\/index.php\\\/2026\\\/09\\\/01\\\/lucero-celebra-sus-57-anos-con-musica-conciertos-y-el-exito-de-fuertes-declaraciones\\\/#primaryimage\",\"url\":\"https:\\\/\\\/periodicorealidades.com\\\/wp-content\\\/uploads\\\/2026\\\/09\\\/image-6.png\",\"contentUrl\":\"https:\\\/\\\/periodicorealidades.com\\\/wp-content\\\/uploads\\\/2026\\\/09\\\/image-6.png\",\"width\":992,\"height\":661},{\"@type\":\"BreadcrumbList\",\"@id\":\"https:\\\/\\\/periodicorealidades.com\\\/index.php\\\/2026\\\/09\\\/01\\\/lucero-celebra-sus-57-anos-con-musica-conciertos-y-el-exito-de-fuertes-declaraciones\\\/#breadcrumb\",\"itemListElement\":[{\"@type\":\"ListItem\",\"position\":1,\"name\":\"Inicio\",\"item\":\"https:\\\/\\\/periodicorealidades.com\\\/\"},{\"@type\":\"ListItem\",\"position\":2,\"name\":\"Lucero celebra sus 57 a\u00f1os con m\u00fasica, conciertos y el \u00e9xito de \u201cFuertes Declaraciones\u201d\"}]},{\"@type\":\"WebSite\",\"@id\":\"https:\\\/\\\/periodicorealidades.com\\\/#website\",\"url\":\"https:\\\/\\\/periodicorealidades.com\\\/\",\"name\":\"Peri\u00f3dico Realidades\",\"description\":\"M\u00e9dio de comunicaci\u00f3n en Nayarit\",\"publisher\":{\"@id\":\"https:\\\/\\\/periodicorealidades.com\\\/#organization\"},\"potentialAction\":[{\"@type\":\"SearchAction\",\"target\":{\"@type\":\"EntryPoint\",\"urlTemplate\":\"https:\\\/\\\/periodicorealidades.com\\\/?s={search_term_string}\"},\"query-input\":{\"@type\":\"PropertyValueSpecification\",\"valueRequired\":true,\"valueName\":\"search_term_string\"}}],\"inLanguage\":\"es\"},{\"@type\":\"Organization\",\"@id\":\"https:\\\/\\\/periodicorealidades.com\\\/#organization\",\"name\":\"Peri\u00f3dico Realidades\",\"url\":\"https:\\\/\\\/periodicorealidades.com\\\/\",\"logo\":{\"@type\":\"ImageObject\",\"inLanguage\":\"es\",\"@id\":\"https:\\\/\\\/periodicorealidades.com\\\/#\\\/schema\\\/logo\\\/image\\\/\",\"url\":\"https:\\\/\\\/periodicorealidades.com\\\/wp-content\\\/uploads\\\/2023\\\/05\\\/r-prueba.png\",\"contentUrl\":\"https:\\\/\\\/periodicorealidades.com\\\/wp-content\\\/uploads\\\/2023\\\/05\\\/r-prueba.png\",\"width\":709,\"height\":709,\"caption\":\"Peri\u00f3dico Realidades\"},\"image\":{\"@id\":\"https:\\\/\\\/periodicorealidades.com\\\/#\\\/schema\\\/logo\\\/image\\\/\"},\"sameAs\":[\"https:\\\/\\\/www.facebook.com\\\/periodicorealidades.denayarit?mibextid=LQQJ4d\"]},{\"@type\":\"Person\",\"@id\":\"https:\\\/\\\/periodicorealidades.com\\\/#\\\/schema\\\/person\\\/ed60e33c6767be45db655d22ad0c15c4\",\"name\":\"Arcelia\",\"image\":{\"@type\":\"ImageObject\",\"inLanguage\":\"es\",\"@id\":\"https:\\\/\\\/secure.gravatar.com\\\/avatar\\\/36cdbbe591db4ecc4985aac5ab27b8093cf6488d3b664974f0cda2e38368b10d?s=96&d=mm&r=g\",\"url\":\"https:\\\/\\\/secure.gravatar.com\\\/avatar\\\/36cdbbe591db4ecc4985aac5ab27b8093cf6488d3b664974f0cda2e38368b10d?s=96&d=mm&r=g\",\"contentUrl\":\"https:\\\/\\\/secure.gravatar.com\\\/avatar\\\/36cdbbe591db4ecc4985aac5ab27b8093cf6488d3b664974f0cda2e38368b10d?s=96&d=mm&r=g\",\"caption\":\"Arcelia\"},\"url\":\"https:\\\/\\\/periodicorealidades.com\\\/index.php\\\/author\\\/editor-2\\\/\"}]}<\/script>\n<!-- \/ Yoast SEO plugin. -->","yoast_head_json":{"title":"Lucero celebra sus 57 a\u00f1os con m\u00fasica, conciertos y el \u00e9xito de \u201cFuertes Declaraciones\u201d - Peri\u00f3dico Realidades","robots":{"index":"index","follow":"follow","max-snippet":"max-snippet:-1","max-image-preview":"max-image-preview:large","max-video-preview":"max-video-preview:-1"},"canonical":"https:\/\/periodicorealidades.com\/index.php\/2026\/09\/01\/lucero-celebra-sus-57-anos-con-musica-conciertos-y-el-exito-de-fuertes-declaraciones\/","og_locale":"es_MX","og_type":"article","og_title":"Lucero celebra sus 57 a\u00f1os con m\u00fasica, conciertos y el \u00e9xito de \u201cFuertes Declaraciones\u201d - Peri\u00f3dico Realidades","og_description":"&nbsp;Lucero atraviesa uno de los momentos m\u00e1s activos de su carrera. A pocos d\u00edas de celebrar sus 57 a\u00f1os, la cantante mantiene una agenda llena de proyectos musicales, con dos conciertos confirmados en M\u00e9xico, el \u00e9xito de su m\u00e1s reciente sencillo \u201cFuertes Declaraciones\u201d, un nuevo \u00e1lbum de mariachi en camino y una gira internacional junto [&hellip;]","og_url":"https:\/\/periodicorealidades.com\/index.php\/2026\/09\/01\/lucero-celebra-sus-57-anos-con-musica-conciertos-y-el-exito-de-fuertes-declaraciones\/","og_site_name":"Peri\u00f3dico Realidades","article_publisher":"https:\/\/www.facebook.com\/periodicorealidades.denayarit?mibextid=LQQJ4d","article_published_time":"2026-09-01T20:29:35+00:00","article_modified_time":"2026-09-01T20:29:36+00:00","og_image":[{"width":992,"height":661,"url":"https:\/\/periodicorealidades.com\/wp-content\/uploads\/2026\/09\/image-6.png","type":"image\/png"}],"author":"Arcelia","twitter_card":"summary_large_image","twitter_misc":{"Escrito por":"Arcelia","Tiempo de lectura":"4 minutos"},"schema":{"@context":"https:\/\/schema.org","@graph":[{"@type":"Article","@id":"https:\/\/periodicorealidades.com\/index.php\/2026\/09\/01\/lucero-celebra-sus-57-anos-con-musica-conciertos-y-el-exito-de-fuertes-declaraciones\/#article","isPartOf":{"@id":"https:\/\/periodicorealidades.com\/index.php\/2026\/09\/01\/lucero-celebra-sus-57-anos-con-musica-conciertos-y-el-exito-de-fuertes-declaraciones\/"},"author":{"name":"Arcelia","@id":"https:\/\/periodicorealidades.com\/#\/schema\/person\/ed60e33c6767be45db655d22ad0c15c4"},"headline":"Lucero celebra sus 57 a\u00f1os con m\u00fasica, conciertos y el \u00e9xito de \u201cFuertes Declaraciones\u201d","datePublished":"2026-09-01T20:29:35+00:00","dateModified":"2026-09-01T20:29:36+00:00","mainEntityOfPage":{"@id":"https:\/\/periodicorealidades.com\/index.php\/2026\/09\/01\/lucero-celebra-sus-57-anos-con-musica-conciertos-y-el-exito-de-fuertes-declaraciones\/"},"wordCount":700,"publisher":{"@id":"https:\/\/periodicorealidades.com\/#organization"},"image":{"@id":"https:\/\/periodicorealidades.com\/index.php\/2026\/09\/01\/lucero-celebra-sus-57-anos-con-musica-conciertos-y-el-exito-de-fuertes-declaraciones\/#primaryimage"},"thumbnailUrl":"https:\/\/periodicorealidades.com\/wp-content\/uploads\/2026\/09\/image-6.png","articleSection":["FARANDULA"],"inLanguage":"es"},{"@type":"WebPage","@id":"https:\/\/periodicorealidades.com\/index.php\/2026\/09\/01\/lucero-celebra-sus-57-anos-con-musica-conciertos-y-el-exito-de-fuertes-declaraciones\/","url":"https:\/\/periodicorealidades.com\/index.php\/2026\/09\/01\/lucero-celebra-sus-57-anos-con-musica-conciertos-y-el-exito-de-fuertes-declaraciones\/","name":"Lucero celebra sus 57 a\u00f1os con m\u00fasica, conciertos y el \u00e9xito de \u201cFuertes Declaraciones\u201d - Peri\u00f3dico Realidades","isPartOf":{"@id":"https:\/\/periodicorealidades.com\/#website"},"primaryImageOfPage":{"@id":"https:\/\/periodicorealidades.com\/index.php\/2026\/09\/01\/lucero-celebra-sus-57-anos-con-musica-conciertos-y-el-exito-de-fuertes-declaraciones\/#primaryimage"},"image":{"@id":"https:\/\/periodicorealidades.com\/index.php\/2026\/09\/01\/lucero-celebra-sus-57-anos-con-musica-conciertos-y-el-exito-de-fuertes-declaraciones\/#primaryimage"},"thumbnailUrl":"https:\/\/periodicorealidades.com\/wp-content\/uploads\/2026\/09\/image-6.png","datePublished":"2026-09-01T20:29:35+00:00","dateModified":"2026-09-01T20:29:36+00:00","breadcrumb":{"@id":"https:\/\/periodicorealidades.com\/index.php\/2026\/09\/01\/lucero-celebra-sus-57-anos-con-musica-conciertos-y-el-exito-de-fuertes-declaraciones\/#breadcrumb"},"inLanguage":"es","potentialAction":[{"@type":"ReadAction","target":["https:\/\/periodicorealidades.com\/index.php\/2026\/09\/01\/lucero-celebra-sus-57-anos-con-musica-conciertos-y-el-exito-de-fuertes-declaraciones\/"]}]},{"@type":"ImageObject","inLanguage":"es","@id":"https:\/\/periodicorealidades.com\/index.php\/2026\/09\/01\/lucero-celebra-sus-57-anos-con-musica-conciertos-y-el-exito-de-fuertes-declaraciones\/#primaryimage","url":"https:\/\/periodicorealidades.com\/wp-content\/uploads\/2026\/09\/image-6.png","contentUrl":"https:\/\/periodicorealidades.com\/wp-content\/uploads\/2026\/09\/image-6.png","width":992,"height":661},{"@type":"BreadcrumbList","@id":"https:\/\/periodicorealidades.com\/index.php\/2026\/09\/01\/lucero-celebra-sus-57-anos-con-musica-conciertos-y-el-exito-de-fuertes-declaraciones\/#breadcrumb","itemListElement":[{"@type":"ListItem","position":1,"name":"Inicio","item":"https:\/\/periodicorealidades.com\/"},{"@type":"ListItem","position":2,"name":"Lucero celebra sus 57 a\u00f1os con m\u00fasica, conciertos y el \u00e9xito de \u201cFuertes Declaraciones\u201d"}]},{"@type":"WebSite","@id":"https:\/\/periodicorealidades.com\/#website","url":"https:\/\/periodicorealidades.com\/","name":"Peri\u00f3dico Realidades","description":"M\u00e9dio de comunicaci\u00f3n en Nayarit","publisher":{"@id":"https:\/\/periodicorealidades.com\/#organization"},"potentialAction":[{"@type":"SearchAction","target":{"@type":"EntryPoint","urlTemplate":"https:\/\/periodicorealidades.com\/?s={search_term_string}"},"query-input":{"@type":"PropertyValueSpecification","valueRequired":true,"valueName":"search_term_string"}}],"inLanguage":"es"},{"@type":"Organization","@id":"https:\/\/periodicorealidades.com\/#organization","name":"Peri\u00f3dico Realidades","url":"https:\/\/periodicorealidades.com\/","logo":{"@type":"ImageObject","inLanguage":"es","@id":"https:\/\/periodicorealidades.com\/#\/schema\/logo\/image\/","url":"https:\/\/periodicorealidades.com\/wp-content\/uploads\/2023\/05\/r-prueba.png","contentUrl":"https:\/\/periodicorealidades.com\/wp-content\/uploads\/2023\/05\/r-prueba.png","width":709,"height":709,"caption":"Peri\u00f3dico Realidades"},"image":{"@id":"https:\/\/periodicorealidades.com\/#\/schema\/logo\/image\/"},"sameAs":["https:\/\/www.facebook.com\/periodicorealidades.denayarit?mibextid=LQQJ4d"]},{"@type":"Person","@id":"https:\/\/periodicorealidades.com\/#\/schema\/person\/ed60e33c6767be45db655d22ad0c15c4","name":"Arcelia","image":{"@type":"ImageObject","inLanguage":"es","@id":"https:\/\/secure.gravatar.com\/avatar\/36cdbbe591db4ecc4985aac5ab27b8093cf6488d3b664974f0cda2e38368b10d?s=96&d=mm&r=g","url":"https:\/\/secure.gravatar.com\/avatar\/36cdbbe591db4ecc4985aac5ab27b8093cf6488d3b664974f0cda2e38368b10d?s=96&d=mm&r=g","contentUrl":"https:\/\/secure.gravatar.com\/avatar\/36cdbbe591db4ecc4985aac5ab27b8093cf6488d3b664974f0cda2e38368b10d?s=96&d=mm&r=g","caption":"Arcelia"},"url":"https:\/\/periodicorealidades.com\/index.php\/author\/editor-2\/"}]}},"_links":{"self":[{"href":"https:\/\/periodicorealidades.com\/index.php\/wp-json\/wp\/v2\/posts\/77876","targetHints":{"allow":["GET"]}}],"collection":[{"href":"https:\/\/periodicorealidades.com\/index.php\/wp-json\/wp\/v2\/posts"}],"about":[{"href":"https:\/\/periodicorealidades.com\/index.php\/wp-json\/wp\/v2\/types\/post"}],"author":[{"embeddable":true,"href":"https:\/\/periodicorealidades.com\/index.php\/wp-json\/wp\/v2\/users\/4"}],"replies":[{"embeddable":true,"href":"https:\/\/periodicorealidades.com\/index.php\/wp-json\/wp\/v2\/comments?post=77876"}],"version-history":[{"count":1,"href":"https:\/\/periodicorealidades.com\/index.php\/wp-json\/wp\/v2\/posts\/77876\/revisions"}],"predecessor-version":[{"id":77880,"href":"https:\/\/periodicorealidades.com\/index.php\/wp-json\/wp\/v2\/posts\/77876\/revisions\/77880"}],"wp:featuredmedia":[{"embeddable":true,"href":"https:\/\/periodicorealidades.com\/index.php\/wp-json\/wp\/v2\/media\/77879"}],"wp:attachment":[{"href":"https:\/\/periodicorealidades.com\/index.php\/wp-json\/wp\/v2\/media?parent=77876"}],"wp:term":[{"taxonomy":"category","embeddable":true,"href":"https:\/\/periodicorealidades.com\/index.php\/wp-json\/wp\/v2\/categories?post=77876"},{"taxonomy":"post_tag","embeddable":true,"href":"https:\/\/periodicorealidades.com\/index.php\/wp-json\/wp\/v2\/tags?post=77876"}],"curies":[{"name":"wp","href":"https:\/\/api.w.org\/{rel}","templated":true}]}}