{"id":77889,"date":"2026-09-01T14:01:43","date_gmt":"2026-09-01T21:01:43","guid":{"rendered":"https:\/\/periodicorealidades.com\/?p=77889"},"modified":"2026-09-01T14:01:44","modified_gmt":"2026-09-01T21:01:44","slug":"carney-exige-a-ee-uu-respetar-la-soberania-de-canada-y-poner-fin-a-las-provocaciones","status":"publish","type":"post","link":"https:\/\/periodicorealidades.com\/index.php\/2026\/09\/01\/carney-exige-a-ee-uu-respetar-la-soberania-de-canada-y-poner-fin-a-las-provocaciones\/","title":{"rendered":"Carney exige a EE.UU. respetar la soberan\u00eda de Canad\u00e1 y poner fin a las provocaciones"},"content":{"rendered":"\n<p class=\"wp-block-paragraph\">El primer ministro de Canad\u00e1, Mark Carney, endureci\u00f3 este martes su discurso contra Estados Unidos y exigi\u00f3 al Gobierno de Donald Trump que ponga fin a las provocaciones y respete la soberan\u00eda canadiense.<\/p>\n\n\n\n<p class=\"wp-block-paragraph\">Carney calific\u00f3 de impropios los recientes ataques de funcionarios estadounidenses contra Canad\u00e1 y, en particular, contra las Fuerzas Armadas del pa\u00eds. \u201cEst\u00e1 por debajo de la dignidad de sus cargos\u201d, afirm\u00f3 al ser cuestionado sobre los insultos realizados por integrantes del gabinete estadounidense.<\/p>\n\n\n\n<p class=\"wp-block-paragraph\">El primer ministro tambi\u00e9n critic\u00f3 otras acciones de Washington, como las burlas dirigidas a cadetes canadienses y el cambio de denominaci\u00f3n del lago Ontario impulsado por el Gobierno de Trump.<\/p>\n\n\n\n<p class=\"wp-block-paragraph\">A pesar de las tensiones, Carney asegur\u00f3 que Canad\u00e1 mantiene la disposici\u00f3n de alcanzar un acuerdo comercial \u201cmutuamente beneficioso\u201d con Estados Unidos. Sin embargo, dej\u00f3 claro que cualquier negociaci\u00f3n deber\u00e1 respetar la soberan\u00eda canadiense y permitir al pa\u00eds proteger su cultura, especialmente la identidad quebequesa y la lengua francesa.<\/p>\n\n\n\n<p class=\"wp-block-paragraph\">El mandatario denunci\u00f3 adem\u00e1s que durante las negociaciones Washington plante\u00f3 condiciones que podr\u00edan limitar la capacidad de Canad\u00e1 para establecer acuerdos comerciales con otros pa\u00edses.<\/p>\n\n\n\n<p class=\"wp-block-paragraph\">\u201cCanad\u00e1 es un Estado soberano. Firmaremos acuerdos de libre comercio con los pa\u00edses con los que queramos firmarlos\u201d, sentenci\u00f3 Carney.<\/p>\n\n\n\n<p class=\"wp-block-paragraph\">El primer ministro tambi\u00e9n rechaz\u00f3 propuestas estadounidenses que, seg\u00fan explic\u00f3, podr\u00edan convertir sectores industriales estrat\u00e9gicos de Canad\u00e1 en \u201cfiliales\u201d de sus equivalentes estadounidenses o provocar su desaparici\u00f3n progresiva.<\/p>\n\n\n\n<p class=\"wp-block-paragraph\">\u201cNo vamos a aceptar esas condiciones\u201d, afirm\u00f3.<\/p>\n\n\n\n<p class=\"wp-block-paragraph\">Las declaraciones de Carney se produjeron despu\u00e9s de la victoria del Partido Liberal en las tres elecciones parciales celebradas el lunes. El resultado fue interpretado por el primer ministro como \u201cun voto de confianza\u201d hacia la estrategia de su Gobierno para fortalecer la econom\u00eda canadiense y reducir la dependencia del pa\u00eds respecto a Estados Unidos.<\/p>\n\n\n\n<p class=\"wp-block-paragraph\">Cuestionado sobre si el resultado electoral estuvo relacionado con las acciones del presidente Trump, Carney respondi\u00f3 de manera contundente: \u201cNo, se debe a nuestro plan\u201d.<\/p>\n","protected":false},"excerpt":{"rendered":"<p>El primer ministro de Canad\u00e1, Mark Carney, endureci\u00f3 este martes su discurso contra Estados Unidos y exigi\u00f3 al Gobierno de Donald Trump que ponga fin a las provocaciones y respete la soberan\u00eda canadiense. Carney calific\u00f3 de impropios los recientes ataques de funcionarios estadounidenses contra Canad\u00e1 y, en particular, contra las Fuerzas Armadas del pa\u00eds. \u201cEst\u00e1 [&hellip;]<\/p>\n","protected":false},"author":4,"featured_media":77890,"comment_status":"closed","ping_status":"open","sticky":false,"template":"","format":"standard","meta":{"footnotes":""},"categories":[13],"tags":[],"class_list":["post-77889","post","type-post","status-publish","format-standard","has-post-thumbnail","category-internacional"],"yoast_head":"<!-- This site is optimized with the Yoast SEO plugin v28.3 - https:\/\/yoast.com\/product\/yoast-seo-wordpress\/ -->\n<title>Carney exige a EE.UU. respetar la soberan\u00eda de Canad\u00e1 y poner fin a las provocaciones - Peri\u00f3dico Realidades<\/title>\n<meta name=\"robots\" content=\"index, follow, max-snippet:-1, max-image-preview:large, max-video-preview:-1\" \/>\n<link rel=\"canonical\" href=\"https:\/\/periodicorealidades.com\/index.php\/2026\/09\/01\/carney-exige-a-ee-uu-respetar-la-soberania-de-canada-y-poner-fin-a-las-provocaciones\/\" \/>\n<meta property=\"og:locale\" content=\"es_MX\" \/>\n<meta property=\"og:type\" content=\"article\" \/>\n<meta property=\"og:title\" content=\"Carney exige a EE.UU. respetar la soberan\u00eda de Canad\u00e1 y poner fin a las provocaciones - Peri\u00f3dico Realidades\" \/>\n<meta property=\"og:description\" content=\"El primer ministro de Canad\u00e1, Mark Carney, endureci\u00f3 este martes su discurso contra Estados Unidos y exigi\u00f3 al Gobierno de Donald Trump que ponga fin a las provocaciones y respete la soberan\u00eda canadiense. Carney calific\u00f3 de impropios los recientes ataques de funcionarios estadounidenses contra Canad\u00e1 y, en particular, contra las Fuerzas Armadas del pa\u00eds. \u201cEst\u00e1 [&hellip;]\" \/>\n<meta property=\"og:url\" content=\"https:\/\/periodicorealidades.com\/index.php\/2026\/09\/01\/carney-exige-a-ee-uu-respetar-la-soberania-de-canada-y-poner-fin-a-las-provocaciones\/\" \/>\n<meta property=\"og:site_name\" content=\"Peri\u00f3dico Realidades\" \/>\n<meta property=\"article:publisher\" content=\"https:\/\/www.facebook.com\/periodicorealidades.denayarit?mibextid=LQQJ4d\" \/>\n<meta property=\"article:published_time\" content=\"2026-09-01T21:01:43+00:00\" \/>\n<meta property=\"article:modified_time\" content=\"2026-09-01T21:01:44+00:00\" \/>\n<meta property=\"og:image\" content=\"https:\/\/periodicorealidades.com\/wp-content\/uploads\/2026\/09\/image-11.png\" \/>\n\t<meta property=\"og:image:width\" content=\"740\" \/>\n\t<meta property=\"og:image:height\" content=\"416\" \/>\n\t<meta property=\"og:image:type\" content=\"image\/png\" \/>\n<meta name=\"author\" content=\"Arcelia\" \/>\n<meta name=\"twitter:card\" content=\"summary_large_image\" \/>\n<meta name=\"twitter:label1\" content=\"Escrito por\" \/>\n\t<meta name=\"twitter:data1\" content=\"Arcelia\" \/>\n\t<meta name=\"twitter:label2\" content=\"Tiempo de lectura\" \/>\n\t<meta name=\"twitter:data2\" content=\"2 minutos\" \/>\n<script type=\"application\/ld+json\" class=\"yoast-schema-graph\">{\"@context\":\"https:\\\/\\\/schema.org\",\"@graph\":[{\"@type\":\"Article\",\"@id\":\"https:\\\/\\\/periodicorealidades.com\\\/index.php\\\/2026\\\/09\\\/01\\\/carney-exige-a-ee-uu-respetar-la-soberania-de-canada-y-poner-fin-a-las-provocaciones\\\/#article\",\"isPartOf\":{\"@id\":\"https:\\\/\\\/periodicorealidades.com\\\/index.php\\\/2026\\\/09\\\/01\\\/carney-exige-a-ee-uu-respetar-la-soberania-de-canada-y-poner-fin-a-las-provocaciones\\\/\"},\"author\":{\"name\":\"Arcelia\",\"@id\":\"https:\\\/\\\/periodicorealidades.com\\\/#\\\/schema\\\/person\\\/ed60e33c6767be45db655d22ad0c15c4\"},\"headline\":\"Carney exige a EE.UU. respetar la soberan\u00eda de Canad\u00e1 y poner fin a las provocaciones\",\"datePublished\":\"2026-09-01T21:01:43+00:00\",\"dateModified\":\"2026-09-01T21:01:44+00:00\",\"mainEntityOfPage\":{\"@id\":\"https:\\\/\\\/periodicorealidades.com\\\/index.php\\\/2026\\\/09\\\/01\\\/carney-exige-a-ee-uu-respetar-la-soberania-de-canada-y-poner-fin-a-las-provocaciones\\\/\"},\"wordCount\":352,\"publisher\":{\"@id\":\"https:\\\/\\\/periodicorealidades.com\\\/#organization\"},\"image\":{\"@id\":\"https:\\\/\\\/periodicorealidades.com\\\/index.php\\\/2026\\\/09\\\/01\\\/carney-exige-a-ee-uu-respetar-la-soberania-de-canada-y-poner-fin-a-las-provocaciones\\\/#primaryimage\"},\"thumbnailUrl\":\"https:\\\/\\\/periodicorealidades.com\\\/wp-content\\\/uploads\\\/2026\\\/09\\\/image-11.png\",\"articleSection\":[\"Internacional\"],\"inLanguage\":\"es\"},{\"@type\":\"WebPage\",\"@id\":\"https:\\\/\\\/periodicorealidades.com\\\/index.php\\\/2026\\\/09\\\/01\\\/carney-exige-a-ee-uu-respetar-la-soberania-de-canada-y-poner-fin-a-las-provocaciones\\\/\",\"url\":\"https:\\\/\\\/periodicorealidades.com\\\/index.php\\\/2026\\\/09\\\/01\\\/carney-exige-a-ee-uu-respetar-la-soberania-de-canada-y-poner-fin-a-las-provocaciones\\\/\",\"name\":\"Carney exige a EE.UU. respetar la soberan\u00eda de Canad\u00e1 y poner fin a las provocaciones - Peri\u00f3dico Realidades\",\"isPartOf\":{\"@id\":\"https:\\\/\\\/periodicorealidades.com\\\/#website\"},\"primaryImageOfPage\":{\"@id\":\"https:\\\/\\\/periodicorealidades.com\\\/index.php\\\/2026\\\/09\\\/01\\\/carney-exige-a-ee-uu-respetar-la-soberania-de-canada-y-poner-fin-a-las-provocaciones\\\/#primaryimage\"},\"image\":{\"@id\":\"https:\\\/\\\/periodicorealidades.com\\\/index.php\\\/2026\\\/09\\\/01\\\/carney-exige-a-ee-uu-respetar-la-soberania-de-canada-y-poner-fin-a-las-provocaciones\\\/#primaryimage\"},\"thumbnailUrl\":\"https:\\\/\\\/periodicorealidades.com\\\/wp-content\\\/uploads\\\/2026\\\/09\\\/image-11.png\",\"datePublished\":\"2026-09-01T21:01:43+00:00\",\"dateModified\":\"2026-09-01T21:01:44+00:00\",\"breadcrumb\":{\"@id\":\"https:\\\/\\\/periodicorealidades.com\\\/index.php\\\/2026\\\/09\\\/01\\\/carney-exige-a-ee-uu-respetar-la-soberania-de-canada-y-poner-fin-a-las-provocaciones\\\/#breadcrumb\"},\"inLanguage\":\"es\",\"potentialAction\":[{\"@type\":\"ReadAction\",\"target\":[\"https:\\\/\\\/periodicorealidades.com\\\/index.php\\\/2026\\\/09\\\/01\\\/carney-exige-a-ee-uu-respetar-la-soberania-de-canada-y-poner-fin-a-las-provocaciones\\\/\"]}]},{\"@type\":\"ImageObject\",\"inLanguage\":\"es\",\"@id\":\"https:\\\/\\\/periodicorealidades.com\\\/index.php\\\/2026\\\/09\\\/01\\\/carney-exige-a-ee-uu-respetar-la-soberania-de-canada-y-poner-fin-a-las-provocaciones\\\/#primaryimage\",\"url\":\"https:\\\/\\\/periodicorealidades.com\\\/wp-content\\\/uploads\\\/2026\\\/09\\\/image-11.png\",\"contentUrl\":\"https:\\\/\\\/periodicorealidades.com\\\/wp-content\\\/uploads\\\/2026\\\/09\\\/image-11.png\",\"width\":740,\"height\":416},{\"@type\":\"BreadcrumbList\",\"@id\":\"https:\\\/\\\/periodicorealidades.com\\\/index.php\\\/2026\\\/09\\\/01\\\/carney-exige-a-ee-uu-respetar-la-soberania-de-canada-y-poner-fin-a-las-provocaciones\\\/#breadcrumb\",\"itemListElement\":[{\"@type\":\"ListItem\",\"position\":1,\"name\":\"Inicio\",\"item\":\"https:\\\/\\\/periodicorealidades.com\\\/\"},{\"@type\":\"ListItem\",\"position\":2,\"name\":\"Carney exige a EE.UU. respetar la soberan\u00eda de Canad\u00e1 y poner fin a las provocaciones\"}]},{\"@type\":\"WebSite\",\"@id\":\"https:\\\/\\\/periodicorealidades.com\\\/#website\",\"url\":\"https:\\\/\\\/periodicorealidades.com\\\/\",\"name\":\"Peri\u00f3dico Realidades\",\"description\":\"M\u00e9dio de comunicaci\u00f3n en Nayarit\",\"publisher\":{\"@id\":\"https:\\\/\\\/periodicorealidades.com\\\/#organization\"},\"potentialAction\":[{\"@type\":\"SearchAction\",\"target\":{\"@type\":\"EntryPoint\",\"urlTemplate\":\"https:\\\/\\\/periodicorealidades.com\\\/?s={search_term_string}\"},\"query-input\":{\"@type\":\"PropertyValueSpecification\",\"valueRequired\":true,\"valueName\":\"search_term_string\"}}],\"inLanguage\":\"es\"},{\"@type\":\"Organization\",\"@id\":\"https:\\\/\\\/periodicorealidades.com\\\/#organization\",\"name\":\"Peri\u00f3dico Realidades\",\"url\":\"https:\\\/\\\/periodicorealidades.com\\\/\",\"logo\":{\"@type\":\"ImageObject\",\"inLanguage\":\"es\",\"@id\":\"https:\\\/\\\/periodicorealidades.com\\\/#\\\/schema\\\/logo\\\/image\\\/\",\"url\":\"https:\\\/\\\/periodicorealidades.com\\\/wp-content\\\/uploads\\\/2023\\\/05\\\/r-prueba.png\",\"contentUrl\":\"https:\\\/\\\/periodicorealidades.com\\\/wp-content\\\/uploads\\\/2023\\\/05\\\/r-prueba.png\",\"width\":709,\"height\":709,\"caption\":\"Peri\u00f3dico Realidades\"},\"image\":{\"@id\":\"https:\\\/\\\/periodicorealidades.com\\\/#\\\/schema\\\/logo\\\/image\\\/\"},\"sameAs\":[\"https:\\\/\\\/www.facebook.com\\\/periodicorealidades.denayarit?mibextid=LQQJ4d\"]},{\"@type\":\"Person\",\"@id\":\"https:\\\/\\\/periodicorealidades.com\\\/#\\\/schema\\\/person\\\/ed60e33c6767be45db655d22ad0c15c4\",\"name\":\"Arcelia\",\"image\":{\"@type\":\"ImageObject\",\"inLanguage\":\"es\",\"@id\":\"https:\\\/\\\/secure.gravatar.com\\\/avatar\\\/36cdbbe591db4ecc4985aac5ab27b8093cf6488d3b664974f0cda2e38368b10d?s=96&d=mm&r=g\",\"url\":\"https:\\\/\\\/secure.gravatar.com\\\/avatar\\\/36cdbbe591db4ecc4985aac5ab27b8093cf6488d3b664974f0cda2e38368b10d?s=96&d=mm&r=g\",\"contentUrl\":\"https:\\\/\\\/secure.gravatar.com\\\/avatar\\\/36cdbbe591db4ecc4985aac5ab27b8093cf6488d3b664974f0cda2e38368b10d?s=96&d=mm&r=g\",\"caption\":\"Arcelia\"},\"url\":\"https:\\\/\\\/periodicorealidades.com\\\/index.php\\\/author\\\/editor-2\\\/\"}]}<\/script>\n<!-- \/ Yoast SEO plugin. -->","yoast_head_json":{"title":"Carney exige a EE.UU. respetar la soberan\u00eda de Canad\u00e1 y poner fin a las provocaciones - Peri\u00f3dico Realidades","robots":{"index":"index","follow":"follow","max-snippet":"max-snippet:-1","max-image-preview":"max-image-preview:large","max-video-preview":"max-video-preview:-1"},"canonical":"https:\/\/periodicorealidades.com\/index.php\/2026\/09\/01\/carney-exige-a-ee-uu-respetar-la-soberania-de-canada-y-poner-fin-a-las-provocaciones\/","og_locale":"es_MX","og_type":"article","og_title":"Carney exige a EE.UU. respetar la soberan\u00eda de Canad\u00e1 y poner fin a las provocaciones - Peri\u00f3dico Realidades","og_description":"El primer ministro de Canad\u00e1, Mark Carney, endureci\u00f3 este martes su discurso contra Estados Unidos y exigi\u00f3 al Gobierno de Donald Trump que ponga fin a las provocaciones y respete la soberan\u00eda canadiense. Carney calific\u00f3 de impropios los recientes ataques de funcionarios estadounidenses contra Canad\u00e1 y, en particular, contra las Fuerzas Armadas del pa\u00eds. \u201cEst\u00e1 [&hellip;]","og_url":"https:\/\/periodicorealidades.com\/index.php\/2026\/09\/01\/carney-exige-a-ee-uu-respetar-la-soberania-de-canada-y-poner-fin-a-las-provocaciones\/","og_site_name":"Peri\u00f3dico Realidades","article_publisher":"https:\/\/www.facebook.com\/periodicorealidades.denayarit?mibextid=LQQJ4d","article_published_time":"2026-09-01T21:01:43+00:00","article_modified_time":"2026-09-01T21:01:44+00:00","og_image":[{"width":740,"height":416,"url":"https:\/\/periodicorealidades.com\/wp-content\/uploads\/2026\/09\/image-11.png","type":"image\/png"}],"author":"Arcelia","twitter_card":"summary_large_image","twitter_misc":{"Escrito por":"Arcelia","Tiempo de lectura":"2 minutos"},"schema":{"@context":"https:\/\/schema.org","@graph":[{"@type":"Article","@id":"https:\/\/periodicorealidades.com\/index.php\/2026\/09\/01\/carney-exige-a-ee-uu-respetar-la-soberania-de-canada-y-poner-fin-a-las-provocaciones\/#article","isPartOf":{"@id":"https:\/\/periodicorealidades.com\/index.php\/2026\/09\/01\/carney-exige-a-ee-uu-respetar-la-soberania-de-canada-y-poner-fin-a-las-provocaciones\/"},"author":{"name":"Arcelia","@id":"https:\/\/periodicorealidades.com\/#\/schema\/person\/ed60e33c6767be45db655d22ad0c15c4"},"headline":"Carney exige a EE.UU. respetar la soberan\u00eda de Canad\u00e1 y poner fin a las provocaciones","datePublished":"2026-09-01T21:01:43+00:00","dateModified":"2026-09-01T21:01:44+00:00","mainEntityOfPage":{"@id":"https:\/\/periodicorealidades.com\/index.php\/2026\/09\/01\/carney-exige-a-ee-uu-respetar-la-soberania-de-canada-y-poner-fin-a-las-provocaciones\/"},"wordCount":352,"publisher":{"@id":"https:\/\/periodicorealidades.com\/#organization"},"image":{"@id":"https:\/\/periodicorealidades.com\/index.php\/2026\/09\/01\/carney-exige-a-ee-uu-respetar-la-soberania-de-canada-y-poner-fin-a-las-provocaciones\/#primaryimage"},"thumbnailUrl":"https:\/\/periodicorealidades.com\/wp-content\/uploads\/2026\/09\/image-11.png","articleSection":["Internacional"],"inLanguage":"es"},{"@type":"WebPage","@id":"https:\/\/periodicorealidades.com\/index.php\/2026\/09\/01\/carney-exige-a-ee-uu-respetar-la-soberania-de-canada-y-poner-fin-a-las-provocaciones\/","url":"https:\/\/periodicorealidades.com\/index.php\/2026\/09\/01\/carney-exige-a-ee-uu-respetar-la-soberania-de-canada-y-poner-fin-a-las-provocaciones\/","name":"Carney exige a EE.UU. respetar la soberan\u00eda de Canad\u00e1 y poner fin a las provocaciones - Peri\u00f3dico Realidades","isPartOf":{"@id":"https:\/\/periodicorealidades.com\/#website"},"primaryImageOfPage":{"@id":"https:\/\/periodicorealidades.com\/index.php\/2026\/09\/01\/carney-exige-a-ee-uu-respetar-la-soberania-de-canada-y-poner-fin-a-las-provocaciones\/#primaryimage"},"image":{"@id":"https:\/\/periodicorealidades.com\/index.php\/2026\/09\/01\/carney-exige-a-ee-uu-respetar-la-soberania-de-canada-y-poner-fin-a-las-provocaciones\/#primaryimage"},"thumbnailUrl":"https:\/\/periodicorealidades.com\/wp-content\/uploads\/2026\/09\/image-11.png","datePublished":"2026-09-01T21:01:43+00:00","dateModified":"2026-09-01T21:01:44+00:00","breadcrumb":{"@id":"https:\/\/periodicorealidades.com\/index.php\/2026\/09\/01\/carney-exige-a-ee-uu-respetar-la-soberania-de-canada-y-poner-fin-a-las-provocaciones\/#breadcrumb"},"inLanguage":"es","potentialAction":[{"@type":"ReadAction","target":["https:\/\/periodicorealidades.com\/index.php\/2026\/09\/01\/carney-exige-a-ee-uu-respetar-la-soberania-de-canada-y-poner-fin-a-las-provocaciones\/"]}]},{"@type":"ImageObject","inLanguage":"es","@id":"https:\/\/periodicorealidades.com\/index.php\/2026\/09\/01\/carney-exige-a-ee-uu-respetar-la-soberania-de-canada-y-poner-fin-a-las-provocaciones\/#primaryimage","url":"https:\/\/periodicorealidades.com\/wp-content\/uploads\/2026\/09\/image-11.png","contentUrl":"https:\/\/periodicorealidades.com\/wp-content\/uploads\/2026\/09\/image-11.png","width":740,"height":416},{"@type":"BreadcrumbList","@id":"https:\/\/periodicorealidades.com\/index.php\/2026\/09\/01\/carney-exige-a-ee-uu-respetar-la-soberania-de-canada-y-poner-fin-a-las-provocaciones\/#breadcrumb","itemListElement":[{"@type":"ListItem","position":1,"name":"Inicio","item":"https:\/\/periodicorealidades.com\/"},{"@type":"ListItem","position":2,"name":"Carney exige a EE.UU. respetar la soberan\u00eda de Canad\u00e1 y poner fin a las provocaciones"}]},{"@type":"WebSite","@id":"https:\/\/periodicorealidades.com\/#website","url":"https:\/\/periodicorealidades.com\/","name":"Peri\u00f3dico Realidades","description":"M\u00e9dio de comunicaci\u00f3n en Nayarit","publisher":{"@id":"https:\/\/periodicorealidades.com\/#organization"},"potentialAction":[{"@type":"SearchAction","target":{"@type":"EntryPoint","urlTemplate":"https:\/\/periodicorealidades.com\/?s={search_term_string}"},"query-input":{"@type":"PropertyValueSpecification","valueRequired":true,"valueName":"search_term_string"}}],"inLanguage":"es"},{"@type":"Organization","@id":"https:\/\/periodicorealidades.com\/#organization","name":"Peri\u00f3dico Realidades","url":"https:\/\/periodicorealidades.com\/","logo":{"@type":"ImageObject","inLanguage":"es","@id":"https:\/\/periodicorealidades.com\/#\/schema\/logo\/image\/","url":"https:\/\/periodicorealidades.com\/wp-content\/uploads\/2023\/05\/r-prueba.png","contentUrl":"https:\/\/periodicorealidades.com\/wp-content\/uploads\/2023\/05\/r-prueba.png","width":709,"height":709,"caption":"Peri\u00f3dico Realidades"},"image":{"@id":"https:\/\/periodicorealidades.com\/#\/schema\/logo\/image\/"},"sameAs":["https:\/\/www.facebook.com\/periodicorealidades.denayarit?mibextid=LQQJ4d"]},{"@type":"Person","@id":"https:\/\/periodicorealidades.com\/#\/schema\/person\/ed60e33c6767be45db655d22ad0c15c4","name":"Arcelia","image":{"@type":"ImageObject","inLanguage":"es","@id":"https:\/\/secure.gravatar.com\/avatar\/36cdbbe591db4ecc4985aac5ab27b8093cf6488d3b664974f0cda2e38368b10d?s=96&d=mm&r=g","url":"https:\/\/secure.gravatar.com\/avatar\/36cdbbe591db4ecc4985aac5ab27b8093cf6488d3b664974f0cda2e38368b10d?s=96&d=mm&r=g","contentUrl":"https:\/\/secure.gravatar.com\/avatar\/36cdbbe591db4ecc4985aac5ab27b8093cf6488d3b664974f0cda2e38368b10d?s=96&d=mm&r=g","caption":"Arcelia"},"url":"https:\/\/periodicorealidades.com\/index.php\/author\/editor-2\/"}]}},"_links":{"self":[{"href":"https:\/\/periodicorealidades.com\/index.php\/wp-json\/wp\/v2\/posts\/77889","targetHints":{"allow":["GET"]}}],"collection":[{"href":"https:\/\/periodicorealidades.com\/index.php\/wp-json\/wp\/v2\/posts"}],"about":[{"href":"https:\/\/periodicorealidades.com\/index.php\/wp-json\/wp\/v2\/types\/post"}],"author":[{"embeddable":true,"href":"https:\/\/periodicorealidades.com\/index.php\/wp-json\/wp\/v2\/users\/4"}],"replies":[{"embeddable":true,"href":"https:\/\/periodicorealidades.com\/index.php\/wp-json\/wp\/v2\/comments?post=77889"}],"version-history":[{"count":1,"href":"https:\/\/periodicorealidades.com\/index.php\/wp-json\/wp\/v2\/posts\/77889\/revisions"}],"predecessor-version":[{"id":77892,"href":"https:\/\/periodicorealidades.com\/index.php\/wp-json\/wp\/v2\/posts\/77889\/revisions\/77892"}],"wp:featuredmedia":[{"embeddable":true,"href":"https:\/\/periodicorealidades.com\/index.php\/wp-json\/wp\/v2\/media\/77890"}],"wp:attachment":[{"href":"https:\/\/periodicorealidades.com\/index.php\/wp-json\/wp\/v2\/media?parent=77889"}],"wp:term":[{"taxonomy":"category","embeddable":true,"href":"https:\/\/periodicorealidades.com\/index.php\/wp-json\/wp\/v2\/categories?post=77889"},{"taxonomy":"post_tag","embeddable":true,"href":"https:\/\/periodicorealidades.com\/index.php\/wp-json\/wp\/v2\/tags?post=77889"}],"curies":[{"name":"wp","href":"https:\/\/api.w.org\/{rel}","templated":true}]}}