{"id":77893,"date":"2026-09-01T14:12:39","date_gmt":"2026-09-01T21:12:39","guid":{"rendered":"https:\/\/periodicorealidades.com\/?p=77893"},"modified":"2026-09-01T14:12:40","modified_gmt":"2026-09-01T21:12:40","slug":"el-sindrome-del-trabajador-hibrido-cuando-la-flexibilidad-laboral-afecta-la-salud-mental","status":"publish","type":"post","link":"https:\/\/periodicorealidades.com\/index.php\/2026\/09\/01\/el-sindrome-del-trabajador-hibrido-cuando-la-flexibilidad-laboral-afecta-la-salud-mental\/","title":{"rendered":"El s\u00edndrome del trabajador h\u00edbrido: cuando la flexibilidad laboral afecta la salud mental"},"content":{"rendered":"\n<p class=\"wp-block-paragraph\"><strong>El trabajo h\u00edbrido ofrece mayor flexibilidad, pero la hiperconectividad, la sobrecarga laboral y la falta de l\u00edmites entre la vida personal y profesional pueden provocar estr\u00e9s, ansiedad y agotamiento.<\/strong><\/p>\n\n\n\n<p class=\"wp-block-paragraph\">El trabajo h\u00edbrido se ha convertido en una modalidad cada vez m\u00e1s com\u00fan desde la expansi\u00f3n del teletrabajo durante la pandemia de covid-19. Aunque permite combinar jornadas presenciales con trabajo a distancia y puede favorecer un mejor equilibrio entre la vida laboral y personal, una mala organizaci\u00f3n puede generar efectos negativos en la salud mental.<\/p>\n\n\n\n<p class=\"wp-block-paragraph\">El llamado&nbsp;<strong>s\u00edndrome del trabajador h\u00edbrido<\/strong>&nbsp;describe un conjunto de malestares psicol\u00f3gicos y emocionales relacionados con la alta digitalizaci\u00f3n y la dificultad para establecer l\u00edmites durante la jornada laboral. No se trata de un diagn\u00f3stico cl\u00ednico reconocido, sino de un t\u00e9rmino utilizado para referirse a situaciones caracterizadas por estr\u00e9s, ansiedad, agotamiento, fatiga digital y la sensaci\u00f3n de estar disponible permanentemente.<\/p>\n\n\n\n<p class=\"wp-block-paragraph\">De acuerdo con organismos como la&nbsp;<strong>Organizaci\u00f3n Mundial de la Salud (OMS)<\/strong>&nbsp;y la&nbsp;<strong>Organizaci\u00f3n Internacional del Trabajo (OIT)<\/strong>, los riesgos aumentan cuando no existen horarios definidos, canales de comunicaci\u00f3n claros, planes individuales de trabajo o reglas sobre los periodos de descanso. La presi\u00f3n por responder de manera inmediata a mensajes, correos y solicitudes puede extender la jornada y dificultar la desconexi\u00f3n.<\/p>\n\n\n\n<p class=\"wp-block-paragraph\">La&nbsp;<strong>Agencia Europea para la Seguridad y la Salud en el Trabajo (EU-OSHA)<\/strong>&nbsp;tambi\u00e9n advierte sobre los riesgos psicosociales asociados con una deficiente organizaci\u00f3n del trabajo. Entre ellos se encuentran la sobrecarga de tareas, la falta de claridad sobre las responsabilidades, el poco control sobre las actividades y los cambios organizativos mal gestionados.<\/p>\n\n\n\n<figure class=\"wp-block-image size-full\"><img loading=\"lazy\" decoding=\"async\" width=\"976\" height=\"549\" src=\"https:\/\/periodicorealidades.com\/wp-content\/uploads\/2026\/09\/image-14.png\" alt=\"\" class=\"wp-image-77895\" srcset=\"https:\/\/periodicorealidades.com\/wp-content\/uploads\/2026\/09\/image-14.png 976w, https:\/\/periodicorealidades.com\/wp-content\/uploads\/2026\/09\/image-14-300x169.png 300w, https:\/\/periodicorealidades.com\/wp-content\/uploads\/2026\/09\/image-14-768x432.png 768w, https:\/\/periodicorealidades.com\/wp-content\/uploads\/2026\/09\/image-14-324x182.png 324w, https:\/\/periodicorealidades.com\/wp-content\/uploads\/2026\/09\/image-14-284x160.png 284w, https:\/\/periodicorealidades.com\/wp-content\/uploads\/2026\/09\/image-14-695x391.png 695w, https:\/\/periodicorealidades.com\/wp-content\/uploads\/2026\/09\/image-14-356x200.png 356w, https:\/\/periodicorealidades.com\/wp-content\/uploads\/2026\/09\/image-14-464x261.png 464w\" sizes=\"auto, (max-width: 976px) 100vw, 976px\" \/><\/figure>\n\n\n\n<p class=\"wp-block-paragraph\">La hiperconectividad es uno de los principales problemas. Algunos empleados comienzan sus actividades m\u00e1s temprano y las terminan m\u00e1s tarde, debido a que las herramientas digitales permiten mantener la comunicaci\u00f3n laboral pr\u00e1cticamente durante todo el d\u00eda. Esta situaci\u00f3n puede favorecer s\u00edntomas relacionados con el&nbsp;<em>burnout<\/em>, como agotamiento emocional, despersonalizaci\u00f3n y una disminuci\u00f3n de la eficacia profesional.<\/p>\n\n\n\n<p class=\"wp-block-paragraph\">El impacto tampoco es igual para todos. Las personas mayores pueden enfrentar mayores dificultades ante determinadas herramientas tecnol\u00f3gicas, mientras que las mujeres pueden experimentar una mayor carga al combinar el trabajo desde casa con responsabilidades dom\u00e9sticas y familiares. Los l\u00edderes, por su parte, enfrentan el reto de coordinar equipos a distancia y detectar se\u00f1ales de malestar entre sus colaboradores.<\/p>\n\n\n\n<p class=\"wp-block-paragraph\">Ante este panorama, la OMS y la OIT recomiendan establecer&nbsp;<strong>horarios y expectativas claras, respetar los periodos de descanso y garantizar el derecho a la desconexi\u00f3n<\/strong>. Tambi\u00e9n consideran importante proporcionar equipos adecuados, capacitaci\u00f3n, apoyo ergon\u00f3mico y acceso a servicios de salud laboral y mental.<\/p>\n\n\n\n<p class=\"wp-block-paragraph\">Los especialistas coinciden en que la soluci\u00f3n no debe recaer \u00fanicamente en el trabajador. Las empresas deben evaluar de manera peri\u00f3dica la carga de trabajo, el apoyo social, la claridad de las funciones y el posible aislamiento de sus empleados.<\/p>\n\n\n\n<p class=\"wp-block-paragraph\">El s\u00edndrome del trabajador h\u00edbrido, por lo tanto, representa un desaf\u00edo organizacional adem\u00e1s de individual. El modelo h\u00edbrido puede ofrecer autonom\u00eda y bienestar, pero para lograrlo requiere una gesti\u00f3n responsable, liderazgo consciente y pol\u00edticas que protejan la salud mental. La flexibilidad laboral solo ser\u00e1 realmente beneficiosa cuando la conexi\u00f3n digital no signifique estar disponible todo el tiempo.<\/p>\n\n\n\n<p class=\"wp-block-paragraph\"><\/p>\n","protected":false},"excerpt":{"rendered":"<p>El trabajo h\u00edbrido ofrece mayor flexibilidad, pero la hiperconectividad, la sobrecarga laboral y la falta de l\u00edmites entre la vida personal y profesional pueden provocar estr\u00e9s, ansiedad y agotamiento. El trabajo h\u00edbrido se ha convertido en una modalidad cada vez m\u00e1s com\u00fan desde la expansi\u00f3n del teletrabajo durante la pandemia de covid-19. Aunque permite combinar [&hellip;]<\/p>\n","protected":false},"author":4,"featured_media":77894,"comment_status":"closed","ping_status":"open","sticky":false,"template":"","format":"standard","meta":{"footnotes":""},"categories":[14],"tags":[],"class_list":["post-77893","post","type-post","status-publish","format-standard","has-post-thumbnail","category-salud"],"yoast_head":"<!-- This site is optimized with the Yoast SEO plugin v28.3 - https:\/\/yoast.com\/product\/yoast-seo-wordpress\/ -->\n<title>El s\u00edndrome del trabajador h\u00edbrido: cuando la flexibilidad laboral afecta la salud mental - Peri\u00f3dico Realidades<\/title>\n<meta name=\"robots\" content=\"index, follow, max-snippet:-1, max-image-preview:large, max-video-preview:-1\" \/>\n<link rel=\"canonical\" href=\"https:\/\/periodicorealidades.com\/index.php\/2026\/09\/01\/el-sindrome-del-trabajador-hibrido-cuando-la-flexibilidad-laboral-afecta-la-salud-mental\/\" \/>\n<meta property=\"og:locale\" content=\"es_MX\" \/>\n<meta property=\"og:type\" content=\"article\" \/>\n<meta property=\"og:title\" content=\"El s\u00edndrome del trabajador h\u00edbrido: cuando la flexibilidad laboral afecta la salud mental - Peri\u00f3dico Realidades\" \/>\n<meta property=\"og:description\" content=\"El trabajo h\u00edbrido ofrece mayor flexibilidad, pero la hiperconectividad, la sobrecarga laboral y la falta de l\u00edmites entre la vida personal y profesional pueden provocar estr\u00e9s, ansiedad y agotamiento. El trabajo h\u00edbrido se ha convertido en una modalidad cada vez m\u00e1s com\u00fan desde la expansi\u00f3n del teletrabajo durante la pandemia de covid-19. Aunque permite combinar [&hellip;]\" \/>\n<meta property=\"og:url\" content=\"https:\/\/periodicorealidades.com\/index.php\/2026\/09\/01\/el-sindrome-del-trabajador-hibrido-cuando-la-flexibilidad-laboral-afecta-la-salud-mental\/\" \/>\n<meta property=\"og:site_name\" content=\"Peri\u00f3dico Realidades\" \/>\n<meta property=\"article:publisher\" content=\"https:\/\/www.facebook.com\/periodicorealidades.denayarit?mibextid=LQQJ4d\" \/>\n<meta property=\"article:published_time\" content=\"2026-09-01T21:12:39+00:00\" \/>\n<meta property=\"article:modified_time\" content=\"2026-09-01T21:12:40+00:00\" \/>\n<meta property=\"og:image\" content=\"https:\/\/periodicorealidades.com\/wp-content\/uploads\/2026\/09\/image-13.png\" \/>\n\t<meta property=\"og:image:width\" content=\"992\" \/>\n\t<meta property=\"og:image:height\" content=\"554\" \/>\n\t<meta property=\"og:image:type\" content=\"image\/png\" \/>\n<meta name=\"author\" content=\"Arcelia\" \/>\n<meta name=\"twitter:card\" content=\"summary_large_image\" \/>\n<meta name=\"twitter:label1\" content=\"Escrito por\" \/>\n\t<meta name=\"twitter:data1\" content=\"Arcelia\" \/>\n\t<meta name=\"twitter:label2\" content=\"Tiempo de lectura\" \/>\n\t<meta name=\"twitter:data2\" content=\"3 minutos\" \/>\n<script type=\"application\/ld+json\" class=\"yoast-schema-graph\">{\"@context\":\"https:\\\/\\\/schema.org\",\"@graph\":[{\"@type\":\"Article\",\"@id\":\"https:\\\/\\\/periodicorealidades.com\\\/index.php\\\/2026\\\/09\\\/01\\\/el-sindrome-del-trabajador-hibrido-cuando-la-flexibilidad-laboral-afecta-la-salud-mental\\\/#article\",\"isPartOf\":{\"@id\":\"https:\\\/\\\/periodicorealidades.com\\\/index.php\\\/2026\\\/09\\\/01\\\/el-sindrome-del-trabajador-hibrido-cuando-la-flexibilidad-laboral-afecta-la-salud-mental\\\/\"},\"author\":{\"name\":\"Arcelia\",\"@id\":\"https:\\\/\\\/periodicorealidades.com\\\/#\\\/schema\\\/person\\\/ed60e33c6767be45db655d22ad0c15c4\"},\"headline\":\"El s\u00edndrome del trabajador h\u00edbrido: cuando la flexibilidad laboral afecta la salud mental\",\"datePublished\":\"2026-09-01T21:12:39+00:00\",\"dateModified\":\"2026-09-01T21:12:40+00:00\",\"mainEntityOfPage\":{\"@id\":\"https:\\\/\\\/periodicorealidades.com\\\/index.php\\\/2026\\\/09\\\/01\\\/el-sindrome-del-trabajador-hibrido-cuando-la-flexibilidad-laboral-afecta-la-salud-mental\\\/\"},\"wordCount\":592,\"publisher\":{\"@id\":\"https:\\\/\\\/periodicorealidades.com\\\/#organization\"},\"image\":{\"@id\":\"https:\\\/\\\/periodicorealidades.com\\\/index.php\\\/2026\\\/09\\\/01\\\/el-sindrome-del-trabajador-hibrido-cuando-la-flexibilidad-laboral-afecta-la-salud-mental\\\/#primaryimage\"},\"thumbnailUrl\":\"https:\\\/\\\/periodicorealidades.com\\\/wp-content\\\/uploads\\\/2026\\\/09\\\/image-13.png\",\"articleSection\":[\"Salud\"],\"inLanguage\":\"es\"},{\"@type\":\"WebPage\",\"@id\":\"https:\\\/\\\/periodicorealidades.com\\\/index.php\\\/2026\\\/09\\\/01\\\/el-sindrome-del-trabajador-hibrido-cuando-la-flexibilidad-laboral-afecta-la-salud-mental\\\/\",\"url\":\"https:\\\/\\\/periodicorealidades.com\\\/index.php\\\/2026\\\/09\\\/01\\\/el-sindrome-del-trabajador-hibrido-cuando-la-flexibilidad-laboral-afecta-la-salud-mental\\\/\",\"name\":\"El s\u00edndrome del trabajador h\u00edbrido: cuando la flexibilidad laboral afecta la salud mental - Peri\u00f3dico Realidades\",\"isPartOf\":{\"@id\":\"https:\\\/\\\/periodicorealidades.com\\\/#website\"},\"primaryImageOfPage\":{\"@id\":\"https:\\\/\\\/periodicorealidades.com\\\/index.php\\\/2026\\\/09\\\/01\\\/el-sindrome-del-trabajador-hibrido-cuando-la-flexibilidad-laboral-afecta-la-salud-mental\\\/#primaryimage\"},\"image\":{\"@id\":\"https:\\\/\\\/periodicorealidades.com\\\/index.php\\\/2026\\\/09\\\/01\\\/el-sindrome-del-trabajador-hibrido-cuando-la-flexibilidad-laboral-afecta-la-salud-mental\\\/#primaryimage\"},\"thumbnailUrl\":\"https:\\\/\\\/periodicorealidades.com\\\/wp-content\\\/uploads\\\/2026\\\/09\\\/image-13.png\",\"datePublished\":\"2026-09-01T21:12:39+00:00\",\"dateModified\":\"2026-09-01T21:12:40+00:00\",\"breadcrumb\":{\"@id\":\"https:\\\/\\\/periodicorealidades.com\\\/index.php\\\/2026\\\/09\\\/01\\\/el-sindrome-del-trabajador-hibrido-cuando-la-flexibilidad-laboral-afecta-la-salud-mental\\\/#breadcrumb\"},\"inLanguage\":\"es\",\"potentialAction\":[{\"@type\":\"ReadAction\",\"target\":[\"https:\\\/\\\/periodicorealidades.com\\\/index.php\\\/2026\\\/09\\\/01\\\/el-sindrome-del-trabajador-hibrido-cuando-la-flexibilidad-laboral-afecta-la-salud-mental\\\/\"]}]},{\"@type\":\"ImageObject\",\"inLanguage\":\"es\",\"@id\":\"https:\\\/\\\/periodicorealidades.com\\\/index.php\\\/2026\\\/09\\\/01\\\/el-sindrome-del-trabajador-hibrido-cuando-la-flexibilidad-laboral-afecta-la-salud-mental\\\/#primaryimage\",\"url\":\"https:\\\/\\\/periodicorealidades.com\\\/wp-content\\\/uploads\\\/2026\\\/09\\\/image-13.png\",\"contentUrl\":\"https:\\\/\\\/periodicorealidades.com\\\/wp-content\\\/uploads\\\/2026\\\/09\\\/image-13.png\",\"width\":992,\"height\":554},{\"@type\":\"BreadcrumbList\",\"@id\":\"https:\\\/\\\/periodicorealidades.com\\\/index.php\\\/2026\\\/09\\\/01\\\/el-sindrome-del-trabajador-hibrido-cuando-la-flexibilidad-laboral-afecta-la-salud-mental\\\/#breadcrumb\",\"itemListElement\":[{\"@type\":\"ListItem\",\"position\":1,\"name\":\"Inicio\",\"item\":\"https:\\\/\\\/periodicorealidades.com\\\/\"},{\"@type\":\"ListItem\",\"position\":2,\"name\":\"El s\u00edndrome del trabajador h\u00edbrido: cuando la flexibilidad laboral afecta la salud mental\"}]},{\"@type\":\"WebSite\",\"@id\":\"https:\\\/\\\/periodicorealidades.com\\\/#website\",\"url\":\"https:\\\/\\\/periodicorealidades.com\\\/\",\"name\":\"Peri\u00f3dico Realidades\",\"description\":\"M\u00e9dio de comunicaci\u00f3n en Nayarit\",\"publisher\":{\"@id\":\"https:\\\/\\\/periodicorealidades.com\\\/#organization\"},\"potentialAction\":[{\"@type\":\"SearchAction\",\"target\":{\"@type\":\"EntryPoint\",\"urlTemplate\":\"https:\\\/\\\/periodicorealidades.com\\\/?s={search_term_string}\"},\"query-input\":{\"@type\":\"PropertyValueSpecification\",\"valueRequired\":true,\"valueName\":\"search_term_string\"}}],\"inLanguage\":\"es\"},{\"@type\":\"Organization\",\"@id\":\"https:\\\/\\\/periodicorealidades.com\\\/#organization\",\"name\":\"Peri\u00f3dico Realidades\",\"url\":\"https:\\\/\\\/periodicorealidades.com\\\/\",\"logo\":{\"@type\":\"ImageObject\",\"inLanguage\":\"es\",\"@id\":\"https:\\\/\\\/periodicorealidades.com\\\/#\\\/schema\\\/logo\\\/image\\\/\",\"url\":\"https:\\\/\\\/periodicorealidades.com\\\/wp-content\\\/uploads\\\/2023\\\/05\\\/r-prueba.png\",\"contentUrl\":\"https:\\\/\\\/periodicorealidades.com\\\/wp-content\\\/uploads\\\/2023\\\/05\\\/r-prueba.png\",\"width\":709,\"height\":709,\"caption\":\"Peri\u00f3dico Realidades\"},\"image\":{\"@id\":\"https:\\\/\\\/periodicorealidades.com\\\/#\\\/schema\\\/logo\\\/image\\\/\"},\"sameAs\":[\"https:\\\/\\\/www.facebook.com\\\/periodicorealidades.denayarit?mibextid=LQQJ4d\"]},{\"@type\":\"Person\",\"@id\":\"https:\\\/\\\/periodicorealidades.com\\\/#\\\/schema\\\/person\\\/ed60e33c6767be45db655d22ad0c15c4\",\"name\":\"Arcelia\",\"image\":{\"@type\":\"ImageObject\",\"inLanguage\":\"es\",\"@id\":\"https:\\\/\\\/secure.gravatar.com\\\/avatar\\\/36cdbbe591db4ecc4985aac5ab27b8093cf6488d3b664974f0cda2e38368b10d?s=96&d=mm&r=g\",\"url\":\"https:\\\/\\\/secure.gravatar.com\\\/avatar\\\/36cdbbe591db4ecc4985aac5ab27b8093cf6488d3b664974f0cda2e38368b10d?s=96&d=mm&r=g\",\"contentUrl\":\"https:\\\/\\\/secure.gravatar.com\\\/avatar\\\/36cdbbe591db4ecc4985aac5ab27b8093cf6488d3b664974f0cda2e38368b10d?s=96&d=mm&r=g\",\"caption\":\"Arcelia\"},\"url\":\"https:\\\/\\\/periodicorealidades.com\\\/index.php\\\/author\\\/editor-2\\\/\"}]}<\/script>\n<!-- \/ Yoast SEO plugin. -->","yoast_head_json":{"title":"El s\u00edndrome del trabajador h\u00edbrido: cuando la flexibilidad laboral afecta la salud mental - Peri\u00f3dico Realidades","robots":{"index":"index","follow":"follow","max-snippet":"max-snippet:-1","max-image-preview":"max-image-preview:large","max-video-preview":"max-video-preview:-1"},"canonical":"https:\/\/periodicorealidades.com\/index.php\/2026\/09\/01\/el-sindrome-del-trabajador-hibrido-cuando-la-flexibilidad-laboral-afecta-la-salud-mental\/","og_locale":"es_MX","og_type":"article","og_title":"El s\u00edndrome del trabajador h\u00edbrido: cuando la flexibilidad laboral afecta la salud mental - Peri\u00f3dico Realidades","og_description":"El trabajo h\u00edbrido ofrece mayor flexibilidad, pero la hiperconectividad, la sobrecarga laboral y la falta de l\u00edmites entre la vida personal y profesional pueden provocar estr\u00e9s, ansiedad y agotamiento. El trabajo h\u00edbrido se ha convertido en una modalidad cada vez m\u00e1s com\u00fan desde la expansi\u00f3n del teletrabajo durante la pandemia de covid-19. Aunque permite combinar [&hellip;]","og_url":"https:\/\/periodicorealidades.com\/index.php\/2026\/09\/01\/el-sindrome-del-trabajador-hibrido-cuando-la-flexibilidad-laboral-afecta-la-salud-mental\/","og_site_name":"Peri\u00f3dico Realidades","article_publisher":"https:\/\/www.facebook.com\/periodicorealidades.denayarit?mibextid=LQQJ4d","article_published_time":"2026-09-01T21:12:39+00:00","article_modified_time":"2026-09-01T21:12:40+00:00","og_image":[{"width":992,"height":554,"url":"https:\/\/periodicorealidades.com\/wp-content\/uploads\/2026\/09\/image-13.png","type":"image\/png"}],"author":"Arcelia","twitter_card":"summary_large_image","twitter_misc":{"Escrito por":"Arcelia","Tiempo de lectura":"3 minutos"},"schema":{"@context":"https:\/\/schema.org","@graph":[{"@type":"Article","@id":"https:\/\/periodicorealidades.com\/index.php\/2026\/09\/01\/el-sindrome-del-trabajador-hibrido-cuando-la-flexibilidad-laboral-afecta-la-salud-mental\/#article","isPartOf":{"@id":"https:\/\/periodicorealidades.com\/index.php\/2026\/09\/01\/el-sindrome-del-trabajador-hibrido-cuando-la-flexibilidad-laboral-afecta-la-salud-mental\/"},"author":{"name":"Arcelia","@id":"https:\/\/periodicorealidades.com\/#\/schema\/person\/ed60e33c6767be45db655d22ad0c15c4"},"headline":"El s\u00edndrome del trabajador h\u00edbrido: cuando la flexibilidad laboral afecta la salud mental","datePublished":"2026-09-01T21:12:39+00:00","dateModified":"2026-09-01T21:12:40+00:00","mainEntityOfPage":{"@id":"https:\/\/periodicorealidades.com\/index.php\/2026\/09\/01\/el-sindrome-del-trabajador-hibrido-cuando-la-flexibilidad-laboral-afecta-la-salud-mental\/"},"wordCount":592,"publisher":{"@id":"https:\/\/periodicorealidades.com\/#organization"},"image":{"@id":"https:\/\/periodicorealidades.com\/index.php\/2026\/09\/01\/el-sindrome-del-trabajador-hibrido-cuando-la-flexibilidad-laboral-afecta-la-salud-mental\/#primaryimage"},"thumbnailUrl":"https:\/\/periodicorealidades.com\/wp-content\/uploads\/2026\/09\/image-13.png","articleSection":["Salud"],"inLanguage":"es"},{"@type":"WebPage","@id":"https:\/\/periodicorealidades.com\/index.php\/2026\/09\/01\/el-sindrome-del-trabajador-hibrido-cuando-la-flexibilidad-laboral-afecta-la-salud-mental\/","url":"https:\/\/periodicorealidades.com\/index.php\/2026\/09\/01\/el-sindrome-del-trabajador-hibrido-cuando-la-flexibilidad-laboral-afecta-la-salud-mental\/","name":"El s\u00edndrome del trabajador h\u00edbrido: cuando la flexibilidad laboral afecta la salud mental - Peri\u00f3dico Realidades","isPartOf":{"@id":"https:\/\/periodicorealidades.com\/#website"},"primaryImageOfPage":{"@id":"https:\/\/periodicorealidades.com\/index.php\/2026\/09\/01\/el-sindrome-del-trabajador-hibrido-cuando-la-flexibilidad-laboral-afecta-la-salud-mental\/#primaryimage"},"image":{"@id":"https:\/\/periodicorealidades.com\/index.php\/2026\/09\/01\/el-sindrome-del-trabajador-hibrido-cuando-la-flexibilidad-laboral-afecta-la-salud-mental\/#primaryimage"},"thumbnailUrl":"https:\/\/periodicorealidades.com\/wp-content\/uploads\/2026\/09\/image-13.png","datePublished":"2026-09-01T21:12:39+00:00","dateModified":"2026-09-01T21:12:40+00:00","breadcrumb":{"@id":"https:\/\/periodicorealidades.com\/index.php\/2026\/09\/01\/el-sindrome-del-trabajador-hibrido-cuando-la-flexibilidad-laboral-afecta-la-salud-mental\/#breadcrumb"},"inLanguage":"es","potentialAction":[{"@type":"ReadAction","target":["https:\/\/periodicorealidades.com\/index.php\/2026\/09\/01\/el-sindrome-del-trabajador-hibrido-cuando-la-flexibilidad-laboral-afecta-la-salud-mental\/"]}]},{"@type":"ImageObject","inLanguage":"es","@id":"https:\/\/periodicorealidades.com\/index.php\/2026\/09\/01\/el-sindrome-del-trabajador-hibrido-cuando-la-flexibilidad-laboral-afecta-la-salud-mental\/#primaryimage","url":"https:\/\/periodicorealidades.com\/wp-content\/uploads\/2026\/09\/image-13.png","contentUrl":"https:\/\/periodicorealidades.com\/wp-content\/uploads\/2026\/09\/image-13.png","width":992,"height":554},{"@type":"BreadcrumbList","@id":"https:\/\/periodicorealidades.com\/index.php\/2026\/09\/01\/el-sindrome-del-trabajador-hibrido-cuando-la-flexibilidad-laboral-afecta-la-salud-mental\/#breadcrumb","itemListElement":[{"@type":"ListItem","position":1,"name":"Inicio","item":"https:\/\/periodicorealidades.com\/"},{"@type":"ListItem","position":2,"name":"El s\u00edndrome del trabajador h\u00edbrido: cuando la flexibilidad laboral afecta la salud mental"}]},{"@type":"WebSite","@id":"https:\/\/periodicorealidades.com\/#website","url":"https:\/\/periodicorealidades.com\/","name":"Peri\u00f3dico Realidades","description":"M\u00e9dio de comunicaci\u00f3n en Nayarit","publisher":{"@id":"https:\/\/periodicorealidades.com\/#organization"},"potentialAction":[{"@type":"SearchAction","target":{"@type":"EntryPoint","urlTemplate":"https:\/\/periodicorealidades.com\/?s={search_term_string}"},"query-input":{"@type":"PropertyValueSpecification","valueRequired":true,"valueName":"search_term_string"}}],"inLanguage":"es"},{"@type":"Organization","@id":"https:\/\/periodicorealidades.com\/#organization","name":"Peri\u00f3dico Realidades","url":"https:\/\/periodicorealidades.com\/","logo":{"@type":"ImageObject","inLanguage":"es","@id":"https:\/\/periodicorealidades.com\/#\/schema\/logo\/image\/","url":"https:\/\/periodicorealidades.com\/wp-content\/uploads\/2023\/05\/r-prueba.png","contentUrl":"https:\/\/periodicorealidades.com\/wp-content\/uploads\/2023\/05\/r-prueba.png","width":709,"height":709,"caption":"Peri\u00f3dico Realidades"},"image":{"@id":"https:\/\/periodicorealidades.com\/#\/schema\/logo\/image\/"},"sameAs":["https:\/\/www.facebook.com\/periodicorealidades.denayarit?mibextid=LQQJ4d"]},{"@type":"Person","@id":"https:\/\/periodicorealidades.com\/#\/schema\/person\/ed60e33c6767be45db655d22ad0c15c4","name":"Arcelia","image":{"@type":"ImageObject","inLanguage":"es","@id":"https:\/\/secure.gravatar.com\/avatar\/36cdbbe591db4ecc4985aac5ab27b8093cf6488d3b664974f0cda2e38368b10d?s=96&d=mm&r=g","url":"https:\/\/secure.gravatar.com\/avatar\/36cdbbe591db4ecc4985aac5ab27b8093cf6488d3b664974f0cda2e38368b10d?s=96&d=mm&r=g","contentUrl":"https:\/\/secure.gravatar.com\/avatar\/36cdbbe591db4ecc4985aac5ab27b8093cf6488d3b664974f0cda2e38368b10d?s=96&d=mm&r=g","caption":"Arcelia"},"url":"https:\/\/periodicorealidades.com\/index.php\/author\/editor-2\/"}]}},"_links":{"self":[{"href":"https:\/\/periodicorealidades.com\/index.php\/wp-json\/wp\/v2\/posts\/77893","targetHints":{"allow":["GET"]}}],"collection":[{"href":"https:\/\/periodicorealidades.com\/index.php\/wp-json\/wp\/v2\/posts"}],"about":[{"href":"https:\/\/periodicorealidades.com\/index.php\/wp-json\/wp\/v2\/types\/post"}],"author":[{"embeddable":true,"href":"https:\/\/periodicorealidades.com\/index.php\/wp-json\/wp\/v2\/users\/4"}],"replies":[{"embeddable":true,"href":"https:\/\/periodicorealidades.com\/index.php\/wp-json\/wp\/v2\/comments?post=77893"}],"version-history":[{"count":1,"href":"https:\/\/periodicorealidades.com\/index.php\/wp-json\/wp\/v2\/posts\/77893\/revisions"}],"predecessor-version":[{"id":77896,"href":"https:\/\/periodicorealidades.com\/index.php\/wp-json\/wp\/v2\/posts\/77893\/revisions\/77896"}],"wp:featuredmedia":[{"embeddable":true,"href":"https:\/\/periodicorealidades.com\/index.php\/wp-json\/wp\/v2\/media\/77894"}],"wp:attachment":[{"href":"https:\/\/periodicorealidades.com\/index.php\/wp-json\/wp\/v2\/media?parent=77893"}],"wp:term":[{"taxonomy":"category","embeddable":true,"href":"https:\/\/periodicorealidades.com\/index.php\/wp-json\/wp\/v2\/categories?post=77893"},{"taxonomy":"post_tag","embeddable":true,"href":"https:\/\/periodicorealidades.com\/index.php\/wp-json\/wp\/v2\/tags?post=77893"}],"curies":[{"name":"wp","href":"https:\/\/api.w.org\/{rel}","templated":true}]}}