{"id":77897,"date":"2026-09-01T14:30:28","date_gmt":"2026-09-01T21:30:28","guid":{"rendered":"https:\/\/periodicorealidades.com\/?p=77897"},"modified":"2026-09-01T14:30:29","modified_gmt":"2026-09-01T21:30:29","slug":"motociclista-sale-disparado-y-termina-dentro-de-un-micro-en-colombia-el-video-se-vuelve-viral","status":"publish","type":"post","link":"https:\/\/periodicorealidades.com\/index.php\/2026\/09\/01\/motociclista-sale-disparado-y-termina-dentro-de-un-micro-en-colombia-el-video-se-vuelve-viral\/","title":{"rendered":"Motociclista sale disparado y termina dentro de un micro en Colombia; el video se vuelve viral"},"content":{"rendered":"\n<p class=\"wp-block-paragraph\">Un aparatoso accidente ocurrido en Colombia se volvi\u00f3 viral en redes sociales luego de que un motociclista saliera proyectado tras impactarse contra un microb\u00fas y terminara dentro de la unidad de transporte p\u00fablico.<\/p>\n\n\n\n<p class=\"wp-block-paragraph\">El hecho ocurri\u00f3 la tarde del&nbsp;<strong>30 de agosto<\/strong>&nbsp;y qued\u00f3 registrado por c\u00e1maras de seguridad de un establecimiento y del propio transporte. En las im\u00e1genes se observa al motociclista, quien aparentemente circulaba a exceso de velocidad y sin casco, acercarse al microb\u00fas mientras este atravesaba una calle con una de sus puertas abiertas.<\/p>\n\n\n\n<p class=\"wp-block-paragraph\">De manera inesperada, el motociclista impact\u00f3 contra la unidad y sali\u00f3 despedido de la motocicleta. Debido a la trayectoria del golpe, el hombre termin\u00f3 ingresando al microb\u00fas, donde se estrell\u00f3 contra un par de asientos antes de caer al piso.<\/p>\n\n\n\n<figure class=\"wp-block-image size-large\"><img loading=\"lazy\" decoding=\"async\" width=\"1024\" height=\"576\" src=\"https:\/\/periodicorealidades.com\/wp-content\/uploads\/2026\/09\/image-16-1024x576.png\" alt=\"\" class=\"wp-image-77899\" srcset=\"https:\/\/periodicorealidades.com\/wp-content\/uploads\/2026\/09\/image-16-1024x576.png 1024w, https:\/\/periodicorealidades.com\/wp-content\/uploads\/2026\/09\/image-16-300x169.png 300w, https:\/\/periodicorealidades.com\/wp-content\/uploads\/2026\/09\/image-16-768x432.png 768w, https:\/\/periodicorealidades.com\/wp-content\/uploads\/2026\/09\/image-16-324x182.png 324w, https:\/\/periodicorealidades.com\/wp-content\/uploads\/2026\/09\/image-16-695x391.png 695w, https:\/\/periodicorealidades.com\/wp-content\/uploads\/2026\/09\/image-16-284x160.png 284w, https:\/\/periodicorealidades.com\/wp-content\/uploads\/2026\/09\/image-16-1067x600.png 1067w, https:\/\/periodicorealidades.com\/wp-content\/uploads\/2026\/09\/image-16-356x200.png 356w, https:\/\/periodicorealidades.com\/wp-content\/uploads\/2026\/09\/image-16-464x261.png 464w, https:\/\/periodicorealidades.com\/wp-content\/uploads\/2026\/09\/image-16-1031x580.png 1031w, https:\/\/periodicorealidades.com\/wp-content\/uploads\/2026\/09\/image-16.png 1200w\" sizes=\"auto, (max-width: 1024px) 100vw, 1024px\" \/><\/figure>\n\n\n\n<p class=\"wp-block-paragraph\">Tras el impacto, el motociclista intent\u00f3 ponerse de pie para abandonar la unidad. Una persona trat\u00f3 de impedir que se levantara, aparentemente para evitar que sufriera otra lesi\u00f3n, pero finalmente el hombre logr\u00f3 incorporarse y salir del veh\u00edculo.<\/p>\n\n\n\n<p class=\"wp-block-paragraph\">El conductor del transporte y una pasajera observaron sorprendidos lo ocurrido. A pesar de lo aparatoso del accidente, ambos lograron salir de la unidad sin lesiones visibles.<\/p>\n\n\n\n<p class=\"wp-block-paragraph\">Mientras tanto, en el exterior, el motociclista habr\u00eda intentado regresar por su motocicleta, que qued\u00f3 sobre el asfalto despu\u00e9s del impacto.<\/p>\n\n\n\n<p class=\"wp-block-paragraph\">La escena r\u00e1pidamente llam\u00f3 la atenci\u00f3n de los usuarios de redes sociales, quienes calificaron como sorprendente que el motociclista terminara dentro del microb\u00fas y no debajo de la unidad.<\/p>\n\n\n\n<p class=\"wp-block-paragraph\">Hasta el momento,&nbsp;<strong>no se ha informado cu\u00e1l es el estado de salud del motociclista<\/strong>, por lo que se desconoce si sufri\u00f3 lesiones de consideraci\u00f3n tras el accidente.<\/p>\n\n\n\n<figure class=\"wp-block-embed is-type-rich is-provider-x wp-block-embed-x\"><div class=\"wp-block-embed__wrapper\">\n<blockquote class=\"twitter-tweet\" data-width=\"550\" data-dnt=\"true\"><p lang=\"es\" dir=\"ltr\"><a href=\"https:\/\/x.com\/hashtag\/IMPACTANTE?src=hash&amp;ref_src=twsrc%5Etfw\">#IMPACTANTE<\/a> \ud83d\ude33 Impresionantes im\u00e1genes captadas por una cam\/seguridad en Buga (V. Cauca) revelan el violento choque entre un bus de servicio p\u00fablico y un motociclista que milagrosamente sobrevivi\u00f3 al fuerte impacto. El hombre finalmente sali\u00f3 del automotor por sus propios medios. <a href=\"https:\/\/t.co\/wKvPTad1we\">pic.twitter.com\/wKvPTad1we<\/a><\/p>&mdash; Colombia Oscura (@ColombiaOscura) <a href=\"https:\/\/x.com\/ColombiaOscura\/status\/2094213397785002040?ref_src=twsrc%5Etfw\">August 30, 2026<\/a><\/blockquote><script async src=\"https:\/\/platform.x.com\/widgets.js\" charset=\"utf-8\"><\/script>\n<\/div><\/figure>\n","protected":false},"excerpt":{"rendered":"<p>Un aparatoso accidente ocurrido en Colombia se volvi\u00f3 viral en redes sociales luego de que un motociclista saliera proyectado tras impactarse contra un microb\u00fas y terminara dentro de la unidad de transporte p\u00fablico. El hecho ocurri\u00f3 la tarde del&nbsp;30 de agosto&nbsp;y qued\u00f3 registrado por c\u00e1maras de seguridad de un establecimiento y del propio transporte. En [&hellip;]<\/p>\n","protected":false},"author":4,"featured_media":77898,"comment_status":"closed","ping_status":"open","sticky":false,"template":"","format":"standard","meta":{"footnotes":""},"categories":[10],"tags":[],"class_list":["post-77897","post","type-post","status-publish","format-standard","has-post-thumbnail","category-viral"],"yoast_head":"<!-- This site is optimized with the Yoast SEO plugin v28.3 - https:\/\/yoast.com\/product\/yoast-seo-wordpress\/ -->\n<title>Motociclista sale disparado y termina dentro de un micro en Colombia; el video se vuelve viral - Peri\u00f3dico Realidades<\/title>\n<meta name=\"robots\" content=\"index, follow, max-snippet:-1, max-image-preview:large, max-video-preview:-1\" \/>\n<link rel=\"canonical\" href=\"https:\/\/periodicorealidades.com\/index.php\/2026\/09\/01\/motociclista-sale-disparado-y-termina-dentro-de-un-micro-en-colombia-el-video-se-vuelve-viral\/\" \/>\n<meta property=\"og:locale\" content=\"es_MX\" \/>\n<meta property=\"og:type\" content=\"article\" \/>\n<meta property=\"og:title\" content=\"Motociclista sale disparado y termina dentro de un micro en Colombia; el video se vuelve viral - Peri\u00f3dico Realidades\" \/>\n<meta property=\"og:description\" content=\"Un aparatoso accidente ocurrido en Colombia se volvi\u00f3 viral en redes sociales luego de que un motociclista saliera proyectado tras impactarse contra un microb\u00fas y terminara dentro de la unidad de transporte p\u00fablico. El hecho ocurri\u00f3 la tarde del&nbsp;30 de agosto&nbsp;y qued\u00f3 registrado por c\u00e1maras de seguridad de un establecimiento y del propio transporte. En [&hellip;]\" \/>\n<meta property=\"og:url\" content=\"https:\/\/periodicorealidades.com\/index.php\/2026\/09\/01\/motociclista-sale-disparado-y-termina-dentro-de-un-micro-en-colombia-el-video-se-vuelve-viral\/\" \/>\n<meta property=\"og:site_name\" content=\"Peri\u00f3dico Realidades\" \/>\n<meta property=\"article:publisher\" content=\"https:\/\/www.facebook.com\/periodicorealidades.denayarit?mibextid=LQQJ4d\" \/>\n<meta property=\"article:published_time\" content=\"2026-09-01T21:30:28+00:00\" \/>\n<meta property=\"article:modified_time\" content=\"2026-09-01T21:30:29+00:00\" \/>\n<meta property=\"og:image\" content=\"https:\/\/periodicorealidades.com\/wp-content\/uploads\/2026\/09\/image-15.png\" \/>\n\t<meta property=\"og:image:width\" content=\"738\" \/>\n\t<meta property=\"og:image:height\" content=\"414\" \/>\n\t<meta property=\"og:image:type\" content=\"image\/png\" \/>\n<meta name=\"author\" content=\"Arcelia\" \/>\n<meta name=\"twitter:card\" content=\"summary_large_image\" \/>\n<meta name=\"twitter:label1\" content=\"Escrito por\" \/>\n\t<meta name=\"twitter:data1\" content=\"Arcelia\" \/>\n\t<meta name=\"twitter:label2\" content=\"Tiempo de lectura\" \/>\n\t<meta name=\"twitter:data2\" content=\"2 minutos\" \/>\n<script type=\"application\/ld+json\" class=\"yoast-schema-graph\">{\"@context\":\"https:\\\/\\\/schema.org\",\"@graph\":[{\"@type\":\"Article\",\"@id\":\"https:\\\/\\\/periodicorealidades.com\\\/index.php\\\/2026\\\/09\\\/01\\\/motociclista-sale-disparado-y-termina-dentro-de-un-micro-en-colombia-el-video-se-vuelve-viral\\\/#article\",\"isPartOf\":{\"@id\":\"https:\\\/\\\/periodicorealidades.com\\\/index.php\\\/2026\\\/09\\\/01\\\/motociclista-sale-disparado-y-termina-dentro-de-un-micro-en-colombia-el-video-se-vuelve-viral\\\/\"},\"author\":{\"name\":\"Arcelia\",\"@id\":\"https:\\\/\\\/periodicorealidades.com\\\/#\\\/schema\\\/person\\\/ed60e33c6767be45db655d22ad0c15c4\"},\"headline\":\"Motociclista sale disparado y termina dentro de un micro en Colombia; el video se vuelve viral\",\"datePublished\":\"2026-09-01T21:30:28+00:00\",\"dateModified\":\"2026-09-01T21:30:29+00:00\",\"mainEntityOfPage\":{\"@id\":\"https:\\\/\\\/periodicorealidades.com\\\/index.php\\\/2026\\\/09\\\/01\\\/motociclista-sale-disparado-y-termina-dentro-de-un-micro-en-colombia-el-video-se-vuelve-viral\\\/\"},\"wordCount\":342,\"publisher\":{\"@id\":\"https:\\\/\\\/periodicorealidades.com\\\/#organization\"},\"image\":{\"@id\":\"https:\\\/\\\/periodicorealidades.com\\\/index.php\\\/2026\\\/09\\\/01\\\/motociclista-sale-disparado-y-termina-dentro-de-un-micro-en-colombia-el-video-se-vuelve-viral\\\/#primaryimage\"},\"thumbnailUrl\":\"https:\\\/\\\/periodicorealidades.com\\\/wp-content\\\/uploads\\\/2026\\\/09\\\/image-15.png\",\"articleSection\":[\"VIRAL\"],\"inLanguage\":\"es\"},{\"@type\":\"WebPage\",\"@id\":\"https:\\\/\\\/periodicorealidades.com\\\/index.php\\\/2026\\\/09\\\/01\\\/motociclista-sale-disparado-y-termina-dentro-de-un-micro-en-colombia-el-video-se-vuelve-viral\\\/\",\"url\":\"https:\\\/\\\/periodicorealidades.com\\\/index.php\\\/2026\\\/09\\\/01\\\/motociclista-sale-disparado-y-termina-dentro-de-un-micro-en-colombia-el-video-se-vuelve-viral\\\/\",\"name\":\"Motociclista sale disparado y termina dentro de un micro en Colombia; el video se vuelve viral - Peri\u00f3dico Realidades\",\"isPartOf\":{\"@id\":\"https:\\\/\\\/periodicorealidades.com\\\/#website\"},\"primaryImageOfPage\":{\"@id\":\"https:\\\/\\\/periodicorealidades.com\\\/index.php\\\/2026\\\/09\\\/01\\\/motociclista-sale-disparado-y-termina-dentro-de-un-micro-en-colombia-el-video-se-vuelve-viral\\\/#primaryimage\"},\"image\":{\"@id\":\"https:\\\/\\\/periodicorealidades.com\\\/index.php\\\/2026\\\/09\\\/01\\\/motociclista-sale-disparado-y-termina-dentro-de-un-micro-en-colombia-el-video-se-vuelve-viral\\\/#primaryimage\"},\"thumbnailUrl\":\"https:\\\/\\\/periodicorealidades.com\\\/wp-content\\\/uploads\\\/2026\\\/09\\\/image-15.png\",\"datePublished\":\"2026-09-01T21:30:28+00:00\",\"dateModified\":\"2026-09-01T21:30:29+00:00\",\"breadcrumb\":{\"@id\":\"https:\\\/\\\/periodicorealidades.com\\\/index.php\\\/2026\\\/09\\\/01\\\/motociclista-sale-disparado-y-termina-dentro-de-un-micro-en-colombia-el-video-se-vuelve-viral\\\/#breadcrumb\"},\"inLanguage\":\"es\",\"potentialAction\":[{\"@type\":\"ReadAction\",\"target\":[\"https:\\\/\\\/periodicorealidades.com\\\/index.php\\\/2026\\\/09\\\/01\\\/motociclista-sale-disparado-y-termina-dentro-de-un-micro-en-colombia-el-video-se-vuelve-viral\\\/\"]}]},{\"@type\":\"ImageObject\",\"inLanguage\":\"es\",\"@id\":\"https:\\\/\\\/periodicorealidades.com\\\/index.php\\\/2026\\\/09\\\/01\\\/motociclista-sale-disparado-y-termina-dentro-de-un-micro-en-colombia-el-video-se-vuelve-viral\\\/#primaryimage\",\"url\":\"https:\\\/\\\/periodicorealidades.com\\\/wp-content\\\/uploads\\\/2026\\\/09\\\/image-15.png\",\"contentUrl\":\"https:\\\/\\\/periodicorealidades.com\\\/wp-content\\\/uploads\\\/2026\\\/09\\\/image-15.png\",\"width\":738,\"height\":414},{\"@type\":\"BreadcrumbList\",\"@id\":\"https:\\\/\\\/periodicorealidades.com\\\/index.php\\\/2026\\\/09\\\/01\\\/motociclista-sale-disparado-y-termina-dentro-de-un-micro-en-colombia-el-video-se-vuelve-viral\\\/#breadcrumb\",\"itemListElement\":[{\"@type\":\"ListItem\",\"position\":1,\"name\":\"Inicio\",\"item\":\"https:\\\/\\\/periodicorealidades.com\\\/\"},{\"@type\":\"ListItem\",\"position\":2,\"name\":\"Motociclista sale disparado y termina dentro de un micro en Colombia; el video se vuelve viral\"}]},{\"@type\":\"WebSite\",\"@id\":\"https:\\\/\\\/periodicorealidades.com\\\/#website\",\"url\":\"https:\\\/\\\/periodicorealidades.com\\\/\",\"name\":\"Peri\u00f3dico Realidades\",\"description\":\"M\u00e9dio de comunicaci\u00f3n en Nayarit\",\"publisher\":{\"@id\":\"https:\\\/\\\/periodicorealidades.com\\\/#organization\"},\"potentialAction\":[{\"@type\":\"SearchAction\",\"target\":{\"@type\":\"EntryPoint\",\"urlTemplate\":\"https:\\\/\\\/periodicorealidades.com\\\/?s={search_term_string}\"},\"query-input\":{\"@type\":\"PropertyValueSpecification\",\"valueRequired\":true,\"valueName\":\"search_term_string\"}}],\"inLanguage\":\"es\"},{\"@type\":\"Organization\",\"@id\":\"https:\\\/\\\/periodicorealidades.com\\\/#organization\",\"name\":\"Peri\u00f3dico Realidades\",\"url\":\"https:\\\/\\\/periodicorealidades.com\\\/\",\"logo\":{\"@type\":\"ImageObject\",\"inLanguage\":\"es\",\"@id\":\"https:\\\/\\\/periodicorealidades.com\\\/#\\\/schema\\\/logo\\\/image\\\/\",\"url\":\"https:\\\/\\\/periodicorealidades.com\\\/wp-content\\\/uploads\\\/2023\\\/05\\\/r-prueba.png\",\"contentUrl\":\"https:\\\/\\\/periodicorealidades.com\\\/wp-content\\\/uploads\\\/2023\\\/05\\\/r-prueba.png\",\"width\":709,\"height\":709,\"caption\":\"Peri\u00f3dico Realidades\"},\"image\":{\"@id\":\"https:\\\/\\\/periodicorealidades.com\\\/#\\\/schema\\\/logo\\\/image\\\/\"},\"sameAs\":[\"https:\\\/\\\/www.facebook.com\\\/periodicorealidades.denayarit?mibextid=LQQJ4d\"]},{\"@type\":\"Person\",\"@id\":\"https:\\\/\\\/periodicorealidades.com\\\/#\\\/schema\\\/person\\\/ed60e33c6767be45db655d22ad0c15c4\",\"name\":\"Arcelia\",\"image\":{\"@type\":\"ImageObject\",\"inLanguage\":\"es\",\"@id\":\"https:\\\/\\\/secure.gravatar.com\\\/avatar\\\/36cdbbe591db4ecc4985aac5ab27b8093cf6488d3b664974f0cda2e38368b10d?s=96&d=mm&r=g\",\"url\":\"https:\\\/\\\/secure.gravatar.com\\\/avatar\\\/36cdbbe591db4ecc4985aac5ab27b8093cf6488d3b664974f0cda2e38368b10d?s=96&d=mm&r=g\",\"contentUrl\":\"https:\\\/\\\/secure.gravatar.com\\\/avatar\\\/36cdbbe591db4ecc4985aac5ab27b8093cf6488d3b664974f0cda2e38368b10d?s=96&d=mm&r=g\",\"caption\":\"Arcelia\"},\"url\":\"https:\\\/\\\/periodicorealidades.com\\\/index.php\\\/author\\\/editor-2\\\/\"}]}<\/script>\n<!-- \/ Yoast SEO plugin. -->","yoast_head_json":{"title":"Motociclista sale disparado y termina dentro de un micro en Colombia; el video se vuelve viral - Peri\u00f3dico Realidades","robots":{"index":"index","follow":"follow","max-snippet":"max-snippet:-1","max-image-preview":"max-image-preview:large","max-video-preview":"max-video-preview:-1"},"canonical":"https:\/\/periodicorealidades.com\/index.php\/2026\/09\/01\/motociclista-sale-disparado-y-termina-dentro-de-un-micro-en-colombia-el-video-se-vuelve-viral\/","og_locale":"es_MX","og_type":"article","og_title":"Motociclista sale disparado y termina dentro de un micro en Colombia; el video se vuelve viral - Peri\u00f3dico Realidades","og_description":"Un aparatoso accidente ocurrido en Colombia se volvi\u00f3 viral en redes sociales luego de que un motociclista saliera proyectado tras impactarse contra un microb\u00fas y terminara dentro de la unidad de transporte p\u00fablico. El hecho ocurri\u00f3 la tarde del&nbsp;30 de agosto&nbsp;y qued\u00f3 registrado por c\u00e1maras de seguridad de un establecimiento y del propio transporte. En [&hellip;]","og_url":"https:\/\/periodicorealidades.com\/index.php\/2026\/09\/01\/motociclista-sale-disparado-y-termina-dentro-de-un-micro-en-colombia-el-video-se-vuelve-viral\/","og_site_name":"Peri\u00f3dico Realidades","article_publisher":"https:\/\/www.facebook.com\/periodicorealidades.denayarit?mibextid=LQQJ4d","article_published_time":"2026-09-01T21:30:28+00:00","article_modified_time":"2026-09-01T21:30:29+00:00","og_image":[{"width":738,"height":414,"url":"https:\/\/periodicorealidades.com\/wp-content\/uploads\/2026\/09\/image-15.png","type":"image\/png"}],"author":"Arcelia","twitter_card":"summary_large_image","twitter_misc":{"Escrito por":"Arcelia","Tiempo de lectura":"2 minutos"},"schema":{"@context":"https:\/\/schema.org","@graph":[{"@type":"Article","@id":"https:\/\/periodicorealidades.com\/index.php\/2026\/09\/01\/motociclista-sale-disparado-y-termina-dentro-de-un-micro-en-colombia-el-video-se-vuelve-viral\/#article","isPartOf":{"@id":"https:\/\/periodicorealidades.com\/index.php\/2026\/09\/01\/motociclista-sale-disparado-y-termina-dentro-de-un-micro-en-colombia-el-video-se-vuelve-viral\/"},"author":{"name":"Arcelia","@id":"https:\/\/periodicorealidades.com\/#\/schema\/person\/ed60e33c6767be45db655d22ad0c15c4"},"headline":"Motociclista sale disparado y termina dentro de un micro en Colombia; el video se vuelve viral","datePublished":"2026-09-01T21:30:28+00:00","dateModified":"2026-09-01T21:30:29+00:00","mainEntityOfPage":{"@id":"https:\/\/periodicorealidades.com\/index.php\/2026\/09\/01\/motociclista-sale-disparado-y-termina-dentro-de-un-micro-en-colombia-el-video-se-vuelve-viral\/"},"wordCount":342,"publisher":{"@id":"https:\/\/periodicorealidades.com\/#organization"},"image":{"@id":"https:\/\/periodicorealidades.com\/index.php\/2026\/09\/01\/motociclista-sale-disparado-y-termina-dentro-de-un-micro-en-colombia-el-video-se-vuelve-viral\/#primaryimage"},"thumbnailUrl":"https:\/\/periodicorealidades.com\/wp-content\/uploads\/2026\/09\/image-15.png","articleSection":["VIRAL"],"inLanguage":"es"},{"@type":"WebPage","@id":"https:\/\/periodicorealidades.com\/index.php\/2026\/09\/01\/motociclista-sale-disparado-y-termina-dentro-de-un-micro-en-colombia-el-video-se-vuelve-viral\/","url":"https:\/\/periodicorealidades.com\/index.php\/2026\/09\/01\/motociclista-sale-disparado-y-termina-dentro-de-un-micro-en-colombia-el-video-se-vuelve-viral\/","name":"Motociclista sale disparado y termina dentro de un micro en Colombia; el video se vuelve viral - Peri\u00f3dico Realidades","isPartOf":{"@id":"https:\/\/periodicorealidades.com\/#website"},"primaryImageOfPage":{"@id":"https:\/\/periodicorealidades.com\/index.php\/2026\/09\/01\/motociclista-sale-disparado-y-termina-dentro-de-un-micro-en-colombia-el-video-se-vuelve-viral\/#primaryimage"},"image":{"@id":"https:\/\/periodicorealidades.com\/index.php\/2026\/09\/01\/motociclista-sale-disparado-y-termina-dentro-de-un-micro-en-colombia-el-video-se-vuelve-viral\/#primaryimage"},"thumbnailUrl":"https:\/\/periodicorealidades.com\/wp-content\/uploads\/2026\/09\/image-15.png","datePublished":"2026-09-01T21:30:28+00:00","dateModified":"2026-09-01T21:30:29+00:00","breadcrumb":{"@id":"https:\/\/periodicorealidades.com\/index.php\/2026\/09\/01\/motociclista-sale-disparado-y-termina-dentro-de-un-micro-en-colombia-el-video-se-vuelve-viral\/#breadcrumb"},"inLanguage":"es","potentialAction":[{"@type":"ReadAction","target":["https:\/\/periodicorealidades.com\/index.php\/2026\/09\/01\/motociclista-sale-disparado-y-termina-dentro-de-un-micro-en-colombia-el-video-se-vuelve-viral\/"]}]},{"@type":"ImageObject","inLanguage":"es","@id":"https:\/\/periodicorealidades.com\/index.php\/2026\/09\/01\/motociclista-sale-disparado-y-termina-dentro-de-un-micro-en-colombia-el-video-se-vuelve-viral\/#primaryimage","url":"https:\/\/periodicorealidades.com\/wp-content\/uploads\/2026\/09\/image-15.png","contentUrl":"https:\/\/periodicorealidades.com\/wp-content\/uploads\/2026\/09\/image-15.png","width":738,"height":414},{"@type":"BreadcrumbList","@id":"https:\/\/periodicorealidades.com\/index.php\/2026\/09\/01\/motociclista-sale-disparado-y-termina-dentro-de-un-micro-en-colombia-el-video-se-vuelve-viral\/#breadcrumb","itemListElement":[{"@type":"ListItem","position":1,"name":"Inicio","item":"https:\/\/periodicorealidades.com\/"},{"@type":"ListItem","position":2,"name":"Motociclista sale disparado y termina dentro de un micro en Colombia; el video se vuelve viral"}]},{"@type":"WebSite","@id":"https:\/\/periodicorealidades.com\/#website","url":"https:\/\/periodicorealidades.com\/","name":"Peri\u00f3dico Realidades","description":"M\u00e9dio de comunicaci\u00f3n en Nayarit","publisher":{"@id":"https:\/\/periodicorealidades.com\/#organization"},"potentialAction":[{"@type":"SearchAction","target":{"@type":"EntryPoint","urlTemplate":"https:\/\/periodicorealidades.com\/?s={search_term_string}"},"query-input":{"@type":"PropertyValueSpecification","valueRequired":true,"valueName":"search_term_string"}}],"inLanguage":"es"},{"@type":"Organization","@id":"https:\/\/periodicorealidades.com\/#organization","name":"Peri\u00f3dico Realidades","url":"https:\/\/periodicorealidades.com\/","logo":{"@type":"ImageObject","inLanguage":"es","@id":"https:\/\/periodicorealidades.com\/#\/schema\/logo\/image\/","url":"https:\/\/periodicorealidades.com\/wp-content\/uploads\/2023\/05\/r-prueba.png","contentUrl":"https:\/\/periodicorealidades.com\/wp-content\/uploads\/2023\/05\/r-prueba.png","width":709,"height":709,"caption":"Peri\u00f3dico Realidades"},"image":{"@id":"https:\/\/periodicorealidades.com\/#\/schema\/logo\/image\/"},"sameAs":["https:\/\/www.facebook.com\/periodicorealidades.denayarit?mibextid=LQQJ4d"]},{"@type":"Person","@id":"https:\/\/periodicorealidades.com\/#\/schema\/person\/ed60e33c6767be45db655d22ad0c15c4","name":"Arcelia","image":{"@type":"ImageObject","inLanguage":"es","@id":"https:\/\/secure.gravatar.com\/avatar\/36cdbbe591db4ecc4985aac5ab27b8093cf6488d3b664974f0cda2e38368b10d?s=96&d=mm&r=g","url":"https:\/\/secure.gravatar.com\/avatar\/36cdbbe591db4ecc4985aac5ab27b8093cf6488d3b664974f0cda2e38368b10d?s=96&d=mm&r=g","contentUrl":"https:\/\/secure.gravatar.com\/avatar\/36cdbbe591db4ecc4985aac5ab27b8093cf6488d3b664974f0cda2e38368b10d?s=96&d=mm&r=g","caption":"Arcelia"},"url":"https:\/\/periodicorealidades.com\/index.php\/author\/editor-2\/"}]}},"_links":{"self":[{"href":"https:\/\/periodicorealidades.com\/index.php\/wp-json\/wp\/v2\/posts\/77897","targetHints":{"allow":["GET"]}}],"collection":[{"href":"https:\/\/periodicorealidades.com\/index.php\/wp-json\/wp\/v2\/posts"}],"about":[{"href":"https:\/\/periodicorealidades.com\/index.php\/wp-json\/wp\/v2\/types\/post"}],"author":[{"embeddable":true,"href":"https:\/\/periodicorealidades.com\/index.php\/wp-json\/wp\/v2\/users\/4"}],"replies":[{"embeddable":true,"href":"https:\/\/periodicorealidades.com\/index.php\/wp-json\/wp\/v2\/comments?post=77897"}],"version-history":[{"count":1,"href":"https:\/\/periodicorealidades.com\/index.php\/wp-json\/wp\/v2\/posts\/77897\/revisions"}],"predecessor-version":[{"id":77900,"href":"https:\/\/periodicorealidades.com\/index.php\/wp-json\/wp\/v2\/posts\/77897\/revisions\/77900"}],"wp:featuredmedia":[{"embeddable":true,"href":"https:\/\/periodicorealidades.com\/index.php\/wp-json\/wp\/v2\/media\/77898"}],"wp:attachment":[{"href":"https:\/\/periodicorealidades.com\/index.php\/wp-json\/wp\/v2\/media?parent=77897"}],"wp:term":[{"taxonomy":"category","embeddable":true,"href":"https:\/\/periodicorealidades.com\/index.php\/wp-json\/wp\/v2\/categories?post=77897"},{"taxonomy":"post_tag","embeddable":true,"href":"https:\/\/periodicorealidades.com\/index.php\/wp-json\/wp\/v2\/tags?post=77897"}],"curies":[{"name":"wp","href":"https:\/\/api.w.org\/{rel}","templated":true}]}}