{"id":77905,"date":"2026-09-01T14:55:07","date_gmt":"2026-09-01T21:55:07","guid":{"rendered":"https:\/\/periodicorealidades.com\/?p=77905"},"modified":"2026-09-01T14:55:07","modified_gmt":"2026-09-01T21:55:07","slug":"sheinbaum-afirma-que-defendera-la-soberania-de-mexico-ante-cualquier-nacion","status":"publish","type":"post","link":"https:\/\/periodicorealidades.com\/index.php\/2026\/09\/01\/sheinbaum-afirma-que-defendera-la-soberania-de-mexico-ante-cualquier-nacion\/","title":{"rendered":"Sheinbaum afirma que defender\u00e1 la soberan\u00eda de M\u00e9xico ante cualquier naci\u00f3n"},"content":{"rendered":"\n<p class=\"wp-block-paragraph\">Durante la presentaci\u00f3n de su Segundo Informe de Gobierno, la presidenta de M\u00e9xico, Claudia Sheinbaum Pardo, asegur\u00f3 que defender\u00e1 con firmeza la soberan\u00eda, la dignidad y la independencia del pa\u00eds.<\/p>\n\n\n\n<p class=\"wp-block-paragraph\">Desde el Patio de Honor de Palacio Nacional, Sheinbaum se\u00f1al\u00f3 que M\u00e9xico busca mantener una relaci\u00f3n de cooperaci\u00f3n, di\u00e1logo y entendimiento con todas las naciones, especialmente con Estados Unidos. Sin embargo, aclar\u00f3 que la cooperaci\u00f3n no significa someterse ni renunciar a los principios nacionales.<\/p>\n\n\n\n<p class=\"wp-block-paragraph\">\u201cMientras yo tenga el honor de servir como presidenta de la Rep\u00fablica, defender\u00e9 con toda firmeza nuestra soberan\u00eda, nuestra dignidad y nuestra independencia\u201d, afirm\u00f3.<\/p>\n\n\n\n<h2 class=\"wp-block-heading\">M\u00e9xico busca un acuerdo con Estados Unidos<\/h2>\n\n\n\n<p class=\"wp-block-paragraph\">Respecto a la relaci\u00f3n con el Gobierno de Donald Trump, la presidenta reconoci\u00f3 que se han presentado dificultades, pero expres\u00f3 su confianza en que ambos pa\u00edses puedan llegar a acuerdos, particularmente en materia comercial.<\/p>\n\n\n\n<p class=\"wp-block-paragraph\">Sheinbaum destac\u00f3 que M\u00e9xico busca mantener una relaci\u00f3n basada en el respeto mutuo y dej\u00f3 claro que la soberan\u00eda nacional no est\u00e1 sujeta a negociaci\u00f3n.<\/p>\n\n\n\n<h2 class=\"wp-block-heading\">Preocupaci\u00f3n por mexicanos detenidos en Estados Unidos<\/h2>\n\n\n\n<p class=\"wp-block-paragraph\">La mandataria tambi\u00e9n habl\u00f3 sobre el trato que han recibido algunos mexicanos en Estados Unidos. Se\u00f1al\u00f3 como uno de los aspectos m\u00e1s dolorosos las detenciones y la muerte de 17 connacionales en centros de detenci\u00f3n y durante operativos.<\/p>\n\n\n\n<p class=\"wp-block-paragraph\">Ante estas situaciones, explic\u00f3 que el Gobierno de M\u00e9xico, adem\u00e1s de utilizar los canales diplom\u00e1ticos, decidi\u00f3 presentar denuncias en los casos que lo consider\u00f3 necesario.<\/p>\n\n\n\n<p class=\"wp-block-paragraph\">Sheinbaum asegur\u00f3 que las autoridades mexicanas dar\u00e1n seguimiento a estos casos y exigir\u00e1n que se respeten plenamente los derechos humanos de los mexicanos, adem\u00e1s de continuar trabajando para mejorar la atenci\u00f3n y protecci\u00f3n de los connacionales que se encuentran en Estados Unidos.<\/p>\n\n\n\n<p class=\"wp-block-paragraph\"><\/p>\n","protected":false},"excerpt":{"rendered":"<p>Durante la presentaci\u00f3n de su Segundo Informe de Gobierno, la presidenta de M\u00e9xico, Claudia Sheinbaum Pardo, asegur\u00f3 que defender\u00e1 con firmeza la soberan\u00eda, la dignidad y la independencia del pa\u00eds. Desde el Patio de Honor de Palacio Nacional, Sheinbaum se\u00f1al\u00f3 que M\u00e9xico busca mantener una relaci\u00f3n de cooperaci\u00f3n, di\u00e1logo y entendimiento con todas las naciones, [&hellip;]<\/p>\n","protected":false},"author":4,"featured_media":77906,"comment_status":"closed","ping_status":"open","sticky":false,"template":"","format":"standard","meta":{"footnotes":""},"categories":[12],"tags":[],"class_list":["post-77905","post","type-post","status-publish","format-standard","has-post-thumbnail","category-nacional"],"yoast_head":"<!-- This site is optimized with the Yoast SEO plugin v28.3 - https:\/\/yoast.com\/product\/yoast-seo-wordpress\/ -->\n<title>Sheinbaum afirma que defender\u00e1 la soberan\u00eda de M\u00e9xico ante cualquier naci\u00f3n - Peri\u00f3dico Realidades<\/title>\n<meta name=\"robots\" content=\"index, follow, max-snippet:-1, max-image-preview:large, max-video-preview:-1\" \/>\n<link rel=\"canonical\" href=\"https:\/\/periodicorealidades.com\/index.php\/2026\/09\/01\/sheinbaum-afirma-que-defendera-la-soberania-de-mexico-ante-cualquier-nacion\/\" \/>\n<meta property=\"og:locale\" content=\"es_MX\" \/>\n<meta property=\"og:type\" content=\"article\" \/>\n<meta property=\"og:title\" content=\"Sheinbaum afirma que defender\u00e1 la soberan\u00eda de M\u00e9xico ante cualquier naci\u00f3n - Peri\u00f3dico Realidades\" \/>\n<meta property=\"og:description\" content=\"Durante la presentaci\u00f3n de su Segundo Informe de Gobierno, la presidenta de M\u00e9xico, Claudia Sheinbaum Pardo, asegur\u00f3 que defender\u00e1 con firmeza la soberan\u00eda, la dignidad y la independencia del pa\u00eds. Desde el Patio de Honor de Palacio Nacional, Sheinbaum se\u00f1al\u00f3 que M\u00e9xico busca mantener una relaci\u00f3n de cooperaci\u00f3n, di\u00e1logo y entendimiento con todas las naciones, [&hellip;]\" \/>\n<meta property=\"og:url\" content=\"https:\/\/periodicorealidades.com\/index.php\/2026\/09\/01\/sheinbaum-afirma-que-defendera-la-soberania-de-mexico-ante-cualquier-nacion\/\" \/>\n<meta property=\"og:site_name\" content=\"Peri\u00f3dico Realidades\" \/>\n<meta property=\"article:publisher\" content=\"https:\/\/www.facebook.com\/periodicorealidades.denayarit?mibextid=LQQJ4d\" \/>\n<meta property=\"article:published_time\" content=\"2026-09-01T21:55:07+00:00\" \/>\n<meta property=\"og:image\" content=\"https:\/\/periodicorealidades.com\/wp-content\/uploads\/2026\/09\/image-19.png\" \/>\n\t<meta property=\"og:image:width\" content=\"1200\" \/>\n\t<meta property=\"og:image:height\" content=\"739\" \/>\n\t<meta property=\"og:image:type\" content=\"image\/png\" \/>\n<meta name=\"author\" content=\"Arcelia\" \/>\n<meta name=\"twitter:card\" content=\"summary_large_image\" \/>\n<meta name=\"twitter:label1\" content=\"Escrito por\" \/>\n\t<meta name=\"twitter:data1\" content=\"Arcelia\" \/>\n\t<meta name=\"twitter:label2\" content=\"Tiempo de lectura\" \/>\n\t<meta name=\"twitter:data2\" content=\"2 minutos\" \/>\n<script type=\"application\/ld+json\" class=\"yoast-schema-graph\">{\"@context\":\"https:\\\/\\\/schema.org\",\"@graph\":[{\"@type\":\"Article\",\"@id\":\"https:\\\/\\\/periodicorealidades.com\\\/index.php\\\/2026\\\/09\\\/01\\\/sheinbaum-afirma-que-defendera-la-soberania-de-mexico-ante-cualquier-nacion\\\/#article\",\"isPartOf\":{\"@id\":\"https:\\\/\\\/periodicorealidades.com\\\/index.php\\\/2026\\\/09\\\/01\\\/sheinbaum-afirma-que-defendera-la-soberania-de-mexico-ante-cualquier-nacion\\\/\"},\"author\":{\"name\":\"Arcelia\",\"@id\":\"https:\\\/\\\/periodicorealidades.com\\\/#\\\/schema\\\/person\\\/ed60e33c6767be45db655d22ad0c15c4\"},\"headline\":\"Sheinbaum afirma que defender\u00e1 la soberan\u00eda de M\u00e9xico ante cualquier naci\u00f3n\",\"datePublished\":\"2026-09-01T21:55:07+00:00\",\"mainEntityOfPage\":{\"@id\":\"https:\\\/\\\/periodicorealidades.com\\\/index.php\\\/2026\\\/09\\\/01\\\/sheinbaum-afirma-que-defendera-la-soberania-de-mexico-ante-cualquier-nacion\\\/\"},\"wordCount\":321,\"publisher\":{\"@id\":\"https:\\\/\\\/periodicorealidades.com\\\/#organization\"},\"image\":{\"@id\":\"https:\\\/\\\/periodicorealidades.com\\\/index.php\\\/2026\\\/09\\\/01\\\/sheinbaum-afirma-que-defendera-la-soberania-de-mexico-ante-cualquier-nacion\\\/#primaryimage\"},\"thumbnailUrl\":\"https:\\\/\\\/periodicorealidades.com\\\/wp-content\\\/uploads\\\/2026\\\/09\\\/image-19.png\",\"articleSection\":[\"Nacional\"],\"inLanguage\":\"es\"},{\"@type\":\"WebPage\",\"@id\":\"https:\\\/\\\/periodicorealidades.com\\\/index.php\\\/2026\\\/09\\\/01\\\/sheinbaum-afirma-que-defendera-la-soberania-de-mexico-ante-cualquier-nacion\\\/\",\"url\":\"https:\\\/\\\/periodicorealidades.com\\\/index.php\\\/2026\\\/09\\\/01\\\/sheinbaum-afirma-que-defendera-la-soberania-de-mexico-ante-cualquier-nacion\\\/\",\"name\":\"Sheinbaum afirma que defender\u00e1 la soberan\u00eda de M\u00e9xico ante cualquier naci\u00f3n - Peri\u00f3dico Realidades\",\"isPartOf\":{\"@id\":\"https:\\\/\\\/periodicorealidades.com\\\/#website\"},\"primaryImageOfPage\":{\"@id\":\"https:\\\/\\\/periodicorealidades.com\\\/index.php\\\/2026\\\/09\\\/01\\\/sheinbaum-afirma-que-defendera-la-soberania-de-mexico-ante-cualquier-nacion\\\/#primaryimage\"},\"image\":{\"@id\":\"https:\\\/\\\/periodicorealidades.com\\\/index.php\\\/2026\\\/09\\\/01\\\/sheinbaum-afirma-que-defendera-la-soberania-de-mexico-ante-cualquier-nacion\\\/#primaryimage\"},\"thumbnailUrl\":\"https:\\\/\\\/periodicorealidades.com\\\/wp-content\\\/uploads\\\/2026\\\/09\\\/image-19.png\",\"datePublished\":\"2026-09-01T21:55:07+00:00\",\"breadcrumb\":{\"@id\":\"https:\\\/\\\/periodicorealidades.com\\\/index.php\\\/2026\\\/09\\\/01\\\/sheinbaum-afirma-que-defendera-la-soberania-de-mexico-ante-cualquier-nacion\\\/#breadcrumb\"},\"inLanguage\":\"es\",\"potentialAction\":[{\"@type\":\"ReadAction\",\"target\":[\"https:\\\/\\\/periodicorealidades.com\\\/index.php\\\/2026\\\/09\\\/01\\\/sheinbaum-afirma-que-defendera-la-soberania-de-mexico-ante-cualquier-nacion\\\/\"]}]},{\"@type\":\"ImageObject\",\"inLanguage\":\"es\",\"@id\":\"https:\\\/\\\/periodicorealidades.com\\\/index.php\\\/2026\\\/09\\\/01\\\/sheinbaum-afirma-que-defendera-la-soberania-de-mexico-ante-cualquier-nacion\\\/#primaryimage\",\"url\":\"https:\\\/\\\/periodicorealidades.com\\\/wp-content\\\/uploads\\\/2026\\\/09\\\/image-19.png\",\"contentUrl\":\"https:\\\/\\\/periodicorealidades.com\\\/wp-content\\\/uploads\\\/2026\\\/09\\\/image-19.png\",\"width\":1200,\"height\":739},{\"@type\":\"BreadcrumbList\",\"@id\":\"https:\\\/\\\/periodicorealidades.com\\\/index.php\\\/2026\\\/09\\\/01\\\/sheinbaum-afirma-que-defendera-la-soberania-de-mexico-ante-cualquier-nacion\\\/#breadcrumb\",\"itemListElement\":[{\"@type\":\"ListItem\",\"position\":1,\"name\":\"Inicio\",\"item\":\"https:\\\/\\\/periodicorealidades.com\\\/\"},{\"@type\":\"ListItem\",\"position\":2,\"name\":\"Sheinbaum afirma que defender\u00e1 la soberan\u00eda de M\u00e9xico ante cualquier naci\u00f3n\"}]},{\"@type\":\"WebSite\",\"@id\":\"https:\\\/\\\/periodicorealidades.com\\\/#website\",\"url\":\"https:\\\/\\\/periodicorealidades.com\\\/\",\"name\":\"Peri\u00f3dico Realidades\",\"description\":\"M\u00e9dio de comunicaci\u00f3n en Nayarit\",\"publisher\":{\"@id\":\"https:\\\/\\\/periodicorealidades.com\\\/#organization\"},\"potentialAction\":[{\"@type\":\"SearchAction\",\"target\":{\"@type\":\"EntryPoint\",\"urlTemplate\":\"https:\\\/\\\/periodicorealidades.com\\\/?s={search_term_string}\"},\"query-input\":{\"@type\":\"PropertyValueSpecification\",\"valueRequired\":true,\"valueName\":\"search_term_string\"}}],\"inLanguage\":\"es\"},{\"@type\":\"Organization\",\"@id\":\"https:\\\/\\\/periodicorealidades.com\\\/#organization\",\"name\":\"Peri\u00f3dico Realidades\",\"url\":\"https:\\\/\\\/periodicorealidades.com\\\/\",\"logo\":{\"@type\":\"ImageObject\",\"inLanguage\":\"es\",\"@id\":\"https:\\\/\\\/periodicorealidades.com\\\/#\\\/schema\\\/logo\\\/image\\\/\",\"url\":\"https:\\\/\\\/periodicorealidades.com\\\/wp-content\\\/uploads\\\/2023\\\/05\\\/r-prueba.png\",\"contentUrl\":\"https:\\\/\\\/periodicorealidades.com\\\/wp-content\\\/uploads\\\/2023\\\/05\\\/r-prueba.png\",\"width\":709,\"height\":709,\"caption\":\"Peri\u00f3dico Realidades\"},\"image\":{\"@id\":\"https:\\\/\\\/periodicorealidades.com\\\/#\\\/schema\\\/logo\\\/image\\\/\"},\"sameAs\":[\"https:\\\/\\\/www.facebook.com\\\/periodicorealidades.denayarit?mibextid=LQQJ4d\"]},{\"@type\":\"Person\",\"@id\":\"https:\\\/\\\/periodicorealidades.com\\\/#\\\/schema\\\/person\\\/ed60e33c6767be45db655d22ad0c15c4\",\"name\":\"Arcelia\",\"image\":{\"@type\":\"ImageObject\",\"inLanguage\":\"es\",\"@id\":\"https:\\\/\\\/secure.gravatar.com\\\/avatar\\\/36cdbbe591db4ecc4985aac5ab27b8093cf6488d3b664974f0cda2e38368b10d?s=96&d=mm&r=g\",\"url\":\"https:\\\/\\\/secure.gravatar.com\\\/avatar\\\/36cdbbe591db4ecc4985aac5ab27b8093cf6488d3b664974f0cda2e38368b10d?s=96&d=mm&r=g\",\"contentUrl\":\"https:\\\/\\\/secure.gravatar.com\\\/avatar\\\/36cdbbe591db4ecc4985aac5ab27b8093cf6488d3b664974f0cda2e38368b10d?s=96&d=mm&r=g\",\"caption\":\"Arcelia\"},\"url\":\"https:\\\/\\\/periodicorealidades.com\\\/index.php\\\/author\\\/editor-2\\\/\"}]}<\/script>\n<!-- \/ Yoast SEO plugin. -->","yoast_head_json":{"title":"Sheinbaum afirma que defender\u00e1 la soberan\u00eda de M\u00e9xico ante cualquier naci\u00f3n - Peri\u00f3dico Realidades","robots":{"index":"index","follow":"follow","max-snippet":"max-snippet:-1","max-image-preview":"max-image-preview:large","max-video-preview":"max-video-preview:-1"},"canonical":"https:\/\/periodicorealidades.com\/index.php\/2026\/09\/01\/sheinbaum-afirma-que-defendera-la-soberania-de-mexico-ante-cualquier-nacion\/","og_locale":"es_MX","og_type":"article","og_title":"Sheinbaum afirma que defender\u00e1 la soberan\u00eda de M\u00e9xico ante cualquier naci\u00f3n - Peri\u00f3dico Realidades","og_description":"Durante la presentaci\u00f3n de su Segundo Informe de Gobierno, la presidenta de M\u00e9xico, Claudia Sheinbaum Pardo, asegur\u00f3 que defender\u00e1 con firmeza la soberan\u00eda, la dignidad y la independencia del pa\u00eds. Desde el Patio de Honor de Palacio Nacional, Sheinbaum se\u00f1al\u00f3 que M\u00e9xico busca mantener una relaci\u00f3n de cooperaci\u00f3n, di\u00e1logo y entendimiento con todas las naciones, [&hellip;]","og_url":"https:\/\/periodicorealidades.com\/index.php\/2026\/09\/01\/sheinbaum-afirma-que-defendera-la-soberania-de-mexico-ante-cualquier-nacion\/","og_site_name":"Peri\u00f3dico Realidades","article_publisher":"https:\/\/www.facebook.com\/periodicorealidades.denayarit?mibextid=LQQJ4d","article_published_time":"2026-09-01T21:55:07+00:00","og_image":[{"width":1200,"height":739,"url":"https:\/\/periodicorealidades.com\/wp-content\/uploads\/2026\/09\/image-19.png","type":"image\/png"}],"author":"Arcelia","twitter_card":"summary_large_image","twitter_misc":{"Escrito por":"Arcelia","Tiempo de lectura":"2 minutos"},"schema":{"@context":"https:\/\/schema.org","@graph":[{"@type":"Article","@id":"https:\/\/periodicorealidades.com\/index.php\/2026\/09\/01\/sheinbaum-afirma-que-defendera-la-soberania-de-mexico-ante-cualquier-nacion\/#article","isPartOf":{"@id":"https:\/\/periodicorealidades.com\/index.php\/2026\/09\/01\/sheinbaum-afirma-que-defendera-la-soberania-de-mexico-ante-cualquier-nacion\/"},"author":{"name":"Arcelia","@id":"https:\/\/periodicorealidades.com\/#\/schema\/person\/ed60e33c6767be45db655d22ad0c15c4"},"headline":"Sheinbaum afirma que defender\u00e1 la soberan\u00eda de M\u00e9xico ante cualquier naci\u00f3n","datePublished":"2026-09-01T21:55:07+00:00","mainEntityOfPage":{"@id":"https:\/\/periodicorealidades.com\/index.php\/2026\/09\/01\/sheinbaum-afirma-que-defendera-la-soberania-de-mexico-ante-cualquier-nacion\/"},"wordCount":321,"publisher":{"@id":"https:\/\/periodicorealidades.com\/#organization"},"image":{"@id":"https:\/\/periodicorealidades.com\/index.php\/2026\/09\/01\/sheinbaum-afirma-que-defendera-la-soberania-de-mexico-ante-cualquier-nacion\/#primaryimage"},"thumbnailUrl":"https:\/\/periodicorealidades.com\/wp-content\/uploads\/2026\/09\/image-19.png","articleSection":["Nacional"],"inLanguage":"es"},{"@type":"WebPage","@id":"https:\/\/periodicorealidades.com\/index.php\/2026\/09\/01\/sheinbaum-afirma-que-defendera-la-soberania-de-mexico-ante-cualquier-nacion\/","url":"https:\/\/periodicorealidades.com\/index.php\/2026\/09\/01\/sheinbaum-afirma-que-defendera-la-soberania-de-mexico-ante-cualquier-nacion\/","name":"Sheinbaum afirma que defender\u00e1 la soberan\u00eda de M\u00e9xico ante cualquier naci\u00f3n - Peri\u00f3dico Realidades","isPartOf":{"@id":"https:\/\/periodicorealidades.com\/#website"},"primaryImageOfPage":{"@id":"https:\/\/periodicorealidades.com\/index.php\/2026\/09\/01\/sheinbaum-afirma-que-defendera-la-soberania-de-mexico-ante-cualquier-nacion\/#primaryimage"},"image":{"@id":"https:\/\/periodicorealidades.com\/index.php\/2026\/09\/01\/sheinbaum-afirma-que-defendera-la-soberania-de-mexico-ante-cualquier-nacion\/#primaryimage"},"thumbnailUrl":"https:\/\/periodicorealidades.com\/wp-content\/uploads\/2026\/09\/image-19.png","datePublished":"2026-09-01T21:55:07+00:00","breadcrumb":{"@id":"https:\/\/periodicorealidades.com\/index.php\/2026\/09\/01\/sheinbaum-afirma-que-defendera-la-soberania-de-mexico-ante-cualquier-nacion\/#breadcrumb"},"inLanguage":"es","potentialAction":[{"@type":"ReadAction","target":["https:\/\/periodicorealidades.com\/index.php\/2026\/09\/01\/sheinbaum-afirma-que-defendera-la-soberania-de-mexico-ante-cualquier-nacion\/"]}]},{"@type":"ImageObject","inLanguage":"es","@id":"https:\/\/periodicorealidades.com\/index.php\/2026\/09\/01\/sheinbaum-afirma-que-defendera-la-soberania-de-mexico-ante-cualquier-nacion\/#primaryimage","url":"https:\/\/periodicorealidades.com\/wp-content\/uploads\/2026\/09\/image-19.png","contentUrl":"https:\/\/periodicorealidades.com\/wp-content\/uploads\/2026\/09\/image-19.png","width":1200,"height":739},{"@type":"BreadcrumbList","@id":"https:\/\/periodicorealidades.com\/index.php\/2026\/09\/01\/sheinbaum-afirma-que-defendera-la-soberania-de-mexico-ante-cualquier-nacion\/#breadcrumb","itemListElement":[{"@type":"ListItem","position":1,"name":"Inicio","item":"https:\/\/periodicorealidades.com\/"},{"@type":"ListItem","position":2,"name":"Sheinbaum afirma que defender\u00e1 la soberan\u00eda de M\u00e9xico ante cualquier naci\u00f3n"}]},{"@type":"WebSite","@id":"https:\/\/periodicorealidades.com\/#website","url":"https:\/\/periodicorealidades.com\/","name":"Peri\u00f3dico Realidades","description":"M\u00e9dio de comunicaci\u00f3n en Nayarit","publisher":{"@id":"https:\/\/periodicorealidades.com\/#organization"},"potentialAction":[{"@type":"SearchAction","target":{"@type":"EntryPoint","urlTemplate":"https:\/\/periodicorealidades.com\/?s={search_term_string}"},"query-input":{"@type":"PropertyValueSpecification","valueRequired":true,"valueName":"search_term_string"}}],"inLanguage":"es"},{"@type":"Organization","@id":"https:\/\/periodicorealidades.com\/#organization","name":"Peri\u00f3dico Realidades","url":"https:\/\/periodicorealidades.com\/","logo":{"@type":"ImageObject","inLanguage":"es","@id":"https:\/\/periodicorealidades.com\/#\/schema\/logo\/image\/","url":"https:\/\/periodicorealidades.com\/wp-content\/uploads\/2023\/05\/r-prueba.png","contentUrl":"https:\/\/periodicorealidades.com\/wp-content\/uploads\/2023\/05\/r-prueba.png","width":709,"height":709,"caption":"Peri\u00f3dico Realidades"},"image":{"@id":"https:\/\/periodicorealidades.com\/#\/schema\/logo\/image\/"},"sameAs":["https:\/\/www.facebook.com\/periodicorealidades.denayarit?mibextid=LQQJ4d"]},{"@type":"Person","@id":"https:\/\/periodicorealidades.com\/#\/schema\/person\/ed60e33c6767be45db655d22ad0c15c4","name":"Arcelia","image":{"@type":"ImageObject","inLanguage":"es","@id":"https:\/\/secure.gravatar.com\/avatar\/36cdbbe591db4ecc4985aac5ab27b8093cf6488d3b664974f0cda2e38368b10d?s=96&d=mm&r=g","url":"https:\/\/secure.gravatar.com\/avatar\/36cdbbe591db4ecc4985aac5ab27b8093cf6488d3b664974f0cda2e38368b10d?s=96&d=mm&r=g","contentUrl":"https:\/\/secure.gravatar.com\/avatar\/36cdbbe591db4ecc4985aac5ab27b8093cf6488d3b664974f0cda2e38368b10d?s=96&d=mm&r=g","caption":"Arcelia"},"url":"https:\/\/periodicorealidades.com\/index.php\/author\/editor-2\/"}]}},"_links":{"self":[{"href":"https:\/\/periodicorealidades.com\/index.php\/wp-json\/wp\/v2\/posts\/77905","targetHints":{"allow":["GET"]}}],"collection":[{"href":"https:\/\/periodicorealidades.com\/index.php\/wp-json\/wp\/v2\/posts"}],"about":[{"href":"https:\/\/periodicorealidades.com\/index.php\/wp-json\/wp\/v2\/types\/post"}],"author":[{"embeddable":true,"href":"https:\/\/periodicorealidades.com\/index.php\/wp-json\/wp\/v2\/users\/4"}],"replies":[{"embeddable":true,"href":"https:\/\/periodicorealidades.com\/index.php\/wp-json\/wp\/v2\/comments?post=77905"}],"version-history":[{"count":1,"href":"https:\/\/periodicorealidades.com\/index.php\/wp-json\/wp\/v2\/posts\/77905\/revisions"}],"predecessor-version":[{"id":77907,"href":"https:\/\/periodicorealidades.com\/index.php\/wp-json\/wp\/v2\/posts\/77905\/revisions\/77907"}],"wp:featuredmedia":[{"embeddable":true,"href":"https:\/\/periodicorealidades.com\/index.php\/wp-json\/wp\/v2\/media\/77906"}],"wp:attachment":[{"href":"https:\/\/periodicorealidades.com\/index.php\/wp-json\/wp\/v2\/media?parent=77905"}],"wp:term":[{"taxonomy":"category","embeddable":true,"href":"https:\/\/periodicorealidades.com\/index.php\/wp-json\/wp\/v2\/categories?post=77905"},{"taxonomy":"post_tag","embeddable":true,"href":"https:\/\/periodicorealidades.com\/index.php\/wp-json\/wp\/v2\/tags?post=77905"}],"curies":[{"name":"wp","href":"https:\/\/api.w.org\/{rel}","templated":true}]}}