{"id":77912,"date":"2026-09-01T20:55:32","date_gmt":"2026-09-02T03:55:32","guid":{"rendered":"https:\/\/periodicorealidades.com\/?p=77912"},"modified":"2026-09-01T20:55:33","modified_gmt":"2026-09-02T03:55:33","slug":"crecen-las-plantillas-laborales-de-las-uts-pese-a-falta-de-recursos-denuncia-sindicato","status":"publish","type":"post","link":"https:\/\/periodicorealidades.com\/index.php\/2026\/09\/01\/crecen-las-plantillas-laborales-de-las-uts-pese-a-falta-de-recursos-denuncia-sindicato\/","title":{"rendered":"Crecen las plantillas laborales\u00a0de las UT&#8217;s pese a falta de recursos, denuncia sindicato\u00a0"},"content":{"rendered":"\n<p class=\"wp-block-paragraph\">Esta situaci\u00f3n ha derivado que incluso se abran carreras sin tener el presupuesto para sostenerlas<\/p>\n\n\n\n<p class=\"wp-block-paragraph\">Por: Mildra Ben\u00edtez Robledo<\/p>\n\n\n\n<p class=\"wp-block-paragraph\">Tepic, Nayarit; mi\u00e8rcoles, 02 de septiembre del 2026.- Las plantillas laborales de las Universidades Tecnol\u00f3gicas (UT&#8217;s) de Nayarit &nbsp;han crecido de manera desproporcionada, desde el inicio en 2022 &nbsp;de la actual rector\u00eda, principalmente en \u00e1reas administrativas y puestos vinculados con las rector\u00edas, pese a que continuamente se argumenta que las instituciones no cuentan con recursos suficientes, situaci\u00f3n que podr\u00eda comprometer a\u00fan m\u00e1s sus finanzas.<\/p>\n\n\n\n<p class=\"wp-block-paragraph\">Tal declaraci\u00f3n corresponde a la &nbsp;secretaria general del Sindicato de Trabajadores Acad\u00e9micos y Administrativos de las Tecnol\u00f3gicas de Nayarit, Carmen Soledad Ibarra Castill\u00f3n, qui\u00e9n &nbsp;explic\u00f3 que los \u00faltimos cuatro a\u00f1os se ha incorporado personal de manera indiscriminada y, en algunos casos, sin respetar los perfiles ni los lineamientos establecidos en el contrato colectivo de trabajo. Se\u00f1al\u00f3 que las cuatro universidades donde tiene presencia el sindicato han registrado la llegada de nuevos trabajadores, incluidos puestos administrativos, de confianza e incluso cargos de mayor nivel, mientras otras \u00e1reas han tenido que ser recortadas, para mantener las estructuras autorizadas.<\/p>\n\n\n\n<p class=\"wp-block-paragraph\">Advirti\u00f3 que el problema se agrava debido a que las nuevas carreras que se abren en las universidades, comienzan sin contar con un presupuesto adicional, lo que genera mayores necesidades de personal y operaci\u00f3n y termina presionando las finanzas de las instituciones. Las Universidades Tecnol\u00f3gicas tienen presencia en Tepic, Bah\u00eda de Banderas, la Costa y la Sierra, por lo que la situaci\u00f3n impacta a distintos planteles del Estado.<\/p>\n\n\n\n<p class=\"wp-block-paragraph\">Aunado a ello, permanece pendiente el pago del incremento salarial retroactivo correspondiente a la autorizaci\u00f3n del aumento salarial de los trabajadores, mismo que &nbsp;en a\u00f1os anteriores este recurso comenz\u00f3 a entregarse desde junio, mientras que recientemente se ha pagado hasta octubre o noviembre, y hasta ahora no han recibido informaci\u00f3n sobre cu\u00e1ndo se cubrir\u00e1 el adeudo correspondiente a este a\u00f1o.<\/p>\n\n\n\n<p class=\"wp-block-paragraph\">En materia laboral, el sindicato mantiene una lucha jur\u00eddica por la reinstalaci\u00f3n de trabajadores que considera fueron despedidos injustificadamente. Actualmente existen seis casos pendientes en la Universidad Tecnol\u00f3gica de la Sierra y cuatro en Bah\u00eda de Banderas, mientras que tres trabajadores ya lograron ser reinstalados. La organizaci\u00f3n espera que los procesos contin\u00faen por la v\u00eda jur\u00eddica ante la falta de disposici\u00f3n de algunas rector\u00edas, para llegar a acuerdos.<\/p>\n\n\n\n<p class=\"wp-block-paragraph\">Los despidos, indic\u00f3 que &nbsp;han obedecido principalmente a una falta de conocimiento y empat\u00eda por parte de las rector\u00edas, al tiempo que sostuvo que el ingreso de nuevo personal se ha realizado de manera unilateral y sin respetar en algunos casos los mecanismos establecidos en el contrato colectivo de trabajo.<\/p>\n","protected":false},"excerpt":{"rendered":"<p>Esta situaci\u00f3n ha derivado que incluso se abran carreras sin tener el presupuesto para sostenerlas Por: Mildra Ben\u00edtez Robledo Tepic, Nayarit; mi\u00e8rcoles, 02 de septiembre del 2026.- Las plantillas laborales de las Universidades Tecnol\u00f3gicas (UT&#8217;s) de Nayarit &nbsp;han crecido de manera desproporcionada, desde el inicio en 2022 &nbsp;de la actual rector\u00eda, principalmente en \u00e1reas administrativas [&hellip;]<\/p>\n","protected":false},"author":2,"featured_media":77913,"comment_status":"closed","ping_status":"open","sticky":false,"template":"","format":"standard","meta":{"footnotes":""},"categories":[8,4],"tags":[],"class_list":["post-77912","post","type-post","status-publish","format-standard","has-post-thumbnail","category-municipios","category-principal"],"yoast_head":"<!-- This site is optimized with the Yoast SEO plugin v28.3 - https:\/\/yoast.com\/product\/yoast-seo-wordpress\/ -->\n<title>Crecen las plantillas laborales\u00a0de las UT&#039;s pese a falta de recursos, denuncia sindicato\u00a0 - Peri\u00f3dico Realidades<\/title>\n<meta name=\"robots\" content=\"index, follow, max-snippet:-1, max-image-preview:large, max-video-preview:-1\" \/>\n<link rel=\"canonical\" href=\"https:\/\/periodicorealidades.com\/index.php\/2026\/09\/01\/crecen-las-plantillas-laborales-de-las-uts-pese-a-falta-de-recursos-denuncia-sindicato\/\" \/>\n<meta property=\"og:locale\" content=\"es_MX\" \/>\n<meta property=\"og:type\" content=\"article\" \/>\n<meta property=\"og:title\" content=\"Crecen las plantillas laborales\u00a0de las UT&#039;s pese a falta de recursos, denuncia sindicato\u00a0 - Peri\u00f3dico Realidades\" \/>\n<meta property=\"og:description\" content=\"Esta situaci\u00f3n ha derivado que incluso se abran carreras sin tener el presupuesto para sostenerlas Por: Mildra Ben\u00edtez Robledo Tepic, Nayarit; mi\u00e8rcoles, 02 de septiembre del 2026.- Las plantillas laborales de las Universidades Tecnol\u00f3gicas (UT&#8217;s) de Nayarit &nbsp;han crecido de manera desproporcionada, desde el inicio en 2022 &nbsp;de la actual rector\u00eda, principalmente en \u00e1reas administrativas [&hellip;]\" \/>\n<meta property=\"og:url\" content=\"https:\/\/periodicorealidades.com\/index.php\/2026\/09\/01\/crecen-las-plantillas-laborales-de-las-uts-pese-a-falta-de-recursos-denuncia-sindicato\/\" \/>\n<meta property=\"og:site_name\" content=\"Peri\u00f3dico Realidades\" \/>\n<meta property=\"article:publisher\" content=\"https:\/\/www.facebook.com\/periodicorealidades.denayarit?mibextid=LQQJ4d\" \/>\n<meta property=\"article:published_time\" content=\"2026-09-02T03:55:32+00:00\" \/>\n<meta property=\"article:modified_time\" content=\"2026-09-02T03:55:33+00:00\" \/>\n<meta property=\"og:image\" content=\"https:\/\/periodicorealidades.com\/wp-content\/uploads\/2026\/09\/UT.jpg\" \/>\n\t<meta property=\"og:image:width\" content=\"640\" \/>\n\t<meta property=\"og:image:height\" content=\"480\" \/>\n\t<meta property=\"og:image:type\" content=\"image\/jpeg\" \/>\n<meta name=\"author\" content=\"editor\" \/>\n<meta name=\"twitter:card\" content=\"summary_large_image\" \/>\n<meta name=\"twitter:label1\" content=\"Escrito por\" \/>\n\t<meta name=\"twitter:data1\" content=\"editor\" \/>\n\t<meta name=\"twitter:label2\" content=\"Tiempo de lectura\" \/>\n\t<meta name=\"twitter:data2\" content=\"2 minutos\" \/>\n<script type=\"application\/ld+json\" class=\"yoast-schema-graph\">{\"@context\":\"https:\\\/\\\/schema.org\",\"@graph\":[{\"@type\":\"Article\",\"@id\":\"https:\\\/\\\/periodicorealidades.com\\\/index.php\\\/2026\\\/09\\\/01\\\/crecen-las-plantillas-laborales-de-las-uts-pese-a-falta-de-recursos-denuncia-sindicato\\\/#article\",\"isPartOf\":{\"@id\":\"https:\\\/\\\/periodicorealidades.com\\\/index.php\\\/2026\\\/09\\\/01\\\/crecen-las-plantillas-laborales-de-las-uts-pese-a-falta-de-recursos-denuncia-sindicato\\\/\"},\"author\":{\"name\":\"editor\",\"@id\":\"https:\\\/\\\/periodicorealidades.com\\\/#\\\/schema\\\/person\\\/c27da34ee13acaec3162071a3e1c7832\"},\"headline\":\"Crecen las plantillas laborales\u00a0de las UT&#8217;s pese a falta de recursos, denuncia sindicato\u00a0\",\"datePublished\":\"2026-09-02T03:55:32+00:00\",\"dateModified\":\"2026-09-02T03:55:33+00:00\",\"mainEntityOfPage\":{\"@id\":\"https:\\\/\\\/periodicorealidades.com\\\/index.php\\\/2026\\\/09\\\/01\\\/crecen-las-plantillas-laborales-de-las-uts-pese-a-falta-de-recursos-denuncia-sindicato\\\/\"},\"wordCount\":483,\"publisher\":{\"@id\":\"https:\\\/\\\/periodicorealidades.com\\\/#organization\"},\"image\":{\"@id\":\"https:\\\/\\\/periodicorealidades.com\\\/index.php\\\/2026\\\/09\\\/01\\\/crecen-las-plantillas-laborales-de-las-uts-pese-a-falta-de-recursos-denuncia-sindicato\\\/#primaryimage\"},\"thumbnailUrl\":\"https:\\\/\\\/periodicorealidades.com\\\/wp-content\\\/uploads\\\/2026\\\/09\\\/UT.jpg\",\"articleSection\":[\"Municipios\",\"Principal\"],\"inLanguage\":\"es\"},{\"@type\":\"WebPage\",\"@id\":\"https:\\\/\\\/periodicorealidades.com\\\/index.php\\\/2026\\\/09\\\/01\\\/crecen-las-plantillas-laborales-de-las-uts-pese-a-falta-de-recursos-denuncia-sindicato\\\/\",\"url\":\"https:\\\/\\\/periodicorealidades.com\\\/index.php\\\/2026\\\/09\\\/01\\\/crecen-las-plantillas-laborales-de-las-uts-pese-a-falta-de-recursos-denuncia-sindicato\\\/\",\"name\":\"Crecen las plantillas laborales\u00a0de las UT's pese a falta de recursos, denuncia sindicato\u00a0 - Peri\u00f3dico Realidades\",\"isPartOf\":{\"@id\":\"https:\\\/\\\/periodicorealidades.com\\\/#website\"},\"primaryImageOfPage\":{\"@id\":\"https:\\\/\\\/periodicorealidades.com\\\/index.php\\\/2026\\\/09\\\/01\\\/crecen-las-plantillas-laborales-de-las-uts-pese-a-falta-de-recursos-denuncia-sindicato\\\/#primaryimage\"},\"image\":{\"@id\":\"https:\\\/\\\/periodicorealidades.com\\\/index.php\\\/2026\\\/09\\\/01\\\/crecen-las-plantillas-laborales-de-las-uts-pese-a-falta-de-recursos-denuncia-sindicato\\\/#primaryimage\"},\"thumbnailUrl\":\"https:\\\/\\\/periodicorealidades.com\\\/wp-content\\\/uploads\\\/2026\\\/09\\\/UT.jpg\",\"datePublished\":\"2026-09-02T03:55:32+00:00\",\"dateModified\":\"2026-09-02T03:55:33+00:00\",\"breadcrumb\":{\"@id\":\"https:\\\/\\\/periodicorealidades.com\\\/index.php\\\/2026\\\/09\\\/01\\\/crecen-las-plantillas-laborales-de-las-uts-pese-a-falta-de-recursos-denuncia-sindicato\\\/#breadcrumb\"},\"inLanguage\":\"es\",\"potentialAction\":[{\"@type\":\"ReadAction\",\"target\":[\"https:\\\/\\\/periodicorealidades.com\\\/index.php\\\/2026\\\/09\\\/01\\\/crecen-las-plantillas-laborales-de-las-uts-pese-a-falta-de-recursos-denuncia-sindicato\\\/\"]}]},{\"@type\":\"ImageObject\",\"inLanguage\":\"es\",\"@id\":\"https:\\\/\\\/periodicorealidades.com\\\/index.php\\\/2026\\\/09\\\/01\\\/crecen-las-plantillas-laborales-de-las-uts-pese-a-falta-de-recursos-denuncia-sindicato\\\/#primaryimage\",\"url\":\"https:\\\/\\\/periodicorealidades.com\\\/wp-content\\\/uploads\\\/2026\\\/09\\\/UT.jpg\",\"contentUrl\":\"https:\\\/\\\/periodicorealidades.com\\\/wp-content\\\/uploads\\\/2026\\\/09\\\/UT.jpg\",\"width\":640,\"height\":480},{\"@type\":\"BreadcrumbList\",\"@id\":\"https:\\\/\\\/periodicorealidades.com\\\/index.php\\\/2026\\\/09\\\/01\\\/crecen-las-plantillas-laborales-de-las-uts-pese-a-falta-de-recursos-denuncia-sindicato\\\/#breadcrumb\",\"itemListElement\":[{\"@type\":\"ListItem\",\"position\":1,\"name\":\"Inicio\",\"item\":\"https:\\\/\\\/periodicorealidades.com\\\/\"},{\"@type\":\"ListItem\",\"position\":2,\"name\":\"Crecen las plantillas laborales\u00a0de las UT&#8217;s pese a falta de recursos, denuncia sindicato\u00a0\"}]},{\"@type\":\"WebSite\",\"@id\":\"https:\\\/\\\/periodicorealidades.com\\\/#website\",\"url\":\"https:\\\/\\\/periodicorealidades.com\\\/\",\"name\":\"Peri\u00f3dico Realidades\",\"description\":\"M\u00e9dio de comunicaci\u00f3n en Nayarit\",\"publisher\":{\"@id\":\"https:\\\/\\\/periodicorealidades.com\\\/#organization\"},\"potentialAction\":[{\"@type\":\"SearchAction\",\"target\":{\"@type\":\"EntryPoint\",\"urlTemplate\":\"https:\\\/\\\/periodicorealidades.com\\\/?s={search_term_string}\"},\"query-input\":{\"@type\":\"PropertyValueSpecification\",\"valueRequired\":true,\"valueName\":\"search_term_string\"}}],\"inLanguage\":\"es\"},{\"@type\":\"Organization\",\"@id\":\"https:\\\/\\\/periodicorealidades.com\\\/#organization\",\"name\":\"Peri\u00f3dico Realidades\",\"url\":\"https:\\\/\\\/periodicorealidades.com\\\/\",\"logo\":{\"@type\":\"ImageObject\",\"inLanguage\":\"es\",\"@id\":\"https:\\\/\\\/periodicorealidades.com\\\/#\\\/schema\\\/logo\\\/image\\\/\",\"url\":\"https:\\\/\\\/periodicorealidades.com\\\/wp-content\\\/uploads\\\/2023\\\/05\\\/r-prueba.png\",\"contentUrl\":\"https:\\\/\\\/periodicorealidades.com\\\/wp-content\\\/uploads\\\/2023\\\/05\\\/r-prueba.png\",\"width\":709,\"height\":709,\"caption\":\"Peri\u00f3dico Realidades\"},\"image\":{\"@id\":\"https:\\\/\\\/periodicorealidades.com\\\/#\\\/schema\\\/logo\\\/image\\\/\"},\"sameAs\":[\"https:\\\/\\\/www.facebook.com\\\/periodicorealidades.denayarit?mibextid=LQQJ4d\"]},{\"@type\":\"Person\",\"@id\":\"https:\\\/\\\/periodicorealidades.com\\\/#\\\/schema\\\/person\\\/c27da34ee13acaec3162071a3e1c7832\",\"name\":\"editor\",\"image\":{\"@type\":\"ImageObject\",\"inLanguage\":\"es\",\"@id\":\"https:\\\/\\\/secure.gravatar.com\\\/avatar\\\/dda3c3f59ea25f4b53cd53df977b0b2628039b17268e57c944a79a00e8a56e26?s=96&d=mm&r=g\",\"url\":\"https:\\\/\\\/secure.gravatar.com\\\/avatar\\\/dda3c3f59ea25f4b53cd53df977b0b2628039b17268e57c944a79a00e8a56e26?s=96&d=mm&r=g\",\"contentUrl\":\"https:\\\/\\\/secure.gravatar.com\\\/avatar\\\/dda3c3f59ea25f4b53cd53df977b0b2628039b17268e57c944a79a00e8a56e26?s=96&d=mm&r=g\",\"caption\":\"editor\"},\"url\":\"https:\\\/\\\/periodicorealidades.com\\\/index.php\\\/author\\\/editor\\\/\"}]}<\/script>\n<!-- \/ Yoast SEO plugin. -->","yoast_head_json":{"title":"Crecen las plantillas laborales\u00a0de las UT's pese a falta de recursos, denuncia sindicato\u00a0 - Peri\u00f3dico Realidades","robots":{"index":"index","follow":"follow","max-snippet":"max-snippet:-1","max-image-preview":"max-image-preview:large","max-video-preview":"max-video-preview:-1"},"canonical":"https:\/\/periodicorealidades.com\/index.php\/2026\/09\/01\/crecen-las-plantillas-laborales-de-las-uts-pese-a-falta-de-recursos-denuncia-sindicato\/","og_locale":"es_MX","og_type":"article","og_title":"Crecen las plantillas laborales\u00a0de las UT's pese a falta de recursos, denuncia sindicato\u00a0 - Peri\u00f3dico Realidades","og_description":"Esta situaci\u00f3n ha derivado que incluso se abran carreras sin tener el presupuesto para sostenerlas Por: Mildra Ben\u00edtez Robledo Tepic, Nayarit; mi\u00e8rcoles, 02 de septiembre del 2026.- Las plantillas laborales de las Universidades Tecnol\u00f3gicas (UT&#8217;s) de Nayarit &nbsp;han crecido de manera desproporcionada, desde el inicio en 2022 &nbsp;de la actual rector\u00eda, principalmente en \u00e1reas administrativas [&hellip;]","og_url":"https:\/\/periodicorealidades.com\/index.php\/2026\/09\/01\/crecen-las-plantillas-laborales-de-las-uts-pese-a-falta-de-recursos-denuncia-sindicato\/","og_site_name":"Peri\u00f3dico Realidades","article_publisher":"https:\/\/www.facebook.com\/periodicorealidades.denayarit?mibextid=LQQJ4d","article_published_time":"2026-09-02T03:55:32+00:00","article_modified_time":"2026-09-02T03:55:33+00:00","og_image":[{"width":640,"height":480,"url":"https:\/\/periodicorealidades.com\/wp-content\/uploads\/2026\/09\/UT.jpg","type":"image\/jpeg"}],"author":"editor","twitter_card":"summary_large_image","twitter_misc":{"Escrito por":"editor","Tiempo de lectura":"2 minutos"},"schema":{"@context":"https:\/\/schema.org","@graph":[{"@type":"Article","@id":"https:\/\/periodicorealidades.com\/index.php\/2026\/09\/01\/crecen-las-plantillas-laborales-de-las-uts-pese-a-falta-de-recursos-denuncia-sindicato\/#article","isPartOf":{"@id":"https:\/\/periodicorealidades.com\/index.php\/2026\/09\/01\/crecen-las-plantillas-laborales-de-las-uts-pese-a-falta-de-recursos-denuncia-sindicato\/"},"author":{"name":"editor","@id":"https:\/\/periodicorealidades.com\/#\/schema\/person\/c27da34ee13acaec3162071a3e1c7832"},"headline":"Crecen las plantillas laborales\u00a0de las UT&#8217;s pese a falta de recursos, denuncia sindicato\u00a0","datePublished":"2026-09-02T03:55:32+00:00","dateModified":"2026-09-02T03:55:33+00:00","mainEntityOfPage":{"@id":"https:\/\/periodicorealidades.com\/index.php\/2026\/09\/01\/crecen-las-plantillas-laborales-de-las-uts-pese-a-falta-de-recursos-denuncia-sindicato\/"},"wordCount":483,"publisher":{"@id":"https:\/\/periodicorealidades.com\/#organization"},"image":{"@id":"https:\/\/periodicorealidades.com\/index.php\/2026\/09\/01\/crecen-las-plantillas-laborales-de-las-uts-pese-a-falta-de-recursos-denuncia-sindicato\/#primaryimage"},"thumbnailUrl":"https:\/\/periodicorealidades.com\/wp-content\/uploads\/2026\/09\/UT.jpg","articleSection":["Municipios","Principal"],"inLanguage":"es"},{"@type":"WebPage","@id":"https:\/\/periodicorealidades.com\/index.php\/2026\/09\/01\/crecen-las-plantillas-laborales-de-las-uts-pese-a-falta-de-recursos-denuncia-sindicato\/","url":"https:\/\/periodicorealidades.com\/index.php\/2026\/09\/01\/crecen-las-plantillas-laborales-de-las-uts-pese-a-falta-de-recursos-denuncia-sindicato\/","name":"Crecen las plantillas laborales\u00a0de las UT's pese a falta de recursos, denuncia sindicato\u00a0 - Peri\u00f3dico Realidades","isPartOf":{"@id":"https:\/\/periodicorealidades.com\/#website"},"primaryImageOfPage":{"@id":"https:\/\/periodicorealidades.com\/index.php\/2026\/09\/01\/crecen-las-plantillas-laborales-de-las-uts-pese-a-falta-de-recursos-denuncia-sindicato\/#primaryimage"},"image":{"@id":"https:\/\/periodicorealidades.com\/index.php\/2026\/09\/01\/crecen-las-plantillas-laborales-de-las-uts-pese-a-falta-de-recursos-denuncia-sindicato\/#primaryimage"},"thumbnailUrl":"https:\/\/periodicorealidades.com\/wp-content\/uploads\/2026\/09\/UT.jpg","datePublished":"2026-09-02T03:55:32+00:00","dateModified":"2026-09-02T03:55:33+00:00","breadcrumb":{"@id":"https:\/\/periodicorealidades.com\/index.php\/2026\/09\/01\/crecen-las-plantillas-laborales-de-las-uts-pese-a-falta-de-recursos-denuncia-sindicato\/#breadcrumb"},"inLanguage":"es","potentialAction":[{"@type":"ReadAction","target":["https:\/\/periodicorealidades.com\/index.php\/2026\/09\/01\/crecen-las-plantillas-laborales-de-las-uts-pese-a-falta-de-recursos-denuncia-sindicato\/"]}]},{"@type":"ImageObject","inLanguage":"es","@id":"https:\/\/periodicorealidades.com\/index.php\/2026\/09\/01\/crecen-las-plantillas-laborales-de-las-uts-pese-a-falta-de-recursos-denuncia-sindicato\/#primaryimage","url":"https:\/\/periodicorealidades.com\/wp-content\/uploads\/2026\/09\/UT.jpg","contentUrl":"https:\/\/periodicorealidades.com\/wp-content\/uploads\/2026\/09\/UT.jpg","width":640,"height":480},{"@type":"BreadcrumbList","@id":"https:\/\/periodicorealidades.com\/index.php\/2026\/09\/01\/crecen-las-plantillas-laborales-de-las-uts-pese-a-falta-de-recursos-denuncia-sindicato\/#breadcrumb","itemListElement":[{"@type":"ListItem","position":1,"name":"Inicio","item":"https:\/\/periodicorealidades.com\/"},{"@type":"ListItem","position":2,"name":"Crecen las plantillas laborales\u00a0de las UT&#8217;s pese a falta de recursos, denuncia sindicato\u00a0"}]},{"@type":"WebSite","@id":"https:\/\/periodicorealidades.com\/#website","url":"https:\/\/periodicorealidades.com\/","name":"Peri\u00f3dico Realidades","description":"M\u00e9dio de comunicaci\u00f3n en Nayarit","publisher":{"@id":"https:\/\/periodicorealidades.com\/#organization"},"potentialAction":[{"@type":"SearchAction","target":{"@type":"EntryPoint","urlTemplate":"https:\/\/periodicorealidades.com\/?s={search_term_string}"},"query-input":{"@type":"PropertyValueSpecification","valueRequired":true,"valueName":"search_term_string"}}],"inLanguage":"es"},{"@type":"Organization","@id":"https:\/\/periodicorealidades.com\/#organization","name":"Peri\u00f3dico Realidades","url":"https:\/\/periodicorealidades.com\/","logo":{"@type":"ImageObject","inLanguage":"es","@id":"https:\/\/periodicorealidades.com\/#\/schema\/logo\/image\/","url":"https:\/\/periodicorealidades.com\/wp-content\/uploads\/2023\/05\/r-prueba.png","contentUrl":"https:\/\/periodicorealidades.com\/wp-content\/uploads\/2023\/05\/r-prueba.png","width":709,"height":709,"caption":"Peri\u00f3dico Realidades"},"image":{"@id":"https:\/\/periodicorealidades.com\/#\/schema\/logo\/image\/"},"sameAs":["https:\/\/www.facebook.com\/periodicorealidades.denayarit?mibextid=LQQJ4d"]},{"@type":"Person","@id":"https:\/\/periodicorealidades.com\/#\/schema\/person\/c27da34ee13acaec3162071a3e1c7832","name":"editor","image":{"@type":"ImageObject","inLanguage":"es","@id":"https:\/\/secure.gravatar.com\/avatar\/dda3c3f59ea25f4b53cd53df977b0b2628039b17268e57c944a79a00e8a56e26?s=96&d=mm&r=g","url":"https:\/\/secure.gravatar.com\/avatar\/dda3c3f59ea25f4b53cd53df977b0b2628039b17268e57c944a79a00e8a56e26?s=96&d=mm&r=g","contentUrl":"https:\/\/secure.gravatar.com\/avatar\/dda3c3f59ea25f4b53cd53df977b0b2628039b17268e57c944a79a00e8a56e26?s=96&d=mm&r=g","caption":"editor"},"url":"https:\/\/periodicorealidades.com\/index.php\/author\/editor\/"}]}},"_links":{"self":[{"href":"https:\/\/periodicorealidades.com\/index.php\/wp-json\/wp\/v2\/posts\/77912","targetHints":{"allow":["GET"]}}],"collection":[{"href":"https:\/\/periodicorealidades.com\/index.php\/wp-json\/wp\/v2\/posts"}],"about":[{"href":"https:\/\/periodicorealidades.com\/index.php\/wp-json\/wp\/v2\/types\/post"}],"author":[{"embeddable":true,"href":"https:\/\/periodicorealidades.com\/index.php\/wp-json\/wp\/v2\/users\/2"}],"replies":[{"embeddable":true,"href":"https:\/\/periodicorealidades.com\/index.php\/wp-json\/wp\/v2\/comments?post=77912"}],"version-history":[{"count":1,"href":"https:\/\/periodicorealidades.com\/index.php\/wp-json\/wp\/v2\/posts\/77912\/revisions"}],"predecessor-version":[{"id":77914,"href":"https:\/\/periodicorealidades.com\/index.php\/wp-json\/wp\/v2\/posts\/77912\/revisions\/77914"}],"wp:featuredmedia":[{"embeddable":true,"href":"https:\/\/periodicorealidades.com\/index.php\/wp-json\/wp\/v2\/media\/77913"}],"wp:attachment":[{"href":"https:\/\/periodicorealidades.com\/index.php\/wp-json\/wp\/v2\/media?parent=77912"}],"wp:term":[{"taxonomy":"category","embeddable":true,"href":"https:\/\/periodicorealidades.com\/index.php\/wp-json\/wp\/v2\/categories?post=77912"},{"taxonomy":"post_tag","embeddable":true,"href":"https:\/\/periodicorealidades.com\/index.php\/wp-json\/wp\/v2\/tags?post=77912"}],"curies":[{"name":"wp","href":"https:\/\/api.w.org\/{rel}","templated":true}]}}