{"id":77915,"date":"2026-09-01T20:56:59","date_gmt":"2026-09-02T03:56:59","guid":{"rendered":"https:\/\/periodicorealidades.com\/?p=77915"},"modified":"2026-09-01T20:57:00","modified_gmt":"2026-09-02T03:57:00","slug":"tepic-y-xalisco-concentran-mas-del-80-de-los-casos-de-dengue-en-nayarit","status":"publish","type":"post","link":"https:\/\/periodicorealidades.com\/index.php\/2026\/09\/01\/tepic-y-xalisco-concentran-mas-del-80-de-los-casos-de-dengue-en-nayarit\/","title":{"rendered":"Tepic y Xalisco concentran m\u00e1s del 80% de los casos de dengue en Nayarit"},"content":{"rendered":"\n<p class=\"wp-block-paragraph\">Los municipios de Tepic y Xalisco concentran m\u00e1s del 80 por ciento de los casos de dengue registrados en Nayarit, por lo que mantienen especial atenci\u00f3n de las autoridades sanitarias, principalmente en zonas identificadas como focos de mayor riesgo.<\/p>\n\n\n\n<p class=\"wp-block-paragraph\">Por: Mildra Ben\u00edtez Robledo&nbsp;<\/p>\n\n\n\n<p class=\"wp-block-paragraph\">Tepic, Nayarit; mi\u00e8rcoles, 02 de septiembre del 2026.- &nbsp;El director de Salud P\u00fablica de los Servicios de Salud de Nayarit (SSN), Jos\u00e9 Federico Cort\u00e9s L\u00f3pez, &nbsp;se\u00f1al\u00f3 que, pese a esta concentraci\u00f3n de casos, la transmisi\u00f3n del dengue se mantiene controlada y con una tendencia baja en comparaci\u00f3n con a\u00f1os anteriores. A la semana epidemiol\u00f3gica 32 se han registrado 117 casos, mientras que durante el mismo periodo del a\u00f1o pasado se contabilizaban 117, lo que representa una disminuci\u00f3n considerable en la transmisi\u00f3n.<\/p>\n\n\n\n<p class=\"wp-block-paragraph\">Esta reducci\u00f3n es resultado de las acciones preventivas implementadas por las autoridades sanitarias en coordinaci\u00f3n con los ayuntamientos, entre ellas campa\u00f1as masivas de comunicaci\u00f3n, fumigaci\u00f3n y eliminaci\u00f3n de criaderos, adem\u00e1s de una mayor participaci\u00f3n de la poblaci\u00f3n para evitar la acumulaci\u00f3n de recipientes que puedan almacenar agua.<\/p>\n\n\n\n<p class=\"wp-block-paragraph\">En Tepic, una de las zonas que mantiene mayor riesgo se encuentra en el per\u00edmetro de las orillas &nbsp;del R\u00edo Mololoa, donde se concentra una cantidad importante de condiciones favorables, para la reproducci\u00f3n del mosquito y &nbsp;Tambi\u00e9n se mantiene vigilancia en el sector de El Rodeo hacia Las Ruinas de Jauja, identificado este a\u00f1o con mayor presencia de casos probables.<\/p>\n\n\n\n<p class=\"wp-block-paragraph\">El doctor, &nbsp;advirti\u00f3 que contin\u00faa circulando el serotipo 3 del dengue, considerado uno de los de mayor capacidad, para generar cuadros graves y aunque la enfermedad puede afectar a personas de cualquier edad, los menores de un a\u00f1o y adultos mayores presentan mayor vulnerabilidad, al igual que quienes padecen enfermedades cr\u00f3nico-degenerativas como diabetes e hipertensi\u00f3n.<\/p>\n\n\n\n<p class=\"wp-block-paragraph\">Entre los principales s\u00edntomas se encuentran dolor de cabeza, dolor muscular, de huesos y articulaciones, por lo que ante la presencia de estos signos se recomienda acudir inmediatamente a un centro de salud para recibir valoraci\u00f3n m\u00e9dica y determinar si se trata de un caso probable de dengue.<\/p>\n\n\n\n<p class=\"wp-block-paragraph\">Finalmente, el titular de Salud P\u00fablica llam\u00f3 a la poblaci\u00f3n a mantener limpios patios, azoteas y terrenos, eliminando cacharros, botellas, recipientes y llantas que puedan acumular agua, debido a que estos objetos representan potenciales criaderos del mosquito transmisor y su eliminaci\u00f3n contin\u00faa siendo una de las principales medidas, para evitar un repunte de casos.<\/p>\n","protected":false},"excerpt":{"rendered":"<p>Los municipios de Tepic y Xalisco concentran m\u00e1s del 80 por ciento de los casos de dengue registrados en Nayarit, por lo que mantienen especial atenci\u00f3n de las autoridades sanitarias, principalmente en zonas identificadas como focos de mayor riesgo. Por: Mildra Ben\u00edtez Robledo&nbsp; Tepic, Nayarit; mi\u00e8rcoles, 02 de septiembre del 2026.- &nbsp;El director de Salud [&hellip;]<\/p>\n","protected":false},"author":2,"featured_media":77916,"comment_status":"closed","ping_status":"open","sticky":false,"template":"","format":"standard","meta":{"footnotes":""},"categories":[4,7],"tags":[],"class_list":["post-77915","post","type-post","status-publish","format-standard","has-post-thumbnail","category-principal","category-tepic"],"yoast_head":"<!-- This site is optimized with the Yoast SEO plugin v28.3 - https:\/\/yoast.com\/product\/yoast-seo-wordpress\/ -->\n<title>Tepic y Xalisco concentran m\u00e1s del 80% de los casos de dengue en Nayarit - Peri\u00f3dico Realidades<\/title>\n<meta name=\"robots\" content=\"index, follow, max-snippet:-1, max-image-preview:large, max-video-preview:-1\" \/>\n<link rel=\"canonical\" href=\"https:\/\/periodicorealidades.com\/index.php\/2026\/09\/01\/tepic-y-xalisco-concentran-mas-del-80-de-los-casos-de-dengue-en-nayarit\/\" \/>\n<meta property=\"og:locale\" content=\"es_MX\" \/>\n<meta property=\"og:type\" content=\"article\" \/>\n<meta property=\"og:title\" content=\"Tepic y Xalisco concentran m\u00e1s del 80% de los casos de dengue en Nayarit - Peri\u00f3dico Realidades\" \/>\n<meta property=\"og:description\" content=\"Los municipios de Tepic y Xalisco concentran m\u00e1s del 80 por ciento de los casos de dengue registrados en Nayarit, por lo que mantienen especial atenci\u00f3n de las autoridades sanitarias, principalmente en zonas identificadas como focos de mayor riesgo. Por: Mildra Ben\u00edtez Robledo&nbsp; Tepic, Nayarit; mi\u00e8rcoles, 02 de septiembre del 2026.- &nbsp;El director de Salud [&hellip;]\" \/>\n<meta property=\"og:url\" content=\"https:\/\/periodicorealidades.com\/index.php\/2026\/09\/01\/tepic-y-xalisco-concentran-mas-del-80-de-los-casos-de-dengue-en-nayarit\/\" \/>\n<meta property=\"og:site_name\" content=\"Peri\u00f3dico Realidades\" \/>\n<meta property=\"article:publisher\" content=\"https:\/\/www.facebook.com\/periodicorealidades.denayarit?mibextid=LQQJ4d\" \/>\n<meta property=\"article:published_time\" content=\"2026-09-02T03:56:59+00:00\" \/>\n<meta property=\"article:modified_time\" content=\"2026-09-02T03:57:00+00:00\" \/>\n<meta property=\"og:image\" content=\"https:\/\/periodicorealidades.com\/wp-content\/uploads\/2026\/09\/Federico-Cortes-Lopez.jpg\" \/>\n\t<meta property=\"og:image:width\" content=\"1600\" \/>\n\t<meta property=\"og:image:height\" content=\"1200\" \/>\n\t<meta property=\"og:image:type\" content=\"image\/jpeg\" \/>\n<meta name=\"author\" content=\"editor\" \/>\n<meta name=\"twitter:card\" content=\"summary_large_image\" \/>\n<meta name=\"twitter:label1\" content=\"Escrito por\" \/>\n\t<meta name=\"twitter:data1\" content=\"editor\" \/>\n\t<meta name=\"twitter:label2\" content=\"Tiempo de lectura\" \/>\n\t<meta name=\"twitter:data2\" content=\"2 minutos\" \/>\n<script type=\"application\/ld+json\" class=\"yoast-schema-graph\">{\"@context\":\"https:\\\/\\\/schema.org\",\"@graph\":[{\"@type\":\"Article\",\"@id\":\"https:\\\/\\\/periodicorealidades.com\\\/index.php\\\/2026\\\/09\\\/01\\\/tepic-y-xalisco-concentran-mas-del-80-de-los-casos-de-dengue-en-nayarit\\\/#article\",\"isPartOf\":{\"@id\":\"https:\\\/\\\/periodicorealidades.com\\\/index.php\\\/2026\\\/09\\\/01\\\/tepic-y-xalisco-concentran-mas-del-80-de-los-casos-de-dengue-en-nayarit\\\/\"},\"author\":{\"name\":\"editor\",\"@id\":\"https:\\\/\\\/periodicorealidades.com\\\/#\\\/schema\\\/person\\\/c27da34ee13acaec3162071a3e1c7832\"},\"headline\":\"Tepic y Xalisco concentran m\u00e1s del 80% de los casos de dengue en Nayarit\",\"datePublished\":\"2026-09-02T03:56:59+00:00\",\"dateModified\":\"2026-09-02T03:57:00+00:00\",\"mainEntityOfPage\":{\"@id\":\"https:\\\/\\\/periodicorealidades.com\\\/index.php\\\/2026\\\/09\\\/01\\\/tepic-y-xalisco-concentran-mas-del-80-de-los-casos-de-dengue-en-nayarit\\\/\"},\"wordCount\":444,\"publisher\":{\"@id\":\"https:\\\/\\\/periodicorealidades.com\\\/#organization\"},\"image\":{\"@id\":\"https:\\\/\\\/periodicorealidades.com\\\/index.php\\\/2026\\\/09\\\/01\\\/tepic-y-xalisco-concentran-mas-del-80-de-los-casos-de-dengue-en-nayarit\\\/#primaryimage\"},\"thumbnailUrl\":\"https:\\\/\\\/periodicorealidades.com\\\/wp-content\\\/uploads\\\/2026\\\/09\\\/Federico-Cortes-Lopez.jpg\",\"articleSection\":[\"Principal\",\"Tepic\"],\"inLanguage\":\"es\"},{\"@type\":\"WebPage\",\"@id\":\"https:\\\/\\\/periodicorealidades.com\\\/index.php\\\/2026\\\/09\\\/01\\\/tepic-y-xalisco-concentran-mas-del-80-de-los-casos-de-dengue-en-nayarit\\\/\",\"url\":\"https:\\\/\\\/periodicorealidades.com\\\/index.php\\\/2026\\\/09\\\/01\\\/tepic-y-xalisco-concentran-mas-del-80-de-los-casos-de-dengue-en-nayarit\\\/\",\"name\":\"Tepic y Xalisco concentran m\u00e1s del 80% de los casos de dengue en Nayarit - Peri\u00f3dico Realidades\",\"isPartOf\":{\"@id\":\"https:\\\/\\\/periodicorealidades.com\\\/#website\"},\"primaryImageOfPage\":{\"@id\":\"https:\\\/\\\/periodicorealidades.com\\\/index.php\\\/2026\\\/09\\\/01\\\/tepic-y-xalisco-concentran-mas-del-80-de-los-casos-de-dengue-en-nayarit\\\/#primaryimage\"},\"image\":{\"@id\":\"https:\\\/\\\/periodicorealidades.com\\\/index.php\\\/2026\\\/09\\\/01\\\/tepic-y-xalisco-concentran-mas-del-80-de-los-casos-de-dengue-en-nayarit\\\/#primaryimage\"},\"thumbnailUrl\":\"https:\\\/\\\/periodicorealidades.com\\\/wp-content\\\/uploads\\\/2026\\\/09\\\/Federico-Cortes-Lopez.jpg\",\"datePublished\":\"2026-09-02T03:56:59+00:00\",\"dateModified\":\"2026-09-02T03:57:00+00:00\",\"breadcrumb\":{\"@id\":\"https:\\\/\\\/periodicorealidades.com\\\/index.php\\\/2026\\\/09\\\/01\\\/tepic-y-xalisco-concentran-mas-del-80-de-los-casos-de-dengue-en-nayarit\\\/#breadcrumb\"},\"inLanguage\":\"es\",\"potentialAction\":[{\"@type\":\"ReadAction\",\"target\":[\"https:\\\/\\\/periodicorealidades.com\\\/index.php\\\/2026\\\/09\\\/01\\\/tepic-y-xalisco-concentran-mas-del-80-de-los-casos-de-dengue-en-nayarit\\\/\"]}]},{\"@type\":\"ImageObject\",\"inLanguage\":\"es\",\"@id\":\"https:\\\/\\\/periodicorealidades.com\\\/index.php\\\/2026\\\/09\\\/01\\\/tepic-y-xalisco-concentran-mas-del-80-de-los-casos-de-dengue-en-nayarit\\\/#primaryimage\",\"url\":\"https:\\\/\\\/periodicorealidades.com\\\/wp-content\\\/uploads\\\/2026\\\/09\\\/Federico-Cortes-Lopez.jpg\",\"contentUrl\":\"https:\\\/\\\/periodicorealidades.com\\\/wp-content\\\/uploads\\\/2026\\\/09\\\/Federico-Cortes-Lopez.jpg\",\"width\":1600,\"height\":1200},{\"@type\":\"BreadcrumbList\",\"@id\":\"https:\\\/\\\/periodicorealidades.com\\\/index.php\\\/2026\\\/09\\\/01\\\/tepic-y-xalisco-concentran-mas-del-80-de-los-casos-de-dengue-en-nayarit\\\/#breadcrumb\",\"itemListElement\":[{\"@type\":\"ListItem\",\"position\":1,\"name\":\"Inicio\",\"item\":\"https:\\\/\\\/periodicorealidades.com\\\/\"},{\"@type\":\"ListItem\",\"position\":2,\"name\":\"Tepic y Xalisco concentran m\u00e1s del 80% de los casos de dengue en Nayarit\"}]},{\"@type\":\"WebSite\",\"@id\":\"https:\\\/\\\/periodicorealidades.com\\\/#website\",\"url\":\"https:\\\/\\\/periodicorealidades.com\\\/\",\"name\":\"Peri\u00f3dico Realidades\",\"description\":\"M\u00e9dio de comunicaci\u00f3n en Nayarit\",\"publisher\":{\"@id\":\"https:\\\/\\\/periodicorealidades.com\\\/#organization\"},\"potentialAction\":[{\"@type\":\"SearchAction\",\"target\":{\"@type\":\"EntryPoint\",\"urlTemplate\":\"https:\\\/\\\/periodicorealidades.com\\\/?s={search_term_string}\"},\"query-input\":{\"@type\":\"PropertyValueSpecification\",\"valueRequired\":true,\"valueName\":\"search_term_string\"}}],\"inLanguage\":\"es\"},{\"@type\":\"Organization\",\"@id\":\"https:\\\/\\\/periodicorealidades.com\\\/#organization\",\"name\":\"Peri\u00f3dico Realidades\",\"url\":\"https:\\\/\\\/periodicorealidades.com\\\/\",\"logo\":{\"@type\":\"ImageObject\",\"inLanguage\":\"es\",\"@id\":\"https:\\\/\\\/periodicorealidades.com\\\/#\\\/schema\\\/logo\\\/image\\\/\",\"url\":\"https:\\\/\\\/periodicorealidades.com\\\/wp-content\\\/uploads\\\/2023\\\/05\\\/r-prueba.png\",\"contentUrl\":\"https:\\\/\\\/periodicorealidades.com\\\/wp-content\\\/uploads\\\/2023\\\/05\\\/r-prueba.png\",\"width\":709,\"height\":709,\"caption\":\"Peri\u00f3dico Realidades\"},\"image\":{\"@id\":\"https:\\\/\\\/periodicorealidades.com\\\/#\\\/schema\\\/logo\\\/image\\\/\"},\"sameAs\":[\"https:\\\/\\\/www.facebook.com\\\/periodicorealidades.denayarit?mibextid=LQQJ4d\"]},{\"@type\":\"Person\",\"@id\":\"https:\\\/\\\/periodicorealidades.com\\\/#\\\/schema\\\/person\\\/c27da34ee13acaec3162071a3e1c7832\",\"name\":\"editor\",\"image\":{\"@type\":\"ImageObject\",\"inLanguage\":\"es\",\"@id\":\"https:\\\/\\\/secure.gravatar.com\\\/avatar\\\/dda3c3f59ea25f4b53cd53df977b0b2628039b17268e57c944a79a00e8a56e26?s=96&d=mm&r=g\",\"url\":\"https:\\\/\\\/secure.gravatar.com\\\/avatar\\\/dda3c3f59ea25f4b53cd53df977b0b2628039b17268e57c944a79a00e8a56e26?s=96&d=mm&r=g\",\"contentUrl\":\"https:\\\/\\\/secure.gravatar.com\\\/avatar\\\/dda3c3f59ea25f4b53cd53df977b0b2628039b17268e57c944a79a00e8a56e26?s=96&d=mm&r=g\",\"caption\":\"editor\"},\"url\":\"https:\\\/\\\/periodicorealidades.com\\\/index.php\\\/author\\\/editor\\\/\"}]}<\/script>\n<!-- \/ Yoast SEO plugin. -->","yoast_head_json":{"title":"Tepic y Xalisco concentran m\u00e1s del 80% de los casos de dengue en Nayarit - Peri\u00f3dico Realidades","robots":{"index":"index","follow":"follow","max-snippet":"max-snippet:-1","max-image-preview":"max-image-preview:large","max-video-preview":"max-video-preview:-1"},"canonical":"https:\/\/periodicorealidades.com\/index.php\/2026\/09\/01\/tepic-y-xalisco-concentran-mas-del-80-de-los-casos-de-dengue-en-nayarit\/","og_locale":"es_MX","og_type":"article","og_title":"Tepic y Xalisco concentran m\u00e1s del 80% de los casos de dengue en Nayarit - Peri\u00f3dico Realidades","og_description":"Los municipios de Tepic y Xalisco concentran m\u00e1s del 80 por ciento de los casos de dengue registrados en Nayarit, por lo que mantienen especial atenci\u00f3n de las autoridades sanitarias, principalmente en zonas identificadas como focos de mayor riesgo. Por: Mildra Ben\u00edtez Robledo&nbsp; Tepic, Nayarit; mi\u00e8rcoles, 02 de septiembre del 2026.- &nbsp;El director de Salud [&hellip;]","og_url":"https:\/\/periodicorealidades.com\/index.php\/2026\/09\/01\/tepic-y-xalisco-concentran-mas-del-80-de-los-casos-de-dengue-en-nayarit\/","og_site_name":"Peri\u00f3dico Realidades","article_publisher":"https:\/\/www.facebook.com\/periodicorealidades.denayarit?mibextid=LQQJ4d","article_published_time":"2026-09-02T03:56:59+00:00","article_modified_time":"2026-09-02T03:57:00+00:00","og_image":[{"width":1600,"height":1200,"url":"https:\/\/periodicorealidades.com\/wp-content\/uploads\/2026\/09\/Federico-Cortes-Lopez.jpg","type":"image\/jpeg"}],"author":"editor","twitter_card":"summary_large_image","twitter_misc":{"Escrito por":"editor","Tiempo de lectura":"2 minutos"},"schema":{"@context":"https:\/\/schema.org","@graph":[{"@type":"Article","@id":"https:\/\/periodicorealidades.com\/index.php\/2026\/09\/01\/tepic-y-xalisco-concentran-mas-del-80-de-los-casos-de-dengue-en-nayarit\/#article","isPartOf":{"@id":"https:\/\/periodicorealidades.com\/index.php\/2026\/09\/01\/tepic-y-xalisco-concentran-mas-del-80-de-los-casos-de-dengue-en-nayarit\/"},"author":{"name":"editor","@id":"https:\/\/periodicorealidades.com\/#\/schema\/person\/c27da34ee13acaec3162071a3e1c7832"},"headline":"Tepic y Xalisco concentran m\u00e1s del 80% de los casos de dengue en Nayarit","datePublished":"2026-09-02T03:56:59+00:00","dateModified":"2026-09-02T03:57:00+00:00","mainEntityOfPage":{"@id":"https:\/\/periodicorealidades.com\/index.php\/2026\/09\/01\/tepic-y-xalisco-concentran-mas-del-80-de-los-casos-de-dengue-en-nayarit\/"},"wordCount":444,"publisher":{"@id":"https:\/\/periodicorealidades.com\/#organization"},"image":{"@id":"https:\/\/periodicorealidades.com\/index.php\/2026\/09\/01\/tepic-y-xalisco-concentran-mas-del-80-de-los-casos-de-dengue-en-nayarit\/#primaryimage"},"thumbnailUrl":"https:\/\/periodicorealidades.com\/wp-content\/uploads\/2026\/09\/Federico-Cortes-Lopez.jpg","articleSection":["Principal","Tepic"],"inLanguage":"es"},{"@type":"WebPage","@id":"https:\/\/periodicorealidades.com\/index.php\/2026\/09\/01\/tepic-y-xalisco-concentran-mas-del-80-de-los-casos-de-dengue-en-nayarit\/","url":"https:\/\/periodicorealidades.com\/index.php\/2026\/09\/01\/tepic-y-xalisco-concentran-mas-del-80-de-los-casos-de-dengue-en-nayarit\/","name":"Tepic y Xalisco concentran m\u00e1s del 80% de los casos de dengue en Nayarit - Peri\u00f3dico Realidades","isPartOf":{"@id":"https:\/\/periodicorealidades.com\/#website"},"primaryImageOfPage":{"@id":"https:\/\/periodicorealidades.com\/index.php\/2026\/09\/01\/tepic-y-xalisco-concentran-mas-del-80-de-los-casos-de-dengue-en-nayarit\/#primaryimage"},"image":{"@id":"https:\/\/periodicorealidades.com\/index.php\/2026\/09\/01\/tepic-y-xalisco-concentran-mas-del-80-de-los-casos-de-dengue-en-nayarit\/#primaryimage"},"thumbnailUrl":"https:\/\/periodicorealidades.com\/wp-content\/uploads\/2026\/09\/Federico-Cortes-Lopez.jpg","datePublished":"2026-09-02T03:56:59+00:00","dateModified":"2026-09-02T03:57:00+00:00","breadcrumb":{"@id":"https:\/\/periodicorealidades.com\/index.php\/2026\/09\/01\/tepic-y-xalisco-concentran-mas-del-80-de-los-casos-de-dengue-en-nayarit\/#breadcrumb"},"inLanguage":"es","potentialAction":[{"@type":"ReadAction","target":["https:\/\/periodicorealidades.com\/index.php\/2026\/09\/01\/tepic-y-xalisco-concentran-mas-del-80-de-los-casos-de-dengue-en-nayarit\/"]}]},{"@type":"ImageObject","inLanguage":"es","@id":"https:\/\/periodicorealidades.com\/index.php\/2026\/09\/01\/tepic-y-xalisco-concentran-mas-del-80-de-los-casos-de-dengue-en-nayarit\/#primaryimage","url":"https:\/\/periodicorealidades.com\/wp-content\/uploads\/2026\/09\/Federico-Cortes-Lopez.jpg","contentUrl":"https:\/\/periodicorealidades.com\/wp-content\/uploads\/2026\/09\/Federico-Cortes-Lopez.jpg","width":1600,"height":1200},{"@type":"BreadcrumbList","@id":"https:\/\/periodicorealidades.com\/index.php\/2026\/09\/01\/tepic-y-xalisco-concentran-mas-del-80-de-los-casos-de-dengue-en-nayarit\/#breadcrumb","itemListElement":[{"@type":"ListItem","position":1,"name":"Inicio","item":"https:\/\/periodicorealidades.com\/"},{"@type":"ListItem","position":2,"name":"Tepic y Xalisco concentran m\u00e1s del 80% de los casos de dengue en Nayarit"}]},{"@type":"WebSite","@id":"https:\/\/periodicorealidades.com\/#website","url":"https:\/\/periodicorealidades.com\/","name":"Peri\u00f3dico Realidades","description":"M\u00e9dio de comunicaci\u00f3n en Nayarit","publisher":{"@id":"https:\/\/periodicorealidades.com\/#organization"},"potentialAction":[{"@type":"SearchAction","target":{"@type":"EntryPoint","urlTemplate":"https:\/\/periodicorealidades.com\/?s={search_term_string}"},"query-input":{"@type":"PropertyValueSpecification","valueRequired":true,"valueName":"search_term_string"}}],"inLanguage":"es"},{"@type":"Organization","@id":"https:\/\/periodicorealidades.com\/#organization","name":"Peri\u00f3dico Realidades","url":"https:\/\/periodicorealidades.com\/","logo":{"@type":"ImageObject","inLanguage":"es","@id":"https:\/\/periodicorealidades.com\/#\/schema\/logo\/image\/","url":"https:\/\/periodicorealidades.com\/wp-content\/uploads\/2023\/05\/r-prueba.png","contentUrl":"https:\/\/periodicorealidades.com\/wp-content\/uploads\/2023\/05\/r-prueba.png","width":709,"height":709,"caption":"Peri\u00f3dico Realidades"},"image":{"@id":"https:\/\/periodicorealidades.com\/#\/schema\/logo\/image\/"},"sameAs":["https:\/\/www.facebook.com\/periodicorealidades.denayarit?mibextid=LQQJ4d"]},{"@type":"Person","@id":"https:\/\/periodicorealidades.com\/#\/schema\/person\/c27da34ee13acaec3162071a3e1c7832","name":"editor","image":{"@type":"ImageObject","inLanguage":"es","@id":"https:\/\/secure.gravatar.com\/avatar\/dda3c3f59ea25f4b53cd53df977b0b2628039b17268e57c944a79a00e8a56e26?s=96&d=mm&r=g","url":"https:\/\/secure.gravatar.com\/avatar\/dda3c3f59ea25f4b53cd53df977b0b2628039b17268e57c944a79a00e8a56e26?s=96&d=mm&r=g","contentUrl":"https:\/\/secure.gravatar.com\/avatar\/dda3c3f59ea25f4b53cd53df977b0b2628039b17268e57c944a79a00e8a56e26?s=96&d=mm&r=g","caption":"editor"},"url":"https:\/\/periodicorealidades.com\/index.php\/author\/editor\/"}]}},"_links":{"self":[{"href":"https:\/\/periodicorealidades.com\/index.php\/wp-json\/wp\/v2\/posts\/77915","targetHints":{"allow":["GET"]}}],"collection":[{"href":"https:\/\/periodicorealidades.com\/index.php\/wp-json\/wp\/v2\/posts"}],"about":[{"href":"https:\/\/periodicorealidades.com\/index.php\/wp-json\/wp\/v2\/types\/post"}],"author":[{"embeddable":true,"href":"https:\/\/periodicorealidades.com\/index.php\/wp-json\/wp\/v2\/users\/2"}],"replies":[{"embeddable":true,"href":"https:\/\/periodicorealidades.com\/index.php\/wp-json\/wp\/v2\/comments?post=77915"}],"version-history":[{"count":1,"href":"https:\/\/periodicorealidades.com\/index.php\/wp-json\/wp\/v2\/posts\/77915\/revisions"}],"predecessor-version":[{"id":77917,"href":"https:\/\/periodicorealidades.com\/index.php\/wp-json\/wp\/v2\/posts\/77915\/revisions\/77917"}],"wp:featuredmedia":[{"embeddable":true,"href":"https:\/\/periodicorealidades.com\/index.php\/wp-json\/wp\/v2\/media\/77916"}],"wp:attachment":[{"href":"https:\/\/periodicorealidades.com\/index.php\/wp-json\/wp\/v2\/media?parent=77915"}],"wp:term":[{"taxonomy":"category","embeddable":true,"href":"https:\/\/periodicorealidades.com\/index.php\/wp-json\/wp\/v2\/categories?post=77915"},{"taxonomy":"post_tag","embeddable":true,"href":"https:\/\/periodicorealidades.com\/index.php\/wp-json\/wp\/v2\/tags?post=77915"}],"curies":[{"name":"wp","href":"https:\/\/api.w.org\/{rel}","templated":true}]}}