{"id":77918,"date":"2026-09-01T20:59:40","date_gmt":"2026-09-02T03:59:40","guid":{"rendered":"https:\/\/periodicorealidades.com\/?p=77918"},"modified":"2026-09-01T20:59:40","modified_gmt":"2026-09-02T03:59:40","slug":"intensa-lluvia-provoca-inundaciones-en-tepic-y-cobra-una-vida","status":"publish","type":"post","link":"https:\/\/periodicorealidades.com\/index.php\/2026\/09\/01\/intensa-lluvia-provoca-inundaciones-en-tepic-y-cobra-una-vida\/","title":{"rendered":"Intensa lluvia provoca inundaciones en Tepic y cobra una vida"},"content":{"rendered":"\n<p class=\"wp-block-paragraph\">La tormenta cobr\u00f3 la vida de una adulta mayor en la colonia Bur\u00f3crata Federal donde el nivel super\u00f3 el metro de altura en algunos puntos<\/p>\n\n\n\n<p class=\"wp-block-paragraph\">Por: Arcelia Garc\u00eda Ortega<\/p>\n\n\n\n<p class=\"wp-block-paragraph\">Tepic, Nayarit; mi\u00e8rcoles, 02 de septiembre del 2026.- &nbsp;Una intensa lluvia registrada durante la tarde de este martes 1 de septiembre provoc\u00f3 inundaciones y fuertes corrientes de agua en distintos sectores de Tepic, generando afectaciones en viviendas, vialidades y veh\u00edculos, adem\u00e1s de dejar como saldo preliminar el fallecimiento de una mujer adulta mayor.<\/p>\n\n\n\n<p class=\"wp-block-paragraph\">Uno de los puntos con mayores afectaciones fue la colonia Bur\u00f3crata Federal, particularmente sobre la calle Eucalipto, donde el agua aument\u00f3 r\u00e1pidamente de nivel e ingres\u00f3 a diversas viviendas. En esa zona perdi\u00f3 la vida Guadalupe Garc\u00eda Dur\u00e1n, quien se encontraba dentro de su domicilio y ten\u00eda dificultades para desplazarse. Reportes locales se\u00f1alan que el agua lleg\u00f3 a superar el metro de altura en el inmueble.<\/p>\n\n\n\n<p class=\"wp-block-paragraph\">Vecinos y trabajadores que se encontraban cerca intentaron auxiliar a la mujer cuando observaron que la corriente aumentaba de intensidad. Varias personas ingresaron a la vivienda para tratar de rescatarla, pero al llegar la encontraron ya sin vida. Posteriormente colaboraron para poner a salvo incluso a animales que hab\u00edan quedado atrapados en la zona inundada.<\/p>\n\n\n\n<p class=\"wp-block-paragraph\">El caso adquiere especial relevancia debido a que la misma vivienda ya hab\u00eda sufrido una inundaci\u00f3n durante junio de este a\u00f1o. En aquella ocasi\u00f3n, la adulta mayor tuvo que ser rescatada por elementos de la Polic\u00eda Municipal y Protecci\u00f3n Civil luego de que el agua ingresara nuevamente a su domicilio.<\/p>\n\n\n\n<p class=\"wp-block-paragraph\">Las fuertes corrientes complicaron la circulaci\u00f3n vehicular y representaron un riesgo principalmente en zonas bajas y vialidades donde tradicionalmente se acumula el agua durante las tormentas. La Coordinaci\u00f3n Nacional de Protecci\u00f3n Civil hab\u00eda advertido que las precipitaciones previstas para Nayarit pod\u00edan generar encharcamientos, inundaciones repentinas y aumento en los niveles de corrientes de agua, por lo que llam\u00f3 a evitar cruzar calles o pasos inundados.<\/p>\n\n\n\n<p class=\"wp-block-paragraph\">Hasta el cierre de esta informaci\u00f3n, continuaba la recopilaci\u00f3n de reportes para determinar la magnitud total de los da\u00f1os ocasionados por la tormenta en la capital nayarita. Ante la posibilidad de nuevas precipitaciones, se recomienda a la poblaci\u00f3n mantenerse atenta a los avisos de Protecci\u00f3n Civil, evitar circular por zonas inundadas y reportar cualquier emergencia al 911.<\/p>\n","protected":false},"excerpt":{"rendered":"<p>La tormenta cobr\u00f3 la vida de una adulta mayor en la colonia Bur\u00f3crata Federal donde el nivel super\u00f3 el metro de altura en algunos puntos Por: Arcelia Garc\u00eda Ortega Tepic, Nayarit; mi\u00e8rcoles, 02 de septiembre del 2026.- &nbsp;Una intensa lluvia registrada durante la tarde de este martes 1 de septiembre provoc\u00f3 inundaciones y fuertes corrientes [&hellip;]<\/p>\n","protected":false},"author":2,"featured_media":77919,"comment_status":"closed","ping_status":"open","sticky":false,"template":"","format":"standard","meta":{"footnotes":""},"categories":[4,7],"tags":[],"class_list":["post-77918","post","type-post","status-publish","format-standard","has-post-thumbnail","category-principal","category-tepic"],"yoast_head":"<!-- This site is optimized with the Yoast SEO plugin v28.3 - https:\/\/yoast.com\/product\/yoast-seo-wordpress\/ -->\n<title>Intensa lluvia provoca inundaciones en Tepic y cobra una vida - Peri\u00f3dico Realidades<\/title>\n<meta name=\"robots\" content=\"index, follow, max-snippet:-1, max-image-preview:large, max-video-preview:-1\" \/>\n<link rel=\"canonical\" href=\"https:\/\/periodicorealidades.com\/index.php\/2026\/09\/01\/intensa-lluvia-provoca-inundaciones-en-tepic-y-cobra-una-vida\/\" \/>\n<meta property=\"og:locale\" content=\"es_MX\" \/>\n<meta property=\"og:type\" content=\"article\" \/>\n<meta property=\"og:title\" content=\"Intensa lluvia provoca inundaciones en Tepic y cobra una vida - Peri\u00f3dico Realidades\" \/>\n<meta property=\"og:description\" content=\"La tormenta cobr\u00f3 la vida de una adulta mayor en la colonia Bur\u00f3crata Federal donde el nivel super\u00f3 el metro de altura en algunos puntos Por: Arcelia Garc\u00eda Ortega Tepic, Nayarit; mi\u00e8rcoles, 02 de septiembre del 2026.- &nbsp;Una intensa lluvia registrada durante la tarde de este martes 1 de septiembre provoc\u00f3 inundaciones y fuertes corrientes [&hellip;]\" \/>\n<meta property=\"og:url\" content=\"https:\/\/periodicorealidades.com\/index.php\/2026\/09\/01\/intensa-lluvia-provoca-inundaciones-en-tepic-y-cobra-una-vida\/\" \/>\n<meta property=\"og:site_name\" content=\"Peri\u00f3dico Realidades\" \/>\n<meta property=\"article:publisher\" content=\"https:\/\/www.facebook.com\/periodicorealidades.denayarit?mibextid=LQQJ4d\" \/>\n<meta property=\"article:published_time\" content=\"2026-09-02T03:59:40+00:00\" \/>\n<meta property=\"og:image\" content=\"https:\/\/periodicorealidades.com\/wp-content\/uploads\/2026\/09\/1.jpg\" \/>\n\t<meta property=\"og:image:width\" content=\"1250\" \/>\n\t<meta property=\"og:image:height\" content=\"1440\" \/>\n\t<meta property=\"og:image:type\" content=\"image\/jpeg\" \/>\n<meta name=\"author\" content=\"editor\" \/>\n<meta name=\"twitter:card\" content=\"summary_large_image\" \/>\n<meta name=\"twitter:label1\" content=\"Escrito por\" \/>\n\t<meta name=\"twitter:data1\" content=\"editor\" \/>\n\t<meta name=\"twitter:label2\" content=\"Tiempo de lectura\" \/>\n\t<meta name=\"twitter:data2\" content=\"2 minutos\" \/>\n<script type=\"application\/ld+json\" class=\"yoast-schema-graph\">{\"@context\":\"https:\\\/\\\/schema.org\",\"@graph\":[{\"@type\":\"Article\",\"@id\":\"https:\\\/\\\/periodicorealidades.com\\\/index.php\\\/2026\\\/09\\\/01\\\/intensa-lluvia-provoca-inundaciones-en-tepic-y-cobra-una-vida\\\/#article\",\"isPartOf\":{\"@id\":\"https:\\\/\\\/periodicorealidades.com\\\/index.php\\\/2026\\\/09\\\/01\\\/intensa-lluvia-provoca-inundaciones-en-tepic-y-cobra-una-vida\\\/\"},\"author\":{\"name\":\"editor\",\"@id\":\"https:\\\/\\\/periodicorealidades.com\\\/#\\\/schema\\\/person\\\/c27da34ee13acaec3162071a3e1c7832\"},\"headline\":\"Intensa lluvia provoca inundaciones en Tepic y cobra una vida\",\"datePublished\":\"2026-09-02T03:59:40+00:00\",\"mainEntityOfPage\":{\"@id\":\"https:\\\/\\\/periodicorealidades.com\\\/index.php\\\/2026\\\/09\\\/01\\\/intensa-lluvia-provoca-inundaciones-en-tepic-y-cobra-una-vida\\\/\"},\"wordCount\":411,\"publisher\":{\"@id\":\"https:\\\/\\\/periodicorealidades.com\\\/#organization\"},\"image\":{\"@id\":\"https:\\\/\\\/periodicorealidades.com\\\/index.php\\\/2026\\\/09\\\/01\\\/intensa-lluvia-provoca-inundaciones-en-tepic-y-cobra-una-vida\\\/#primaryimage\"},\"thumbnailUrl\":\"https:\\\/\\\/periodicorealidades.com\\\/wp-content\\\/uploads\\\/2026\\\/09\\\/1.jpg\",\"articleSection\":[\"Principal\",\"Tepic\"],\"inLanguage\":\"es\"},{\"@type\":\"WebPage\",\"@id\":\"https:\\\/\\\/periodicorealidades.com\\\/index.php\\\/2026\\\/09\\\/01\\\/intensa-lluvia-provoca-inundaciones-en-tepic-y-cobra-una-vida\\\/\",\"url\":\"https:\\\/\\\/periodicorealidades.com\\\/index.php\\\/2026\\\/09\\\/01\\\/intensa-lluvia-provoca-inundaciones-en-tepic-y-cobra-una-vida\\\/\",\"name\":\"Intensa lluvia provoca inundaciones en Tepic y cobra una vida - Peri\u00f3dico Realidades\",\"isPartOf\":{\"@id\":\"https:\\\/\\\/periodicorealidades.com\\\/#website\"},\"primaryImageOfPage\":{\"@id\":\"https:\\\/\\\/periodicorealidades.com\\\/index.php\\\/2026\\\/09\\\/01\\\/intensa-lluvia-provoca-inundaciones-en-tepic-y-cobra-una-vida\\\/#primaryimage\"},\"image\":{\"@id\":\"https:\\\/\\\/periodicorealidades.com\\\/index.php\\\/2026\\\/09\\\/01\\\/intensa-lluvia-provoca-inundaciones-en-tepic-y-cobra-una-vida\\\/#primaryimage\"},\"thumbnailUrl\":\"https:\\\/\\\/periodicorealidades.com\\\/wp-content\\\/uploads\\\/2026\\\/09\\\/1.jpg\",\"datePublished\":\"2026-09-02T03:59:40+00:00\",\"breadcrumb\":{\"@id\":\"https:\\\/\\\/periodicorealidades.com\\\/index.php\\\/2026\\\/09\\\/01\\\/intensa-lluvia-provoca-inundaciones-en-tepic-y-cobra-una-vida\\\/#breadcrumb\"},\"inLanguage\":\"es\",\"potentialAction\":[{\"@type\":\"ReadAction\",\"target\":[\"https:\\\/\\\/periodicorealidades.com\\\/index.php\\\/2026\\\/09\\\/01\\\/intensa-lluvia-provoca-inundaciones-en-tepic-y-cobra-una-vida\\\/\"]}]},{\"@type\":\"ImageObject\",\"inLanguage\":\"es\",\"@id\":\"https:\\\/\\\/periodicorealidades.com\\\/index.php\\\/2026\\\/09\\\/01\\\/intensa-lluvia-provoca-inundaciones-en-tepic-y-cobra-una-vida\\\/#primaryimage\",\"url\":\"https:\\\/\\\/periodicorealidades.com\\\/wp-content\\\/uploads\\\/2026\\\/09\\\/1.jpg\",\"contentUrl\":\"https:\\\/\\\/periodicorealidades.com\\\/wp-content\\\/uploads\\\/2026\\\/09\\\/1.jpg\",\"width\":1250,\"height\":1440},{\"@type\":\"BreadcrumbList\",\"@id\":\"https:\\\/\\\/periodicorealidades.com\\\/index.php\\\/2026\\\/09\\\/01\\\/intensa-lluvia-provoca-inundaciones-en-tepic-y-cobra-una-vida\\\/#breadcrumb\",\"itemListElement\":[{\"@type\":\"ListItem\",\"position\":1,\"name\":\"Inicio\",\"item\":\"https:\\\/\\\/periodicorealidades.com\\\/\"},{\"@type\":\"ListItem\",\"position\":2,\"name\":\"Intensa lluvia provoca inundaciones en Tepic y cobra una vida\"}]},{\"@type\":\"WebSite\",\"@id\":\"https:\\\/\\\/periodicorealidades.com\\\/#website\",\"url\":\"https:\\\/\\\/periodicorealidades.com\\\/\",\"name\":\"Peri\u00f3dico Realidades\",\"description\":\"M\u00e9dio de comunicaci\u00f3n en Nayarit\",\"publisher\":{\"@id\":\"https:\\\/\\\/periodicorealidades.com\\\/#organization\"},\"potentialAction\":[{\"@type\":\"SearchAction\",\"target\":{\"@type\":\"EntryPoint\",\"urlTemplate\":\"https:\\\/\\\/periodicorealidades.com\\\/?s={search_term_string}\"},\"query-input\":{\"@type\":\"PropertyValueSpecification\",\"valueRequired\":true,\"valueName\":\"search_term_string\"}}],\"inLanguage\":\"es\"},{\"@type\":\"Organization\",\"@id\":\"https:\\\/\\\/periodicorealidades.com\\\/#organization\",\"name\":\"Peri\u00f3dico Realidades\",\"url\":\"https:\\\/\\\/periodicorealidades.com\\\/\",\"logo\":{\"@type\":\"ImageObject\",\"inLanguage\":\"es\",\"@id\":\"https:\\\/\\\/periodicorealidades.com\\\/#\\\/schema\\\/logo\\\/image\\\/\",\"url\":\"https:\\\/\\\/periodicorealidades.com\\\/wp-content\\\/uploads\\\/2023\\\/05\\\/r-prueba.png\",\"contentUrl\":\"https:\\\/\\\/periodicorealidades.com\\\/wp-content\\\/uploads\\\/2023\\\/05\\\/r-prueba.png\",\"width\":709,\"height\":709,\"caption\":\"Peri\u00f3dico Realidades\"},\"image\":{\"@id\":\"https:\\\/\\\/periodicorealidades.com\\\/#\\\/schema\\\/logo\\\/image\\\/\"},\"sameAs\":[\"https:\\\/\\\/www.facebook.com\\\/periodicorealidades.denayarit?mibextid=LQQJ4d\"]},{\"@type\":\"Person\",\"@id\":\"https:\\\/\\\/periodicorealidades.com\\\/#\\\/schema\\\/person\\\/c27da34ee13acaec3162071a3e1c7832\",\"name\":\"editor\",\"image\":{\"@type\":\"ImageObject\",\"inLanguage\":\"es\",\"@id\":\"https:\\\/\\\/secure.gravatar.com\\\/avatar\\\/dda3c3f59ea25f4b53cd53df977b0b2628039b17268e57c944a79a00e8a56e26?s=96&d=mm&r=g\",\"url\":\"https:\\\/\\\/secure.gravatar.com\\\/avatar\\\/dda3c3f59ea25f4b53cd53df977b0b2628039b17268e57c944a79a00e8a56e26?s=96&d=mm&r=g\",\"contentUrl\":\"https:\\\/\\\/secure.gravatar.com\\\/avatar\\\/dda3c3f59ea25f4b53cd53df977b0b2628039b17268e57c944a79a00e8a56e26?s=96&d=mm&r=g\",\"caption\":\"editor\"},\"url\":\"https:\\\/\\\/periodicorealidades.com\\\/index.php\\\/author\\\/editor\\\/\"}]}<\/script>\n<!-- \/ Yoast SEO plugin. -->","yoast_head_json":{"title":"Intensa lluvia provoca inundaciones en Tepic y cobra una vida - Peri\u00f3dico Realidades","robots":{"index":"index","follow":"follow","max-snippet":"max-snippet:-1","max-image-preview":"max-image-preview:large","max-video-preview":"max-video-preview:-1"},"canonical":"https:\/\/periodicorealidades.com\/index.php\/2026\/09\/01\/intensa-lluvia-provoca-inundaciones-en-tepic-y-cobra-una-vida\/","og_locale":"es_MX","og_type":"article","og_title":"Intensa lluvia provoca inundaciones en Tepic y cobra una vida - Peri\u00f3dico Realidades","og_description":"La tormenta cobr\u00f3 la vida de una adulta mayor en la colonia Bur\u00f3crata Federal donde el nivel super\u00f3 el metro de altura en algunos puntos Por: Arcelia Garc\u00eda Ortega Tepic, Nayarit; mi\u00e8rcoles, 02 de septiembre del 2026.- &nbsp;Una intensa lluvia registrada durante la tarde de este martes 1 de septiembre provoc\u00f3 inundaciones y fuertes corrientes [&hellip;]","og_url":"https:\/\/periodicorealidades.com\/index.php\/2026\/09\/01\/intensa-lluvia-provoca-inundaciones-en-tepic-y-cobra-una-vida\/","og_site_name":"Peri\u00f3dico Realidades","article_publisher":"https:\/\/www.facebook.com\/periodicorealidades.denayarit?mibextid=LQQJ4d","article_published_time":"2026-09-02T03:59:40+00:00","og_image":[{"width":1250,"height":1440,"url":"https:\/\/periodicorealidades.com\/wp-content\/uploads\/2026\/09\/1.jpg","type":"image\/jpeg"}],"author":"editor","twitter_card":"summary_large_image","twitter_misc":{"Escrito por":"editor","Tiempo de lectura":"2 minutos"},"schema":{"@context":"https:\/\/schema.org","@graph":[{"@type":"Article","@id":"https:\/\/periodicorealidades.com\/index.php\/2026\/09\/01\/intensa-lluvia-provoca-inundaciones-en-tepic-y-cobra-una-vida\/#article","isPartOf":{"@id":"https:\/\/periodicorealidades.com\/index.php\/2026\/09\/01\/intensa-lluvia-provoca-inundaciones-en-tepic-y-cobra-una-vida\/"},"author":{"name":"editor","@id":"https:\/\/periodicorealidades.com\/#\/schema\/person\/c27da34ee13acaec3162071a3e1c7832"},"headline":"Intensa lluvia provoca inundaciones en Tepic y cobra una vida","datePublished":"2026-09-02T03:59:40+00:00","mainEntityOfPage":{"@id":"https:\/\/periodicorealidades.com\/index.php\/2026\/09\/01\/intensa-lluvia-provoca-inundaciones-en-tepic-y-cobra-una-vida\/"},"wordCount":411,"publisher":{"@id":"https:\/\/periodicorealidades.com\/#organization"},"image":{"@id":"https:\/\/periodicorealidades.com\/index.php\/2026\/09\/01\/intensa-lluvia-provoca-inundaciones-en-tepic-y-cobra-una-vida\/#primaryimage"},"thumbnailUrl":"https:\/\/periodicorealidades.com\/wp-content\/uploads\/2026\/09\/1.jpg","articleSection":["Principal","Tepic"],"inLanguage":"es"},{"@type":"WebPage","@id":"https:\/\/periodicorealidades.com\/index.php\/2026\/09\/01\/intensa-lluvia-provoca-inundaciones-en-tepic-y-cobra-una-vida\/","url":"https:\/\/periodicorealidades.com\/index.php\/2026\/09\/01\/intensa-lluvia-provoca-inundaciones-en-tepic-y-cobra-una-vida\/","name":"Intensa lluvia provoca inundaciones en Tepic y cobra una vida - Peri\u00f3dico Realidades","isPartOf":{"@id":"https:\/\/periodicorealidades.com\/#website"},"primaryImageOfPage":{"@id":"https:\/\/periodicorealidades.com\/index.php\/2026\/09\/01\/intensa-lluvia-provoca-inundaciones-en-tepic-y-cobra-una-vida\/#primaryimage"},"image":{"@id":"https:\/\/periodicorealidades.com\/index.php\/2026\/09\/01\/intensa-lluvia-provoca-inundaciones-en-tepic-y-cobra-una-vida\/#primaryimage"},"thumbnailUrl":"https:\/\/periodicorealidades.com\/wp-content\/uploads\/2026\/09\/1.jpg","datePublished":"2026-09-02T03:59:40+00:00","breadcrumb":{"@id":"https:\/\/periodicorealidades.com\/index.php\/2026\/09\/01\/intensa-lluvia-provoca-inundaciones-en-tepic-y-cobra-una-vida\/#breadcrumb"},"inLanguage":"es","potentialAction":[{"@type":"ReadAction","target":["https:\/\/periodicorealidades.com\/index.php\/2026\/09\/01\/intensa-lluvia-provoca-inundaciones-en-tepic-y-cobra-una-vida\/"]}]},{"@type":"ImageObject","inLanguage":"es","@id":"https:\/\/periodicorealidades.com\/index.php\/2026\/09\/01\/intensa-lluvia-provoca-inundaciones-en-tepic-y-cobra-una-vida\/#primaryimage","url":"https:\/\/periodicorealidades.com\/wp-content\/uploads\/2026\/09\/1.jpg","contentUrl":"https:\/\/periodicorealidades.com\/wp-content\/uploads\/2026\/09\/1.jpg","width":1250,"height":1440},{"@type":"BreadcrumbList","@id":"https:\/\/periodicorealidades.com\/index.php\/2026\/09\/01\/intensa-lluvia-provoca-inundaciones-en-tepic-y-cobra-una-vida\/#breadcrumb","itemListElement":[{"@type":"ListItem","position":1,"name":"Inicio","item":"https:\/\/periodicorealidades.com\/"},{"@type":"ListItem","position":2,"name":"Intensa lluvia provoca inundaciones en Tepic y cobra una vida"}]},{"@type":"WebSite","@id":"https:\/\/periodicorealidades.com\/#website","url":"https:\/\/periodicorealidades.com\/","name":"Peri\u00f3dico Realidades","description":"M\u00e9dio de comunicaci\u00f3n en Nayarit","publisher":{"@id":"https:\/\/periodicorealidades.com\/#organization"},"potentialAction":[{"@type":"SearchAction","target":{"@type":"EntryPoint","urlTemplate":"https:\/\/periodicorealidades.com\/?s={search_term_string}"},"query-input":{"@type":"PropertyValueSpecification","valueRequired":true,"valueName":"search_term_string"}}],"inLanguage":"es"},{"@type":"Organization","@id":"https:\/\/periodicorealidades.com\/#organization","name":"Peri\u00f3dico Realidades","url":"https:\/\/periodicorealidades.com\/","logo":{"@type":"ImageObject","inLanguage":"es","@id":"https:\/\/periodicorealidades.com\/#\/schema\/logo\/image\/","url":"https:\/\/periodicorealidades.com\/wp-content\/uploads\/2023\/05\/r-prueba.png","contentUrl":"https:\/\/periodicorealidades.com\/wp-content\/uploads\/2023\/05\/r-prueba.png","width":709,"height":709,"caption":"Peri\u00f3dico Realidades"},"image":{"@id":"https:\/\/periodicorealidades.com\/#\/schema\/logo\/image\/"},"sameAs":["https:\/\/www.facebook.com\/periodicorealidades.denayarit?mibextid=LQQJ4d"]},{"@type":"Person","@id":"https:\/\/periodicorealidades.com\/#\/schema\/person\/c27da34ee13acaec3162071a3e1c7832","name":"editor","image":{"@type":"ImageObject","inLanguage":"es","@id":"https:\/\/secure.gravatar.com\/avatar\/dda3c3f59ea25f4b53cd53df977b0b2628039b17268e57c944a79a00e8a56e26?s=96&d=mm&r=g","url":"https:\/\/secure.gravatar.com\/avatar\/dda3c3f59ea25f4b53cd53df977b0b2628039b17268e57c944a79a00e8a56e26?s=96&d=mm&r=g","contentUrl":"https:\/\/secure.gravatar.com\/avatar\/dda3c3f59ea25f4b53cd53df977b0b2628039b17268e57c944a79a00e8a56e26?s=96&d=mm&r=g","caption":"editor"},"url":"https:\/\/periodicorealidades.com\/index.php\/author\/editor\/"}]}},"_links":{"self":[{"href":"https:\/\/periodicorealidades.com\/index.php\/wp-json\/wp\/v2\/posts\/77918","targetHints":{"allow":["GET"]}}],"collection":[{"href":"https:\/\/periodicorealidades.com\/index.php\/wp-json\/wp\/v2\/posts"}],"about":[{"href":"https:\/\/periodicorealidades.com\/index.php\/wp-json\/wp\/v2\/types\/post"}],"author":[{"embeddable":true,"href":"https:\/\/periodicorealidades.com\/index.php\/wp-json\/wp\/v2\/users\/2"}],"replies":[{"embeddable":true,"href":"https:\/\/periodicorealidades.com\/index.php\/wp-json\/wp\/v2\/comments?post=77918"}],"version-history":[{"count":1,"href":"https:\/\/periodicorealidades.com\/index.php\/wp-json\/wp\/v2\/posts\/77918\/revisions"}],"predecessor-version":[{"id":77920,"href":"https:\/\/periodicorealidades.com\/index.php\/wp-json\/wp\/v2\/posts\/77918\/revisions\/77920"}],"wp:featuredmedia":[{"embeddable":true,"href":"https:\/\/periodicorealidades.com\/index.php\/wp-json\/wp\/v2\/media\/77919"}],"wp:attachment":[{"href":"https:\/\/periodicorealidades.com\/index.php\/wp-json\/wp\/v2\/media?parent=77918"}],"wp:term":[{"taxonomy":"category","embeddable":true,"href":"https:\/\/periodicorealidades.com\/index.php\/wp-json\/wp\/v2\/categories?post=77918"},{"taxonomy":"post_tag","embeddable":true,"href":"https:\/\/periodicorealidades.com\/index.php\/wp-json\/wp\/v2\/tags?post=77918"}],"curies":[{"name":"wp","href":"https:\/\/api.w.org\/{rel}","templated":true}]}}