{"id":77921,"date":"2026-09-01T21:00:45","date_gmt":"2026-09-02T04:00:45","guid":{"rendered":"https:\/\/periodicorealidades.com\/?p=77921"},"modified":"2026-09-01T21:00:46","modified_gmt":"2026-09-02T04:00:46","slug":"sheinbaum-estara-en-nayarit-este-sabado-con-resultados-de-gobierno","status":"publish","type":"post","link":"https:\/\/periodicorealidades.com\/index.php\/2026\/09\/01\/sheinbaum-estara-en-nayarit-este-sabado-con-resultados-de-gobierno\/","title":{"rendered":"Sheinbaum estar\u00e1 en Nayarit este s\u00e1bado; con resultados de gobierno"},"content":{"rendered":"\n<p class=\"wp-block-paragraph\">La presidenta de M\u00e9xico, Claudia Sheinbaum Pardo, estar\u00e1 en Nayarit el pr\u00f3ximo s\u00e1bado 5 de septiembre, como parte de la gira nacional que inici\u00f3 despu\u00e9s de presentar su Segundo Informe de Gobierno.<\/p>\n\n\n\n<p class=\"wp-block-paragraph\">Por: Arcelia Garc\u00eda Ortega<\/p>\n\n\n\n<p class=\"wp-block-paragraph\">Tepic, Nayarit; mi\u00e8rcoles, 02 de septiembre del 2026.- &nbsp;La visita a territorio nayarita hab\u00eda sido adelantada por el gobernador Miguel \u00c1ngel Navarro Quintero, quien se\u00f1al\u00f3 que la presidenta acudir\u00eda \u201cde hoy en ocho\u201d y explic\u00f3 que su visita forma parte de la gira que realizar\u00e1 por los estados para informar directamente a la poblaci\u00f3n sobre las acciones y resultados de su administraci\u00f3n.<\/p>\n\n\n\n<p class=\"wp-block-paragraph\">De acuerdo con informaci\u00f3n que ha trascendido y que coincide con la agenda difundida sobre la gira presidencial, Sheinbaum encabezar\u00e1 en Nayarit el encuentro denominado \u201cHonestidad y resultados\u201d, programado para las 18:45 horas del s\u00e1bado 5 de septiembre en la Explanada de la Feria.<\/p>\n\n\n\n<p class=\"wp-block-paragraph\">Durante su estancia, la mandataria federal estar\u00e1 acompa\u00f1ada por el gobernador Miguel \u00c1ngel Navarro Quintero, en un encuentro que permitir\u00e1 presentar un balance de las acciones realizadas por el Gobierno de M\u00e9xico en beneficio de las familias nayaritas.<\/p>\n\n\n\n<p class=\"wp-block-paragraph\">La visita adquiere relevancia debido a que la gira presidencial tiene como prop\u00f3sito llevar a cada entidad un informe sobre los avances de la administraci\u00f3n federal, particularmente en materia de programas sociales, infraestructura, salud, educaci\u00f3n, vivienda y desarrollo, adem\u00e1s de los proyectos estrat\u00e9gicos impulsados en coordinaci\u00f3n con los gobiernos estatales.<\/p>\n\n\n\n<p class=\"wp-block-paragraph\">El propio Navarro Quintero destac\u00f3 recientemente el respaldo que Nayarit ha recibido de la administraci\u00f3n federal y acompa\u00f1\u00f3 este martes a Sheinbaum en Palacio Nacional durante la presentaci\u00f3n de su Segundo Informe de Gobierno.<\/p>\n","protected":false},"excerpt":{"rendered":"<p>La presidenta de M\u00e9xico, Claudia Sheinbaum Pardo, estar\u00e1 en Nayarit el pr\u00f3ximo s\u00e1bado 5 de septiembre, como parte de la gira nacional que inici\u00f3 despu\u00e9s de presentar su Segundo Informe de Gobierno. Por: Arcelia Garc\u00eda Ortega Tepic, Nayarit; mi\u00e8rcoles, 02 de septiembre del 2026.- &nbsp;La visita a territorio nayarita hab\u00eda sido adelantada por el gobernador [&hellip;]<\/p>\n","protected":false},"author":2,"featured_media":66870,"comment_status":"closed","ping_status":"open","sticky":false,"template":"","format":"standard","meta":{"footnotes":""},"categories":[4,7],"tags":[],"class_list":["post-77921","post","type-post","status-publish","format-standard","has-post-thumbnail","category-principal","category-tepic"],"yoast_head":"<!-- This site is optimized with the Yoast SEO plugin v28.3 - https:\/\/yoast.com\/product\/yoast-seo-wordpress\/ -->\n<title>Sheinbaum estar\u00e1 en Nayarit este s\u00e1bado; con resultados de gobierno - Peri\u00f3dico Realidades<\/title>\n<meta name=\"robots\" content=\"index, follow, max-snippet:-1, max-image-preview:large, max-video-preview:-1\" \/>\n<link rel=\"canonical\" href=\"https:\/\/periodicorealidades.com\/index.php\/2026\/09\/01\/sheinbaum-estara-en-nayarit-este-sabado-con-resultados-de-gobierno\/\" \/>\n<meta property=\"og:locale\" content=\"es_MX\" \/>\n<meta property=\"og:type\" content=\"article\" \/>\n<meta property=\"og:title\" content=\"Sheinbaum estar\u00e1 en Nayarit este s\u00e1bado; con resultados de gobierno - Peri\u00f3dico Realidades\" \/>\n<meta property=\"og:description\" content=\"La presidenta de M\u00e9xico, Claudia Sheinbaum Pardo, estar\u00e1 en Nayarit el pr\u00f3ximo s\u00e1bado 5 de septiembre, como parte de la gira nacional que inici\u00f3 despu\u00e9s de presentar su Segundo Informe de Gobierno. Por: Arcelia Garc\u00eda Ortega Tepic, Nayarit; mi\u00e8rcoles, 02 de septiembre del 2026.- &nbsp;La visita a territorio nayarita hab\u00eda sido adelantada por el gobernador [&hellip;]\" \/>\n<meta property=\"og:url\" content=\"https:\/\/periodicorealidades.com\/index.php\/2026\/09\/01\/sheinbaum-estara-en-nayarit-este-sabado-con-resultados-de-gobierno\/\" \/>\n<meta property=\"og:site_name\" content=\"Peri\u00f3dico Realidades\" \/>\n<meta property=\"article:publisher\" content=\"https:\/\/www.facebook.com\/periodicorealidades.denayarit?mibextid=LQQJ4d\" \/>\n<meta property=\"article:published_time\" content=\"2026-09-02T04:00:45+00:00\" \/>\n<meta property=\"article:modified_time\" content=\"2026-09-02T04:00:46+00:00\" \/>\n<meta property=\"og:image\" content=\"https:\/\/periodicorealidades.com\/wp-content\/uploads\/2026\/04\/Claudia-Sheinbaum-Pardo-presidenta-de-Mexico.jpeg\" \/>\n\t<meta property=\"og:image:width\" content=\"650\" \/>\n\t<meta property=\"og:image:height\" content=\"380\" \/>\n\t<meta property=\"og:image:type\" content=\"image\/jpeg\" \/>\n<meta name=\"author\" content=\"editor\" \/>\n<meta name=\"twitter:card\" content=\"summary_large_image\" \/>\n<meta name=\"twitter:label1\" content=\"Escrito por\" \/>\n\t<meta name=\"twitter:data1\" content=\"editor\" \/>\n\t<meta name=\"twitter:label2\" content=\"Tiempo de lectura\" \/>\n\t<meta name=\"twitter:data2\" content=\"2 minutos\" \/>\n<script type=\"application\/ld+json\" class=\"yoast-schema-graph\">{\"@context\":\"https:\\\/\\\/schema.org\",\"@graph\":[{\"@type\":\"Article\",\"@id\":\"https:\\\/\\\/periodicorealidades.com\\\/index.php\\\/2026\\\/09\\\/01\\\/sheinbaum-estara-en-nayarit-este-sabado-con-resultados-de-gobierno\\\/#article\",\"isPartOf\":{\"@id\":\"https:\\\/\\\/periodicorealidades.com\\\/index.php\\\/2026\\\/09\\\/01\\\/sheinbaum-estara-en-nayarit-este-sabado-con-resultados-de-gobierno\\\/\"},\"author\":{\"name\":\"editor\",\"@id\":\"https:\\\/\\\/periodicorealidades.com\\\/#\\\/schema\\\/person\\\/c27da34ee13acaec3162071a3e1c7832\"},\"headline\":\"Sheinbaum estar\u00e1 en Nayarit este s\u00e1bado; con resultados de gobierno\",\"datePublished\":\"2026-09-02T04:00:45+00:00\",\"dateModified\":\"2026-09-02T04:00:46+00:00\",\"mainEntityOfPage\":{\"@id\":\"https:\\\/\\\/periodicorealidades.com\\\/index.php\\\/2026\\\/09\\\/01\\\/sheinbaum-estara-en-nayarit-este-sabado-con-resultados-de-gobierno\\\/\"},\"wordCount\":295,\"publisher\":{\"@id\":\"https:\\\/\\\/periodicorealidades.com\\\/#organization\"},\"image\":{\"@id\":\"https:\\\/\\\/periodicorealidades.com\\\/index.php\\\/2026\\\/09\\\/01\\\/sheinbaum-estara-en-nayarit-este-sabado-con-resultados-de-gobierno\\\/#primaryimage\"},\"thumbnailUrl\":\"https:\\\/\\\/periodicorealidades.com\\\/wp-content\\\/uploads\\\/2026\\\/04\\\/Claudia-Sheinbaum-Pardo-presidenta-de-Mexico.jpeg\",\"articleSection\":[\"Principal\",\"Tepic\"],\"inLanguage\":\"es\"},{\"@type\":\"WebPage\",\"@id\":\"https:\\\/\\\/periodicorealidades.com\\\/index.php\\\/2026\\\/09\\\/01\\\/sheinbaum-estara-en-nayarit-este-sabado-con-resultados-de-gobierno\\\/\",\"url\":\"https:\\\/\\\/periodicorealidades.com\\\/index.php\\\/2026\\\/09\\\/01\\\/sheinbaum-estara-en-nayarit-este-sabado-con-resultados-de-gobierno\\\/\",\"name\":\"Sheinbaum estar\u00e1 en Nayarit este s\u00e1bado; con resultados de gobierno - Peri\u00f3dico Realidades\",\"isPartOf\":{\"@id\":\"https:\\\/\\\/periodicorealidades.com\\\/#website\"},\"primaryImageOfPage\":{\"@id\":\"https:\\\/\\\/periodicorealidades.com\\\/index.php\\\/2026\\\/09\\\/01\\\/sheinbaum-estara-en-nayarit-este-sabado-con-resultados-de-gobierno\\\/#primaryimage\"},\"image\":{\"@id\":\"https:\\\/\\\/periodicorealidades.com\\\/index.php\\\/2026\\\/09\\\/01\\\/sheinbaum-estara-en-nayarit-este-sabado-con-resultados-de-gobierno\\\/#primaryimage\"},\"thumbnailUrl\":\"https:\\\/\\\/periodicorealidades.com\\\/wp-content\\\/uploads\\\/2026\\\/04\\\/Claudia-Sheinbaum-Pardo-presidenta-de-Mexico.jpeg\",\"datePublished\":\"2026-09-02T04:00:45+00:00\",\"dateModified\":\"2026-09-02T04:00:46+00:00\",\"breadcrumb\":{\"@id\":\"https:\\\/\\\/periodicorealidades.com\\\/index.php\\\/2026\\\/09\\\/01\\\/sheinbaum-estara-en-nayarit-este-sabado-con-resultados-de-gobierno\\\/#breadcrumb\"},\"inLanguage\":\"es\",\"potentialAction\":[{\"@type\":\"ReadAction\",\"target\":[\"https:\\\/\\\/periodicorealidades.com\\\/index.php\\\/2026\\\/09\\\/01\\\/sheinbaum-estara-en-nayarit-este-sabado-con-resultados-de-gobierno\\\/\"]}]},{\"@type\":\"ImageObject\",\"inLanguage\":\"es\",\"@id\":\"https:\\\/\\\/periodicorealidades.com\\\/index.php\\\/2026\\\/09\\\/01\\\/sheinbaum-estara-en-nayarit-este-sabado-con-resultados-de-gobierno\\\/#primaryimage\",\"url\":\"https:\\\/\\\/periodicorealidades.com\\\/wp-content\\\/uploads\\\/2026\\\/04\\\/Claudia-Sheinbaum-Pardo-presidenta-de-Mexico.jpeg\",\"contentUrl\":\"https:\\\/\\\/periodicorealidades.com\\\/wp-content\\\/uploads\\\/2026\\\/04\\\/Claudia-Sheinbaum-Pardo-presidenta-de-Mexico.jpeg\",\"width\":650,\"height\":380},{\"@type\":\"BreadcrumbList\",\"@id\":\"https:\\\/\\\/periodicorealidades.com\\\/index.php\\\/2026\\\/09\\\/01\\\/sheinbaum-estara-en-nayarit-este-sabado-con-resultados-de-gobierno\\\/#breadcrumb\",\"itemListElement\":[{\"@type\":\"ListItem\",\"position\":1,\"name\":\"Inicio\",\"item\":\"https:\\\/\\\/periodicorealidades.com\\\/\"},{\"@type\":\"ListItem\",\"position\":2,\"name\":\"Sheinbaum estar\u00e1 en Nayarit este s\u00e1bado; con resultados de gobierno\"}]},{\"@type\":\"WebSite\",\"@id\":\"https:\\\/\\\/periodicorealidades.com\\\/#website\",\"url\":\"https:\\\/\\\/periodicorealidades.com\\\/\",\"name\":\"Peri\u00f3dico Realidades\",\"description\":\"M\u00e9dio de comunicaci\u00f3n en Nayarit\",\"publisher\":{\"@id\":\"https:\\\/\\\/periodicorealidades.com\\\/#organization\"},\"potentialAction\":[{\"@type\":\"SearchAction\",\"target\":{\"@type\":\"EntryPoint\",\"urlTemplate\":\"https:\\\/\\\/periodicorealidades.com\\\/?s={search_term_string}\"},\"query-input\":{\"@type\":\"PropertyValueSpecification\",\"valueRequired\":true,\"valueName\":\"search_term_string\"}}],\"inLanguage\":\"es\"},{\"@type\":\"Organization\",\"@id\":\"https:\\\/\\\/periodicorealidades.com\\\/#organization\",\"name\":\"Peri\u00f3dico Realidades\",\"url\":\"https:\\\/\\\/periodicorealidades.com\\\/\",\"logo\":{\"@type\":\"ImageObject\",\"inLanguage\":\"es\",\"@id\":\"https:\\\/\\\/periodicorealidades.com\\\/#\\\/schema\\\/logo\\\/image\\\/\",\"url\":\"https:\\\/\\\/periodicorealidades.com\\\/wp-content\\\/uploads\\\/2023\\\/05\\\/r-prueba.png\",\"contentUrl\":\"https:\\\/\\\/periodicorealidades.com\\\/wp-content\\\/uploads\\\/2023\\\/05\\\/r-prueba.png\",\"width\":709,\"height\":709,\"caption\":\"Peri\u00f3dico Realidades\"},\"image\":{\"@id\":\"https:\\\/\\\/periodicorealidades.com\\\/#\\\/schema\\\/logo\\\/image\\\/\"},\"sameAs\":[\"https:\\\/\\\/www.facebook.com\\\/periodicorealidades.denayarit?mibextid=LQQJ4d\"]},{\"@type\":\"Person\",\"@id\":\"https:\\\/\\\/periodicorealidades.com\\\/#\\\/schema\\\/person\\\/c27da34ee13acaec3162071a3e1c7832\",\"name\":\"editor\",\"image\":{\"@type\":\"ImageObject\",\"inLanguage\":\"es\",\"@id\":\"https:\\\/\\\/secure.gravatar.com\\\/avatar\\\/dda3c3f59ea25f4b53cd53df977b0b2628039b17268e57c944a79a00e8a56e26?s=96&d=mm&r=g\",\"url\":\"https:\\\/\\\/secure.gravatar.com\\\/avatar\\\/dda3c3f59ea25f4b53cd53df977b0b2628039b17268e57c944a79a00e8a56e26?s=96&d=mm&r=g\",\"contentUrl\":\"https:\\\/\\\/secure.gravatar.com\\\/avatar\\\/dda3c3f59ea25f4b53cd53df977b0b2628039b17268e57c944a79a00e8a56e26?s=96&d=mm&r=g\",\"caption\":\"editor\"},\"url\":\"https:\\\/\\\/periodicorealidades.com\\\/index.php\\\/author\\\/editor\\\/\"}]}<\/script>\n<!-- \/ Yoast SEO plugin. -->","yoast_head_json":{"title":"Sheinbaum estar\u00e1 en Nayarit este s\u00e1bado; con resultados de gobierno - Peri\u00f3dico Realidades","robots":{"index":"index","follow":"follow","max-snippet":"max-snippet:-1","max-image-preview":"max-image-preview:large","max-video-preview":"max-video-preview:-1"},"canonical":"https:\/\/periodicorealidades.com\/index.php\/2026\/09\/01\/sheinbaum-estara-en-nayarit-este-sabado-con-resultados-de-gobierno\/","og_locale":"es_MX","og_type":"article","og_title":"Sheinbaum estar\u00e1 en Nayarit este s\u00e1bado; con resultados de gobierno - Peri\u00f3dico Realidades","og_description":"La presidenta de M\u00e9xico, Claudia Sheinbaum Pardo, estar\u00e1 en Nayarit el pr\u00f3ximo s\u00e1bado 5 de septiembre, como parte de la gira nacional que inici\u00f3 despu\u00e9s de presentar su Segundo Informe de Gobierno. Por: Arcelia Garc\u00eda Ortega Tepic, Nayarit; mi\u00e8rcoles, 02 de septiembre del 2026.- &nbsp;La visita a territorio nayarita hab\u00eda sido adelantada por el gobernador [&hellip;]","og_url":"https:\/\/periodicorealidades.com\/index.php\/2026\/09\/01\/sheinbaum-estara-en-nayarit-este-sabado-con-resultados-de-gobierno\/","og_site_name":"Peri\u00f3dico Realidades","article_publisher":"https:\/\/www.facebook.com\/periodicorealidades.denayarit?mibextid=LQQJ4d","article_published_time":"2026-09-02T04:00:45+00:00","article_modified_time":"2026-09-02T04:00:46+00:00","og_image":[{"width":650,"height":380,"url":"https:\/\/periodicorealidades.com\/wp-content\/uploads\/2026\/04\/Claudia-Sheinbaum-Pardo-presidenta-de-Mexico.jpeg","type":"image\/jpeg"}],"author":"editor","twitter_card":"summary_large_image","twitter_misc":{"Escrito por":"editor","Tiempo de lectura":"2 minutos"},"schema":{"@context":"https:\/\/schema.org","@graph":[{"@type":"Article","@id":"https:\/\/periodicorealidades.com\/index.php\/2026\/09\/01\/sheinbaum-estara-en-nayarit-este-sabado-con-resultados-de-gobierno\/#article","isPartOf":{"@id":"https:\/\/periodicorealidades.com\/index.php\/2026\/09\/01\/sheinbaum-estara-en-nayarit-este-sabado-con-resultados-de-gobierno\/"},"author":{"name":"editor","@id":"https:\/\/periodicorealidades.com\/#\/schema\/person\/c27da34ee13acaec3162071a3e1c7832"},"headline":"Sheinbaum estar\u00e1 en Nayarit este s\u00e1bado; con resultados de gobierno","datePublished":"2026-09-02T04:00:45+00:00","dateModified":"2026-09-02T04:00:46+00:00","mainEntityOfPage":{"@id":"https:\/\/periodicorealidades.com\/index.php\/2026\/09\/01\/sheinbaum-estara-en-nayarit-este-sabado-con-resultados-de-gobierno\/"},"wordCount":295,"publisher":{"@id":"https:\/\/periodicorealidades.com\/#organization"},"image":{"@id":"https:\/\/periodicorealidades.com\/index.php\/2026\/09\/01\/sheinbaum-estara-en-nayarit-este-sabado-con-resultados-de-gobierno\/#primaryimage"},"thumbnailUrl":"https:\/\/periodicorealidades.com\/wp-content\/uploads\/2026\/04\/Claudia-Sheinbaum-Pardo-presidenta-de-Mexico.jpeg","articleSection":["Principal","Tepic"],"inLanguage":"es"},{"@type":"WebPage","@id":"https:\/\/periodicorealidades.com\/index.php\/2026\/09\/01\/sheinbaum-estara-en-nayarit-este-sabado-con-resultados-de-gobierno\/","url":"https:\/\/periodicorealidades.com\/index.php\/2026\/09\/01\/sheinbaum-estara-en-nayarit-este-sabado-con-resultados-de-gobierno\/","name":"Sheinbaum estar\u00e1 en Nayarit este s\u00e1bado; con resultados de gobierno - Peri\u00f3dico Realidades","isPartOf":{"@id":"https:\/\/periodicorealidades.com\/#website"},"primaryImageOfPage":{"@id":"https:\/\/periodicorealidades.com\/index.php\/2026\/09\/01\/sheinbaum-estara-en-nayarit-este-sabado-con-resultados-de-gobierno\/#primaryimage"},"image":{"@id":"https:\/\/periodicorealidades.com\/index.php\/2026\/09\/01\/sheinbaum-estara-en-nayarit-este-sabado-con-resultados-de-gobierno\/#primaryimage"},"thumbnailUrl":"https:\/\/periodicorealidades.com\/wp-content\/uploads\/2026\/04\/Claudia-Sheinbaum-Pardo-presidenta-de-Mexico.jpeg","datePublished":"2026-09-02T04:00:45+00:00","dateModified":"2026-09-02T04:00:46+00:00","breadcrumb":{"@id":"https:\/\/periodicorealidades.com\/index.php\/2026\/09\/01\/sheinbaum-estara-en-nayarit-este-sabado-con-resultados-de-gobierno\/#breadcrumb"},"inLanguage":"es","potentialAction":[{"@type":"ReadAction","target":["https:\/\/periodicorealidades.com\/index.php\/2026\/09\/01\/sheinbaum-estara-en-nayarit-este-sabado-con-resultados-de-gobierno\/"]}]},{"@type":"ImageObject","inLanguage":"es","@id":"https:\/\/periodicorealidades.com\/index.php\/2026\/09\/01\/sheinbaum-estara-en-nayarit-este-sabado-con-resultados-de-gobierno\/#primaryimage","url":"https:\/\/periodicorealidades.com\/wp-content\/uploads\/2026\/04\/Claudia-Sheinbaum-Pardo-presidenta-de-Mexico.jpeg","contentUrl":"https:\/\/periodicorealidades.com\/wp-content\/uploads\/2026\/04\/Claudia-Sheinbaum-Pardo-presidenta-de-Mexico.jpeg","width":650,"height":380},{"@type":"BreadcrumbList","@id":"https:\/\/periodicorealidades.com\/index.php\/2026\/09\/01\/sheinbaum-estara-en-nayarit-este-sabado-con-resultados-de-gobierno\/#breadcrumb","itemListElement":[{"@type":"ListItem","position":1,"name":"Inicio","item":"https:\/\/periodicorealidades.com\/"},{"@type":"ListItem","position":2,"name":"Sheinbaum estar\u00e1 en Nayarit este s\u00e1bado; con resultados de gobierno"}]},{"@type":"WebSite","@id":"https:\/\/periodicorealidades.com\/#website","url":"https:\/\/periodicorealidades.com\/","name":"Peri\u00f3dico Realidades","description":"M\u00e9dio de comunicaci\u00f3n en Nayarit","publisher":{"@id":"https:\/\/periodicorealidades.com\/#organization"},"potentialAction":[{"@type":"SearchAction","target":{"@type":"EntryPoint","urlTemplate":"https:\/\/periodicorealidades.com\/?s={search_term_string}"},"query-input":{"@type":"PropertyValueSpecification","valueRequired":true,"valueName":"search_term_string"}}],"inLanguage":"es"},{"@type":"Organization","@id":"https:\/\/periodicorealidades.com\/#organization","name":"Peri\u00f3dico Realidades","url":"https:\/\/periodicorealidades.com\/","logo":{"@type":"ImageObject","inLanguage":"es","@id":"https:\/\/periodicorealidades.com\/#\/schema\/logo\/image\/","url":"https:\/\/periodicorealidades.com\/wp-content\/uploads\/2023\/05\/r-prueba.png","contentUrl":"https:\/\/periodicorealidades.com\/wp-content\/uploads\/2023\/05\/r-prueba.png","width":709,"height":709,"caption":"Peri\u00f3dico Realidades"},"image":{"@id":"https:\/\/periodicorealidades.com\/#\/schema\/logo\/image\/"},"sameAs":["https:\/\/www.facebook.com\/periodicorealidades.denayarit?mibextid=LQQJ4d"]},{"@type":"Person","@id":"https:\/\/periodicorealidades.com\/#\/schema\/person\/c27da34ee13acaec3162071a3e1c7832","name":"editor","image":{"@type":"ImageObject","inLanguage":"es","@id":"https:\/\/secure.gravatar.com\/avatar\/dda3c3f59ea25f4b53cd53df977b0b2628039b17268e57c944a79a00e8a56e26?s=96&d=mm&r=g","url":"https:\/\/secure.gravatar.com\/avatar\/dda3c3f59ea25f4b53cd53df977b0b2628039b17268e57c944a79a00e8a56e26?s=96&d=mm&r=g","contentUrl":"https:\/\/secure.gravatar.com\/avatar\/dda3c3f59ea25f4b53cd53df977b0b2628039b17268e57c944a79a00e8a56e26?s=96&d=mm&r=g","caption":"editor"},"url":"https:\/\/periodicorealidades.com\/index.php\/author\/editor\/"}]}},"_links":{"self":[{"href":"https:\/\/periodicorealidades.com\/index.php\/wp-json\/wp\/v2\/posts\/77921","targetHints":{"allow":["GET"]}}],"collection":[{"href":"https:\/\/periodicorealidades.com\/index.php\/wp-json\/wp\/v2\/posts"}],"about":[{"href":"https:\/\/periodicorealidades.com\/index.php\/wp-json\/wp\/v2\/types\/post"}],"author":[{"embeddable":true,"href":"https:\/\/periodicorealidades.com\/index.php\/wp-json\/wp\/v2\/users\/2"}],"replies":[{"embeddable":true,"href":"https:\/\/periodicorealidades.com\/index.php\/wp-json\/wp\/v2\/comments?post=77921"}],"version-history":[{"count":1,"href":"https:\/\/periodicorealidades.com\/index.php\/wp-json\/wp\/v2\/posts\/77921\/revisions"}],"predecessor-version":[{"id":77922,"href":"https:\/\/periodicorealidades.com\/index.php\/wp-json\/wp\/v2\/posts\/77921\/revisions\/77922"}],"wp:featuredmedia":[{"embeddable":true,"href":"https:\/\/periodicorealidades.com\/index.php\/wp-json\/wp\/v2\/media\/66870"}],"wp:attachment":[{"href":"https:\/\/periodicorealidades.com\/index.php\/wp-json\/wp\/v2\/media?parent=77921"}],"wp:term":[{"taxonomy":"category","embeddable":true,"href":"https:\/\/periodicorealidades.com\/index.php\/wp-json\/wp\/v2\/categories?post=77921"},{"taxonomy":"post_tag","embeddable":true,"href":"https:\/\/periodicorealidades.com\/index.php\/wp-json\/wp\/v2\/tags?post=77921"}],"curies":[{"name":"wp","href":"https:\/\/api.w.org\/{rel}","templated":true}]}}