{"id":77953,"date":"2026-09-02T14:45:57","date_gmt":"2026-09-02T21:45:57","guid":{"rendered":"https:\/\/periodicorealidades.com\/?p=77953"},"modified":"2026-09-02T14:45:58","modified_gmt":"2026-09-02T21:45:58","slug":"el-nini-el-escolta-de-15-anos-de-el-r5-que-presumia-armas-y-reclutaba-jovenes-en-redes-sociales","status":"publish","type":"post","link":"https:\/\/periodicorealidades.com\/index.php\/2026\/09\/02\/el-nini-el-escolta-de-15-anos-de-el-r5-que-presumia-armas-y-reclutaba-jovenes-en-redes-sociales\/","title":{"rendered":"\u2018El Nini\u2019, el escolta de 15 a\u00f1os de \u2018El R5\u2019 que presum\u00eda armas y reclutaba j\u00f3venes en redes sociales"},"content":{"rendered":"\n<p class=\"wp-block-paragraph\"><strong>Tocumbo, Michoac\u00e1n.\u2014<\/strong>&nbsp;Alberto \u2018N\u2019, conocido como \u2018Chuchito Nini\u2019 o \u2018El Nini\u2019, ten\u00eda apenas 15 a\u00f1os cuando muri\u00f3 durante el enfrentamiento entre integrantes del C\u00e1rtel de Los Reyes y elementos del Ej\u00e9rcito Mexicano ocurrido en la rancher\u00eda de Rodeo del Pinal, municipio de Tocumbo.<\/p>\n\n\n\n<p class=\"wp-block-paragraph\">El adolescente era identificado por autoridades y fuentes de seguridad como uno de los escoltas cercanos de Luis Enrique Barrag\u00e1n Ch\u00e1vez, alias \u2018El R5\u2019 o \u2018El G\u00fcicho\u2019, se\u00f1alado como segundo al mando del C\u00e1rtel de Los Reyes y abatido durante el operativo.<\/p>\n\n\n\n<p class=\"wp-block-paragraph\">Los restos del menor fueron reclamados posteriormente por su madre en la ciudad de Morelia.<\/p>\n\n\n\n<p class=\"wp-block-paragraph\">De acuerdo con informaci\u00f3n de inteligencia, \u2018El Nini\u2019 formaba parte del grupo de seguridad m\u00e1s cercano a \u2018El G\u00fcicho\u2019. Ambos se desplazaban en una cuatrimoto, la cual fue localizada en el sitio del enfrentamiento registrado la noche del 30 de agosto.<\/p>\n\n\n\n<figure class=\"wp-block-image size-full\"><img loading=\"lazy\" decoding=\"async\" width=\"399\" height=\"501\" src=\"https:\/\/periodicorealidades.com\/wp-content\/uploads\/2026\/09\/image-21.png\" alt=\"\" class=\"wp-image-77955\" srcset=\"https:\/\/periodicorealidades.com\/wp-content\/uploads\/2026\/09\/image-21.png 399w, https:\/\/periodicorealidades.com\/wp-content\/uploads\/2026\/09\/image-21-239x300.png 239w, https:\/\/periodicorealidades.com\/wp-content\/uploads\/2026\/09\/image-21-318x399.png 318w, https:\/\/periodicorealidades.com\/wp-content\/uploads\/2026\/09\/image-21-289x363.png 289w\" sizes=\"auto, (max-width: 399px) 100vw, 399px\" \/><\/figure>\n\n\n\n<h3 class=\"wp-block-heading\">Presum\u00eda armas y equipo t\u00e1ctico<\/h3>\n\n\n\n<p class=\"wp-block-paragraph\">El menor habr\u00eda utilizado redes sociales para mostrar parte de las actividades relacionadas con el grupo criminal. Una cuenta atribuida a \u2018El Nini\u2019 permanec\u00eda activa horas despu\u00e9s de su muerte.<\/p>\n\n\n\n<p class=\"wp-block-paragraph\">En fotograf\u00edas e historias publicadas en Instagram se le observaba con equipo t\u00e1ctico, chaleco antibalas personalizado con el apodo \u2018Nini\u2019, portacargadores y radios de comunicaci\u00f3n, adem\u00e1s de armas largas.<\/p>\n\n\n\n<figure class=\"wp-block-image size-full\"><img loading=\"lazy\" decoding=\"async\" width=\"350\" height=\"197\" src=\"https:\/\/periodicorealidades.com\/wp-content\/uploads\/2026\/09\/image-22.png\" alt=\"\" class=\"wp-image-77956\" srcset=\"https:\/\/periodicorealidades.com\/wp-content\/uploads\/2026\/09\/image-22.png 350w, https:\/\/periodicorealidades.com\/wp-content\/uploads\/2026\/09\/image-22-300x169.png 300w, https:\/\/periodicorealidades.com\/wp-content\/uploads\/2026\/09\/image-22-323x182.png 323w, https:\/\/periodicorealidades.com\/wp-content\/uploads\/2026\/09\/image-22-284x160.png 284w\" sizes=\"auto, (max-width: 350px) 100vw, 350px\" \/><\/figure>\n\n\n\n<p class=\"wp-block-paragraph\">En una de las publicaciones tambi\u00e9n aparec\u00edan veh\u00edculos con hombres vestidos con equipo t\u00e1ctico y el alias de \u2018R5\u2019.<\/p>\n\n\n\n<p class=\"wp-block-paragraph\">Seg\u00fan el organigrama del C\u00e1rtel de Los Reyes elaborado por \u00e1reas de inteligencia, \u2018El Nini\u2019 se encontraba dentro del c\u00edrculo de confianza de la organizaci\u00f3n, junto a otros operadores identificados como \u2018El Tercer\u2019 o \u2018El Tres\u2019 y \u2018El Bravo\u2019 o \u2018El Tony\u2019. Todos ellos tendr\u00edan como superior inmediato a William \u00c1lvarez, \u2018El Maniako\u2019, se\u00f1alado como responsable de la seguridad de los l\u00edderes del grupo.<\/p>\n\n\n\n<p class=\"wp-block-paragraph\"><\/p>\n\n\n\n<h3 class=\"wp-block-heading\">Redes sociales, una v\u00eda para el reclutamiento<\/h3>\n\n\n\n<p class=\"wp-block-paragraph\">Las autoridades tambi\u00e9n han relacionado a \u2018El Nini\u2019 con el reclutamiento de adolescentes a trav\u00e9s de redes sociales.<\/p>\n\n\n\n<p class=\"wp-block-paragraph\">De acuerdo con las investigaciones citadas, j\u00f3venes atra\u00eddos por la promesa de dinero, poder y acceso a armas eran incorporados a las filas de la organizaci\u00f3n y posteriormente recib\u00edan entrenamiento en zonas serranas de Michoac\u00e1n.<\/p>\n\n\n\n<p class=\"wp-block-paragraph\">El caso vuelve a poner en evidencia la utilizaci\u00f3n de las redes sociales como una herramienta para acercarse a menores y j\u00f3venes en comunidades donde los grupos criminales buscan ampliar sus filas.<\/p>\n\n\n\n<h3 class=\"wp-block-heading\">Extorsi\u00f3n a productores de aguacate<\/h3>\n\n\n\n<p class=\"wp-block-paragraph\">Autoridades estatales tambi\u00e9n han relacionado al C\u00e1rtel de Los Reyes con el cobro de extorsiones a productores de aguacate.<\/p>\n\n\n\n<p class=\"wp-block-paragraph\">La Fiscal\u00eda General del Estado ha se\u00f1alado que la organizaci\u00f3n obten\u00eda importantes ganancias mediante el llamado \u201cimpuesto narco\u201d aplicado al sector aguacatero. De acuerdo con declaraciones previas del vicefiscal de Inteligencia e Investigaci\u00f3n Criminal, Israel Vega Rodr\u00edguez, los ingresos por este concepto alcanzar\u00edan alrededor de&nbsp;<strong>172.8 millones de pesos anuales<\/strong>.<\/p>\n\n\n\n<p class=\"wp-block-paragraph\">Los productores habr\u00edan tenido que pagar al menos un peso por cada kilogramo de aguacate destinado a la exportaci\u00f3n hacia Estados Unidos.<\/p>\n\n\n\n<h3 class=\"wp-block-heading\">\u00bfQui\u00e9n podr\u00eda asumir el control del c\u00e1rtel?<\/h3>\n\n\n\n<p class=\"wp-block-paragraph\">Tras la captura de \u2018El Poncho\u2019 y el abatimiento de \u2018El R5\u2019, el liderazgo del C\u00e1rtel de Los Reyes estar\u00eda en disputa entre operadores cercanos a los fundadores y miembros de sus propias familias.<\/p>\n\n\n\n<p class=\"wp-block-paragraph\">Entre los nombres que han cobrado relevancia aparece Jes\u00fas Ochoa \u00c1lvarez, alias \u2018La Venada\u2019, se\u00f1alado como uno de los principales operadores y considerado peligroso por las autoridades.<\/p>\n\n\n\n<p class=\"wp-block-paragraph\">Tambi\u00e9n figuran dos hijos de \u2018La Quiringua\u2019, conocidos como \u2018El 20\u2019 y \u2018El Junior\u2019. Sin embargo, su falta de experiencia podr\u00eda dificultar que asuman de inmediato el liderazgo de la organizaci\u00f3n.<\/p>\n\n\n\n<p class=\"wp-block-paragraph\">Otro nombre que ha surgido es el de \u2018El Balta\u2019, identificado como operador financiero del grupo y quien presuntamente habr\u00eda diversificado las fuentes de ingresos del c\u00e1rtel mediante empresas asentadas en la regi\u00f3n, algunas relacionadas con la exportaci\u00f3n de aguacate.<\/p>\n\n\n\n<p class=\"wp-block-paragraph\">Fuentes de seguridad han identificado adem\u00e1s a alrededor de una veintena de familiares vinculados con el grupo criminal, entre hijos, cu\u00f1ados, sobrinos y primos.<\/p>\n\n\n\n<p class=\"wp-block-paragraph\">La muerte de \u2018El R5\u2019 y de su joven escolta ocurre en un momento de tensi\u00f3n para el C\u00e1rtel de Los Reyes, mientras las autoridades buscan determinar qui\u00e9n asumir\u00e1 el control de la organizaci\u00f3n y c\u00f3mo podr\u00eda afectar el golpe a su estructura operativa y financiera.<\/p>\n","protected":false},"excerpt":{"rendered":"<p>Tocumbo, Michoac\u00e1n.\u2014&nbsp;Alberto \u2018N\u2019, conocido como \u2018Chuchito Nini\u2019 o \u2018El Nini\u2019, ten\u00eda apenas 15 a\u00f1os cuando muri\u00f3 durante el enfrentamiento entre integrantes del C\u00e1rtel de Los Reyes y elementos del Ej\u00e9rcito Mexicano ocurrido en la rancher\u00eda de Rodeo del Pinal, municipio de Tocumbo. El adolescente era identificado por autoridades y fuentes de seguridad como uno de [&hellip;]<\/p>\n","protected":false},"author":4,"featured_media":77954,"comment_status":"closed","ping_status":"open","sticky":false,"template":"","format":"standard","meta":{"footnotes":""},"categories":[6],"tags":[],"class_list":["post-77953","post","type-post","status-publish","format-standard","has-post-thumbnail","category-policiaca"],"yoast_head":"<!-- This site is optimized with the Yoast SEO plugin v28.3 - https:\/\/yoast.com\/product\/yoast-seo-wordpress\/ -->\n<title>\u2018El Nini\u2019, el escolta de 15 a\u00f1os de \u2018El R5\u2019 que presum\u00eda armas y reclutaba j\u00f3venes en redes sociales - Peri\u00f3dico Realidades<\/title>\n<meta name=\"robots\" content=\"index, follow, max-snippet:-1, max-image-preview:large, max-video-preview:-1\" \/>\n<link rel=\"canonical\" href=\"https:\/\/periodicorealidades.com\/index.php\/2026\/09\/02\/el-nini-el-escolta-de-15-anos-de-el-r5-que-presumia-armas-y-reclutaba-jovenes-en-redes-sociales\/\" \/>\n<meta property=\"og:locale\" content=\"es_MX\" \/>\n<meta property=\"og:type\" content=\"article\" \/>\n<meta property=\"og:title\" content=\"\u2018El Nini\u2019, el escolta de 15 a\u00f1os de \u2018El R5\u2019 que presum\u00eda armas y reclutaba j\u00f3venes en redes sociales - Peri\u00f3dico Realidades\" \/>\n<meta property=\"og:description\" content=\"Tocumbo, Michoac\u00e1n.\u2014&nbsp;Alberto \u2018N\u2019, conocido como \u2018Chuchito Nini\u2019 o \u2018El Nini\u2019, ten\u00eda apenas 15 a\u00f1os cuando muri\u00f3 durante el enfrentamiento entre integrantes del C\u00e1rtel de Los Reyes y elementos del Ej\u00e9rcito Mexicano ocurrido en la rancher\u00eda de Rodeo del Pinal, municipio de Tocumbo. El adolescente era identificado por autoridades y fuentes de seguridad como uno de [&hellip;]\" \/>\n<meta property=\"og:url\" content=\"https:\/\/periodicorealidades.com\/index.php\/2026\/09\/02\/el-nini-el-escolta-de-15-anos-de-el-r5-que-presumia-armas-y-reclutaba-jovenes-en-redes-sociales\/\" \/>\n<meta property=\"og:site_name\" content=\"Peri\u00f3dico Realidades\" \/>\n<meta property=\"article:publisher\" content=\"https:\/\/www.facebook.com\/periodicorealidades.denayarit?mibextid=LQQJ4d\" \/>\n<meta property=\"article:published_time\" content=\"2026-09-02T21:45:57+00:00\" \/>\n<meta property=\"article:modified_time\" content=\"2026-09-02T21:45:58+00:00\" \/>\n<meta property=\"og:image\" content=\"https:\/\/periodicorealidades.com\/wp-content\/uploads\/2026\/09\/image-20.png\" \/>\n\t<meta property=\"og:image:width\" content=\"1280\" \/>\n\t<meta property=\"og:image:height\" content=\"720\" \/>\n\t<meta property=\"og:image:type\" content=\"image\/png\" \/>\n<meta name=\"author\" content=\"Arcelia\" \/>\n<meta name=\"twitter:card\" content=\"summary_large_image\" \/>\n<meta name=\"twitter:label1\" content=\"Escrito por\" \/>\n\t<meta name=\"twitter:data1\" content=\"Arcelia\" \/>\n\t<meta name=\"twitter:label2\" content=\"Tiempo de lectura\" \/>\n\t<meta name=\"twitter:data2\" content=\"4 minutos\" \/>\n<script type=\"application\/ld+json\" class=\"yoast-schema-graph\">{\"@context\":\"https:\\\/\\\/schema.org\",\"@graph\":[{\"@type\":\"Article\",\"@id\":\"https:\\\/\\\/periodicorealidades.com\\\/index.php\\\/2026\\\/09\\\/02\\\/el-nini-el-escolta-de-15-anos-de-el-r5-que-presumia-armas-y-reclutaba-jovenes-en-redes-sociales\\\/#article\",\"isPartOf\":{\"@id\":\"https:\\\/\\\/periodicorealidades.com\\\/index.php\\\/2026\\\/09\\\/02\\\/el-nini-el-escolta-de-15-anos-de-el-r5-que-presumia-armas-y-reclutaba-jovenes-en-redes-sociales\\\/\"},\"author\":{\"name\":\"Arcelia\",\"@id\":\"https:\\\/\\\/periodicorealidades.com\\\/#\\\/schema\\\/person\\\/ed60e33c6767be45db655d22ad0c15c4\"},\"headline\":\"\u2018El Nini\u2019, el escolta de 15 a\u00f1os de \u2018El R5\u2019 que presum\u00eda armas y reclutaba j\u00f3venes en redes sociales\",\"datePublished\":\"2026-09-02T21:45:57+00:00\",\"dateModified\":\"2026-09-02T21:45:58+00:00\",\"mainEntityOfPage\":{\"@id\":\"https:\\\/\\\/periodicorealidades.com\\\/index.php\\\/2026\\\/09\\\/02\\\/el-nini-el-escolta-de-15-anos-de-el-r5-que-presumia-armas-y-reclutaba-jovenes-en-redes-sociales\\\/\"},\"wordCount\":782,\"publisher\":{\"@id\":\"https:\\\/\\\/periodicorealidades.com\\\/#organization\"},\"image\":{\"@id\":\"https:\\\/\\\/periodicorealidades.com\\\/index.php\\\/2026\\\/09\\\/02\\\/el-nini-el-escolta-de-15-anos-de-el-r5-que-presumia-armas-y-reclutaba-jovenes-en-redes-sociales\\\/#primaryimage\"},\"thumbnailUrl\":\"https:\\\/\\\/periodicorealidades.com\\\/wp-content\\\/uploads\\\/2026\\\/09\\\/image-20.png\",\"articleSection\":[\"Policiaca\"],\"inLanguage\":\"es\"},{\"@type\":\"WebPage\",\"@id\":\"https:\\\/\\\/periodicorealidades.com\\\/index.php\\\/2026\\\/09\\\/02\\\/el-nini-el-escolta-de-15-anos-de-el-r5-que-presumia-armas-y-reclutaba-jovenes-en-redes-sociales\\\/\",\"url\":\"https:\\\/\\\/periodicorealidades.com\\\/index.php\\\/2026\\\/09\\\/02\\\/el-nini-el-escolta-de-15-anos-de-el-r5-que-presumia-armas-y-reclutaba-jovenes-en-redes-sociales\\\/\",\"name\":\"\u2018El Nini\u2019, el escolta de 15 a\u00f1os de \u2018El R5\u2019 que presum\u00eda armas y reclutaba j\u00f3venes en redes sociales - Peri\u00f3dico Realidades\",\"isPartOf\":{\"@id\":\"https:\\\/\\\/periodicorealidades.com\\\/#website\"},\"primaryImageOfPage\":{\"@id\":\"https:\\\/\\\/periodicorealidades.com\\\/index.php\\\/2026\\\/09\\\/02\\\/el-nini-el-escolta-de-15-anos-de-el-r5-que-presumia-armas-y-reclutaba-jovenes-en-redes-sociales\\\/#primaryimage\"},\"image\":{\"@id\":\"https:\\\/\\\/periodicorealidades.com\\\/index.php\\\/2026\\\/09\\\/02\\\/el-nini-el-escolta-de-15-anos-de-el-r5-que-presumia-armas-y-reclutaba-jovenes-en-redes-sociales\\\/#primaryimage\"},\"thumbnailUrl\":\"https:\\\/\\\/periodicorealidades.com\\\/wp-content\\\/uploads\\\/2026\\\/09\\\/image-20.png\",\"datePublished\":\"2026-09-02T21:45:57+00:00\",\"dateModified\":\"2026-09-02T21:45:58+00:00\",\"breadcrumb\":{\"@id\":\"https:\\\/\\\/periodicorealidades.com\\\/index.php\\\/2026\\\/09\\\/02\\\/el-nini-el-escolta-de-15-anos-de-el-r5-que-presumia-armas-y-reclutaba-jovenes-en-redes-sociales\\\/#breadcrumb\"},\"inLanguage\":\"es\",\"potentialAction\":[{\"@type\":\"ReadAction\",\"target\":[\"https:\\\/\\\/periodicorealidades.com\\\/index.php\\\/2026\\\/09\\\/02\\\/el-nini-el-escolta-de-15-anos-de-el-r5-que-presumia-armas-y-reclutaba-jovenes-en-redes-sociales\\\/\"]}]},{\"@type\":\"ImageObject\",\"inLanguage\":\"es\",\"@id\":\"https:\\\/\\\/periodicorealidades.com\\\/index.php\\\/2026\\\/09\\\/02\\\/el-nini-el-escolta-de-15-anos-de-el-r5-que-presumia-armas-y-reclutaba-jovenes-en-redes-sociales\\\/#primaryimage\",\"url\":\"https:\\\/\\\/periodicorealidades.com\\\/wp-content\\\/uploads\\\/2026\\\/09\\\/image-20.png\",\"contentUrl\":\"https:\\\/\\\/periodicorealidades.com\\\/wp-content\\\/uploads\\\/2026\\\/09\\\/image-20.png\",\"width\":1280,\"height\":720},{\"@type\":\"BreadcrumbList\",\"@id\":\"https:\\\/\\\/periodicorealidades.com\\\/index.php\\\/2026\\\/09\\\/02\\\/el-nini-el-escolta-de-15-anos-de-el-r5-que-presumia-armas-y-reclutaba-jovenes-en-redes-sociales\\\/#breadcrumb\",\"itemListElement\":[{\"@type\":\"ListItem\",\"position\":1,\"name\":\"Inicio\",\"item\":\"https:\\\/\\\/periodicorealidades.com\\\/\"},{\"@type\":\"ListItem\",\"position\":2,\"name\":\"\u2018El Nini\u2019, el escolta de 15 a\u00f1os de \u2018El R5\u2019 que presum\u00eda armas y reclutaba j\u00f3venes en redes sociales\"}]},{\"@type\":\"WebSite\",\"@id\":\"https:\\\/\\\/periodicorealidades.com\\\/#website\",\"url\":\"https:\\\/\\\/periodicorealidades.com\\\/\",\"name\":\"Peri\u00f3dico Realidades\",\"description\":\"M\u00e9dio de comunicaci\u00f3n en Nayarit\",\"publisher\":{\"@id\":\"https:\\\/\\\/periodicorealidades.com\\\/#organization\"},\"potentialAction\":[{\"@type\":\"SearchAction\",\"target\":{\"@type\":\"EntryPoint\",\"urlTemplate\":\"https:\\\/\\\/periodicorealidades.com\\\/?s={search_term_string}\"},\"query-input\":{\"@type\":\"PropertyValueSpecification\",\"valueRequired\":true,\"valueName\":\"search_term_string\"}}],\"inLanguage\":\"es\"},{\"@type\":\"Organization\",\"@id\":\"https:\\\/\\\/periodicorealidades.com\\\/#organization\",\"name\":\"Peri\u00f3dico Realidades\",\"url\":\"https:\\\/\\\/periodicorealidades.com\\\/\",\"logo\":{\"@type\":\"ImageObject\",\"inLanguage\":\"es\",\"@id\":\"https:\\\/\\\/periodicorealidades.com\\\/#\\\/schema\\\/logo\\\/image\\\/\",\"url\":\"https:\\\/\\\/periodicorealidades.com\\\/wp-content\\\/uploads\\\/2023\\\/05\\\/r-prueba.png\",\"contentUrl\":\"https:\\\/\\\/periodicorealidades.com\\\/wp-content\\\/uploads\\\/2023\\\/05\\\/r-prueba.png\",\"width\":709,\"height\":709,\"caption\":\"Peri\u00f3dico Realidades\"},\"image\":{\"@id\":\"https:\\\/\\\/periodicorealidades.com\\\/#\\\/schema\\\/logo\\\/image\\\/\"},\"sameAs\":[\"https:\\\/\\\/www.facebook.com\\\/periodicorealidades.denayarit?mibextid=LQQJ4d\"]},{\"@type\":\"Person\",\"@id\":\"https:\\\/\\\/periodicorealidades.com\\\/#\\\/schema\\\/person\\\/ed60e33c6767be45db655d22ad0c15c4\",\"name\":\"Arcelia\",\"image\":{\"@type\":\"ImageObject\",\"inLanguage\":\"es\",\"@id\":\"https:\\\/\\\/secure.gravatar.com\\\/avatar\\\/36cdbbe591db4ecc4985aac5ab27b8093cf6488d3b664974f0cda2e38368b10d?s=96&d=mm&r=g\",\"url\":\"https:\\\/\\\/secure.gravatar.com\\\/avatar\\\/36cdbbe591db4ecc4985aac5ab27b8093cf6488d3b664974f0cda2e38368b10d?s=96&d=mm&r=g\",\"contentUrl\":\"https:\\\/\\\/secure.gravatar.com\\\/avatar\\\/36cdbbe591db4ecc4985aac5ab27b8093cf6488d3b664974f0cda2e38368b10d?s=96&d=mm&r=g\",\"caption\":\"Arcelia\"},\"url\":\"https:\\\/\\\/periodicorealidades.com\\\/index.php\\\/author\\\/editor-2\\\/\"}]}<\/script>\n<!-- \/ Yoast SEO plugin. -->","yoast_head_json":{"title":"\u2018El Nini\u2019, el escolta de 15 a\u00f1os de \u2018El R5\u2019 que presum\u00eda armas y reclutaba j\u00f3venes en redes sociales - Peri\u00f3dico Realidades","robots":{"index":"index","follow":"follow","max-snippet":"max-snippet:-1","max-image-preview":"max-image-preview:large","max-video-preview":"max-video-preview:-1"},"canonical":"https:\/\/periodicorealidades.com\/index.php\/2026\/09\/02\/el-nini-el-escolta-de-15-anos-de-el-r5-que-presumia-armas-y-reclutaba-jovenes-en-redes-sociales\/","og_locale":"es_MX","og_type":"article","og_title":"\u2018El Nini\u2019, el escolta de 15 a\u00f1os de \u2018El R5\u2019 que presum\u00eda armas y reclutaba j\u00f3venes en redes sociales - Peri\u00f3dico Realidades","og_description":"Tocumbo, Michoac\u00e1n.\u2014&nbsp;Alberto \u2018N\u2019, conocido como \u2018Chuchito Nini\u2019 o \u2018El Nini\u2019, ten\u00eda apenas 15 a\u00f1os cuando muri\u00f3 durante el enfrentamiento entre integrantes del C\u00e1rtel de Los Reyes y elementos del Ej\u00e9rcito Mexicano ocurrido en la rancher\u00eda de Rodeo del Pinal, municipio de Tocumbo. El adolescente era identificado por autoridades y fuentes de seguridad como uno de [&hellip;]","og_url":"https:\/\/periodicorealidades.com\/index.php\/2026\/09\/02\/el-nini-el-escolta-de-15-anos-de-el-r5-que-presumia-armas-y-reclutaba-jovenes-en-redes-sociales\/","og_site_name":"Peri\u00f3dico Realidades","article_publisher":"https:\/\/www.facebook.com\/periodicorealidades.denayarit?mibextid=LQQJ4d","article_published_time":"2026-09-02T21:45:57+00:00","article_modified_time":"2026-09-02T21:45:58+00:00","og_image":[{"width":1280,"height":720,"url":"https:\/\/periodicorealidades.com\/wp-content\/uploads\/2026\/09\/image-20.png","type":"image\/png"}],"author":"Arcelia","twitter_card":"summary_large_image","twitter_misc":{"Escrito por":"Arcelia","Tiempo de lectura":"4 minutos"},"schema":{"@context":"https:\/\/schema.org","@graph":[{"@type":"Article","@id":"https:\/\/periodicorealidades.com\/index.php\/2026\/09\/02\/el-nini-el-escolta-de-15-anos-de-el-r5-que-presumia-armas-y-reclutaba-jovenes-en-redes-sociales\/#article","isPartOf":{"@id":"https:\/\/periodicorealidades.com\/index.php\/2026\/09\/02\/el-nini-el-escolta-de-15-anos-de-el-r5-que-presumia-armas-y-reclutaba-jovenes-en-redes-sociales\/"},"author":{"name":"Arcelia","@id":"https:\/\/periodicorealidades.com\/#\/schema\/person\/ed60e33c6767be45db655d22ad0c15c4"},"headline":"\u2018El Nini\u2019, el escolta de 15 a\u00f1os de \u2018El R5\u2019 que presum\u00eda armas y reclutaba j\u00f3venes en redes sociales","datePublished":"2026-09-02T21:45:57+00:00","dateModified":"2026-09-02T21:45:58+00:00","mainEntityOfPage":{"@id":"https:\/\/periodicorealidades.com\/index.php\/2026\/09\/02\/el-nini-el-escolta-de-15-anos-de-el-r5-que-presumia-armas-y-reclutaba-jovenes-en-redes-sociales\/"},"wordCount":782,"publisher":{"@id":"https:\/\/periodicorealidades.com\/#organization"},"image":{"@id":"https:\/\/periodicorealidades.com\/index.php\/2026\/09\/02\/el-nini-el-escolta-de-15-anos-de-el-r5-que-presumia-armas-y-reclutaba-jovenes-en-redes-sociales\/#primaryimage"},"thumbnailUrl":"https:\/\/periodicorealidades.com\/wp-content\/uploads\/2026\/09\/image-20.png","articleSection":["Policiaca"],"inLanguage":"es"},{"@type":"WebPage","@id":"https:\/\/periodicorealidades.com\/index.php\/2026\/09\/02\/el-nini-el-escolta-de-15-anos-de-el-r5-que-presumia-armas-y-reclutaba-jovenes-en-redes-sociales\/","url":"https:\/\/periodicorealidades.com\/index.php\/2026\/09\/02\/el-nini-el-escolta-de-15-anos-de-el-r5-que-presumia-armas-y-reclutaba-jovenes-en-redes-sociales\/","name":"\u2018El Nini\u2019, el escolta de 15 a\u00f1os de \u2018El R5\u2019 que presum\u00eda armas y reclutaba j\u00f3venes en redes sociales - Peri\u00f3dico Realidades","isPartOf":{"@id":"https:\/\/periodicorealidades.com\/#website"},"primaryImageOfPage":{"@id":"https:\/\/periodicorealidades.com\/index.php\/2026\/09\/02\/el-nini-el-escolta-de-15-anos-de-el-r5-que-presumia-armas-y-reclutaba-jovenes-en-redes-sociales\/#primaryimage"},"image":{"@id":"https:\/\/periodicorealidades.com\/index.php\/2026\/09\/02\/el-nini-el-escolta-de-15-anos-de-el-r5-que-presumia-armas-y-reclutaba-jovenes-en-redes-sociales\/#primaryimage"},"thumbnailUrl":"https:\/\/periodicorealidades.com\/wp-content\/uploads\/2026\/09\/image-20.png","datePublished":"2026-09-02T21:45:57+00:00","dateModified":"2026-09-02T21:45:58+00:00","breadcrumb":{"@id":"https:\/\/periodicorealidades.com\/index.php\/2026\/09\/02\/el-nini-el-escolta-de-15-anos-de-el-r5-que-presumia-armas-y-reclutaba-jovenes-en-redes-sociales\/#breadcrumb"},"inLanguage":"es","potentialAction":[{"@type":"ReadAction","target":["https:\/\/periodicorealidades.com\/index.php\/2026\/09\/02\/el-nini-el-escolta-de-15-anos-de-el-r5-que-presumia-armas-y-reclutaba-jovenes-en-redes-sociales\/"]}]},{"@type":"ImageObject","inLanguage":"es","@id":"https:\/\/periodicorealidades.com\/index.php\/2026\/09\/02\/el-nini-el-escolta-de-15-anos-de-el-r5-que-presumia-armas-y-reclutaba-jovenes-en-redes-sociales\/#primaryimage","url":"https:\/\/periodicorealidades.com\/wp-content\/uploads\/2026\/09\/image-20.png","contentUrl":"https:\/\/periodicorealidades.com\/wp-content\/uploads\/2026\/09\/image-20.png","width":1280,"height":720},{"@type":"BreadcrumbList","@id":"https:\/\/periodicorealidades.com\/index.php\/2026\/09\/02\/el-nini-el-escolta-de-15-anos-de-el-r5-que-presumia-armas-y-reclutaba-jovenes-en-redes-sociales\/#breadcrumb","itemListElement":[{"@type":"ListItem","position":1,"name":"Inicio","item":"https:\/\/periodicorealidades.com\/"},{"@type":"ListItem","position":2,"name":"\u2018El Nini\u2019, el escolta de 15 a\u00f1os de \u2018El R5\u2019 que presum\u00eda armas y reclutaba j\u00f3venes en redes sociales"}]},{"@type":"WebSite","@id":"https:\/\/periodicorealidades.com\/#website","url":"https:\/\/periodicorealidades.com\/","name":"Peri\u00f3dico Realidades","description":"M\u00e9dio de comunicaci\u00f3n en Nayarit","publisher":{"@id":"https:\/\/periodicorealidades.com\/#organization"},"potentialAction":[{"@type":"SearchAction","target":{"@type":"EntryPoint","urlTemplate":"https:\/\/periodicorealidades.com\/?s={search_term_string}"},"query-input":{"@type":"PropertyValueSpecification","valueRequired":true,"valueName":"search_term_string"}}],"inLanguage":"es"},{"@type":"Organization","@id":"https:\/\/periodicorealidades.com\/#organization","name":"Peri\u00f3dico Realidades","url":"https:\/\/periodicorealidades.com\/","logo":{"@type":"ImageObject","inLanguage":"es","@id":"https:\/\/periodicorealidades.com\/#\/schema\/logo\/image\/","url":"https:\/\/periodicorealidades.com\/wp-content\/uploads\/2023\/05\/r-prueba.png","contentUrl":"https:\/\/periodicorealidades.com\/wp-content\/uploads\/2023\/05\/r-prueba.png","width":709,"height":709,"caption":"Peri\u00f3dico Realidades"},"image":{"@id":"https:\/\/periodicorealidades.com\/#\/schema\/logo\/image\/"},"sameAs":["https:\/\/www.facebook.com\/periodicorealidades.denayarit?mibextid=LQQJ4d"]},{"@type":"Person","@id":"https:\/\/periodicorealidades.com\/#\/schema\/person\/ed60e33c6767be45db655d22ad0c15c4","name":"Arcelia","image":{"@type":"ImageObject","inLanguage":"es","@id":"https:\/\/secure.gravatar.com\/avatar\/36cdbbe591db4ecc4985aac5ab27b8093cf6488d3b664974f0cda2e38368b10d?s=96&d=mm&r=g","url":"https:\/\/secure.gravatar.com\/avatar\/36cdbbe591db4ecc4985aac5ab27b8093cf6488d3b664974f0cda2e38368b10d?s=96&d=mm&r=g","contentUrl":"https:\/\/secure.gravatar.com\/avatar\/36cdbbe591db4ecc4985aac5ab27b8093cf6488d3b664974f0cda2e38368b10d?s=96&d=mm&r=g","caption":"Arcelia"},"url":"https:\/\/periodicorealidades.com\/index.php\/author\/editor-2\/"}]}},"_links":{"self":[{"href":"https:\/\/periodicorealidades.com\/index.php\/wp-json\/wp\/v2\/posts\/77953","targetHints":{"allow":["GET"]}}],"collection":[{"href":"https:\/\/periodicorealidades.com\/index.php\/wp-json\/wp\/v2\/posts"}],"about":[{"href":"https:\/\/periodicorealidades.com\/index.php\/wp-json\/wp\/v2\/types\/post"}],"author":[{"embeddable":true,"href":"https:\/\/periodicorealidades.com\/index.php\/wp-json\/wp\/v2\/users\/4"}],"replies":[{"embeddable":true,"href":"https:\/\/periodicorealidades.com\/index.php\/wp-json\/wp\/v2\/comments?post=77953"}],"version-history":[{"count":1,"href":"https:\/\/periodicorealidades.com\/index.php\/wp-json\/wp\/v2\/posts\/77953\/revisions"}],"predecessor-version":[{"id":77957,"href":"https:\/\/periodicorealidades.com\/index.php\/wp-json\/wp\/v2\/posts\/77953\/revisions\/77957"}],"wp:featuredmedia":[{"embeddable":true,"href":"https:\/\/periodicorealidades.com\/index.php\/wp-json\/wp\/v2\/media\/77954"}],"wp:attachment":[{"href":"https:\/\/periodicorealidades.com\/index.php\/wp-json\/wp\/v2\/media?parent=77953"}],"wp:term":[{"taxonomy":"category","embeddable":true,"href":"https:\/\/periodicorealidades.com\/index.php\/wp-json\/wp\/v2\/categories?post=77953"},{"taxonomy":"post_tag","embeddable":true,"href":"https:\/\/periodicorealidades.com\/index.php\/wp-json\/wp\/v2\/tags?post=77953"}],"curies":[{"name":"wp","href":"https:\/\/api.w.org\/{rel}","templated":true}]}}