{"id":77958,"date":"2026-09-02T14:54:41","date_gmt":"2026-09-02T21:54:41","guid":{"rendered":"https:\/\/periodicorealidades.com\/?p=77958"},"modified":"2026-09-02T14:54:41","modified_gmt":"2026-09-02T21:54:41","slug":"asesinan-a-jonathan-honas-melendez-tecladista-y-fundador-de-camilo-septimo-junto-con-su-familia","status":"publish","type":"post","link":"https:\/\/periodicorealidades.com\/index.php\/2026\/09\/02\/asesinan-a-jonathan-honas-melendez-tecladista-y-fundador-de-camilo-septimo-junto-con-su-familia\/","title":{"rendered":"Asesinan a Jonathan \u201cHonas\u201d Mel\u00e9ndez, tecladista y fundador de Camilo S\u00e9ptimo, junto con su familia"},"content":{"rendered":"\n<p class=\"wp-block-paragraph\"><strong>Atizap\u00e1n de Zaragoza, Estado de M\u00e9xico.<\/strong>\u2014 Jonathan Samuel Mel\u00e9ndez Ochoa, conocido como \u201cHonas\u201d, tecladista, compositor y miembro fundador de la banda mexicana Camilo S\u00e9ptimo, fue asesinado junto con su esposa, su hija de tres a\u00f1os y otra mujer, dentro de un departamento ubicado en Bosques Esmeralda, en Atizap\u00e1n de Zaragoza.<\/p>\n\n\n\n<p class=\"wp-block-paragraph\">El m\u00fasico, de 38 a\u00f1os, fue localizado sin vida junto con otras tres personas, de acuerdo con informaci\u00f3n de la Fiscal\u00eda General de Justicia del Estado de M\u00e9xico. Entre las v\u00edctimas se encontraba su esposa, de 35 a\u00f1os, quien estaba embarazada, as\u00ed como la hija de ambos, de tres a\u00f1os, y una mujer de 21 a\u00f1os.<\/p>\n\n\n\n<p class=\"wp-block-paragraph\">En el inmueble tambi\u00e9n fue encontrado con vida un ni\u00f1o de seis a\u00f1os, quien no presentaba lesiones. Adem\u00e1s, las autoridades localizaron a un perro, mascota de la familia, que se encontraba maniatado.<\/p>\n\n\n\n<figure class=\"wp-block-image size-full\"><img loading=\"lazy\" decoding=\"async\" width=\"738\" height=\"384\" src=\"https:\/\/periodicorealidades.com\/wp-content\/uploads\/2026\/09\/image-24.png\" alt=\"\" class=\"wp-image-77960\" srcset=\"https:\/\/periodicorealidades.com\/wp-content\/uploads\/2026\/09\/image-24.png 738w, https:\/\/periodicorealidades.com\/wp-content\/uploads\/2026\/09\/image-24-300x156.png 300w, https:\/\/periodicorealidades.com\/wp-content\/uploads\/2026\/09\/image-24-323x168.png 323w, https:\/\/periodicorealidades.com\/wp-content\/uploads\/2026\/09\/image-24-307x160.png 307w, https:\/\/periodicorealidades.com\/wp-content\/uploads\/2026\/09\/image-24-696x362.png 696w, https:\/\/periodicorealidades.com\/wp-content\/uploads\/2026\/09\/image-24-356x185.png 356w, https:\/\/periodicorealidades.com\/wp-content\/uploads\/2026\/09\/image-24-501x261.png 501w\" sizes=\"auto, (max-width: 738px) 100vw, 738px\" \/><\/figure>\n\n\n\n<p class=\"wp-block-paragraph\">Tras los hechos, la Fiscal\u00eda mexiquense inform\u00f3 sobre la detenci\u00f3n de dos hombres se\u00f1alados por su probable participaci\u00f3n en el multihomicidio. Uno de ellos fue identificado como Diego Sebasti\u00e1n \u201cN\u201d, quien presuntamente era socio de Mel\u00e9ndez, mientras que el segundo detenido fue identificado como Gerardo \u201cN\u201d.<\/p>\n\n\n\n<p class=\"wp-block-paragraph\">Hasta el momento, las autoridades no han informado cu\u00e1l habr\u00eda sido el m\u00f3vil del crimen. Las investigaciones contin\u00faan para esclarecer lo ocurrido y determinar el grado de responsabilidad de los detenidos.<\/p>\n\n\n\n<p class=\"wp-block-paragraph\">Jonathan \u201cHonas\u201d Mel\u00e9ndez fue parte de Camilo S\u00e9ptimo desde los inicios de la agrupaci\u00f3n y tuvo un papel relevante en la construcci\u00f3n de su sonido, marcado por la combinaci\u00f3n de rock, pop y sintetizadores.<\/p>\n\n\n\n<p class=\"wp-block-paragraph\">La banda se form\u00f3 en 2013 y con el paso de los a\u00f1os se consolid\u00f3 como una de las agrupaciones m\u00e1s reconocidas de la escena alternativa mexicana, present\u00e1ndose en importantes recintos como el Auditorio Nacional y el Palacio de los Deportes.<\/p>\n\n\n\n<p class=\"wp-block-paragraph\">La investigaci\u00f3n por el asesinato del m\u00fasico y su familia permanece abierta.<\/p>\n\n\n\n<p class=\"wp-block-paragraph\"><\/p>\n","protected":false},"excerpt":{"rendered":"<p>Atizap\u00e1n de Zaragoza, Estado de M\u00e9xico.\u2014 Jonathan Samuel Mel\u00e9ndez Ochoa, conocido como \u201cHonas\u201d, tecladista, compositor y miembro fundador de la banda mexicana Camilo S\u00e9ptimo, fue asesinado junto con su esposa, su hija de tres a\u00f1os y otra mujer, dentro de un departamento ubicado en Bosques Esmeralda, en Atizap\u00e1n de Zaragoza. El m\u00fasico, de 38 a\u00f1os, [&hellip;]<\/p>\n","protected":false},"author":4,"featured_media":77959,"comment_status":"closed","ping_status":"open","sticky":false,"template":"","format":"standard","meta":{"footnotes":""},"categories":[11],"tags":[],"class_list":["post-77958","post","type-post","status-publish","format-standard","has-post-thumbnail","category-farandula"],"yoast_head":"<!-- This site is optimized with the Yoast SEO plugin v28.3 - https:\/\/yoast.com\/product\/yoast-seo-wordpress\/ -->\n<title>Asesinan a Jonathan \u201cHonas\u201d Mel\u00e9ndez, tecladista y fundador de Camilo S\u00e9ptimo, junto con su familia - Peri\u00f3dico Realidades<\/title>\n<meta name=\"robots\" content=\"index, follow, max-snippet:-1, max-image-preview:large, max-video-preview:-1\" \/>\n<link rel=\"canonical\" href=\"https:\/\/periodicorealidades.com\/index.php\/2026\/09\/02\/asesinan-a-jonathan-honas-melendez-tecladista-y-fundador-de-camilo-septimo-junto-con-su-familia\/\" \/>\n<meta property=\"og:locale\" content=\"es_MX\" \/>\n<meta property=\"og:type\" content=\"article\" \/>\n<meta property=\"og:title\" content=\"Asesinan a Jonathan \u201cHonas\u201d Mel\u00e9ndez, tecladista y fundador de Camilo S\u00e9ptimo, junto con su familia - Peri\u00f3dico Realidades\" \/>\n<meta property=\"og:description\" content=\"Atizap\u00e1n de Zaragoza, Estado de M\u00e9xico.\u2014 Jonathan Samuel Mel\u00e9ndez Ochoa, conocido como \u201cHonas\u201d, tecladista, compositor y miembro fundador de la banda mexicana Camilo S\u00e9ptimo, fue asesinado junto con su esposa, su hija de tres a\u00f1os y otra mujer, dentro de un departamento ubicado en Bosques Esmeralda, en Atizap\u00e1n de Zaragoza. El m\u00fasico, de 38 a\u00f1os, [&hellip;]\" \/>\n<meta property=\"og:url\" content=\"https:\/\/periodicorealidades.com\/index.php\/2026\/09\/02\/asesinan-a-jonathan-honas-melendez-tecladista-y-fundador-de-camilo-septimo-junto-con-su-familia\/\" \/>\n<meta property=\"og:site_name\" content=\"Peri\u00f3dico Realidades\" \/>\n<meta property=\"article:publisher\" content=\"https:\/\/www.facebook.com\/periodicorealidades.denayarit?mibextid=LQQJ4d\" \/>\n<meta property=\"article:published_time\" content=\"2026-09-02T21:54:41+00:00\" \/>\n<meta property=\"og:image\" content=\"https:\/\/periodicorealidades.com\/wp-content\/uploads\/2026\/09\/image-23.png\" \/>\n\t<meta property=\"og:image:width\" content=\"738\" \/>\n\t<meta property=\"og:image:height\" content=\"414\" \/>\n\t<meta property=\"og:image:type\" content=\"image\/png\" \/>\n<meta name=\"author\" content=\"Arcelia\" \/>\n<meta name=\"twitter:card\" content=\"summary_large_image\" \/>\n<meta name=\"twitter:label1\" content=\"Escrito por\" \/>\n\t<meta name=\"twitter:data1\" content=\"Arcelia\" \/>\n\t<meta name=\"twitter:label2\" content=\"Tiempo de lectura\" \/>\n\t<meta name=\"twitter:data2\" content=\"2 minutos\" \/>\n<script type=\"application\/ld+json\" class=\"yoast-schema-graph\">{\"@context\":\"https:\\\/\\\/schema.org\",\"@graph\":[{\"@type\":\"Article\",\"@id\":\"https:\\\/\\\/periodicorealidades.com\\\/index.php\\\/2026\\\/09\\\/02\\\/asesinan-a-jonathan-honas-melendez-tecladista-y-fundador-de-camilo-septimo-junto-con-su-familia\\\/#article\",\"isPartOf\":{\"@id\":\"https:\\\/\\\/periodicorealidades.com\\\/index.php\\\/2026\\\/09\\\/02\\\/asesinan-a-jonathan-honas-melendez-tecladista-y-fundador-de-camilo-septimo-junto-con-su-familia\\\/\"},\"author\":{\"name\":\"Arcelia\",\"@id\":\"https:\\\/\\\/periodicorealidades.com\\\/#\\\/schema\\\/person\\\/ed60e33c6767be45db655d22ad0c15c4\"},\"headline\":\"Asesinan a Jonathan \u201cHonas\u201d Mel\u00e9ndez, tecladista y fundador de Camilo S\u00e9ptimo, junto con su familia\",\"datePublished\":\"2026-09-02T21:54:41+00:00\",\"mainEntityOfPage\":{\"@id\":\"https:\\\/\\\/periodicorealidades.com\\\/index.php\\\/2026\\\/09\\\/02\\\/asesinan-a-jonathan-honas-melendez-tecladista-y-fundador-de-camilo-septimo-junto-con-su-familia\\\/\"},\"wordCount\":354,\"publisher\":{\"@id\":\"https:\\\/\\\/periodicorealidades.com\\\/#organization\"},\"image\":{\"@id\":\"https:\\\/\\\/periodicorealidades.com\\\/index.php\\\/2026\\\/09\\\/02\\\/asesinan-a-jonathan-honas-melendez-tecladista-y-fundador-de-camilo-septimo-junto-con-su-familia\\\/#primaryimage\"},\"thumbnailUrl\":\"https:\\\/\\\/periodicorealidades.com\\\/wp-content\\\/uploads\\\/2026\\\/09\\\/image-23.png\",\"articleSection\":[\"FARANDULA\"],\"inLanguage\":\"es\"},{\"@type\":\"WebPage\",\"@id\":\"https:\\\/\\\/periodicorealidades.com\\\/index.php\\\/2026\\\/09\\\/02\\\/asesinan-a-jonathan-honas-melendez-tecladista-y-fundador-de-camilo-septimo-junto-con-su-familia\\\/\",\"url\":\"https:\\\/\\\/periodicorealidades.com\\\/index.php\\\/2026\\\/09\\\/02\\\/asesinan-a-jonathan-honas-melendez-tecladista-y-fundador-de-camilo-septimo-junto-con-su-familia\\\/\",\"name\":\"Asesinan a Jonathan \u201cHonas\u201d Mel\u00e9ndez, tecladista y fundador de Camilo S\u00e9ptimo, junto con su familia - Peri\u00f3dico Realidades\",\"isPartOf\":{\"@id\":\"https:\\\/\\\/periodicorealidades.com\\\/#website\"},\"primaryImageOfPage\":{\"@id\":\"https:\\\/\\\/periodicorealidades.com\\\/index.php\\\/2026\\\/09\\\/02\\\/asesinan-a-jonathan-honas-melendez-tecladista-y-fundador-de-camilo-septimo-junto-con-su-familia\\\/#primaryimage\"},\"image\":{\"@id\":\"https:\\\/\\\/periodicorealidades.com\\\/index.php\\\/2026\\\/09\\\/02\\\/asesinan-a-jonathan-honas-melendez-tecladista-y-fundador-de-camilo-septimo-junto-con-su-familia\\\/#primaryimage\"},\"thumbnailUrl\":\"https:\\\/\\\/periodicorealidades.com\\\/wp-content\\\/uploads\\\/2026\\\/09\\\/image-23.png\",\"datePublished\":\"2026-09-02T21:54:41+00:00\",\"breadcrumb\":{\"@id\":\"https:\\\/\\\/periodicorealidades.com\\\/index.php\\\/2026\\\/09\\\/02\\\/asesinan-a-jonathan-honas-melendez-tecladista-y-fundador-de-camilo-septimo-junto-con-su-familia\\\/#breadcrumb\"},\"inLanguage\":\"es\",\"potentialAction\":[{\"@type\":\"ReadAction\",\"target\":[\"https:\\\/\\\/periodicorealidades.com\\\/index.php\\\/2026\\\/09\\\/02\\\/asesinan-a-jonathan-honas-melendez-tecladista-y-fundador-de-camilo-septimo-junto-con-su-familia\\\/\"]}]},{\"@type\":\"ImageObject\",\"inLanguage\":\"es\",\"@id\":\"https:\\\/\\\/periodicorealidades.com\\\/index.php\\\/2026\\\/09\\\/02\\\/asesinan-a-jonathan-honas-melendez-tecladista-y-fundador-de-camilo-septimo-junto-con-su-familia\\\/#primaryimage\",\"url\":\"https:\\\/\\\/periodicorealidades.com\\\/wp-content\\\/uploads\\\/2026\\\/09\\\/image-23.png\",\"contentUrl\":\"https:\\\/\\\/periodicorealidades.com\\\/wp-content\\\/uploads\\\/2026\\\/09\\\/image-23.png\",\"width\":738,\"height\":414},{\"@type\":\"BreadcrumbList\",\"@id\":\"https:\\\/\\\/periodicorealidades.com\\\/index.php\\\/2026\\\/09\\\/02\\\/asesinan-a-jonathan-honas-melendez-tecladista-y-fundador-de-camilo-septimo-junto-con-su-familia\\\/#breadcrumb\",\"itemListElement\":[{\"@type\":\"ListItem\",\"position\":1,\"name\":\"Inicio\",\"item\":\"https:\\\/\\\/periodicorealidades.com\\\/\"},{\"@type\":\"ListItem\",\"position\":2,\"name\":\"Asesinan a Jonathan \u201cHonas\u201d Mel\u00e9ndez, tecladista y fundador de Camilo S\u00e9ptimo, junto con su familia\"}]},{\"@type\":\"WebSite\",\"@id\":\"https:\\\/\\\/periodicorealidades.com\\\/#website\",\"url\":\"https:\\\/\\\/periodicorealidades.com\\\/\",\"name\":\"Peri\u00f3dico Realidades\",\"description\":\"M\u00e9dio de comunicaci\u00f3n en Nayarit\",\"publisher\":{\"@id\":\"https:\\\/\\\/periodicorealidades.com\\\/#organization\"},\"potentialAction\":[{\"@type\":\"SearchAction\",\"target\":{\"@type\":\"EntryPoint\",\"urlTemplate\":\"https:\\\/\\\/periodicorealidades.com\\\/?s={search_term_string}\"},\"query-input\":{\"@type\":\"PropertyValueSpecification\",\"valueRequired\":true,\"valueName\":\"search_term_string\"}}],\"inLanguage\":\"es\"},{\"@type\":\"Organization\",\"@id\":\"https:\\\/\\\/periodicorealidades.com\\\/#organization\",\"name\":\"Peri\u00f3dico Realidades\",\"url\":\"https:\\\/\\\/periodicorealidades.com\\\/\",\"logo\":{\"@type\":\"ImageObject\",\"inLanguage\":\"es\",\"@id\":\"https:\\\/\\\/periodicorealidades.com\\\/#\\\/schema\\\/logo\\\/image\\\/\",\"url\":\"https:\\\/\\\/periodicorealidades.com\\\/wp-content\\\/uploads\\\/2023\\\/05\\\/r-prueba.png\",\"contentUrl\":\"https:\\\/\\\/periodicorealidades.com\\\/wp-content\\\/uploads\\\/2023\\\/05\\\/r-prueba.png\",\"width\":709,\"height\":709,\"caption\":\"Peri\u00f3dico Realidades\"},\"image\":{\"@id\":\"https:\\\/\\\/periodicorealidades.com\\\/#\\\/schema\\\/logo\\\/image\\\/\"},\"sameAs\":[\"https:\\\/\\\/www.facebook.com\\\/periodicorealidades.denayarit?mibextid=LQQJ4d\"]},{\"@type\":\"Person\",\"@id\":\"https:\\\/\\\/periodicorealidades.com\\\/#\\\/schema\\\/person\\\/ed60e33c6767be45db655d22ad0c15c4\",\"name\":\"Arcelia\",\"image\":{\"@type\":\"ImageObject\",\"inLanguage\":\"es\",\"@id\":\"https:\\\/\\\/secure.gravatar.com\\\/avatar\\\/36cdbbe591db4ecc4985aac5ab27b8093cf6488d3b664974f0cda2e38368b10d?s=96&d=mm&r=g\",\"url\":\"https:\\\/\\\/secure.gravatar.com\\\/avatar\\\/36cdbbe591db4ecc4985aac5ab27b8093cf6488d3b664974f0cda2e38368b10d?s=96&d=mm&r=g\",\"contentUrl\":\"https:\\\/\\\/secure.gravatar.com\\\/avatar\\\/36cdbbe591db4ecc4985aac5ab27b8093cf6488d3b664974f0cda2e38368b10d?s=96&d=mm&r=g\",\"caption\":\"Arcelia\"},\"url\":\"https:\\\/\\\/periodicorealidades.com\\\/index.php\\\/author\\\/editor-2\\\/\"}]}<\/script>\n<!-- \/ Yoast SEO plugin. -->","yoast_head_json":{"title":"Asesinan a Jonathan \u201cHonas\u201d Mel\u00e9ndez, tecladista y fundador de Camilo S\u00e9ptimo, junto con su familia - Peri\u00f3dico Realidades","robots":{"index":"index","follow":"follow","max-snippet":"max-snippet:-1","max-image-preview":"max-image-preview:large","max-video-preview":"max-video-preview:-1"},"canonical":"https:\/\/periodicorealidades.com\/index.php\/2026\/09\/02\/asesinan-a-jonathan-honas-melendez-tecladista-y-fundador-de-camilo-septimo-junto-con-su-familia\/","og_locale":"es_MX","og_type":"article","og_title":"Asesinan a Jonathan \u201cHonas\u201d Mel\u00e9ndez, tecladista y fundador de Camilo S\u00e9ptimo, junto con su familia - Peri\u00f3dico Realidades","og_description":"Atizap\u00e1n de Zaragoza, Estado de M\u00e9xico.\u2014 Jonathan Samuel Mel\u00e9ndez Ochoa, conocido como \u201cHonas\u201d, tecladista, compositor y miembro fundador de la banda mexicana Camilo S\u00e9ptimo, fue asesinado junto con su esposa, su hija de tres a\u00f1os y otra mujer, dentro de un departamento ubicado en Bosques Esmeralda, en Atizap\u00e1n de Zaragoza. El m\u00fasico, de 38 a\u00f1os, [&hellip;]","og_url":"https:\/\/periodicorealidades.com\/index.php\/2026\/09\/02\/asesinan-a-jonathan-honas-melendez-tecladista-y-fundador-de-camilo-septimo-junto-con-su-familia\/","og_site_name":"Peri\u00f3dico Realidades","article_publisher":"https:\/\/www.facebook.com\/periodicorealidades.denayarit?mibextid=LQQJ4d","article_published_time":"2026-09-02T21:54:41+00:00","og_image":[{"width":738,"height":414,"url":"https:\/\/periodicorealidades.com\/wp-content\/uploads\/2026\/09\/image-23.png","type":"image\/png"}],"author":"Arcelia","twitter_card":"summary_large_image","twitter_misc":{"Escrito por":"Arcelia","Tiempo de lectura":"2 minutos"},"schema":{"@context":"https:\/\/schema.org","@graph":[{"@type":"Article","@id":"https:\/\/periodicorealidades.com\/index.php\/2026\/09\/02\/asesinan-a-jonathan-honas-melendez-tecladista-y-fundador-de-camilo-septimo-junto-con-su-familia\/#article","isPartOf":{"@id":"https:\/\/periodicorealidades.com\/index.php\/2026\/09\/02\/asesinan-a-jonathan-honas-melendez-tecladista-y-fundador-de-camilo-septimo-junto-con-su-familia\/"},"author":{"name":"Arcelia","@id":"https:\/\/periodicorealidades.com\/#\/schema\/person\/ed60e33c6767be45db655d22ad0c15c4"},"headline":"Asesinan a Jonathan \u201cHonas\u201d Mel\u00e9ndez, tecladista y fundador de Camilo S\u00e9ptimo, junto con su familia","datePublished":"2026-09-02T21:54:41+00:00","mainEntityOfPage":{"@id":"https:\/\/periodicorealidades.com\/index.php\/2026\/09\/02\/asesinan-a-jonathan-honas-melendez-tecladista-y-fundador-de-camilo-septimo-junto-con-su-familia\/"},"wordCount":354,"publisher":{"@id":"https:\/\/periodicorealidades.com\/#organization"},"image":{"@id":"https:\/\/periodicorealidades.com\/index.php\/2026\/09\/02\/asesinan-a-jonathan-honas-melendez-tecladista-y-fundador-de-camilo-septimo-junto-con-su-familia\/#primaryimage"},"thumbnailUrl":"https:\/\/periodicorealidades.com\/wp-content\/uploads\/2026\/09\/image-23.png","articleSection":["FARANDULA"],"inLanguage":"es"},{"@type":"WebPage","@id":"https:\/\/periodicorealidades.com\/index.php\/2026\/09\/02\/asesinan-a-jonathan-honas-melendez-tecladista-y-fundador-de-camilo-septimo-junto-con-su-familia\/","url":"https:\/\/periodicorealidades.com\/index.php\/2026\/09\/02\/asesinan-a-jonathan-honas-melendez-tecladista-y-fundador-de-camilo-septimo-junto-con-su-familia\/","name":"Asesinan a Jonathan \u201cHonas\u201d Mel\u00e9ndez, tecladista y fundador de Camilo S\u00e9ptimo, junto con su familia - Peri\u00f3dico Realidades","isPartOf":{"@id":"https:\/\/periodicorealidades.com\/#website"},"primaryImageOfPage":{"@id":"https:\/\/periodicorealidades.com\/index.php\/2026\/09\/02\/asesinan-a-jonathan-honas-melendez-tecladista-y-fundador-de-camilo-septimo-junto-con-su-familia\/#primaryimage"},"image":{"@id":"https:\/\/periodicorealidades.com\/index.php\/2026\/09\/02\/asesinan-a-jonathan-honas-melendez-tecladista-y-fundador-de-camilo-septimo-junto-con-su-familia\/#primaryimage"},"thumbnailUrl":"https:\/\/periodicorealidades.com\/wp-content\/uploads\/2026\/09\/image-23.png","datePublished":"2026-09-02T21:54:41+00:00","breadcrumb":{"@id":"https:\/\/periodicorealidades.com\/index.php\/2026\/09\/02\/asesinan-a-jonathan-honas-melendez-tecladista-y-fundador-de-camilo-septimo-junto-con-su-familia\/#breadcrumb"},"inLanguage":"es","potentialAction":[{"@type":"ReadAction","target":["https:\/\/periodicorealidades.com\/index.php\/2026\/09\/02\/asesinan-a-jonathan-honas-melendez-tecladista-y-fundador-de-camilo-septimo-junto-con-su-familia\/"]}]},{"@type":"ImageObject","inLanguage":"es","@id":"https:\/\/periodicorealidades.com\/index.php\/2026\/09\/02\/asesinan-a-jonathan-honas-melendez-tecladista-y-fundador-de-camilo-septimo-junto-con-su-familia\/#primaryimage","url":"https:\/\/periodicorealidades.com\/wp-content\/uploads\/2026\/09\/image-23.png","contentUrl":"https:\/\/periodicorealidades.com\/wp-content\/uploads\/2026\/09\/image-23.png","width":738,"height":414},{"@type":"BreadcrumbList","@id":"https:\/\/periodicorealidades.com\/index.php\/2026\/09\/02\/asesinan-a-jonathan-honas-melendez-tecladista-y-fundador-de-camilo-septimo-junto-con-su-familia\/#breadcrumb","itemListElement":[{"@type":"ListItem","position":1,"name":"Inicio","item":"https:\/\/periodicorealidades.com\/"},{"@type":"ListItem","position":2,"name":"Asesinan a Jonathan \u201cHonas\u201d Mel\u00e9ndez, tecladista y fundador de Camilo S\u00e9ptimo, junto con su familia"}]},{"@type":"WebSite","@id":"https:\/\/periodicorealidades.com\/#website","url":"https:\/\/periodicorealidades.com\/","name":"Peri\u00f3dico Realidades","description":"M\u00e9dio de comunicaci\u00f3n en Nayarit","publisher":{"@id":"https:\/\/periodicorealidades.com\/#organization"},"potentialAction":[{"@type":"SearchAction","target":{"@type":"EntryPoint","urlTemplate":"https:\/\/periodicorealidades.com\/?s={search_term_string}"},"query-input":{"@type":"PropertyValueSpecification","valueRequired":true,"valueName":"search_term_string"}}],"inLanguage":"es"},{"@type":"Organization","@id":"https:\/\/periodicorealidades.com\/#organization","name":"Peri\u00f3dico Realidades","url":"https:\/\/periodicorealidades.com\/","logo":{"@type":"ImageObject","inLanguage":"es","@id":"https:\/\/periodicorealidades.com\/#\/schema\/logo\/image\/","url":"https:\/\/periodicorealidades.com\/wp-content\/uploads\/2023\/05\/r-prueba.png","contentUrl":"https:\/\/periodicorealidades.com\/wp-content\/uploads\/2023\/05\/r-prueba.png","width":709,"height":709,"caption":"Peri\u00f3dico Realidades"},"image":{"@id":"https:\/\/periodicorealidades.com\/#\/schema\/logo\/image\/"},"sameAs":["https:\/\/www.facebook.com\/periodicorealidades.denayarit?mibextid=LQQJ4d"]},{"@type":"Person","@id":"https:\/\/periodicorealidades.com\/#\/schema\/person\/ed60e33c6767be45db655d22ad0c15c4","name":"Arcelia","image":{"@type":"ImageObject","inLanguage":"es","@id":"https:\/\/secure.gravatar.com\/avatar\/36cdbbe591db4ecc4985aac5ab27b8093cf6488d3b664974f0cda2e38368b10d?s=96&d=mm&r=g","url":"https:\/\/secure.gravatar.com\/avatar\/36cdbbe591db4ecc4985aac5ab27b8093cf6488d3b664974f0cda2e38368b10d?s=96&d=mm&r=g","contentUrl":"https:\/\/secure.gravatar.com\/avatar\/36cdbbe591db4ecc4985aac5ab27b8093cf6488d3b664974f0cda2e38368b10d?s=96&d=mm&r=g","caption":"Arcelia"},"url":"https:\/\/periodicorealidades.com\/index.php\/author\/editor-2\/"}]}},"_links":{"self":[{"href":"https:\/\/periodicorealidades.com\/index.php\/wp-json\/wp\/v2\/posts\/77958","targetHints":{"allow":["GET"]}}],"collection":[{"href":"https:\/\/periodicorealidades.com\/index.php\/wp-json\/wp\/v2\/posts"}],"about":[{"href":"https:\/\/periodicorealidades.com\/index.php\/wp-json\/wp\/v2\/types\/post"}],"author":[{"embeddable":true,"href":"https:\/\/periodicorealidades.com\/index.php\/wp-json\/wp\/v2\/users\/4"}],"replies":[{"embeddable":true,"href":"https:\/\/periodicorealidades.com\/index.php\/wp-json\/wp\/v2\/comments?post=77958"}],"version-history":[{"count":1,"href":"https:\/\/periodicorealidades.com\/index.php\/wp-json\/wp\/v2\/posts\/77958\/revisions"}],"predecessor-version":[{"id":77961,"href":"https:\/\/periodicorealidades.com\/index.php\/wp-json\/wp\/v2\/posts\/77958\/revisions\/77961"}],"wp:featuredmedia":[{"embeddable":true,"href":"https:\/\/periodicorealidades.com\/index.php\/wp-json\/wp\/v2\/media\/77959"}],"wp:attachment":[{"href":"https:\/\/periodicorealidades.com\/index.php\/wp-json\/wp\/v2\/media?parent=77958"}],"wp:term":[{"taxonomy":"category","embeddable":true,"href":"https:\/\/periodicorealidades.com\/index.php\/wp-json\/wp\/v2\/categories?post=77958"},{"taxonomy":"post_tag","embeddable":true,"href":"https:\/\/periodicorealidades.com\/index.php\/wp-json\/wp\/v2\/tags?post=77958"}],"curies":[{"name":"wp","href":"https:\/\/api.w.org\/{rel}","templated":true}]}}