{"id":77962,"date":"2026-09-02T15:06:27","date_gmt":"2026-09-02T22:06:27","guid":{"rendered":"https:\/\/periodicorealidades.com\/?p=77962"},"modified":"2026-09-02T15:06:27","modified_gmt":"2026-09-02T22:06:27","slug":"rebeca-bernal-hace-historia-llega-al-manchester-united-y-se-convierte-en-la-primera-mexicana-en-la-wsl","status":"publish","type":"post","link":"https:\/\/periodicorealidades.com\/index.php\/2026\/09\/02\/rebeca-bernal-hace-historia-llega-al-manchester-united-y-se-convierte-en-la-primera-mexicana-en-la-wsl\/","title":{"rendered":"Rebeca Bernal hace historia: llega al Manchester United y se convierte en la primera mexicana en la WSL"},"content":{"rendered":"\n<p class=\"wp-block-paragraph\"><strong>La capitana de la Selecci\u00f3n Mexicana, de 29 a\u00f1os, contin\u00faa haciendo historia en el futbol femenil tras concretar su llegada al Manchester United con un contrato hasta 2029.<\/strong><\/p>\n\n\n\n<p class=\"wp-block-paragraph\">Rebeca Bernal contin\u00faa escribiendo p\u00e1ginas importantes en la historia del futbol mexicano. La defensora de 29 a\u00f1os fue anunciada como nueva jugadora del&nbsp;<strong>Manchester United<\/strong>, equipo con el que disputar\u00e1 la Women\u2019s Super League (WSL), convirti\u00e9ndose en la primera futbolista mexicana en llegar a esta competencia.<\/p>\n\n\n\n<p class=\"wp-block-paragraph\">El conjunto ingl\u00e9s confirm\u00f3 la incorporaci\u00f3n de Bernal a trav\u00e9s de sus redes sociales, luego de concretar su traspaso procedente del&nbsp;<strong>Washington Spirit<\/strong>, de la National Women\u2019s Soccer League (NWSL). La mexicana firm\u00f3 un contrato que la vincula con el club hasta 2029.<\/p>\n\n\n\n<p class=\"wp-block-paragraph\">\u201c\u00a1Nuestro \u00faltimo refuerzo ha llegado, Rojos! Les presentamos a nuestra nueva incorporaci\u00f3n: \u00a1Rebeca Bernal!\u201d, public\u00f3 el Manchester United para darle la bienvenida a su nueva jugadora.<\/p>\n\n\n\n<h2 class=\"wp-block-heading\">Una carrera llena de \u00e9xitos<\/h2>\n\n\n\n<p class=\"wp-block-paragraph\">Bernal es considerada una de las futbolistas m\u00e1s importantes de M\u00e9xico y una aut\u00e9ntica leyenda del&nbsp;<strong>Monterrey<\/strong>, club con el que debut\u00f3 profesionalmente y donde consigui\u00f3 cuatro t\u00edtulos.<\/p>\n\n\n\n<p class=\"wp-block-paragraph\">Despu\u00e9s de una destacada etapa con Rayadas, en 2025 dio el salto al futbol de Estados Unidos para incorporarse al Washington Spirit. Su desempe\u00f1o y liderazgo le permitieron continuar creciendo a nivel internacional hasta concretar ahora su llegada al futbol ingl\u00e9s.<\/p>\n\n\n\n<p class=\"wp-block-paragraph\">Uno de los momentos m\u00e1s importantes de su carrera con la Selecci\u00f3n Mexicana ocurri\u00f3 en los&nbsp;<strong>Juegos Panamericanos de Santiago 2023<\/strong>, donde fue pieza fundamental para que M\u00e9xico conquistara la medalla de oro.<\/p>\n\n\n\n<figure class=\"wp-block-image size-full\"><img loading=\"lazy\" decoding=\"async\" width=\"447\" height=\"447\" src=\"https:\/\/periodicorealidades.com\/wp-content\/uploads\/2026\/09\/image-26.png\" alt=\"\" class=\"wp-image-77964\" srcset=\"https:\/\/periodicorealidades.com\/wp-content\/uploads\/2026\/09\/image-26.png 447w, https:\/\/periodicorealidades.com\/wp-content\/uploads\/2026\/09\/image-26-150x150-1.png 150w, https:\/\/periodicorealidades.com\/wp-content\/uploads\/2026\/09\/image-26-300x300-1.png 300w, https:\/\/periodicorealidades.com\/wp-content\/uploads\/2026\/09\/image-26-60x60.png 60w, https:\/\/periodicorealidades.com\/wp-content\/uploads\/2026\/09\/image-26-324x324.png 324w, https:\/\/periodicorealidades.com\/wp-content\/uploads\/2026\/09\/image-26-70x70.png 70w, https:\/\/periodicorealidades.com\/wp-content\/uploads\/2026\/09\/image-26-198x198.png 198w, https:\/\/periodicorealidades.com\/wp-content\/uploads\/2026\/09\/image-26-360x360.png 360w, https:\/\/periodicorealidades.com\/wp-content\/uploads\/2026\/09\/image-26-160x160.png 160w, https:\/\/periodicorealidades.com\/wp-content\/uploads\/2026\/09\/image-26-235x235.png 235w, https:\/\/periodicorealidades.com\/wp-content\/uploads\/2026\/09\/image-26-220x220.png 220w, https:\/\/periodicorealidades.com\/wp-content\/uploads\/2026\/09\/image-26-261x261.png 261w, https:\/\/periodicorealidades.com\/wp-content\/uploads\/2026\/09\/image-26-356x356.png 356w\" sizes=\"auto, (max-width: 447px) 100vw, 447px\" \/><\/figure>\n\n\n\n<h2 class=\"wp-block-heading\">Desde los 15 a\u00f1os con M\u00e9xico<\/h2>\n\n\n\n<p class=\"wp-block-paragraph\">La relaci\u00f3n de Rebeca Bernal con la Selecci\u00f3n Mexicana comenz\u00f3 desde muy joven. A los 15 a\u00f1os recibi\u00f3 su primer llamado a la categor\u00eda Sub-17, con la que disput\u00f3 el Campeonato Femenino Sub-17 de la Concacaf.<\/p>\n\n\n\n<p class=\"wp-block-paragraph\">Un a\u00f1o despu\u00e9s, a los 16, fue convocada a la Selecci\u00f3n Sub-20 y posteriormente dio el salto al combinado mayor, al que se integr\u00f3 en 2017.<\/p>\n\n\n\n<p class=\"wp-block-paragraph\">Ahora, con una amplia experiencia internacional y como capitana de la Selecci\u00f3n Mexicana, Bernal afronta uno de los mayores retos de su carrera: defender los colores del Manchester United y abrir camino para las futbolistas mexicanas en una de las ligas femeniles m\u00e1s importantes del mundo.<\/p>\n\n\n\n<p class=\"wp-block-paragraph\"><\/p>\n","protected":false},"excerpt":{"rendered":"<p>La capitana de la Selecci\u00f3n Mexicana, de 29 a\u00f1os, contin\u00faa haciendo historia en el futbol femenil tras concretar su llegada al Manchester United con un contrato hasta 2029. Rebeca Bernal contin\u00faa escribiendo p\u00e1ginas importantes en la historia del futbol mexicano. La defensora de 29 a\u00f1os fue anunciada como nueva jugadora del&nbsp;Manchester United, equipo con el [&hellip;]<\/p>\n","protected":false},"author":4,"featured_media":77963,"comment_status":"closed","ping_status":"open","sticky":false,"template":"","format":"standard","meta":{"footnotes":""},"categories":[12],"tags":[],"class_list":["post-77962","post","type-post","status-publish","format-standard","has-post-thumbnail","category-nacional"],"yoast_head":"<!-- This site is optimized with the Yoast SEO plugin v28.3 - https:\/\/yoast.com\/product\/yoast-seo-wordpress\/ -->\n<title>Rebeca Bernal hace historia: llega al Manchester United y se convierte en la primera mexicana en la WSL - Peri\u00f3dico Realidades<\/title>\n<meta name=\"robots\" content=\"index, follow, max-snippet:-1, max-image-preview:large, max-video-preview:-1\" \/>\n<link rel=\"canonical\" href=\"https:\/\/periodicorealidades.com\/index.php\/2026\/09\/02\/rebeca-bernal-hace-historia-llega-al-manchester-united-y-se-convierte-en-la-primera-mexicana-en-la-wsl\/\" \/>\n<meta property=\"og:locale\" content=\"es_MX\" \/>\n<meta property=\"og:type\" content=\"article\" \/>\n<meta property=\"og:title\" content=\"Rebeca Bernal hace historia: llega al Manchester United y se convierte en la primera mexicana en la WSL - Peri\u00f3dico Realidades\" \/>\n<meta property=\"og:description\" content=\"La capitana de la Selecci\u00f3n Mexicana, de 29 a\u00f1os, contin\u00faa haciendo historia en el futbol femenil tras concretar su llegada al Manchester United con un contrato hasta 2029. Rebeca Bernal contin\u00faa escribiendo p\u00e1ginas importantes en la historia del futbol mexicano. La defensora de 29 a\u00f1os fue anunciada como nueva jugadora del&nbsp;Manchester United, equipo con el [&hellip;]\" \/>\n<meta property=\"og:url\" content=\"https:\/\/periodicorealidades.com\/index.php\/2026\/09\/02\/rebeca-bernal-hace-historia-llega-al-manchester-united-y-se-convierte-en-la-primera-mexicana-en-la-wsl\/\" \/>\n<meta property=\"og:site_name\" content=\"Peri\u00f3dico Realidades\" \/>\n<meta property=\"article:publisher\" content=\"https:\/\/www.facebook.com\/periodicorealidades.denayarit?mibextid=LQQJ4d\" \/>\n<meta property=\"article:published_time\" content=\"2026-09-02T22:06:27+00:00\" \/>\n<meta property=\"og:image\" content=\"https:\/\/periodicorealidades.com\/wp-content\/uploads\/2026\/09\/image-25.png\" \/>\n\t<meta property=\"og:image:width\" content=\"399\" \/>\n\t<meta property=\"og:image:height\" content=\"501\" \/>\n\t<meta property=\"og:image:type\" content=\"image\/png\" \/>\n<meta name=\"author\" content=\"Arcelia\" \/>\n<meta name=\"twitter:card\" content=\"summary_large_image\" \/>\n<meta name=\"twitter:label1\" content=\"Escrito por\" \/>\n\t<meta name=\"twitter:data1\" content=\"Arcelia\" \/>\n\t<meta name=\"twitter:label2\" content=\"Tiempo de lectura\" \/>\n\t<meta name=\"twitter:data2\" content=\"3 minutos\" \/>\n<script type=\"application\/ld+json\" class=\"yoast-schema-graph\">{\"@context\":\"https:\\\/\\\/schema.org\",\"@graph\":[{\"@type\":\"Article\",\"@id\":\"https:\\\/\\\/periodicorealidades.com\\\/index.php\\\/2026\\\/09\\\/02\\\/rebeca-bernal-hace-historia-llega-al-manchester-united-y-se-convierte-en-la-primera-mexicana-en-la-wsl\\\/#article\",\"isPartOf\":{\"@id\":\"https:\\\/\\\/periodicorealidades.com\\\/index.php\\\/2026\\\/09\\\/02\\\/rebeca-bernal-hace-historia-llega-al-manchester-united-y-se-convierte-en-la-primera-mexicana-en-la-wsl\\\/\"},\"author\":{\"name\":\"Arcelia\",\"@id\":\"https:\\\/\\\/periodicorealidades.com\\\/#\\\/schema\\\/person\\\/ed60e33c6767be45db655d22ad0c15c4\"},\"headline\":\"Rebeca Bernal hace historia: llega al Manchester United y se convierte en la primera mexicana en la WSL\",\"datePublished\":\"2026-09-02T22:06:27+00:00\",\"mainEntityOfPage\":{\"@id\":\"https:\\\/\\\/periodicorealidades.com\\\/index.php\\\/2026\\\/09\\\/02\\\/rebeca-bernal-hace-historia-llega-al-manchester-united-y-se-convierte-en-la-primera-mexicana-en-la-wsl\\\/\"},\"wordCount\":410,\"publisher\":{\"@id\":\"https:\\\/\\\/periodicorealidades.com\\\/#organization\"},\"image\":{\"@id\":\"https:\\\/\\\/periodicorealidades.com\\\/index.php\\\/2026\\\/09\\\/02\\\/rebeca-bernal-hace-historia-llega-al-manchester-united-y-se-convierte-en-la-primera-mexicana-en-la-wsl\\\/#primaryimage\"},\"thumbnailUrl\":\"https:\\\/\\\/periodicorealidades.com\\\/wp-content\\\/uploads\\\/2026\\\/09\\\/image-25.png\",\"articleSection\":[\"Nacional\"],\"inLanguage\":\"es\"},{\"@type\":\"WebPage\",\"@id\":\"https:\\\/\\\/periodicorealidades.com\\\/index.php\\\/2026\\\/09\\\/02\\\/rebeca-bernal-hace-historia-llega-al-manchester-united-y-se-convierte-en-la-primera-mexicana-en-la-wsl\\\/\",\"url\":\"https:\\\/\\\/periodicorealidades.com\\\/index.php\\\/2026\\\/09\\\/02\\\/rebeca-bernal-hace-historia-llega-al-manchester-united-y-se-convierte-en-la-primera-mexicana-en-la-wsl\\\/\",\"name\":\"Rebeca Bernal hace historia: llega al Manchester United y se convierte en la primera mexicana en la WSL - Peri\u00f3dico Realidades\",\"isPartOf\":{\"@id\":\"https:\\\/\\\/periodicorealidades.com\\\/#website\"},\"primaryImageOfPage\":{\"@id\":\"https:\\\/\\\/periodicorealidades.com\\\/index.php\\\/2026\\\/09\\\/02\\\/rebeca-bernal-hace-historia-llega-al-manchester-united-y-se-convierte-en-la-primera-mexicana-en-la-wsl\\\/#primaryimage\"},\"image\":{\"@id\":\"https:\\\/\\\/periodicorealidades.com\\\/index.php\\\/2026\\\/09\\\/02\\\/rebeca-bernal-hace-historia-llega-al-manchester-united-y-se-convierte-en-la-primera-mexicana-en-la-wsl\\\/#primaryimage\"},\"thumbnailUrl\":\"https:\\\/\\\/periodicorealidades.com\\\/wp-content\\\/uploads\\\/2026\\\/09\\\/image-25.png\",\"datePublished\":\"2026-09-02T22:06:27+00:00\",\"breadcrumb\":{\"@id\":\"https:\\\/\\\/periodicorealidades.com\\\/index.php\\\/2026\\\/09\\\/02\\\/rebeca-bernal-hace-historia-llega-al-manchester-united-y-se-convierte-en-la-primera-mexicana-en-la-wsl\\\/#breadcrumb\"},\"inLanguage\":\"es\",\"potentialAction\":[{\"@type\":\"ReadAction\",\"target\":[\"https:\\\/\\\/periodicorealidades.com\\\/index.php\\\/2026\\\/09\\\/02\\\/rebeca-bernal-hace-historia-llega-al-manchester-united-y-se-convierte-en-la-primera-mexicana-en-la-wsl\\\/\"]}]},{\"@type\":\"ImageObject\",\"inLanguage\":\"es\",\"@id\":\"https:\\\/\\\/periodicorealidades.com\\\/index.php\\\/2026\\\/09\\\/02\\\/rebeca-bernal-hace-historia-llega-al-manchester-united-y-se-convierte-en-la-primera-mexicana-en-la-wsl\\\/#primaryimage\",\"url\":\"https:\\\/\\\/periodicorealidades.com\\\/wp-content\\\/uploads\\\/2026\\\/09\\\/image-25.png\",\"contentUrl\":\"https:\\\/\\\/periodicorealidades.com\\\/wp-content\\\/uploads\\\/2026\\\/09\\\/image-25.png\",\"width\":399,\"height\":501},{\"@type\":\"BreadcrumbList\",\"@id\":\"https:\\\/\\\/periodicorealidades.com\\\/index.php\\\/2026\\\/09\\\/02\\\/rebeca-bernal-hace-historia-llega-al-manchester-united-y-se-convierte-en-la-primera-mexicana-en-la-wsl\\\/#breadcrumb\",\"itemListElement\":[{\"@type\":\"ListItem\",\"position\":1,\"name\":\"Inicio\",\"item\":\"https:\\\/\\\/periodicorealidades.com\\\/\"},{\"@type\":\"ListItem\",\"position\":2,\"name\":\"Rebeca Bernal hace historia: llega al Manchester United y se convierte en la primera mexicana en la WSL\"}]},{\"@type\":\"WebSite\",\"@id\":\"https:\\\/\\\/periodicorealidades.com\\\/#website\",\"url\":\"https:\\\/\\\/periodicorealidades.com\\\/\",\"name\":\"Peri\u00f3dico Realidades\",\"description\":\"M\u00e9dio de comunicaci\u00f3n en Nayarit\",\"publisher\":{\"@id\":\"https:\\\/\\\/periodicorealidades.com\\\/#organization\"},\"potentialAction\":[{\"@type\":\"SearchAction\",\"target\":{\"@type\":\"EntryPoint\",\"urlTemplate\":\"https:\\\/\\\/periodicorealidades.com\\\/?s={search_term_string}\"},\"query-input\":{\"@type\":\"PropertyValueSpecification\",\"valueRequired\":true,\"valueName\":\"search_term_string\"}}],\"inLanguage\":\"es\"},{\"@type\":\"Organization\",\"@id\":\"https:\\\/\\\/periodicorealidades.com\\\/#organization\",\"name\":\"Peri\u00f3dico Realidades\",\"url\":\"https:\\\/\\\/periodicorealidades.com\\\/\",\"logo\":{\"@type\":\"ImageObject\",\"inLanguage\":\"es\",\"@id\":\"https:\\\/\\\/periodicorealidades.com\\\/#\\\/schema\\\/logo\\\/image\\\/\",\"url\":\"https:\\\/\\\/periodicorealidades.com\\\/wp-content\\\/uploads\\\/2023\\\/05\\\/r-prueba.png\",\"contentUrl\":\"https:\\\/\\\/periodicorealidades.com\\\/wp-content\\\/uploads\\\/2023\\\/05\\\/r-prueba.png\",\"width\":709,\"height\":709,\"caption\":\"Peri\u00f3dico Realidades\"},\"image\":{\"@id\":\"https:\\\/\\\/periodicorealidades.com\\\/#\\\/schema\\\/logo\\\/image\\\/\"},\"sameAs\":[\"https:\\\/\\\/www.facebook.com\\\/periodicorealidades.denayarit?mibextid=LQQJ4d\"]},{\"@type\":\"Person\",\"@id\":\"https:\\\/\\\/periodicorealidades.com\\\/#\\\/schema\\\/person\\\/ed60e33c6767be45db655d22ad0c15c4\",\"name\":\"Arcelia\",\"image\":{\"@type\":\"ImageObject\",\"inLanguage\":\"es\",\"@id\":\"https:\\\/\\\/secure.gravatar.com\\\/avatar\\\/36cdbbe591db4ecc4985aac5ab27b8093cf6488d3b664974f0cda2e38368b10d?s=96&d=mm&r=g\",\"url\":\"https:\\\/\\\/secure.gravatar.com\\\/avatar\\\/36cdbbe591db4ecc4985aac5ab27b8093cf6488d3b664974f0cda2e38368b10d?s=96&d=mm&r=g\",\"contentUrl\":\"https:\\\/\\\/secure.gravatar.com\\\/avatar\\\/36cdbbe591db4ecc4985aac5ab27b8093cf6488d3b664974f0cda2e38368b10d?s=96&d=mm&r=g\",\"caption\":\"Arcelia\"},\"url\":\"https:\\\/\\\/periodicorealidades.com\\\/index.php\\\/author\\\/editor-2\\\/\"}]}<\/script>\n<!-- \/ Yoast SEO plugin. -->","yoast_head_json":{"title":"Rebeca Bernal hace historia: llega al Manchester United y se convierte en la primera mexicana en la WSL - Peri\u00f3dico Realidades","robots":{"index":"index","follow":"follow","max-snippet":"max-snippet:-1","max-image-preview":"max-image-preview:large","max-video-preview":"max-video-preview:-1"},"canonical":"https:\/\/periodicorealidades.com\/index.php\/2026\/09\/02\/rebeca-bernal-hace-historia-llega-al-manchester-united-y-se-convierte-en-la-primera-mexicana-en-la-wsl\/","og_locale":"es_MX","og_type":"article","og_title":"Rebeca Bernal hace historia: llega al Manchester United y se convierte en la primera mexicana en la WSL - Peri\u00f3dico Realidades","og_description":"La capitana de la Selecci\u00f3n Mexicana, de 29 a\u00f1os, contin\u00faa haciendo historia en el futbol femenil tras concretar su llegada al Manchester United con un contrato hasta 2029. Rebeca Bernal contin\u00faa escribiendo p\u00e1ginas importantes en la historia del futbol mexicano. La defensora de 29 a\u00f1os fue anunciada como nueva jugadora del&nbsp;Manchester United, equipo con el [&hellip;]","og_url":"https:\/\/periodicorealidades.com\/index.php\/2026\/09\/02\/rebeca-bernal-hace-historia-llega-al-manchester-united-y-se-convierte-en-la-primera-mexicana-en-la-wsl\/","og_site_name":"Peri\u00f3dico Realidades","article_publisher":"https:\/\/www.facebook.com\/periodicorealidades.denayarit?mibextid=LQQJ4d","article_published_time":"2026-09-02T22:06:27+00:00","og_image":[{"width":399,"height":501,"url":"https:\/\/periodicorealidades.com\/wp-content\/uploads\/2026\/09\/image-25.png","type":"image\/png"}],"author":"Arcelia","twitter_card":"summary_large_image","twitter_misc":{"Escrito por":"Arcelia","Tiempo de lectura":"3 minutos"},"schema":{"@context":"https:\/\/schema.org","@graph":[{"@type":"Article","@id":"https:\/\/periodicorealidades.com\/index.php\/2026\/09\/02\/rebeca-bernal-hace-historia-llega-al-manchester-united-y-se-convierte-en-la-primera-mexicana-en-la-wsl\/#article","isPartOf":{"@id":"https:\/\/periodicorealidades.com\/index.php\/2026\/09\/02\/rebeca-bernal-hace-historia-llega-al-manchester-united-y-se-convierte-en-la-primera-mexicana-en-la-wsl\/"},"author":{"name":"Arcelia","@id":"https:\/\/periodicorealidades.com\/#\/schema\/person\/ed60e33c6767be45db655d22ad0c15c4"},"headline":"Rebeca Bernal hace historia: llega al Manchester United y se convierte en la primera mexicana en la WSL","datePublished":"2026-09-02T22:06:27+00:00","mainEntityOfPage":{"@id":"https:\/\/periodicorealidades.com\/index.php\/2026\/09\/02\/rebeca-bernal-hace-historia-llega-al-manchester-united-y-se-convierte-en-la-primera-mexicana-en-la-wsl\/"},"wordCount":410,"publisher":{"@id":"https:\/\/periodicorealidades.com\/#organization"},"image":{"@id":"https:\/\/periodicorealidades.com\/index.php\/2026\/09\/02\/rebeca-bernal-hace-historia-llega-al-manchester-united-y-se-convierte-en-la-primera-mexicana-en-la-wsl\/#primaryimage"},"thumbnailUrl":"https:\/\/periodicorealidades.com\/wp-content\/uploads\/2026\/09\/image-25.png","articleSection":["Nacional"],"inLanguage":"es"},{"@type":"WebPage","@id":"https:\/\/periodicorealidades.com\/index.php\/2026\/09\/02\/rebeca-bernal-hace-historia-llega-al-manchester-united-y-se-convierte-en-la-primera-mexicana-en-la-wsl\/","url":"https:\/\/periodicorealidades.com\/index.php\/2026\/09\/02\/rebeca-bernal-hace-historia-llega-al-manchester-united-y-se-convierte-en-la-primera-mexicana-en-la-wsl\/","name":"Rebeca Bernal hace historia: llega al Manchester United y se convierte en la primera mexicana en la WSL - Peri\u00f3dico Realidades","isPartOf":{"@id":"https:\/\/periodicorealidades.com\/#website"},"primaryImageOfPage":{"@id":"https:\/\/periodicorealidades.com\/index.php\/2026\/09\/02\/rebeca-bernal-hace-historia-llega-al-manchester-united-y-se-convierte-en-la-primera-mexicana-en-la-wsl\/#primaryimage"},"image":{"@id":"https:\/\/periodicorealidades.com\/index.php\/2026\/09\/02\/rebeca-bernal-hace-historia-llega-al-manchester-united-y-se-convierte-en-la-primera-mexicana-en-la-wsl\/#primaryimage"},"thumbnailUrl":"https:\/\/periodicorealidades.com\/wp-content\/uploads\/2026\/09\/image-25.png","datePublished":"2026-09-02T22:06:27+00:00","breadcrumb":{"@id":"https:\/\/periodicorealidades.com\/index.php\/2026\/09\/02\/rebeca-bernal-hace-historia-llega-al-manchester-united-y-se-convierte-en-la-primera-mexicana-en-la-wsl\/#breadcrumb"},"inLanguage":"es","potentialAction":[{"@type":"ReadAction","target":["https:\/\/periodicorealidades.com\/index.php\/2026\/09\/02\/rebeca-bernal-hace-historia-llega-al-manchester-united-y-se-convierte-en-la-primera-mexicana-en-la-wsl\/"]}]},{"@type":"ImageObject","inLanguage":"es","@id":"https:\/\/periodicorealidades.com\/index.php\/2026\/09\/02\/rebeca-bernal-hace-historia-llega-al-manchester-united-y-se-convierte-en-la-primera-mexicana-en-la-wsl\/#primaryimage","url":"https:\/\/periodicorealidades.com\/wp-content\/uploads\/2026\/09\/image-25.png","contentUrl":"https:\/\/periodicorealidades.com\/wp-content\/uploads\/2026\/09\/image-25.png","width":399,"height":501},{"@type":"BreadcrumbList","@id":"https:\/\/periodicorealidades.com\/index.php\/2026\/09\/02\/rebeca-bernal-hace-historia-llega-al-manchester-united-y-se-convierte-en-la-primera-mexicana-en-la-wsl\/#breadcrumb","itemListElement":[{"@type":"ListItem","position":1,"name":"Inicio","item":"https:\/\/periodicorealidades.com\/"},{"@type":"ListItem","position":2,"name":"Rebeca Bernal hace historia: llega al Manchester United y se convierte en la primera mexicana en la WSL"}]},{"@type":"WebSite","@id":"https:\/\/periodicorealidades.com\/#website","url":"https:\/\/periodicorealidades.com\/","name":"Peri\u00f3dico Realidades","description":"M\u00e9dio de comunicaci\u00f3n en Nayarit","publisher":{"@id":"https:\/\/periodicorealidades.com\/#organization"},"potentialAction":[{"@type":"SearchAction","target":{"@type":"EntryPoint","urlTemplate":"https:\/\/periodicorealidades.com\/?s={search_term_string}"},"query-input":{"@type":"PropertyValueSpecification","valueRequired":true,"valueName":"search_term_string"}}],"inLanguage":"es"},{"@type":"Organization","@id":"https:\/\/periodicorealidades.com\/#organization","name":"Peri\u00f3dico Realidades","url":"https:\/\/periodicorealidades.com\/","logo":{"@type":"ImageObject","inLanguage":"es","@id":"https:\/\/periodicorealidades.com\/#\/schema\/logo\/image\/","url":"https:\/\/periodicorealidades.com\/wp-content\/uploads\/2023\/05\/r-prueba.png","contentUrl":"https:\/\/periodicorealidades.com\/wp-content\/uploads\/2023\/05\/r-prueba.png","width":709,"height":709,"caption":"Peri\u00f3dico Realidades"},"image":{"@id":"https:\/\/periodicorealidades.com\/#\/schema\/logo\/image\/"},"sameAs":["https:\/\/www.facebook.com\/periodicorealidades.denayarit?mibextid=LQQJ4d"]},{"@type":"Person","@id":"https:\/\/periodicorealidades.com\/#\/schema\/person\/ed60e33c6767be45db655d22ad0c15c4","name":"Arcelia","image":{"@type":"ImageObject","inLanguage":"es","@id":"https:\/\/secure.gravatar.com\/avatar\/36cdbbe591db4ecc4985aac5ab27b8093cf6488d3b664974f0cda2e38368b10d?s=96&d=mm&r=g","url":"https:\/\/secure.gravatar.com\/avatar\/36cdbbe591db4ecc4985aac5ab27b8093cf6488d3b664974f0cda2e38368b10d?s=96&d=mm&r=g","contentUrl":"https:\/\/secure.gravatar.com\/avatar\/36cdbbe591db4ecc4985aac5ab27b8093cf6488d3b664974f0cda2e38368b10d?s=96&d=mm&r=g","caption":"Arcelia"},"url":"https:\/\/periodicorealidades.com\/index.php\/author\/editor-2\/"}]}},"_links":{"self":[{"href":"https:\/\/periodicorealidades.com\/index.php\/wp-json\/wp\/v2\/posts\/77962","targetHints":{"allow":["GET"]}}],"collection":[{"href":"https:\/\/periodicorealidades.com\/index.php\/wp-json\/wp\/v2\/posts"}],"about":[{"href":"https:\/\/periodicorealidades.com\/index.php\/wp-json\/wp\/v2\/types\/post"}],"author":[{"embeddable":true,"href":"https:\/\/periodicorealidades.com\/index.php\/wp-json\/wp\/v2\/users\/4"}],"replies":[{"embeddable":true,"href":"https:\/\/periodicorealidades.com\/index.php\/wp-json\/wp\/v2\/comments?post=77962"}],"version-history":[{"count":1,"href":"https:\/\/periodicorealidades.com\/index.php\/wp-json\/wp\/v2\/posts\/77962\/revisions"}],"predecessor-version":[{"id":77965,"href":"https:\/\/periodicorealidades.com\/index.php\/wp-json\/wp\/v2\/posts\/77962\/revisions\/77965"}],"wp:featuredmedia":[{"embeddable":true,"href":"https:\/\/periodicorealidades.com\/index.php\/wp-json\/wp\/v2\/media\/77963"}],"wp:attachment":[{"href":"https:\/\/periodicorealidades.com\/index.php\/wp-json\/wp\/v2\/media?parent=77962"}],"wp:term":[{"taxonomy":"category","embeddable":true,"href":"https:\/\/periodicorealidades.com\/index.php\/wp-json\/wp\/v2\/categories?post=77962"},{"taxonomy":"post_tag","embeddable":true,"href":"https:\/\/periodicorealidades.com\/index.php\/wp-json\/wp\/v2\/tags?post=77962"}],"curies":[{"name":"wp","href":"https:\/\/api.w.org\/{rel}","templated":true}]}}