{"id":77970,"date":"2026-09-02T15:48:51","date_gmt":"2026-09-02T22:48:51","guid":{"rendered":"https:\/\/periodicorealidades.com\/?p=77970"},"modified":"2026-09-02T15:48:52","modified_gmt":"2026-09-02T22:48:52","slug":"blindan-mazatlan-con-6-mil-elementos-de-la-defensa-ante-escalada-de-violencia","status":"publish","type":"post","link":"https:\/\/periodicorealidades.com\/index.php\/2026\/09\/02\/blindan-mazatlan-con-6-mil-elementos-de-la-defensa-ante-escalada-de-violencia\/","title":{"rendered":"Blindan Mazatl\u00e1n con 6 mil elementos de la Defensa ante escalada de violencia"},"content":{"rendered":"\n<p class=\"wp-block-paragraph\">&nbsp;Ante el incremento de hechos violentos registrado durante las \u00faltimas semanas, alrededor de&nbsp;<strong>6 mil elementos de la Secretar\u00eda de la Defensa Nacional (Defensa)<\/strong>&nbsp;permanecer\u00e1n desplegados de manera permanente en el municipio de Mazatl\u00e1n, inform\u00f3 la alcaldesa Minerva Osuna Zavala.<\/p>\n\n\n\n<p class=\"wp-block-paragraph\">La presidenta municipal se\u00f1al\u00f3 que los elementos militares no ser\u00e1n retirados tras concluir el periodo vacacional, pese a la disminuci\u00f3n en la afluencia tur\u00edstica.<\/p>\n\n\n\n<p class=\"wp-block-paragraph\">\u201cHasta ahorita los que est\u00e1n aqu\u00ed, 6 mil de la Defensa. Est\u00e1n aqu\u00ed, todos est\u00e1n aqu\u00ed, est\u00e1n permanentemente\u201d, declar\u00f3 Osuna Zavala ante medios de comunicaci\u00f3n.<\/p>\n\n\n\n<h3 class=\"wp-block-heading\">Agosto, el mes m\u00e1s violento del a\u00f1o<\/h3>\n\n\n\n<p class=\"wp-block-paragraph\">El despliegue de seguridad ocurre luego de una escalada de violencia que comenz\u00f3 a intensificarse desde julio en el sur de Sinaloa y que ha alcanzado principalmente a Mazatl\u00e1n y Escuinapa.<\/p>\n\n\n\n<p class=\"wp-block-paragraph\">De acuerdo con cifras difundidas por el medio&nbsp;<em>Noroeste<\/em>, durante julio se registraron alrededor de&nbsp;<strong>36 homicidios<\/strong>&nbsp;en Mazatl\u00e1n, una cifra considerablemente superior a los entre cinco y nueve asesinatos que se reportaban en meses anteriores.<\/p>\n\n\n\n<p class=\"wp-block-paragraph\">La violencia aument\u00f3 todav\u00eda m\u00e1s durante agosto. Con base en datos de la Fiscal\u00eda General del Estado, el municipio cerr\u00f3 ese mes con&nbsp;<strong>61 homicidios dolosos y 12 feminicidios<\/strong>, convirti\u00e9ndolo en el periodo con mayor registro de hechos violentos en lo que va del a\u00f1o.<\/p>\n\n\n\n<figure class=\"wp-block-image size-full\"><img loading=\"lazy\" decoding=\"async\" width=\"992\" height=\"558\" src=\"https:\/\/periodicorealidades.com\/wp-content\/uploads\/2026\/09\/image-30.png\" alt=\"\" class=\"wp-image-77972\" srcset=\"https:\/\/periodicorealidades.com\/wp-content\/uploads\/2026\/09\/image-30.png 992w, https:\/\/periodicorealidades.com\/wp-content\/uploads\/2026\/09\/image-30-300x169.png 300w, https:\/\/periodicorealidades.com\/wp-content\/uploads\/2026\/09\/image-30-768x432.png 768w, https:\/\/periodicorealidades.com\/wp-content\/uploads\/2026\/09\/image-30-324x182.png 324w, https:\/\/periodicorealidades.com\/wp-content\/uploads\/2026\/09\/image-30-695x391.png 695w, https:\/\/periodicorealidades.com\/wp-content\/uploads\/2026\/09\/image-30-284x160.png 284w, https:\/\/periodicorealidades.com\/wp-content\/uploads\/2026\/09\/image-30-356x200.png 356w, https:\/\/periodicorealidades.com\/wp-content\/uploads\/2026\/09\/image-30-464x261.png 464w\" sizes=\"auto, (max-width: 992px) 100vw, 992px\" \/><\/figure>\n\n\n\n<p class=\"wp-block-paragraph\">El promedio fue de aproximadamente&nbsp;<strong>dos homicidios diarios<\/strong>.<\/p>\n\n\n\n<p class=\"wp-block-paragraph\">En el caso de los feminicidios, Mazatl\u00e1n encabez\u00f3 la estad\u00edstica estatal durante agosto, seguido de Escuinapa, con cinco casos, y Culiac\u00e1n, con cuatro.<\/p>\n\n\n\n<p class=\"wp-block-paragraph\">En homicidios dolosos, Culiac\u00e1n ocup\u00f3 el segundo lugar estatal, con 44 casos, mientras que Escuinapa registr\u00f3 siete.<\/p>\n\n\n\n<h3 class=\"wp-block-heading\">M\u00e1s de 15 mil elementos est\u00e1n desplegados en Sinaloa<\/h3>\n\n\n\n<p class=\"wp-block-paragraph\">Los 6 mil militares asignados a Mazatl\u00e1n forman parte de un despliegue superior a&nbsp;<strong>15 mil elementos de la Defensa en todo Sinaloa<\/strong>, de acuerdo con informaci\u00f3n proporcionada por el titular de la dependencia, el general Ricardo Trevilla Trejo.<\/p>\n\n\n\n<p class=\"wp-block-paragraph\">La crisis de seguridad en el estado se intensific\u00f3 a partir del&nbsp;<strong>9 de septiembre de 2024<\/strong>, cuando comenz\u00f3 una disputa entre facciones del C\u00e1rtel de Sinaloa. En los \u00faltimos meses, los enfrentamientos y hechos violentos se han concentrado principalmente en el sur de la entidad.<\/p>\n\n\n\n<h3 class=\"wp-block-heading\">Atacan a coordinador de Protecci\u00f3n Civil pese a operativo<\/h3>\n\n\n\n<p class=\"wp-block-paragraph\">La presencia militar no ha impedido que contin\u00faen registr\u00e1ndose ataques. Este mi\u00e9rcoles,&nbsp;<strong>\u00d3scar Roberto Osuna Tirado, coordinador de Protecci\u00f3n Civil de Mazatl\u00e1n<\/strong>, fue atacado a balazos mientras circulaba a bordo de una camioneta oficial.<\/p>\n\n\n\n<p class=\"wp-block-paragraph\">La agresi\u00f3n ocurri\u00f3 sobre la avenida Guti\u00e9rrez N\u00e1jera, casi esquina con Emilio Barrag\u00e1n, en el sector Montuosa. De acuerdo con reportes locales, los atacantes realizaron al menos&nbsp;<strong>15 disparos<\/strong>.<\/p>\n\n\n\n<p class=\"wp-block-paragraph\">Testigos se\u00f1alaron que los agresores viajaban en una motocicleta y habr\u00edan seguido la unidad del funcionario antes de alcanzarla y abrir fuego.<\/p>\n\n\n\n<p class=\"wp-block-paragraph\">Osuna Tirado y un acompa\u00f1ante resultaron heridos, mientras que elementos de seguridad desplegaron un operativo para atender la emergencia y localizar a los responsables.<\/p>\n\n\n\n<p class=\"wp-block-paragraph\">De manera preliminar, se indic\u00f3 que el funcionario se dirig\u00eda a una reuni\u00f3n de la&nbsp;<strong>Mesa de Construcci\u00f3n de Paz<\/strong>&nbsp;en las instalaciones de la Cuarta Regi\u00f3n Naval cuando ocurri\u00f3 el ataque.<\/p>\n\n\n\n<h3 class=\"wp-block-heading\">Autoridades rechazan que el crimen controle Mazatl\u00e1n<\/h3>\n\n\n\n<p class=\"wp-block-paragraph\">A pesar del incremento de la violencia, el secretario del Ayuntamiento, Mois\u00e9s R\u00edos P\u00e9rez, hab\u00eda rechazado semanas atr\u00e1s que Mazatl\u00e1n estuviera bajo control de grupos del narcotr\u00e1fico.<\/p>\n\n\n\n<p class=\"wp-block-paragraph\">\u201cMazatl\u00e1n no est\u00e1 tomado por grupos delincuenciales, lo estamos tambi\u00e9n tratando y se est\u00e1 cuidando todo el protocolo\u201d, afirm\u00f3.<\/p>\n\n\n\n<p class=\"wp-block-paragraph\">Sin embargo, la propia alcaldesa hab\u00eda reconocido previamente un aumento de la violencia en distintas colonias del municipio como consecuencia de la disputa interna dentro del C\u00e1rtel de Sinaloa.<\/p>\n\n\n\n<p class=\"wp-block-paragraph\">Ante este escenario, la Mesa de Construcci\u00f3n de Paz y Seguridad mantiene reuniones permanentes para evaluar la situaci\u00f3n y definir acciones destinadas a reforzar la seguridad en Mazatl\u00e1n.<\/p>\n\n\n\n<p class=\"wp-block-paragraph\"><\/p>\n","protected":false},"excerpt":{"rendered":"<p>&nbsp;Ante el incremento de hechos violentos registrado durante las \u00faltimas semanas, alrededor de&nbsp;6 mil elementos de la Secretar\u00eda de la Defensa Nacional (Defensa)&nbsp;permanecer\u00e1n desplegados de manera permanente en el municipio de Mazatl\u00e1n, inform\u00f3 la alcaldesa Minerva Osuna Zavala. La presidenta municipal se\u00f1al\u00f3 que los elementos militares no ser\u00e1n retirados tras concluir el periodo vacacional, pese [&hellip;]<\/p>\n","protected":false},"author":4,"featured_media":77971,"comment_status":"closed","ping_status":"open","sticky":false,"template":"","format":"standard","meta":{"footnotes":""},"categories":[12],"tags":[],"class_list":["post-77970","post","type-post","status-publish","format-standard","has-post-thumbnail","category-nacional"],"yoast_head":"<!-- This site is optimized with the Yoast SEO plugin v28.3 - https:\/\/yoast.com\/product\/yoast-seo-wordpress\/ -->\n<title>Blindan Mazatl\u00e1n con 6 mil elementos de la Defensa ante escalada de violencia - Peri\u00f3dico Realidades<\/title>\n<meta name=\"robots\" content=\"index, follow, max-snippet:-1, max-image-preview:large, max-video-preview:-1\" \/>\n<link rel=\"canonical\" href=\"https:\/\/periodicorealidades.com\/index.php\/2026\/09\/02\/blindan-mazatlan-con-6-mil-elementos-de-la-defensa-ante-escalada-de-violencia\/\" \/>\n<meta property=\"og:locale\" content=\"es_MX\" \/>\n<meta property=\"og:type\" content=\"article\" \/>\n<meta property=\"og:title\" content=\"Blindan Mazatl\u00e1n con 6 mil elementos de la Defensa ante escalada de violencia - Peri\u00f3dico Realidades\" \/>\n<meta property=\"og:description\" content=\"&nbsp;Ante el incremento de hechos violentos registrado durante las \u00faltimas semanas, alrededor de&nbsp;6 mil elementos de la Secretar\u00eda de la Defensa Nacional (Defensa)&nbsp;permanecer\u00e1n desplegados de manera permanente en el municipio de Mazatl\u00e1n, inform\u00f3 la alcaldesa Minerva Osuna Zavala. La presidenta municipal se\u00f1al\u00f3 que los elementos militares no ser\u00e1n retirados tras concluir el periodo vacacional, pese [&hellip;]\" \/>\n<meta property=\"og:url\" content=\"https:\/\/periodicorealidades.com\/index.php\/2026\/09\/02\/blindan-mazatlan-con-6-mil-elementos-de-la-defensa-ante-escalada-de-violencia\/\" \/>\n<meta property=\"og:site_name\" content=\"Peri\u00f3dico Realidades\" \/>\n<meta property=\"article:publisher\" content=\"https:\/\/www.facebook.com\/periodicorealidades.denayarit?mibextid=LQQJ4d\" \/>\n<meta property=\"article:published_time\" content=\"2026-09-02T22:48:51+00:00\" \/>\n<meta property=\"article:modified_time\" content=\"2026-09-02T22:48:52+00:00\" \/>\n<meta property=\"og:image\" content=\"https:\/\/periodicorealidades.com\/wp-content\/uploads\/2026\/09\/image-29.png\" \/>\n\t<meta property=\"og:image:width\" content=\"992\" \/>\n\t<meta property=\"og:image:height\" content=\"744\" \/>\n\t<meta property=\"og:image:type\" content=\"image\/png\" \/>\n<meta name=\"author\" content=\"Arcelia\" \/>\n<meta name=\"twitter:card\" content=\"summary_large_image\" \/>\n<meta name=\"twitter:label1\" content=\"Escrito por\" \/>\n\t<meta name=\"twitter:data1\" content=\"Arcelia\" \/>\n\t<meta name=\"twitter:label2\" content=\"Tiempo de lectura\" \/>\n\t<meta name=\"twitter:data2\" content=\"4 minutos\" \/>\n<script type=\"application\/ld+json\" class=\"yoast-schema-graph\">{\"@context\":\"https:\\\/\\\/schema.org\",\"@graph\":[{\"@type\":\"Article\",\"@id\":\"https:\\\/\\\/periodicorealidades.com\\\/index.php\\\/2026\\\/09\\\/02\\\/blindan-mazatlan-con-6-mil-elementos-de-la-defensa-ante-escalada-de-violencia\\\/#article\",\"isPartOf\":{\"@id\":\"https:\\\/\\\/periodicorealidades.com\\\/index.php\\\/2026\\\/09\\\/02\\\/blindan-mazatlan-con-6-mil-elementos-de-la-defensa-ante-escalada-de-violencia\\\/\"},\"author\":{\"name\":\"Arcelia\",\"@id\":\"https:\\\/\\\/periodicorealidades.com\\\/#\\\/schema\\\/person\\\/ed60e33c6767be45db655d22ad0c15c4\"},\"headline\":\"Blindan Mazatl\u00e1n con 6 mil elementos de la Defensa ante escalada de violencia\",\"datePublished\":\"2026-09-02T22:48:51+00:00\",\"dateModified\":\"2026-09-02T22:48:52+00:00\",\"mainEntityOfPage\":{\"@id\":\"https:\\\/\\\/periodicorealidades.com\\\/index.php\\\/2026\\\/09\\\/02\\\/blindan-mazatlan-con-6-mil-elementos-de-la-defensa-ante-escalada-de-violencia\\\/\"},\"wordCount\":687,\"publisher\":{\"@id\":\"https:\\\/\\\/periodicorealidades.com\\\/#organization\"},\"image\":{\"@id\":\"https:\\\/\\\/periodicorealidades.com\\\/index.php\\\/2026\\\/09\\\/02\\\/blindan-mazatlan-con-6-mil-elementos-de-la-defensa-ante-escalada-de-violencia\\\/#primaryimage\"},\"thumbnailUrl\":\"https:\\\/\\\/periodicorealidades.com\\\/wp-content\\\/uploads\\\/2026\\\/09\\\/image-29.png\",\"articleSection\":[\"Nacional\"],\"inLanguage\":\"es\"},{\"@type\":\"WebPage\",\"@id\":\"https:\\\/\\\/periodicorealidades.com\\\/index.php\\\/2026\\\/09\\\/02\\\/blindan-mazatlan-con-6-mil-elementos-de-la-defensa-ante-escalada-de-violencia\\\/\",\"url\":\"https:\\\/\\\/periodicorealidades.com\\\/index.php\\\/2026\\\/09\\\/02\\\/blindan-mazatlan-con-6-mil-elementos-de-la-defensa-ante-escalada-de-violencia\\\/\",\"name\":\"Blindan Mazatl\u00e1n con 6 mil elementos de la Defensa ante escalada de violencia - Peri\u00f3dico Realidades\",\"isPartOf\":{\"@id\":\"https:\\\/\\\/periodicorealidades.com\\\/#website\"},\"primaryImageOfPage\":{\"@id\":\"https:\\\/\\\/periodicorealidades.com\\\/index.php\\\/2026\\\/09\\\/02\\\/blindan-mazatlan-con-6-mil-elementos-de-la-defensa-ante-escalada-de-violencia\\\/#primaryimage\"},\"image\":{\"@id\":\"https:\\\/\\\/periodicorealidades.com\\\/index.php\\\/2026\\\/09\\\/02\\\/blindan-mazatlan-con-6-mil-elementos-de-la-defensa-ante-escalada-de-violencia\\\/#primaryimage\"},\"thumbnailUrl\":\"https:\\\/\\\/periodicorealidades.com\\\/wp-content\\\/uploads\\\/2026\\\/09\\\/image-29.png\",\"datePublished\":\"2026-09-02T22:48:51+00:00\",\"dateModified\":\"2026-09-02T22:48:52+00:00\",\"breadcrumb\":{\"@id\":\"https:\\\/\\\/periodicorealidades.com\\\/index.php\\\/2026\\\/09\\\/02\\\/blindan-mazatlan-con-6-mil-elementos-de-la-defensa-ante-escalada-de-violencia\\\/#breadcrumb\"},\"inLanguage\":\"es\",\"potentialAction\":[{\"@type\":\"ReadAction\",\"target\":[\"https:\\\/\\\/periodicorealidades.com\\\/index.php\\\/2026\\\/09\\\/02\\\/blindan-mazatlan-con-6-mil-elementos-de-la-defensa-ante-escalada-de-violencia\\\/\"]}]},{\"@type\":\"ImageObject\",\"inLanguage\":\"es\",\"@id\":\"https:\\\/\\\/periodicorealidades.com\\\/index.php\\\/2026\\\/09\\\/02\\\/blindan-mazatlan-con-6-mil-elementos-de-la-defensa-ante-escalada-de-violencia\\\/#primaryimage\",\"url\":\"https:\\\/\\\/periodicorealidades.com\\\/wp-content\\\/uploads\\\/2026\\\/09\\\/image-29.png\",\"contentUrl\":\"https:\\\/\\\/periodicorealidades.com\\\/wp-content\\\/uploads\\\/2026\\\/09\\\/image-29.png\",\"width\":992,\"height\":744},{\"@type\":\"BreadcrumbList\",\"@id\":\"https:\\\/\\\/periodicorealidades.com\\\/index.php\\\/2026\\\/09\\\/02\\\/blindan-mazatlan-con-6-mil-elementos-de-la-defensa-ante-escalada-de-violencia\\\/#breadcrumb\",\"itemListElement\":[{\"@type\":\"ListItem\",\"position\":1,\"name\":\"Inicio\",\"item\":\"https:\\\/\\\/periodicorealidades.com\\\/\"},{\"@type\":\"ListItem\",\"position\":2,\"name\":\"Blindan Mazatl\u00e1n con 6 mil elementos de la Defensa ante escalada de violencia\"}]},{\"@type\":\"WebSite\",\"@id\":\"https:\\\/\\\/periodicorealidades.com\\\/#website\",\"url\":\"https:\\\/\\\/periodicorealidades.com\\\/\",\"name\":\"Peri\u00f3dico Realidades\",\"description\":\"M\u00e9dio de comunicaci\u00f3n en Nayarit\",\"publisher\":{\"@id\":\"https:\\\/\\\/periodicorealidades.com\\\/#organization\"},\"potentialAction\":[{\"@type\":\"SearchAction\",\"target\":{\"@type\":\"EntryPoint\",\"urlTemplate\":\"https:\\\/\\\/periodicorealidades.com\\\/?s={search_term_string}\"},\"query-input\":{\"@type\":\"PropertyValueSpecification\",\"valueRequired\":true,\"valueName\":\"search_term_string\"}}],\"inLanguage\":\"es\"},{\"@type\":\"Organization\",\"@id\":\"https:\\\/\\\/periodicorealidades.com\\\/#organization\",\"name\":\"Peri\u00f3dico Realidades\",\"url\":\"https:\\\/\\\/periodicorealidades.com\\\/\",\"logo\":{\"@type\":\"ImageObject\",\"inLanguage\":\"es\",\"@id\":\"https:\\\/\\\/periodicorealidades.com\\\/#\\\/schema\\\/logo\\\/image\\\/\",\"url\":\"https:\\\/\\\/periodicorealidades.com\\\/wp-content\\\/uploads\\\/2023\\\/05\\\/r-prueba.png\",\"contentUrl\":\"https:\\\/\\\/periodicorealidades.com\\\/wp-content\\\/uploads\\\/2023\\\/05\\\/r-prueba.png\",\"width\":709,\"height\":709,\"caption\":\"Peri\u00f3dico Realidades\"},\"image\":{\"@id\":\"https:\\\/\\\/periodicorealidades.com\\\/#\\\/schema\\\/logo\\\/image\\\/\"},\"sameAs\":[\"https:\\\/\\\/www.facebook.com\\\/periodicorealidades.denayarit?mibextid=LQQJ4d\"]},{\"@type\":\"Person\",\"@id\":\"https:\\\/\\\/periodicorealidades.com\\\/#\\\/schema\\\/person\\\/ed60e33c6767be45db655d22ad0c15c4\",\"name\":\"Arcelia\",\"image\":{\"@type\":\"ImageObject\",\"inLanguage\":\"es\",\"@id\":\"https:\\\/\\\/secure.gravatar.com\\\/avatar\\\/36cdbbe591db4ecc4985aac5ab27b8093cf6488d3b664974f0cda2e38368b10d?s=96&d=mm&r=g\",\"url\":\"https:\\\/\\\/secure.gravatar.com\\\/avatar\\\/36cdbbe591db4ecc4985aac5ab27b8093cf6488d3b664974f0cda2e38368b10d?s=96&d=mm&r=g\",\"contentUrl\":\"https:\\\/\\\/secure.gravatar.com\\\/avatar\\\/36cdbbe591db4ecc4985aac5ab27b8093cf6488d3b664974f0cda2e38368b10d?s=96&d=mm&r=g\",\"caption\":\"Arcelia\"},\"url\":\"https:\\\/\\\/periodicorealidades.com\\\/index.php\\\/author\\\/editor-2\\\/\"}]}<\/script>\n<!-- \/ Yoast SEO plugin. -->","yoast_head_json":{"title":"Blindan Mazatl\u00e1n con 6 mil elementos de la Defensa ante escalada de violencia - Peri\u00f3dico Realidades","robots":{"index":"index","follow":"follow","max-snippet":"max-snippet:-1","max-image-preview":"max-image-preview:large","max-video-preview":"max-video-preview:-1"},"canonical":"https:\/\/periodicorealidades.com\/index.php\/2026\/09\/02\/blindan-mazatlan-con-6-mil-elementos-de-la-defensa-ante-escalada-de-violencia\/","og_locale":"es_MX","og_type":"article","og_title":"Blindan Mazatl\u00e1n con 6 mil elementos de la Defensa ante escalada de violencia - Peri\u00f3dico Realidades","og_description":"&nbsp;Ante el incremento de hechos violentos registrado durante las \u00faltimas semanas, alrededor de&nbsp;6 mil elementos de la Secretar\u00eda de la Defensa Nacional (Defensa)&nbsp;permanecer\u00e1n desplegados de manera permanente en el municipio de Mazatl\u00e1n, inform\u00f3 la alcaldesa Minerva Osuna Zavala. La presidenta municipal se\u00f1al\u00f3 que los elementos militares no ser\u00e1n retirados tras concluir el periodo vacacional, pese [&hellip;]","og_url":"https:\/\/periodicorealidades.com\/index.php\/2026\/09\/02\/blindan-mazatlan-con-6-mil-elementos-de-la-defensa-ante-escalada-de-violencia\/","og_site_name":"Peri\u00f3dico Realidades","article_publisher":"https:\/\/www.facebook.com\/periodicorealidades.denayarit?mibextid=LQQJ4d","article_published_time":"2026-09-02T22:48:51+00:00","article_modified_time":"2026-09-02T22:48:52+00:00","og_image":[{"width":992,"height":744,"url":"https:\/\/periodicorealidades.com\/wp-content\/uploads\/2026\/09\/image-29.png","type":"image\/png"}],"author":"Arcelia","twitter_card":"summary_large_image","twitter_misc":{"Escrito por":"Arcelia","Tiempo de lectura":"4 minutos"},"schema":{"@context":"https:\/\/schema.org","@graph":[{"@type":"Article","@id":"https:\/\/periodicorealidades.com\/index.php\/2026\/09\/02\/blindan-mazatlan-con-6-mil-elementos-de-la-defensa-ante-escalada-de-violencia\/#article","isPartOf":{"@id":"https:\/\/periodicorealidades.com\/index.php\/2026\/09\/02\/blindan-mazatlan-con-6-mil-elementos-de-la-defensa-ante-escalada-de-violencia\/"},"author":{"name":"Arcelia","@id":"https:\/\/periodicorealidades.com\/#\/schema\/person\/ed60e33c6767be45db655d22ad0c15c4"},"headline":"Blindan Mazatl\u00e1n con 6 mil elementos de la Defensa ante escalada de violencia","datePublished":"2026-09-02T22:48:51+00:00","dateModified":"2026-09-02T22:48:52+00:00","mainEntityOfPage":{"@id":"https:\/\/periodicorealidades.com\/index.php\/2026\/09\/02\/blindan-mazatlan-con-6-mil-elementos-de-la-defensa-ante-escalada-de-violencia\/"},"wordCount":687,"publisher":{"@id":"https:\/\/periodicorealidades.com\/#organization"},"image":{"@id":"https:\/\/periodicorealidades.com\/index.php\/2026\/09\/02\/blindan-mazatlan-con-6-mil-elementos-de-la-defensa-ante-escalada-de-violencia\/#primaryimage"},"thumbnailUrl":"https:\/\/periodicorealidades.com\/wp-content\/uploads\/2026\/09\/image-29.png","articleSection":["Nacional"],"inLanguage":"es"},{"@type":"WebPage","@id":"https:\/\/periodicorealidades.com\/index.php\/2026\/09\/02\/blindan-mazatlan-con-6-mil-elementos-de-la-defensa-ante-escalada-de-violencia\/","url":"https:\/\/periodicorealidades.com\/index.php\/2026\/09\/02\/blindan-mazatlan-con-6-mil-elementos-de-la-defensa-ante-escalada-de-violencia\/","name":"Blindan Mazatl\u00e1n con 6 mil elementos de la Defensa ante escalada de violencia - Peri\u00f3dico Realidades","isPartOf":{"@id":"https:\/\/periodicorealidades.com\/#website"},"primaryImageOfPage":{"@id":"https:\/\/periodicorealidades.com\/index.php\/2026\/09\/02\/blindan-mazatlan-con-6-mil-elementos-de-la-defensa-ante-escalada-de-violencia\/#primaryimage"},"image":{"@id":"https:\/\/periodicorealidades.com\/index.php\/2026\/09\/02\/blindan-mazatlan-con-6-mil-elementos-de-la-defensa-ante-escalada-de-violencia\/#primaryimage"},"thumbnailUrl":"https:\/\/periodicorealidades.com\/wp-content\/uploads\/2026\/09\/image-29.png","datePublished":"2026-09-02T22:48:51+00:00","dateModified":"2026-09-02T22:48:52+00:00","breadcrumb":{"@id":"https:\/\/periodicorealidades.com\/index.php\/2026\/09\/02\/blindan-mazatlan-con-6-mil-elementos-de-la-defensa-ante-escalada-de-violencia\/#breadcrumb"},"inLanguage":"es","potentialAction":[{"@type":"ReadAction","target":["https:\/\/periodicorealidades.com\/index.php\/2026\/09\/02\/blindan-mazatlan-con-6-mil-elementos-de-la-defensa-ante-escalada-de-violencia\/"]}]},{"@type":"ImageObject","inLanguage":"es","@id":"https:\/\/periodicorealidades.com\/index.php\/2026\/09\/02\/blindan-mazatlan-con-6-mil-elementos-de-la-defensa-ante-escalada-de-violencia\/#primaryimage","url":"https:\/\/periodicorealidades.com\/wp-content\/uploads\/2026\/09\/image-29.png","contentUrl":"https:\/\/periodicorealidades.com\/wp-content\/uploads\/2026\/09\/image-29.png","width":992,"height":744},{"@type":"BreadcrumbList","@id":"https:\/\/periodicorealidades.com\/index.php\/2026\/09\/02\/blindan-mazatlan-con-6-mil-elementos-de-la-defensa-ante-escalada-de-violencia\/#breadcrumb","itemListElement":[{"@type":"ListItem","position":1,"name":"Inicio","item":"https:\/\/periodicorealidades.com\/"},{"@type":"ListItem","position":2,"name":"Blindan Mazatl\u00e1n con 6 mil elementos de la Defensa ante escalada de violencia"}]},{"@type":"WebSite","@id":"https:\/\/periodicorealidades.com\/#website","url":"https:\/\/periodicorealidades.com\/","name":"Peri\u00f3dico Realidades","description":"M\u00e9dio de comunicaci\u00f3n en Nayarit","publisher":{"@id":"https:\/\/periodicorealidades.com\/#organization"},"potentialAction":[{"@type":"SearchAction","target":{"@type":"EntryPoint","urlTemplate":"https:\/\/periodicorealidades.com\/?s={search_term_string}"},"query-input":{"@type":"PropertyValueSpecification","valueRequired":true,"valueName":"search_term_string"}}],"inLanguage":"es"},{"@type":"Organization","@id":"https:\/\/periodicorealidades.com\/#organization","name":"Peri\u00f3dico Realidades","url":"https:\/\/periodicorealidades.com\/","logo":{"@type":"ImageObject","inLanguage":"es","@id":"https:\/\/periodicorealidades.com\/#\/schema\/logo\/image\/","url":"https:\/\/periodicorealidades.com\/wp-content\/uploads\/2023\/05\/r-prueba.png","contentUrl":"https:\/\/periodicorealidades.com\/wp-content\/uploads\/2023\/05\/r-prueba.png","width":709,"height":709,"caption":"Peri\u00f3dico Realidades"},"image":{"@id":"https:\/\/periodicorealidades.com\/#\/schema\/logo\/image\/"},"sameAs":["https:\/\/www.facebook.com\/periodicorealidades.denayarit?mibextid=LQQJ4d"]},{"@type":"Person","@id":"https:\/\/periodicorealidades.com\/#\/schema\/person\/ed60e33c6767be45db655d22ad0c15c4","name":"Arcelia","image":{"@type":"ImageObject","inLanguage":"es","@id":"https:\/\/secure.gravatar.com\/avatar\/36cdbbe591db4ecc4985aac5ab27b8093cf6488d3b664974f0cda2e38368b10d?s=96&d=mm&r=g","url":"https:\/\/secure.gravatar.com\/avatar\/36cdbbe591db4ecc4985aac5ab27b8093cf6488d3b664974f0cda2e38368b10d?s=96&d=mm&r=g","contentUrl":"https:\/\/secure.gravatar.com\/avatar\/36cdbbe591db4ecc4985aac5ab27b8093cf6488d3b664974f0cda2e38368b10d?s=96&d=mm&r=g","caption":"Arcelia"},"url":"https:\/\/periodicorealidades.com\/index.php\/author\/editor-2\/"}]}},"_links":{"self":[{"href":"https:\/\/periodicorealidades.com\/index.php\/wp-json\/wp\/v2\/posts\/77970","targetHints":{"allow":["GET"]}}],"collection":[{"href":"https:\/\/periodicorealidades.com\/index.php\/wp-json\/wp\/v2\/posts"}],"about":[{"href":"https:\/\/periodicorealidades.com\/index.php\/wp-json\/wp\/v2\/types\/post"}],"author":[{"embeddable":true,"href":"https:\/\/periodicorealidades.com\/index.php\/wp-json\/wp\/v2\/users\/4"}],"replies":[{"embeddable":true,"href":"https:\/\/periodicorealidades.com\/index.php\/wp-json\/wp\/v2\/comments?post=77970"}],"version-history":[{"count":1,"href":"https:\/\/periodicorealidades.com\/index.php\/wp-json\/wp\/v2\/posts\/77970\/revisions"}],"predecessor-version":[{"id":77973,"href":"https:\/\/periodicorealidades.com\/index.php\/wp-json\/wp\/v2\/posts\/77970\/revisions\/77973"}],"wp:featuredmedia":[{"embeddable":true,"href":"https:\/\/periodicorealidades.com\/index.php\/wp-json\/wp\/v2\/media\/77971"}],"wp:attachment":[{"href":"https:\/\/periodicorealidades.com\/index.php\/wp-json\/wp\/v2\/media?parent=77970"}],"wp:term":[{"taxonomy":"category","embeddable":true,"href":"https:\/\/periodicorealidades.com\/index.php\/wp-json\/wp\/v2\/categories?post=77970"},{"taxonomy":"post_tag","embeddable":true,"href":"https:\/\/periodicorealidades.com\/index.php\/wp-json\/wp\/v2\/tags?post=77970"}],"curies":[{"name":"wp","href":"https:\/\/api.w.org\/{rel}","templated":true}]}}