{"id":77974,"date":"2026-09-02T16:05:57","date_gmt":"2026-09-02T23:05:57","guid":{"rendered":"https:\/\/periodicorealidades.com\/?p=77974"},"modified":"2026-09-02T16:05:57","modified_gmt":"2026-09-02T23:05:57","slug":"sheinbaum-acusa-intentos-de-eu-por-debilitar-al-gobierno-mexicano-se-toparon-con-pared","status":"publish","type":"post","link":"https:\/\/periodicorealidades.com\/index.php\/2026\/09\/02\/sheinbaum-acusa-intentos-de-eu-por-debilitar-al-gobierno-mexicano-se-toparon-con-pared\/","title":{"rendered":"Sheinbaum acusa intentos de EU por debilitar al gobierno mexicano: \u201cSe toparon con pared\u201d"},"content":{"rendered":"\n<p class=\"wp-block-paragraph\">La presidenta Claudia Sheinbaum Pardo afirm\u00f3 que existen actores del gobierno de Estados Unidos que buscan debilitar a gobiernos que defienden su soberan\u00eda, generar divisiones internas e incluso influir en procesos electorales de otros pa\u00edses.<\/p>\n\n\n\n<p class=\"wp-block-paragraph\">Durante la conferencia matutina de este mi\u00e9rcoles, la mandataria fue cuestionada sobre las recientes declaraciones del director de la Administraci\u00f3n para el Control de Drogas (DEA), Terry Cole, quien calific\u00f3 al secretario de Seguridad y Protecci\u00f3n Ciudadana, Omar Garc\u00eda Harfuch, como un \u201csocio de confianza y un buen amigo de Estados Unidos\u201d.<\/p>\n\n\n\n<p class=\"wp-block-paragraph\">Sheinbaum descart\u00f3 que las declaraciones representen un respaldo directo a Garc\u00eda Harfuch con miras a la sucesi\u00f3n presidencial de 2030. En cambio, consider\u00f3 que este tipo de pronunciamientos forman parte de estrategias de injerencia que buscan provocar divisiones dentro del gobierno mexicano.<\/p>\n\n\n\n<p class=\"wp-block-paragraph\">\u201cEllos buscan de una u otra manera debilitar a los gobiernos, \u00e9ste es uno de sus objetivos, y particularmente gobiernos independientes que defendemos la soberan\u00eda\u201d, sostuvo.<\/p>\n\n\n\n<p class=\"wp-block-paragraph\">La presidenta asegur\u00f3 que estos intentos no han generado fracturas dentro del gabinete de seguridad, pues existe una coordinaci\u00f3n estrecha entre las principales instituciones encargadas de la seguridad nacional.<\/p>\n\n\n\n<p class=\"wp-block-paragraph\">\u201cSe topan con pared porque el gabinete de seguridad del gobierno de M\u00e9xico tiene una coordinaci\u00f3n y una unidad enorme\u201d, afirm\u00f3, al destacar la colaboraci\u00f3n entre las secretar\u00edas de la Defensa Nacional y Marina, la Secretar\u00eda de Seguridad, Gobernaci\u00f3n y la Consejer\u00eda Jur\u00eddica.<\/p>\n\n\n\n<p class=\"wp-block-paragraph\">Sheinbaum tambi\u00e9n se\u00f1al\u00f3 que Estados Unidos suele utilizar a M\u00e9xico como parte de sus discusiones electorales y record\u00f3 que ese pa\u00eds tendr\u00e1 elecciones en noviembre. Por ello, pidi\u00f3 que las autoridades estadounidenses se concentren en sus propios asuntos, mientras M\u00e9xico atiende los suyos, manteniendo la cooperaci\u00f3n bilateral bajo el principio de respeto a la soberan\u00eda.<\/p>\n\n\n\n<p class=\"wp-block-paragraph\">La mandataria destac\u00f3 que la coordinaci\u00f3n del gabinete de seguridad ha contribuido a los resultados de su administraci\u00f3n, entre ellos una reducci\u00f3n de 51 por ciento en los homicidios, seg\u00fan las cifras que mencion\u00f3 durante la conferencia.<\/p>\n\n\n\n<p class=\"wp-block-paragraph\">Al ser cuestionada sobre cu\u00e1l ha sido el principal desaf\u00edo que ha enfrentado durante casi dos a\u00f1os de gobierno, Sheinbaum reconoci\u00f3 que la relaci\u00f3n con Estados Unidos ha sido la parte m\u00e1s compleja.<\/p>\n\n\n\n<p class=\"wp-block-paragraph\">\u201cHa sido compleja la relaci\u00f3n con Estados Unidos. Hemos buscado una buena relaci\u00f3n pero ha habido momentos de dificultades\u201d, se\u00f1al\u00f3.<\/p>\n\n\n\n<p class=\"wp-block-paragraph\">Entre los episodios que mencion\u00f3 se encuentran las diferencias por los aranceles impuestos por Estados Unidos y los se\u00f1alamientos realizados por el Departamento de Justicia estadounidense contra funcionarios mexicanos por presuntos v\u00ednculos con el crimen organizado.<\/p>\n\n\n\n<p class=\"wp-block-paragraph\">Pese a las tensiones, Sheinbaum sostuvo que M\u00e9xico mantiene la disposici\u00f3n de coordinarse con Estados Unidos, siempre bajo una relaci\u00f3n basada en el respeto a la soberan\u00eda nacional.<\/p>\n\n\n\n<p class=\"wp-block-paragraph\"><\/p>\n","protected":false},"excerpt":{"rendered":"<p>La presidenta Claudia Sheinbaum Pardo afirm\u00f3 que existen actores del gobierno de Estados Unidos que buscan debilitar a gobiernos que defienden su soberan\u00eda, generar divisiones internas e incluso influir en procesos electorales de otros pa\u00edses. Durante la conferencia matutina de este mi\u00e9rcoles, la mandataria fue cuestionada sobre las recientes declaraciones del director de la Administraci\u00f3n [&hellip;]<\/p>\n","protected":false},"author":4,"featured_media":77975,"comment_status":"closed","ping_status":"open","sticky":false,"template":"","format":"standard","meta":{"footnotes":""},"categories":[12],"tags":[],"class_list":["post-77974","post","type-post","status-publish","format-standard","has-post-thumbnail","category-nacional"],"yoast_head":"<!-- This site is optimized with the Yoast SEO plugin v28.3 - https:\/\/yoast.com\/product\/yoast-seo-wordpress\/ -->\n<title>Sheinbaum acusa intentos de EU por debilitar al gobierno mexicano: \u201cSe toparon con pared\u201d - Peri\u00f3dico Realidades<\/title>\n<meta name=\"robots\" content=\"index, follow, max-snippet:-1, max-image-preview:large, max-video-preview:-1\" \/>\n<link rel=\"canonical\" href=\"https:\/\/periodicorealidades.com\/index.php\/2026\/09\/02\/sheinbaum-acusa-intentos-de-eu-por-debilitar-al-gobierno-mexicano-se-toparon-con-pared\/\" \/>\n<meta property=\"og:locale\" content=\"es_MX\" \/>\n<meta property=\"og:type\" content=\"article\" \/>\n<meta property=\"og:title\" content=\"Sheinbaum acusa intentos de EU por debilitar al gobierno mexicano: \u201cSe toparon con pared\u201d - Peri\u00f3dico Realidades\" \/>\n<meta property=\"og:description\" content=\"La presidenta Claudia Sheinbaum Pardo afirm\u00f3 que existen actores del gobierno de Estados Unidos que buscan debilitar a gobiernos que defienden su soberan\u00eda, generar divisiones internas e incluso influir en procesos electorales de otros pa\u00edses. Durante la conferencia matutina de este mi\u00e9rcoles, la mandataria fue cuestionada sobre las recientes declaraciones del director de la Administraci\u00f3n [&hellip;]\" \/>\n<meta property=\"og:url\" content=\"https:\/\/periodicorealidades.com\/index.php\/2026\/09\/02\/sheinbaum-acusa-intentos-de-eu-por-debilitar-al-gobierno-mexicano-se-toparon-con-pared\/\" \/>\n<meta property=\"og:site_name\" content=\"Peri\u00f3dico Realidades\" \/>\n<meta property=\"article:publisher\" content=\"https:\/\/www.facebook.com\/periodicorealidades.denayarit?mibextid=LQQJ4d\" \/>\n<meta property=\"article:published_time\" content=\"2026-09-02T23:05:57+00:00\" \/>\n<meta property=\"og:image\" content=\"https:\/\/periodicorealidades.com\/wp-content\/uploads\/2026\/09\/image-31.png\" \/>\n\t<meta property=\"og:image:width\" content=\"412\" \/>\n\t<meta property=\"og:image:height\" content=\"250\" \/>\n\t<meta property=\"og:image:type\" content=\"image\/png\" \/>\n<meta name=\"author\" content=\"Arcelia\" \/>\n<meta name=\"twitter:card\" content=\"summary_large_image\" \/>\n<meta name=\"twitter:label1\" content=\"Escrito por\" \/>\n\t<meta name=\"twitter:data1\" content=\"Arcelia\" \/>\n\t<meta name=\"twitter:label2\" content=\"Tiempo de lectura\" \/>\n\t<meta name=\"twitter:data2\" content=\"3 minutos\" \/>\n<script type=\"application\/ld+json\" class=\"yoast-schema-graph\">{\"@context\":\"https:\\\/\\\/schema.org\",\"@graph\":[{\"@type\":\"Article\",\"@id\":\"https:\\\/\\\/periodicorealidades.com\\\/index.php\\\/2026\\\/09\\\/02\\\/sheinbaum-acusa-intentos-de-eu-por-debilitar-al-gobierno-mexicano-se-toparon-con-pared\\\/#article\",\"isPartOf\":{\"@id\":\"https:\\\/\\\/periodicorealidades.com\\\/index.php\\\/2026\\\/09\\\/02\\\/sheinbaum-acusa-intentos-de-eu-por-debilitar-al-gobierno-mexicano-se-toparon-con-pared\\\/\"},\"author\":{\"name\":\"Arcelia\",\"@id\":\"https:\\\/\\\/periodicorealidades.com\\\/#\\\/schema\\\/person\\\/ed60e33c6767be45db655d22ad0c15c4\"},\"headline\":\"Sheinbaum acusa intentos de EU por debilitar al gobierno mexicano: \u201cSe toparon con pared\u201d\",\"datePublished\":\"2026-09-02T23:05:57+00:00\",\"mainEntityOfPage\":{\"@id\":\"https:\\\/\\\/periodicorealidades.com\\\/index.php\\\/2026\\\/09\\\/02\\\/sheinbaum-acusa-intentos-de-eu-por-debilitar-al-gobierno-mexicano-se-toparon-con-pared\\\/\"},\"wordCount\":491,\"publisher\":{\"@id\":\"https:\\\/\\\/periodicorealidades.com\\\/#organization\"},\"image\":{\"@id\":\"https:\\\/\\\/periodicorealidades.com\\\/index.php\\\/2026\\\/09\\\/02\\\/sheinbaum-acusa-intentos-de-eu-por-debilitar-al-gobierno-mexicano-se-toparon-con-pared\\\/#primaryimage\"},\"thumbnailUrl\":\"https:\\\/\\\/periodicorealidades.com\\\/wp-content\\\/uploads\\\/2026\\\/09\\\/image-31.png\",\"articleSection\":[\"Nacional\"],\"inLanguage\":\"es\"},{\"@type\":\"WebPage\",\"@id\":\"https:\\\/\\\/periodicorealidades.com\\\/index.php\\\/2026\\\/09\\\/02\\\/sheinbaum-acusa-intentos-de-eu-por-debilitar-al-gobierno-mexicano-se-toparon-con-pared\\\/\",\"url\":\"https:\\\/\\\/periodicorealidades.com\\\/index.php\\\/2026\\\/09\\\/02\\\/sheinbaum-acusa-intentos-de-eu-por-debilitar-al-gobierno-mexicano-se-toparon-con-pared\\\/\",\"name\":\"Sheinbaum acusa intentos de EU por debilitar al gobierno mexicano: \u201cSe toparon con pared\u201d - Peri\u00f3dico Realidades\",\"isPartOf\":{\"@id\":\"https:\\\/\\\/periodicorealidades.com\\\/#website\"},\"primaryImageOfPage\":{\"@id\":\"https:\\\/\\\/periodicorealidades.com\\\/index.php\\\/2026\\\/09\\\/02\\\/sheinbaum-acusa-intentos-de-eu-por-debilitar-al-gobierno-mexicano-se-toparon-con-pared\\\/#primaryimage\"},\"image\":{\"@id\":\"https:\\\/\\\/periodicorealidades.com\\\/index.php\\\/2026\\\/09\\\/02\\\/sheinbaum-acusa-intentos-de-eu-por-debilitar-al-gobierno-mexicano-se-toparon-con-pared\\\/#primaryimage\"},\"thumbnailUrl\":\"https:\\\/\\\/periodicorealidades.com\\\/wp-content\\\/uploads\\\/2026\\\/09\\\/image-31.png\",\"datePublished\":\"2026-09-02T23:05:57+00:00\",\"breadcrumb\":{\"@id\":\"https:\\\/\\\/periodicorealidades.com\\\/index.php\\\/2026\\\/09\\\/02\\\/sheinbaum-acusa-intentos-de-eu-por-debilitar-al-gobierno-mexicano-se-toparon-con-pared\\\/#breadcrumb\"},\"inLanguage\":\"es\",\"potentialAction\":[{\"@type\":\"ReadAction\",\"target\":[\"https:\\\/\\\/periodicorealidades.com\\\/index.php\\\/2026\\\/09\\\/02\\\/sheinbaum-acusa-intentos-de-eu-por-debilitar-al-gobierno-mexicano-se-toparon-con-pared\\\/\"]}]},{\"@type\":\"ImageObject\",\"inLanguage\":\"es\",\"@id\":\"https:\\\/\\\/periodicorealidades.com\\\/index.php\\\/2026\\\/09\\\/02\\\/sheinbaum-acusa-intentos-de-eu-por-debilitar-al-gobierno-mexicano-se-toparon-con-pared\\\/#primaryimage\",\"url\":\"https:\\\/\\\/periodicorealidades.com\\\/wp-content\\\/uploads\\\/2026\\\/09\\\/image-31.png\",\"contentUrl\":\"https:\\\/\\\/periodicorealidades.com\\\/wp-content\\\/uploads\\\/2026\\\/09\\\/image-31.png\",\"width\":412,\"height\":250},{\"@type\":\"BreadcrumbList\",\"@id\":\"https:\\\/\\\/periodicorealidades.com\\\/index.php\\\/2026\\\/09\\\/02\\\/sheinbaum-acusa-intentos-de-eu-por-debilitar-al-gobierno-mexicano-se-toparon-con-pared\\\/#breadcrumb\",\"itemListElement\":[{\"@type\":\"ListItem\",\"position\":1,\"name\":\"Inicio\",\"item\":\"https:\\\/\\\/periodicorealidades.com\\\/\"},{\"@type\":\"ListItem\",\"position\":2,\"name\":\"Sheinbaum acusa intentos de EU por debilitar al gobierno mexicano: \u201cSe toparon con pared\u201d\"}]},{\"@type\":\"WebSite\",\"@id\":\"https:\\\/\\\/periodicorealidades.com\\\/#website\",\"url\":\"https:\\\/\\\/periodicorealidades.com\\\/\",\"name\":\"Peri\u00f3dico Realidades\",\"description\":\"M\u00e9dio de comunicaci\u00f3n en Nayarit\",\"publisher\":{\"@id\":\"https:\\\/\\\/periodicorealidades.com\\\/#organization\"},\"potentialAction\":[{\"@type\":\"SearchAction\",\"target\":{\"@type\":\"EntryPoint\",\"urlTemplate\":\"https:\\\/\\\/periodicorealidades.com\\\/?s={search_term_string}\"},\"query-input\":{\"@type\":\"PropertyValueSpecification\",\"valueRequired\":true,\"valueName\":\"search_term_string\"}}],\"inLanguage\":\"es\"},{\"@type\":\"Organization\",\"@id\":\"https:\\\/\\\/periodicorealidades.com\\\/#organization\",\"name\":\"Peri\u00f3dico Realidades\",\"url\":\"https:\\\/\\\/periodicorealidades.com\\\/\",\"logo\":{\"@type\":\"ImageObject\",\"inLanguage\":\"es\",\"@id\":\"https:\\\/\\\/periodicorealidades.com\\\/#\\\/schema\\\/logo\\\/image\\\/\",\"url\":\"https:\\\/\\\/periodicorealidades.com\\\/wp-content\\\/uploads\\\/2023\\\/05\\\/r-prueba.png\",\"contentUrl\":\"https:\\\/\\\/periodicorealidades.com\\\/wp-content\\\/uploads\\\/2023\\\/05\\\/r-prueba.png\",\"width\":709,\"height\":709,\"caption\":\"Peri\u00f3dico Realidades\"},\"image\":{\"@id\":\"https:\\\/\\\/periodicorealidades.com\\\/#\\\/schema\\\/logo\\\/image\\\/\"},\"sameAs\":[\"https:\\\/\\\/www.facebook.com\\\/periodicorealidades.denayarit?mibextid=LQQJ4d\"]},{\"@type\":\"Person\",\"@id\":\"https:\\\/\\\/periodicorealidades.com\\\/#\\\/schema\\\/person\\\/ed60e33c6767be45db655d22ad0c15c4\",\"name\":\"Arcelia\",\"image\":{\"@type\":\"ImageObject\",\"inLanguage\":\"es\",\"@id\":\"https:\\\/\\\/secure.gravatar.com\\\/avatar\\\/36cdbbe591db4ecc4985aac5ab27b8093cf6488d3b664974f0cda2e38368b10d?s=96&d=mm&r=g\",\"url\":\"https:\\\/\\\/secure.gravatar.com\\\/avatar\\\/36cdbbe591db4ecc4985aac5ab27b8093cf6488d3b664974f0cda2e38368b10d?s=96&d=mm&r=g\",\"contentUrl\":\"https:\\\/\\\/secure.gravatar.com\\\/avatar\\\/36cdbbe591db4ecc4985aac5ab27b8093cf6488d3b664974f0cda2e38368b10d?s=96&d=mm&r=g\",\"caption\":\"Arcelia\"},\"url\":\"https:\\\/\\\/periodicorealidades.com\\\/index.php\\\/author\\\/editor-2\\\/\"}]}<\/script>\n<!-- \/ Yoast SEO plugin. -->","yoast_head_json":{"title":"Sheinbaum acusa intentos de EU por debilitar al gobierno mexicano: \u201cSe toparon con pared\u201d - Peri\u00f3dico Realidades","robots":{"index":"index","follow":"follow","max-snippet":"max-snippet:-1","max-image-preview":"max-image-preview:large","max-video-preview":"max-video-preview:-1"},"canonical":"https:\/\/periodicorealidades.com\/index.php\/2026\/09\/02\/sheinbaum-acusa-intentos-de-eu-por-debilitar-al-gobierno-mexicano-se-toparon-con-pared\/","og_locale":"es_MX","og_type":"article","og_title":"Sheinbaum acusa intentos de EU por debilitar al gobierno mexicano: \u201cSe toparon con pared\u201d - Peri\u00f3dico Realidades","og_description":"La presidenta Claudia Sheinbaum Pardo afirm\u00f3 que existen actores del gobierno de Estados Unidos que buscan debilitar a gobiernos que defienden su soberan\u00eda, generar divisiones internas e incluso influir en procesos electorales de otros pa\u00edses. Durante la conferencia matutina de este mi\u00e9rcoles, la mandataria fue cuestionada sobre las recientes declaraciones del director de la Administraci\u00f3n [&hellip;]","og_url":"https:\/\/periodicorealidades.com\/index.php\/2026\/09\/02\/sheinbaum-acusa-intentos-de-eu-por-debilitar-al-gobierno-mexicano-se-toparon-con-pared\/","og_site_name":"Peri\u00f3dico Realidades","article_publisher":"https:\/\/www.facebook.com\/periodicorealidades.denayarit?mibextid=LQQJ4d","article_published_time":"2026-09-02T23:05:57+00:00","og_image":[{"width":412,"height":250,"url":"https:\/\/periodicorealidades.com\/wp-content\/uploads\/2026\/09\/image-31.png","type":"image\/png"}],"author":"Arcelia","twitter_card":"summary_large_image","twitter_misc":{"Escrito por":"Arcelia","Tiempo de lectura":"3 minutos"},"schema":{"@context":"https:\/\/schema.org","@graph":[{"@type":"Article","@id":"https:\/\/periodicorealidades.com\/index.php\/2026\/09\/02\/sheinbaum-acusa-intentos-de-eu-por-debilitar-al-gobierno-mexicano-se-toparon-con-pared\/#article","isPartOf":{"@id":"https:\/\/periodicorealidades.com\/index.php\/2026\/09\/02\/sheinbaum-acusa-intentos-de-eu-por-debilitar-al-gobierno-mexicano-se-toparon-con-pared\/"},"author":{"name":"Arcelia","@id":"https:\/\/periodicorealidades.com\/#\/schema\/person\/ed60e33c6767be45db655d22ad0c15c4"},"headline":"Sheinbaum acusa intentos de EU por debilitar al gobierno mexicano: \u201cSe toparon con pared\u201d","datePublished":"2026-09-02T23:05:57+00:00","mainEntityOfPage":{"@id":"https:\/\/periodicorealidades.com\/index.php\/2026\/09\/02\/sheinbaum-acusa-intentos-de-eu-por-debilitar-al-gobierno-mexicano-se-toparon-con-pared\/"},"wordCount":491,"publisher":{"@id":"https:\/\/periodicorealidades.com\/#organization"},"image":{"@id":"https:\/\/periodicorealidades.com\/index.php\/2026\/09\/02\/sheinbaum-acusa-intentos-de-eu-por-debilitar-al-gobierno-mexicano-se-toparon-con-pared\/#primaryimage"},"thumbnailUrl":"https:\/\/periodicorealidades.com\/wp-content\/uploads\/2026\/09\/image-31.png","articleSection":["Nacional"],"inLanguage":"es"},{"@type":"WebPage","@id":"https:\/\/periodicorealidades.com\/index.php\/2026\/09\/02\/sheinbaum-acusa-intentos-de-eu-por-debilitar-al-gobierno-mexicano-se-toparon-con-pared\/","url":"https:\/\/periodicorealidades.com\/index.php\/2026\/09\/02\/sheinbaum-acusa-intentos-de-eu-por-debilitar-al-gobierno-mexicano-se-toparon-con-pared\/","name":"Sheinbaum acusa intentos de EU por debilitar al gobierno mexicano: \u201cSe toparon con pared\u201d - Peri\u00f3dico Realidades","isPartOf":{"@id":"https:\/\/periodicorealidades.com\/#website"},"primaryImageOfPage":{"@id":"https:\/\/periodicorealidades.com\/index.php\/2026\/09\/02\/sheinbaum-acusa-intentos-de-eu-por-debilitar-al-gobierno-mexicano-se-toparon-con-pared\/#primaryimage"},"image":{"@id":"https:\/\/periodicorealidades.com\/index.php\/2026\/09\/02\/sheinbaum-acusa-intentos-de-eu-por-debilitar-al-gobierno-mexicano-se-toparon-con-pared\/#primaryimage"},"thumbnailUrl":"https:\/\/periodicorealidades.com\/wp-content\/uploads\/2026\/09\/image-31.png","datePublished":"2026-09-02T23:05:57+00:00","breadcrumb":{"@id":"https:\/\/periodicorealidades.com\/index.php\/2026\/09\/02\/sheinbaum-acusa-intentos-de-eu-por-debilitar-al-gobierno-mexicano-se-toparon-con-pared\/#breadcrumb"},"inLanguage":"es","potentialAction":[{"@type":"ReadAction","target":["https:\/\/periodicorealidades.com\/index.php\/2026\/09\/02\/sheinbaum-acusa-intentos-de-eu-por-debilitar-al-gobierno-mexicano-se-toparon-con-pared\/"]}]},{"@type":"ImageObject","inLanguage":"es","@id":"https:\/\/periodicorealidades.com\/index.php\/2026\/09\/02\/sheinbaum-acusa-intentos-de-eu-por-debilitar-al-gobierno-mexicano-se-toparon-con-pared\/#primaryimage","url":"https:\/\/periodicorealidades.com\/wp-content\/uploads\/2026\/09\/image-31.png","contentUrl":"https:\/\/periodicorealidades.com\/wp-content\/uploads\/2026\/09\/image-31.png","width":412,"height":250},{"@type":"BreadcrumbList","@id":"https:\/\/periodicorealidades.com\/index.php\/2026\/09\/02\/sheinbaum-acusa-intentos-de-eu-por-debilitar-al-gobierno-mexicano-se-toparon-con-pared\/#breadcrumb","itemListElement":[{"@type":"ListItem","position":1,"name":"Inicio","item":"https:\/\/periodicorealidades.com\/"},{"@type":"ListItem","position":2,"name":"Sheinbaum acusa intentos de EU por debilitar al gobierno mexicano: \u201cSe toparon con pared\u201d"}]},{"@type":"WebSite","@id":"https:\/\/periodicorealidades.com\/#website","url":"https:\/\/periodicorealidades.com\/","name":"Peri\u00f3dico Realidades","description":"M\u00e9dio de comunicaci\u00f3n en Nayarit","publisher":{"@id":"https:\/\/periodicorealidades.com\/#organization"},"potentialAction":[{"@type":"SearchAction","target":{"@type":"EntryPoint","urlTemplate":"https:\/\/periodicorealidades.com\/?s={search_term_string}"},"query-input":{"@type":"PropertyValueSpecification","valueRequired":true,"valueName":"search_term_string"}}],"inLanguage":"es"},{"@type":"Organization","@id":"https:\/\/periodicorealidades.com\/#organization","name":"Peri\u00f3dico Realidades","url":"https:\/\/periodicorealidades.com\/","logo":{"@type":"ImageObject","inLanguage":"es","@id":"https:\/\/periodicorealidades.com\/#\/schema\/logo\/image\/","url":"https:\/\/periodicorealidades.com\/wp-content\/uploads\/2023\/05\/r-prueba.png","contentUrl":"https:\/\/periodicorealidades.com\/wp-content\/uploads\/2023\/05\/r-prueba.png","width":709,"height":709,"caption":"Peri\u00f3dico Realidades"},"image":{"@id":"https:\/\/periodicorealidades.com\/#\/schema\/logo\/image\/"},"sameAs":["https:\/\/www.facebook.com\/periodicorealidades.denayarit?mibextid=LQQJ4d"]},{"@type":"Person","@id":"https:\/\/periodicorealidades.com\/#\/schema\/person\/ed60e33c6767be45db655d22ad0c15c4","name":"Arcelia","image":{"@type":"ImageObject","inLanguage":"es","@id":"https:\/\/secure.gravatar.com\/avatar\/36cdbbe591db4ecc4985aac5ab27b8093cf6488d3b664974f0cda2e38368b10d?s=96&d=mm&r=g","url":"https:\/\/secure.gravatar.com\/avatar\/36cdbbe591db4ecc4985aac5ab27b8093cf6488d3b664974f0cda2e38368b10d?s=96&d=mm&r=g","contentUrl":"https:\/\/secure.gravatar.com\/avatar\/36cdbbe591db4ecc4985aac5ab27b8093cf6488d3b664974f0cda2e38368b10d?s=96&d=mm&r=g","caption":"Arcelia"},"url":"https:\/\/periodicorealidades.com\/index.php\/author\/editor-2\/"}]}},"_links":{"self":[{"href":"https:\/\/periodicorealidades.com\/index.php\/wp-json\/wp\/v2\/posts\/77974","targetHints":{"allow":["GET"]}}],"collection":[{"href":"https:\/\/periodicorealidades.com\/index.php\/wp-json\/wp\/v2\/posts"}],"about":[{"href":"https:\/\/periodicorealidades.com\/index.php\/wp-json\/wp\/v2\/types\/post"}],"author":[{"embeddable":true,"href":"https:\/\/periodicorealidades.com\/index.php\/wp-json\/wp\/v2\/users\/4"}],"replies":[{"embeddable":true,"href":"https:\/\/periodicorealidades.com\/index.php\/wp-json\/wp\/v2\/comments?post=77974"}],"version-history":[{"count":1,"href":"https:\/\/periodicorealidades.com\/index.php\/wp-json\/wp\/v2\/posts\/77974\/revisions"}],"predecessor-version":[{"id":77976,"href":"https:\/\/periodicorealidades.com\/index.php\/wp-json\/wp\/v2\/posts\/77974\/revisions\/77976"}],"wp:featuredmedia":[{"embeddable":true,"href":"https:\/\/periodicorealidades.com\/index.php\/wp-json\/wp\/v2\/media\/77975"}],"wp:attachment":[{"href":"https:\/\/periodicorealidades.com\/index.php\/wp-json\/wp\/v2\/media?parent=77974"}],"wp:term":[{"taxonomy":"category","embeddable":true,"href":"https:\/\/periodicorealidades.com\/index.php\/wp-json\/wp\/v2\/categories?post=77974"},{"taxonomy":"post_tag","embeddable":true,"href":"https:\/\/periodicorealidades.com\/index.php\/wp-json\/wp\/v2\/tags?post=77974"}],"curies":[{"name":"wp","href":"https:\/\/api.w.org\/{rel}","templated":true}]}}