{"id":77980,"date":"2026-09-02T16:31:03","date_gmt":"2026-09-02T23:31:03","guid":{"rendered":"https:\/\/periodicorealidades.com\/?p=77980"},"modified":"2026-09-02T16:31:04","modified_gmt":"2026-09-02T23:31:04","slug":"identifican-una-proteina-que-podria-explicar-por-que-el-cerebro-no-recupera-el-flujo-sanguineo-tras-un-acv","status":"publish","type":"post","link":"https:\/\/periodicorealidades.com\/index.php\/2026\/09\/02\/identifican-una-proteina-que-podria-explicar-por-que-el-cerebro-no-recupera-el-flujo-sanguineo-tras-un-acv\/","title":{"rendered":"Identifican una prote\u00edna que podr\u00eda explicar por qu\u00e9 el cerebro no recupera el flujo sangu\u00edneo tras un ACV"},"content":{"rendered":"\n<p class=\"wp-block-paragraph\"><strong>Un estudio internacional descubri\u00f3 c\u00f3mo el factor de von Willebrand puede favorecer la formaci\u00f3n de peque\u00f1os co\u00e1gulos despu\u00e9s de retirar con \u00e9xito una obstrucci\u00f3n cerebral. El hallazgo abre una posible v\u00eda para mejorar la recuperaci\u00f3n de pacientes con accidente cerebrovascular isqu\u00e9mico.<\/strong><\/p>\n\n\n\n<p class=\"wp-block-paragraph\">Cuando una arteria del cerebro queda bloqueada por un co\u00e1gulo, el tejido cerebral deja de recibir ox\u00edgeno y las neuronas comienzan a morir en cuesti\u00f3n de minutos. Este evento, conocido como&nbsp;<strong>accidente cerebrovascular (ACV) isqu\u00e9mico<\/strong>, es el tipo m\u00e1s frecuente de ACV.<\/p>\n\n\n\n<p class=\"wp-block-paragraph\">Aunque actualmente existen tratamientos capaces de retirar el co\u00e1gulo y restablecer el flujo sangu\u00edneo, el procedimiento no siempre logra evitar el da\u00f1o neurol\u00f3gico. Hasta la mitad de los pacientes puede continuar con complicaciones importantes incluso despu\u00e9s de que la obstrucci\u00f3n principal haya sido eliminada.<\/p>\n\n\n\n<p class=\"wp-block-paragraph\">Ahora, un estudio publicado en la revista cient\u00edfica&nbsp;<strong>PNAS<\/strong>&nbsp;identific\u00f3 un posible mecanismo detr\u00e1s de este fen\u00f3meno, conocido como&nbsp;<strong>\u201cno reflow\u201d<\/strong>, en el que los vasos sangu\u00edneos peque\u00f1os del cerebro no consiguen recuperar adecuadamente la circulaci\u00f3n.<\/p>\n\n\n\n<h2 class=\"wp-block-heading\">Una prote\u00edna que puede convertirse en un problema<\/h2>\n\n\n\n<p class=\"wp-block-paragraph\">La investigaci\u00f3n, realizada por cient\u00edficos de instituciones de Estados Unidos, Canad\u00e1 y Europa, se\u00f1ala al&nbsp;<strong>factor de von Willebrand (FvW)<\/strong>&nbsp;como uno de los principales responsables.<\/p>\n\n\n\n<p class=\"wp-block-paragraph\">Esta prote\u00edna cumple normalmente una funci\u00f3n esencial: ayuda al organismo a detener las hemorragias cuando un vaso sangu\u00edneo resulta da\u00f1ado. En condiciones normales permanece compacta dentro de los vasos y se activa cuando es necesario.<\/p>\n\n\n\n<p class=\"wp-block-paragraph\">Sin embargo, despu\u00e9s de un ACV, el flujo sangu\u00edneo puede volverse irregular y ca\u00f3tico tras la extracci\u00f3n del co\u00e1gulo. Seg\u00fan los investigadores, determinados movimientos de la sangre pueden estirar el FvW hasta convertirlo en una estructura alargada capaz de atraer plaquetas y favorecer la formaci\u00f3n de&nbsp;<strong>microco\u00e1gulos<\/strong>.<\/p>\n\n\n\n<p class=\"wp-block-paragraph\">Estos peque\u00f1os co\u00e1gulos pueden obstruir los vasos sangu\u00edneos m\u00e1s diminutos del cerebro y dificultar nuevamente la llegada de sangre al tejido que acaba de sufrir el ACV.<\/p>\n\n\n\n<h2 class=\"wp-block-heading\">El papel de la inflamaci\u00f3n<\/h2>\n\n\n\n<p class=\"wp-block-paragraph\">El estudio tambi\u00e9n encontr\u00f3 un segundo elemento importante: la&nbsp;<strong>interleucina-6 (IL-6)<\/strong>, una mol\u00e9cula relacionada con la respuesta inflamatoria.<\/p>\n\n\n\n<p class=\"wp-block-paragraph\">Despu\u00e9s de un ACV, el cerebro sometido a estr\u00e9s puede liberar IL-6. Esta sustancia interfiere con la actividad de la enzima&nbsp;<strong>ADAMTS13<\/strong>, cuya funci\u00f3n es controlar al factor de von Willebrand y limitar su actividad mediante su fragmentaci\u00f3n.<\/p>\n\n\n\n<p class=\"wp-block-paragraph\">Cuando la IL-6 reduce la acci\u00f3n de ADAMTS13, el FvW puede permanecer activo durante m\u00e1s tiempo y favorecer la aparici\u00f3n de microco\u00e1gulos. Los investigadores describen esta combinaci\u00f3n como una especie de \u201ctormenta perfecta\u201d que contribuye al da\u00f1o vascular despu\u00e9s de recuperar el flujo principal.<\/p>\n\n\n\n<h2 class=\"wp-block-heading\">Los cient\u00edficos observaron el fen\u00f3meno en tiempo real<\/h2>\n\n\n\n<p class=\"wp-block-paragraph\">Para estudiar el proceso, los investigadores utilizaron diferentes m\u00e9todos. En modelos de ratones con ACV isqu\u00e9mico emplearon&nbsp;<strong>microscop\u00eda intravital<\/strong>, una t\u00e9cnica que permite observar en tiempo real lo que ocurre dentro de los vasos sangu\u00edneos.<\/p>\n\n\n\n<p class=\"wp-block-paragraph\">Tras retirar el co\u00e1gulo, observaron que la sangre no siempre recuperaba un movimiento normal. En algunos vasos el flujo era irregular, presentaba pausas, reinicios e incluso cambios de direcci\u00f3n.<\/p>\n\n\n\n<p class=\"wp-block-paragraph\">Posteriormente, los investigadores reprodujeron estas condiciones mediante modelos computacionales. Las simulaciones mostraron que determinados patrones de flujo, especialmente aquellos en los que la sangre converge, pueden favorecer el despliegue del factor de von Willebrand.<\/p>\n\n\n\n<p class=\"wp-block-paragraph\">Finalmente, el equipo analiz\u00f3 muestras de sangre de pacientes con ACV. Los resultados mostraron que las personas con niveles m\u00e1s elevados de IL-6 tambi\u00e9n presentaban una mayor actividad del FvW y peores resultados cl\u00ednicos a largo plazo.<\/p>\n\n\n\n<p class=\"wp-block-paragraph\">En experimentos de laboratorio, al bloquear la IL-6, la enzima ADAMTS13 recuper\u00f3 parte de su capacidad para controlar al factor de von Willebrand.<\/p>\n\n\n\n<h2 class=\"wp-block-heading\">Un posible nuevo objetivo para tratar el ACV<\/h2>\n\n\n\n<p class=\"wp-block-paragraph\">El descubrimiento podr\u00eda abrir una nueva l\u00ednea de investigaci\u00f3n para complementar los tratamientos actuales contra el ACV. Los investigadores consideran que el factor de von Willebrand podr\u00eda convertirse en un&nbsp;<strong>blanco terap\u00e9utico<\/strong>&nbsp;para evitar la formaci\u00f3n de microco\u00e1gulos despu\u00e9s de recuperar el flujo sangu\u00edneo.<\/p>\n\n\n\n<p class=\"wp-block-paragraph\">El inter\u00e9s aumenta porque ya existen medicamentos dirigidos contra el FvW que fueron aprobados para tratar otras enfermedades. Esto podr\u00eda facilitar futuras investigaciones para determinar si alguno de estos tratamientos puede ser \u00fatil en pacientes con ACV.<\/p>\n\n\n\n<figure class=\"wp-block-image size-full\"><img loading=\"lazy\" decoding=\"async\" width=\"992\" height=\"554\" src=\"https:\/\/periodicorealidades.com\/wp-content\/uploads\/2026\/09\/image-34.png\" alt=\"\" class=\"wp-image-77982\" srcset=\"https:\/\/periodicorealidades.com\/wp-content\/uploads\/2026\/09\/image-34.png 992w, https:\/\/periodicorealidades.com\/wp-content\/uploads\/2026\/09\/image-34-300x168.png 300w, https:\/\/periodicorealidades.com\/wp-content\/uploads\/2026\/09\/image-34-766x428.png 766w, https:\/\/periodicorealidades.com\/wp-content\/uploads\/2026\/09\/image-34-322x180.png 322w, https:\/\/periodicorealidades.com\/wp-content\/uploads\/2026\/09\/image-34-695x388.png 695w, https:\/\/periodicorealidades.com\/wp-content\/uploads\/2026\/09\/image-34-286x160.png 286w, https:\/\/periodicorealidades.com\/wp-content\/uploads\/2026\/09\/image-34-355x198.png 355w, https:\/\/periodicorealidades.com\/wp-content\/uploads\/2026\/09\/image-34-467x261.png 467w\" sizes=\"auto, (max-width: 992px) 100vw, 992px\" \/><\/figure>\n\n\n\n<p class=\"wp-block-paragraph\">Sin embargo, los cient\u00edficos advierten que todav\u00eda se trata de una investigaci\u00f3n en una etapa temprana y que ser\u00e1n necesarios estudios adicionales, incluidos ensayos cl\u00ednicos, para determinar si intervenir sobre el FvW o la IL-6 puede mejorar realmente la recuperaci\u00f3n de los pacientes.<\/p>\n\n\n\n<p class=\"wp-block-paragraph\">El hallazgo ofrece, de todos modos, una explicaci\u00f3n m\u00e1s precisa de uno de los grandes desaf\u00edos posteriores a un ACV:&nbsp;<strong>aunque el co\u00e1gulo principal sea retirado y la circulaci\u00f3n se restablezca, los vasos m\u00e1s peque\u00f1os pueden permanecer bloqueados por microco\u00e1gulos<\/strong>.<\/p>\n\n\n\n<p class=\"wp-block-paragraph\">Comprender la interacci\u00f3n entre el factor de von Willebrand, la IL-6 y la enzima ADAMTS13 podr\u00eda permitir desarrollar nuevas estrategias para proteger el cerebro durante las horas cr\u00edticas posteriores a un accidente cerebrovascular y mejorar las posibilidades de recuperaci\u00f3n neurol\u00f3gica.<\/p>\n\n\n\n<p class=\"wp-block-paragraph\"><\/p>\n","protected":false},"excerpt":{"rendered":"<p>Un estudio internacional descubri\u00f3 c\u00f3mo el factor de von Willebrand puede favorecer la formaci\u00f3n de peque\u00f1os co\u00e1gulos despu\u00e9s de retirar con \u00e9xito una obstrucci\u00f3n cerebral. El hallazgo abre una posible v\u00eda para mejorar la recuperaci\u00f3n de pacientes con accidente cerebrovascular isqu\u00e9mico. Cuando una arteria del cerebro queda bloqueada por un co\u00e1gulo, el tejido cerebral deja [&hellip;]<\/p>\n","protected":false},"author":4,"featured_media":77981,"comment_status":"closed","ping_status":"open","sticky":false,"template":"","format":"standard","meta":{"footnotes":""},"categories":[14],"tags":[],"class_list":["post-77980","post","type-post","status-publish","format-standard","has-post-thumbnail","category-salud"],"yoast_head":"<!-- This site is optimized with the Yoast SEO plugin v28.3 - https:\/\/yoast.com\/product\/yoast-seo-wordpress\/ -->\n<title>Identifican una prote\u00edna que podr\u00eda explicar por qu\u00e9 el cerebro no recupera el flujo sangu\u00edneo tras un ACV - Peri\u00f3dico Realidades<\/title>\n<meta name=\"robots\" content=\"index, follow, max-snippet:-1, max-image-preview:large, max-video-preview:-1\" \/>\n<link rel=\"canonical\" href=\"https:\/\/periodicorealidades.com\/index.php\/2026\/09\/02\/identifican-una-proteina-que-podria-explicar-por-que-el-cerebro-no-recupera-el-flujo-sanguineo-tras-un-acv\/\" \/>\n<meta property=\"og:locale\" content=\"es_MX\" \/>\n<meta property=\"og:type\" content=\"article\" \/>\n<meta property=\"og:title\" content=\"Identifican una prote\u00edna que podr\u00eda explicar por qu\u00e9 el cerebro no recupera el flujo sangu\u00edneo tras un ACV - Peri\u00f3dico Realidades\" \/>\n<meta property=\"og:description\" content=\"Un estudio internacional descubri\u00f3 c\u00f3mo el factor de von Willebrand puede favorecer la formaci\u00f3n de peque\u00f1os co\u00e1gulos despu\u00e9s de retirar con \u00e9xito una obstrucci\u00f3n cerebral. El hallazgo abre una posible v\u00eda para mejorar la recuperaci\u00f3n de pacientes con accidente cerebrovascular isqu\u00e9mico. Cuando una arteria del cerebro queda bloqueada por un co\u00e1gulo, el tejido cerebral deja [&hellip;]\" \/>\n<meta property=\"og:url\" content=\"https:\/\/periodicorealidades.com\/index.php\/2026\/09\/02\/identifican-una-proteina-que-podria-explicar-por-que-el-cerebro-no-recupera-el-flujo-sanguineo-tras-un-acv\/\" \/>\n<meta property=\"og:site_name\" content=\"Peri\u00f3dico Realidades\" \/>\n<meta property=\"article:publisher\" content=\"https:\/\/www.facebook.com\/periodicorealidades.denayarit?mibextid=LQQJ4d\" \/>\n<meta property=\"article:published_time\" content=\"2026-09-02T23:31:03+00:00\" \/>\n<meta property=\"article:modified_time\" content=\"2026-09-02T23:31:04+00:00\" \/>\n<meta property=\"og:image\" content=\"https:\/\/periodicorealidades.com\/wp-content\/uploads\/2026\/09\/image-33.png\" \/>\n\t<meta property=\"og:image:width\" content=\"992\" \/>\n\t<meta property=\"og:image:height\" content=\"558\" \/>\n\t<meta property=\"og:image:type\" content=\"image\/png\" \/>\n<meta name=\"author\" content=\"Arcelia\" \/>\n<meta name=\"twitter:card\" content=\"summary_large_image\" \/>\n<meta name=\"twitter:label1\" content=\"Escrito por\" \/>\n\t<meta name=\"twitter:data1\" content=\"Arcelia\" \/>\n\t<meta name=\"twitter:label2\" content=\"Tiempo de lectura\" \/>\n\t<meta name=\"twitter:data2\" content=\"5 minutos\" \/>\n<script type=\"application\/ld+json\" class=\"yoast-schema-graph\">{\"@context\":\"https:\\\/\\\/schema.org\",\"@graph\":[{\"@type\":\"Article\",\"@id\":\"https:\\\/\\\/periodicorealidades.com\\\/index.php\\\/2026\\\/09\\\/02\\\/identifican-una-proteina-que-podria-explicar-por-que-el-cerebro-no-recupera-el-flujo-sanguineo-tras-un-acv\\\/#article\",\"isPartOf\":{\"@id\":\"https:\\\/\\\/periodicorealidades.com\\\/index.php\\\/2026\\\/09\\\/02\\\/identifican-una-proteina-que-podria-explicar-por-que-el-cerebro-no-recupera-el-flujo-sanguineo-tras-un-acv\\\/\"},\"author\":{\"name\":\"Arcelia\",\"@id\":\"https:\\\/\\\/periodicorealidades.com\\\/#\\\/schema\\\/person\\\/ed60e33c6767be45db655d22ad0c15c4\"},\"headline\":\"Identifican una prote\u00edna que podr\u00eda explicar por qu\u00e9 el cerebro no recupera el flujo sangu\u00edneo tras un ACV\",\"datePublished\":\"2026-09-02T23:31:03+00:00\",\"dateModified\":\"2026-09-02T23:31:04+00:00\",\"mainEntityOfPage\":{\"@id\":\"https:\\\/\\\/periodicorealidades.com\\\/index.php\\\/2026\\\/09\\\/02\\\/identifican-una-proteina-que-podria-explicar-por-que-el-cerebro-no-recupera-el-flujo-sanguineo-tras-un-acv\\\/\"},\"wordCount\":925,\"publisher\":{\"@id\":\"https:\\\/\\\/periodicorealidades.com\\\/#organization\"},\"image\":{\"@id\":\"https:\\\/\\\/periodicorealidades.com\\\/index.php\\\/2026\\\/09\\\/02\\\/identifican-una-proteina-que-podria-explicar-por-que-el-cerebro-no-recupera-el-flujo-sanguineo-tras-un-acv\\\/#primaryimage\"},\"thumbnailUrl\":\"https:\\\/\\\/periodicorealidades.com\\\/wp-content\\\/uploads\\\/2026\\\/09\\\/image-33.png\",\"articleSection\":[\"Salud\"],\"inLanguage\":\"es\"},{\"@type\":\"WebPage\",\"@id\":\"https:\\\/\\\/periodicorealidades.com\\\/index.php\\\/2026\\\/09\\\/02\\\/identifican-una-proteina-que-podria-explicar-por-que-el-cerebro-no-recupera-el-flujo-sanguineo-tras-un-acv\\\/\",\"url\":\"https:\\\/\\\/periodicorealidades.com\\\/index.php\\\/2026\\\/09\\\/02\\\/identifican-una-proteina-que-podria-explicar-por-que-el-cerebro-no-recupera-el-flujo-sanguineo-tras-un-acv\\\/\",\"name\":\"Identifican una prote\u00edna que podr\u00eda explicar por qu\u00e9 el cerebro no recupera el flujo sangu\u00edneo tras un ACV - Peri\u00f3dico Realidades\",\"isPartOf\":{\"@id\":\"https:\\\/\\\/periodicorealidades.com\\\/#website\"},\"primaryImageOfPage\":{\"@id\":\"https:\\\/\\\/periodicorealidades.com\\\/index.php\\\/2026\\\/09\\\/02\\\/identifican-una-proteina-que-podria-explicar-por-que-el-cerebro-no-recupera-el-flujo-sanguineo-tras-un-acv\\\/#primaryimage\"},\"image\":{\"@id\":\"https:\\\/\\\/periodicorealidades.com\\\/index.php\\\/2026\\\/09\\\/02\\\/identifican-una-proteina-que-podria-explicar-por-que-el-cerebro-no-recupera-el-flujo-sanguineo-tras-un-acv\\\/#primaryimage\"},\"thumbnailUrl\":\"https:\\\/\\\/periodicorealidades.com\\\/wp-content\\\/uploads\\\/2026\\\/09\\\/image-33.png\",\"datePublished\":\"2026-09-02T23:31:03+00:00\",\"dateModified\":\"2026-09-02T23:31:04+00:00\",\"breadcrumb\":{\"@id\":\"https:\\\/\\\/periodicorealidades.com\\\/index.php\\\/2026\\\/09\\\/02\\\/identifican-una-proteina-que-podria-explicar-por-que-el-cerebro-no-recupera-el-flujo-sanguineo-tras-un-acv\\\/#breadcrumb\"},\"inLanguage\":\"es\",\"potentialAction\":[{\"@type\":\"ReadAction\",\"target\":[\"https:\\\/\\\/periodicorealidades.com\\\/index.php\\\/2026\\\/09\\\/02\\\/identifican-una-proteina-que-podria-explicar-por-que-el-cerebro-no-recupera-el-flujo-sanguineo-tras-un-acv\\\/\"]}]},{\"@type\":\"ImageObject\",\"inLanguage\":\"es\",\"@id\":\"https:\\\/\\\/periodicorealidades.com\\\/index.php\\\/2026\\\/09\\\/02\\\/identifican-una-proteina-que-podria-explicar-por-que-el-cerebro-no-recupera-el-flujo-sanguineo-tras-un-acv\\\/#primaryimage\",\"url\":\"https:\\\/\\\/periodicorealidades.com\\\/wp-content\\\/uploads\\\/2026\\\/09\\\/image-33.png\",\"contentUrl\":\"https:\\\/\\\/periodicorealidades.com\\\/wp-content\\\/uploads\\\/2026\\\/09\\\/image-33.png\",\"width\":992,\"height\":558},{\"@type\":\"BreadcrumbList\",\"@id\":\"https:\\\/\\\/periodicorealidades.com\\\/index.php\\\/2026\\\/09\\\/02\\\/identifican-una-proteina-que-podria-explicar-por-que-el-cerebro-no-recupera-el-flujo-sanguineo-tras-un-acv\\\/#breadcrumb\",\"itemListElement\":[{\"@type\":\"ListItem\",\"position\":1,\"name\":\"Inicio\",\"item\":\"https:\\\/\\\/periodicorealidades.com\\\/\"},{\"@type\":\"ListItem\",\"position\":2,\"name\":\"Identifican una prote\u00edna que podr\u00eda explicar por qu\u00e9 el cerebro no recupera el flujo sangu\u00edneo tras un ACV\"}]},{\"@type\":\"WebSite\",\"@id\":\"https:\\\/\\\/periodicorealidades.com\\\/#website\",\"url\":\"https:\\\/\\\/periodicorealidades.com\\\/\",\"name\":\"Peri\u00f3dico Realidades\",\"description\":\"M\u00e9dio de comunicaci\u00f3n en Nayarit\",\"publisher\":{\"@id\":\"https:\\\/\\\/periodicorealidades.com\\\/#organization\"},\"potentialAction\":[{\"@type\":\"SearchAction\",\"target\":{\"@type\":\"EntryPoint\",\"urlTemplate\":\"https:\\\/\\\/periodicorealidades.com\\\/?s={search_term_string}\"},\"query-input\":{\"@type\":\"PropertyValueSpecification\",\"valueRequired\":true,\"valueName\":\"search_term_string\"}}],\"inLanguage\":\"es\"},{\"@type\":\"Organization\",\"@id\":\"https:\\\/\\\/periodicorealidades.com\\\/#organization\",\"name\":\"Peri\u00f3dico Realidades\",\"url\":\"https:\\\/\\\/periodicorealidades.com\\\/\",\"logo\":{\"@type\":\"ImageObject\",\"inLanguage\":\"es\",\"@id\":\"https:\\\/\\\/periodicorealidades.com\\\/#\\\/schema\\\/logo\\\/image\\\/\",\"url\":\"https:\\\/\\\/periodicorealidades.com\\\/wp-content\\\/uploads\\\/2023\\\/05\\\/r-prueba.png\",\"contentUrl\":\"https:\\\/\\\/periodicorealidades.com\\\/wp-content\\\/uploads\\\/2023\\\/05\\\/r-prueba.png\",\"width\":709,\"height\":709,\"caption\":\"Peri\u00f3dico Realidades\"},\"image\":{\"@id\":\"https:\\\/\\\/periodicorealidades.com\\\/#\\\/schema\\\/logo\\\/image\\\/\"},\"sameAs\":[\"https:\\\/\\\/www.facebook.com\\\/periodicorealidades.denayarit?mibextid=LQQJ4d\"]},{\"@type\":\"Person\",\"@id\":\"https:\\\/\\\/periodicorealidades.com\\\/#\\\/schema\\\/person\\\/ed60e33c6767be45db655d22ad0c15c4\",\"name\":\"Arcelia\",\"image\":{\"@type\":\"ImageObject\",\"inLanguage\":\"es\",\"@id\":\"https:\\\/\\\/secure.gravatar.com\\\/avatar\\\/36cdbbe591db4ecc4985aac5ab27b8093cf6488d3b664974f0cda2e38368b10d?s=96&d=mm&r=g\",\"url\":\"https:\\\/\\\/secure.gravatar.com\\\/avatar\\\/36cdbbe591db4ecc4985aac5ab27b8093cf6488d3b664974f0cda2e38368b10d?s=96&d=mm&r=g\",\"contentUrl\":\"https:\\\/\\\/secure.gravatar.com\\\/avatar\\\/36cdbbe591db4ecc4985aac5ab27b8093cf6488d3b664974f0cda2e38368b10d?s=96&d=mm&r=g\",\"caption\":\"Arcelia\"},\"url\":\"https:\\\/\\\/periodicorealidades.com\\\/index.php\\\/author\\\/editor-2\\\/\"}]}<\/script>\n<!-- \/ Yoast SEO plugin. -->","yoast_head_json":{"title":"Identifican una prote\u00edna que podr\u00eda explicar por qu\u00e9 el cerebro no recupera el flujo sangu\u00edneo tras un ACV - Peri\u00f3dico Realidades","robots":{"index":"index","follow":"follow","max-snippet":"max-snippet:-1","max-image-preview":"max-image-preview:large","max-video-preview":"max-video-preview:-1"},"canonical":"https:\/\/periodicorealidades.com\/index.php\/2026\/09\/02\/identifican-una-proteina-que-podria-explicar-por-que-el-cerebro-no-recupera-el-flujo-sanguineo-tras-un-acv\/","og_locale":"es_MX","og_type":"article","og_title":"Identifican una prote\u00edna que podr\u00eda explicar por qu\u00e9 el cerebro no recupera el flujo sangu\u00edneo tras un ACV - Peri\u00f3dico Realidades","og_description":"Un estudio internacional descubri\u00f3 c\u00f3mo el factor de von Willebrand puede favorecer la formaci\u00f3n de peque\u00f1os co\u00e1gulos despu\u00e9s de retirar con \u00e9xito una obstrucci\u00f3n cerebral. El hallazgo abre una posible v\u00eda para mejorar la recuperaci\u00f3n de pacientes con accidente cerebrovascular isqu\u00e9mico. Cuando una arteria del cerebro queda bloqueada por un co\u00e1gulo, el tejido cerebral deja [&hellip;]","og_url":"https:\/\/periodicorealidades.com\/index.php\/2026\/09\/02\/identifican-una-proteina-que-podria-explicar-por-que-el-cerebro-no-recupera-el-flujo-sanguineo-tras-un-acv\/","og_site_name":"Peri\u00f3dico Realidades","article_publisher":"https:\/\/www.facebook.com\/periodicorealidades.denayarit?mibextid=LQQJ4d","article_published_time":"2026-09-02T23:31:03+00:00","article_modified_time":"2026-09-02T23:31:04+00:00","og_image":[{"width":992,"height":558,"url":"https:\/\/periodicorealidades.com\/wp-content\/uploads\/2026\/09\/image-33.png","type":"image\/png"}],"author":"Arcelia","twitter_card":"summary_large_image","twitter_misc":{"Escrito por":"Arcelia","Tiempo de lectura":"5 minutos"},"schema":{"@context":"https:\/\/schema.org","@graph":[{"@type":"Article","@id":"https:\/\/periodicorealidades.com\/index.php\/2026\/09\/02\/identifican-una-proteina-que-podria-explicar-por-que-el-cerebro-no-recupera-el-flujo-sanguineo-tras-un-acv\/#article","isPartOf":{"@id":"https:\/\/periodicorealidades.com\/index.php\/2026\/09\/02\/identifican-una-proteina-que-podria-explicar-por-que-el-cerebro-no-recupera-el-flujo-sanguineo-tras-un-acv\/"},"author":{"name":"Arcelia","@id":"https:\/\/periodicorealidades.com\/#\/schema\/person\/ed60e33c6767be45db655d22ad0c15c4"},"headline":"Identifican una prote\u00edna que podr\u00eda explicar por qu\u00e9 el cerebro no recupera el flujo sangu\u00edneo tras un ACV","datePublished":"2026-09-02T23:31:03+00:00","dateModified":"2026-09-02T23:31:04+00:00","mainEntityOfPage":{"@id":"https:\/\/periodicorealidades.com\/index.php\/2026\/09\/02\/identifican-una-proteina-que-podria-explicar-por-que-el-cerebro-no-recupera-el-flujo-sanguineo-tras-un-acv\/"},"wordCount":925,"publisher":{"@id":"https:\/\/periodicorealidades.com\/#organization"},"image":{"@id":"https:\/\/periodicorealidades.com\/index.php\/2026\/09\/02\/identifican-una-proteina-que-podria-explicar-por-que-el-cerebro-no-recupera-el-flujo-sanguineo-tras-un-acv\/#primaryimage"},"thumbnailUrl":"https:\/\/periodicorealidades.com\/wp-content\/uploads\/2026\/09\/image-33.png","articleSection":["Salud"],"inLanguage":"es"},{"@type":"WebPage","@id":"https:\/\/periodicorealidades.com\/index.php\/2026\/09\/02\/identifican-una-proteina-que-podria-explicar-por-que-el-cerebro-no-recupera-el-flujo-sanguineo-tras-un-acv\/","url":"https:\/\/periodicorealidades.com\/index.php\/2026\/09\/02\/identifican-una-proteina-que-podria-explicar-por-que-el-cerebro-no-recupera-el-flujo-sanguineo-tras-un-acv\/","name":"Identifican una prote\u00edna que podr\u00eda explicar por qu\u00e9 el cerebro no recupera el flujo sangu\u00edneo tras un ACV - Peri\u00f3dico Realidades","isPartOf":{"@id":"https:\/\/periodicorealidades.com\/#website"},"primaryImageOfPage":{"@id":"https:\/\/periodicorealidades.com\/index.php\/2026\/09\/02\/identifican-una-proteina-que-podria-explicar-por-que-el-cerebro-no-recupera-el-flujo-sanguineo-tras-un-acv\/#primaryimage"},"image":{"@id":"https:\/\/periodicorealidades.com\/index.php\/2026\/09\/02\/identifican-una-proteina-que-podria-explicar-por-que-el-cerebro-no-recupera-el-flujo-sanguineo-tras-un-acv\/#primaryimage"},"thumbnailUrl":"https:\/\/periodicorealidades.com\/wp-content\/uploads\/2026\/09\/image-33.png","datePublished":"2026-09-02T23:31:03+00:00","dateModified":"2026-09-02T23:31:04+00:00","breadcrumb":{"@id":"https:\/\/periodicorealidades.com\/index.php\/2026\/09\/02\/identifican-una-proteina-que-podria-explicar-por-que-el-cerebro-no-recupera-el-flujo-sanguineo-tras-un-acv\/#breadcrumb"},"inLanguage":"es","potentialAction":[{"@type":"ReadAction","target":["https:\/\/periodicorealidades.com\/index.php\/2026\/09\/02\/identifican-una-proteina-que-podria-explicar-por-que-el-cerebro-no-recupera-el-flujo-sanguineo-tras-un-acv\/"]}]},{"@type":"ImageObject","inLanguage":"es","@id":"https:\/\/periodicorealidades.com\/index.php\/2026\/09\/02\/identifican-una-proteina-que-podria-explicar-por-que-el-cerebro-no-recupera-el-flujo-sanguineo-tras-un-acv\/#primaryimage","url":"https:\/\/periodicorealidades.com\/wp-content\/uploads\/2026\/09\/image-33.png","contentUrl":"https:\/\/periodicorealidades.com\/wp-content\/uploads\/2026\/09\/image-33.png","width":992,"height":558},{"@type":"BreadcrumbList","@id":"https:\/\/periodicorealidades.com\/index.php\/2026\/09\/02\/identifican-una-proteina-que-podria-explicar-por-que-el-cerebro-no-recupera-el-flujo-sanguineo-tras-un-acv\/#breadcrumb","itemListElement":[{"@type":"ListItem","position":1,"name":"Inicio","item":"https:\/\/periodicorealidades.com\/"},{"@type":"ListItem","position":2,"name":"Identifican una prote\u00edna que podr\u00eda explicar por qu\u00e9 el cerebro no recupera el flujo sangu\u00edneo tras un ACV"}]},{"@type":"WebSite","@id":"https:\/\/periodicorealidades.com\/#website","url":"https:\/\/periodicorealidades.com\/","name":"Peri\u00f3dico Realidades","description":"M\u00e9dio de comunicaci\u00f3n en Nayarit","publisher":{"@id":"https:\/\/periodicorealidades.com\/#organization"},"potentialAction":[{"@type":"SearchAction","target":{"@type":"EntryPoint","urlTemplate":"https:\/\/periodicorealidades.com\/?s={search_term_string}"},"query-input":{"@type":"PropertyValueSpecification","valueRequired":true,"valueName":"search_term_string"}}],"inLanguage":"es"},{"@type":"Organization","@id":"https:\/\/periodicorealidades.com\/#organization","name":"Peri\u00f3dico Realidades","url":"https:\/\/periodicorealidades.com\/","logo":{"@type":"ImageObject","inLanguage":"es","@id":"https:\/\/periodicorealidades.com\/#\/schema\/logo\/image\/","url":"https:\/\/periodicorealidades.com\/wp-content\/uploads\/2023\/05\/r-prueba.png","contentUrl":"https:\/\/periodicorealidades.com\/wp-content\/uploads\/2023\/05\/r-prueba.png","width":709,"height":709,"caption":"Peri\u00f3dico Realidades"},"image":{"@id":"https:\/\/periodicorealidades.com\/#\/schema\/logo\/image\/"},"sameAs":["https:\/\/www.facebook.com\/periodicorealidades.denayarit?mibextid=LQQJ4d"]},{"@type":"Person","@id":"https:\/\/periodicorealidades.com\/#\/schema\/person\/ed60e33c6767be45db655d22ad0c15c4","name":"Arcelia","image":{"@type":"ImageObject","inLanguage":"es","@id":"https:\/\/secure.gravatar.com\/avatar\/36cdbbe591db4ecc4985aac5ab27b8093cf6488d3b664974f0cda2e38368b10d?s=96&d=mm&r=g","url":"https:\/\/secure.gravatar.com\/avatar\/36cdbbe591db4ecc4985aac5ab27b8093cf6488d3b664974f0cda2e38368b10d?s=96&d=mm&r=g","contentUrl":"https:\/\/secure.gravatar.com\/avatar\/36cdbbe591db4ecc4985aac5ab27b8093cf6488d3b664974f0cda2e38368b10d?s=96&d=mm&r=g","caption":"Arcelia"},"url":"https:\/\/periodicorealidades.com\/index.php\/author\/editor-2\/"}]}},"_links":{"self":[{"href":"https:\/\/periodicorealidades.com\/index.php\/wp-json\/wp\/v2\/posts\/77980","targetHints":{"allow":["GET"]}}],"collection":[{"href":"https:\/\/periodicorealidades.com\/index.php\/wp-json\/wp\/v2\/posts"}],"about":[{"href":"https:\/\/periodicorealidades.com\/index.php\/wp-json\/wp\/v2\/types\/post"}],"author":[{"embeddable":true,"href":"https:\/\/periodicorealidades.com\/index.php\/wp-json\/wp\/v2\/users\/4"}],"replies":[{"embeddable":true,"href":"https:\/\/periodicorealidades.com\/index.php\/wp-json\/wp\/v2\/comments?post=77980"}],"version-history":[{"count":1,"href":"https:\/\/periodicorealidades.com\/index.php\/wp-json\/wp\/v2\/posts\/77980\/revisions"}],"predecessor-version":[{"id":77983,"href":"https:\/\/periodicorealidades.com\/index.php\/wp-json\/wp\/v2\/posts\/77980\/revisions\/77983"}],"wp:featuredmedia":[{"embeddable":true,"href":"https:\/\/periodicorealidades.com\/index.php\/wp-json\/wp\/v2\/media\/77981"}],"wp:attachment":[{"href":"https:\/\/periodicorealidades.com\/index.php\/wp-json\/wp\/v2\/media?parent=77980"}],"wp:term":[{"taxonomy":"category","embeddable":true,"href":"https:\/\/periodicorealidades.com\/index.php\/wp-json\/wp\/v2\/categories?post=77980"},{"taxonomy":"post_tag","embeddable":true,"href":"https:\/\/periodicorealidades.com\/index.php\/wp-json\/wp\/v2\/tags?post=77980"}],"curies":[{"name":"wp","href":"https:\/\/api.w.org\/{rel}","templated":true}]}}