{"id":78003,"date":"2026-09-02T22:13:49","date_gmt":"2026-09-03T05:13:49","guid":{"rendered":"https:\/\/periodicorealidades.com\/?p=78003"},"modified":"2026-09-02T22:13:50","modified_gmt":"2026-09-03T05:13:50","slug":"dan-a-conocer-a-la-verdadera-amante-de-carlos-manzo","status":"publish","type":"post","link":"https:\/\/periodicorealidades.com\/index.php\/2026\/09\/02\/dan-a-conocer-a-la-verdadera-amante-de-carlos-manzo\/","title":{"rendered":"Dan a conocer a la verdadera amante de Carlos Manzo"},"content":{"rendered":"\n<p class=\"wp-block-paragraph\">La controversia tras el asesinato del alcalde Carlos Manzo ha dado un giro radical. Declaraciones atribuidas a su propio hermano, Juan Manzo, as\u00ed como la difusi\u00f3n de pruebas fotogr\u00e1ficas, han puesto en duda el estatus real de Grecia Quiroz, reconfigurando la narrativa p\u00fablica sobre qui\u00e9n acompa\u00f1aba verdaderamente al edil en sus \u00faltimos d\u00edas.<\/p>\n\n\n\n<p class=\"wp-block-paragraph\">Por: Agencias<\/p>\n\n\n\n<p class=\"wp-block-paragraph\">Uruapan, Michoacan; jueves, 03 de septiembre del 2026.- De acuerdo con los se\u00f1alamientos de la propia familia y diversos testimonios locales, Quiroz no contaba con la calidad de c\u00f3nyuge. En la legislaci\u00f3n civil mexicana, el acta emitida por el Registro Civil constituye el \u00fanico documento oficial y fehaciente para acreditar un matrimonio formal; un tr\u00e1mite inexistente en este caso. Las versiones que cobran fuerza en el municipio afirman que Quiroz se desempe\u00f1aba principalmente como asistente y ch\u00f3fer del pol\u00edtico, y que no exist\u00eda una vida en com\u00fan bajo el mismo techo.<\/p>\n\n\n\n<figure class=\"wp-block-image size-large\"><img loading=\"lazy\" decoding=\"async\" width=\"1024\" height=\"768\" src=\"https:\/\/periodicorealidades.com\/wp-content\/uploads\/2026\/09\/WhatsApp-Image-2026-09-02-at-8.38.10-PM-1024x768.jpeg\" alt=\"\" class=\"wp-image-77992\" srcset=\"https:\/\/periodicorealidades.com\/wp-content\/uploads\/2026\/09\/WhatsApp-Image-2026-09-02-at-8.38.10-PM-1024x768.jpeg 1024w, https:\/\/periodicorealidades.com\/wp-content\/uploads\/2026\/09\/WhatsApp-Image-2026-09-02-at-8.38.10-PM-300x225.jpeg 300w, https:\/\/periodicorealidades.com\/wp-content\/uploads\/2026\/09\/WhatsApp-Image-2026-09-02-at-8.38.10-PM-768x576.jpeg 768w, https:\/\/periodicorealidades.com\/wp-content\/uploads\/2026\/09\/WhatsApp-Image-2026-09-02-at-8.38.10-PM-1536x1152.jpeg 1536w, https:\/\/periodicorealidades.com\/wp-content\/uploads\/2026\/09\/WhatsApp-Image-2026-09-02-at-8.38.10-PM-80x60.jpeg 80w, https:\/\/periodicorealidades.com\/wp-content\/uploads\/2026\/09\/WhatsApp-Image-2026-09-02-at-8.38.10-PM-696x522.jpeg 696w, https:\/\/periodicorealidades.com\/wp-content\/uploads\/2026\/09\/WhatsApp-Image-2026-09-02-at-8.38.10-PM-1068x801.jpeg 1068w, https:\/\/periodicorealidades.com\/wp-content\/uploads\/2026\/09\/WhatsApp-Image-2026-09-02-at-8.38.10-PM-265x198.jpeg 265w, https:\/\/periodicorealidades.com\/wp-content\/uploads\/2026\/09\/WhatsApp-Image-2026-09-02-at-8.38.10-PM.jpeg 1600w\" sizes=\"auto, (max-width: 1024px) 100vw, 1024px\" \/><\/figure>\n\n\n\n<p class=\"wp-block-paragraph\">El debate se intensific\u00f3 con la reaparici\u00f3n medi\u00e1tica de Jannett Mendoza, reconocida modelo a quien allegados al edil identifican como su verdadera pareja sentimental al momento de su fallecimiento. A esto se suman las declaraciones de Juan Manzo respecto a la existencia de otra hija del alcalde fruto de una relaci\u00f3n distinta, lo que desmorona la versi\u00f3n de un n\u00facleo conyugal \u00fanico.<\/p>\n\n\n\n<p class=\"wp-block-paragraph\">Sectores pol\u00edticos y ciudadanos en Uruapan se\u00f1alan que el protagonismo asumido por Grecia Quiroz tras el crimen responde a un intento de capitalizaci\u00f3n pol\u00edtica sobre el legado del Movimiento del Sombrero. La falta de un v\u00ednculo legal o de concubinato acreditado abre una severa disputa no solo por la legitimidad moral del movimiento, sino por la sucesi\u00f3n del liderazgo pol\u00edtico en la regi\u00f3n.<\/p>\n","protected":false},"excerpt":{"rendered":"<p>La controversia tras el asesinato del alcalde Carlos Manzo ha dado un giro radical. Declaraciones atribuidas a su propio hermano, Juan Manzo, as\u00ed como la difusi\u00f3n de pruebas fotogr\u00e1ficas, han puesto en duda el estatus real de Grecia Quiroz, reconfigurando la narrativa p\u00fablica sobre qui\u00e9n acompa\u00f1aba verdaderamente al edil en sus \u00faltimos d\u00edas. Por: Agencias [&hellip;]<\/p>\n","protected":false},"author":2,"featured_media":77991,"comment_status":"closed","ping_status":"open","sticky":false,"template":"","format":"standard","meta":{"footnotes":""},"categories":[12,4],"tags":[],"class_list":["post-78003","post","type-post","status-publish","format-standard","has-post-thumbnail","category-nacional","category-principal"],"yoast_head":"<!-- This site is optimized with the Yoast SEO plugin v28.3 - https:\/\/yoast.com\/product\/yoast-seo-wordpress\/ -->\n<title>Dan a conocer a la verdadera amante de Carlos Manzo - Peri\u00f3dico Realidades<\/title>\n<meta name=\"robots\" content=\"index, follow, max-snippet:-1, max-image-preview:large, max-video-preview:-1\" \/>\n<link rel=\"canonical\" href=\"https:\/\/periodicorealidades.com\/index.php\/2026\/09\/02\/dan-a-conocer-a-la-verdadera-amante-de-carlos-manzo\/\" \/>\n<meta property=\"og:locale\" content=\"es_MX\" \/>\n<meta property=\"og:type\" content=\"article\" \/>\n<meta property=\"og:title\" content=\"Dan a conocer a la verdadera amante de Carlos Manzo - Peri\u00f3dico Realidades\" \/>\n<meta property=\"og:description\" content=\"La controversia tras el asesinato del alcalde Carlos Manzo ha dado un giro radical. Declaraciones atribuidas a su propio hermano, Juan Manzo, as\u00ed como la difusi\u00f3n de pruebas fotogr\u00e1ficas, han puesto en duda el estatus real de Grecia Quiroz, reconfigurando la narrativa p\u00fablica sobre qui\u00e9n acompa\u00f1aba verdaderamente al edil en sus \u00faltimos d\u00edas. Por: Agencias [&hellip;]\" \/>\n<meta property=\"og:url\" content=\"https:\/\/periodicorealidades.com\/index.php\/2026\/09\/02\/dan-a-conocer-a-la-verdadera-amante-de-carlos-manzo\/\" \/>\n<meta property=\"og:site_name\" content=\"Peri\u00f3dico Realidades\" \/>\n<meta property=\"article:publisher\" content=\"https:\/\/www.facebook.com\/periodicorealidades.denayarit?mibextid=LQQJ4d\" \/>\n<meta property=\"article:published_time\" content=\"2026-09-03T05:13:49+00:00\" \/>\n<meta property=\"article:modified_time\" content=\"2026-09-03T05:13:50+00:00\" \/>\n<meta property=\"og:image\" content=\"https:\/\/periodicorealidades.com\/wp-content\/uploads\/2026\/09\/WhatsApp-Image-2026-09-02-at-8.43.25-PM.jpeg\" \/>\n\t<meta property=\"og:image:width\" content=\"1600\" \/>\n\t<meta property=\"og:image:height\" content=\"1200\" \/>\n\t<meta property=\"og:image:type\" content=\"image\/jpeg\" \/>\n<meta name=\"author\" content=\"editor\" \/>\n<meta name=\"twitter:card\" content=\"summary_large_image\" \/>\n<meta name=\"twitter:label1\" content=\"Escrito por\" \/>\n\t<meta name=\"twitter:data1\" content=\"editor\" \/>\n\t<meta name=\"twitter:label2\" content=\"Tiempo de lectura\" \/>\n\t<meta name=\"twitter:data2\" content=\"2 minutos\" \/>\n<script type=\"application\/ld+json\" class=\"yoast-schema-graph\">{\"@context\":\"https:\\\/\\\/schema.org\",\"@graph\":[{\"@type\":\"Article\",\"@id\":\"https:\\\/\\\/periodicorealidades.com\\\/index.php\\\/2026\\\/09\\\/02\\\/dan-a-conocer-a-la-verdadera-amante-de-carlos-manzo\\\/#article\",\"isPartOf\":{\"@id\":\"https:\\\/\\\/periodicorealidades.com\\\/index.php\\\/2026\\\/09\\\/02\\\/dan-a-conocer-a-la-verdadera-amante-de-carlos-manzo\\\/\"},\"author\":{\"name\":\"editor\",\"@id\":\"https:\\\/\\\/periodicorealidades.com\\\/#\\\/schema\\\/person\\\/c27da34ee13acaec3162071a3e1c7832\"},\"headline\":\"Dan a conocer a la verdadera amante de Carlos Manzo\",\"datePublished\":\"2026-09-03T05:13:49+00:00\",\"dateModified\":\"2026-09-03T05:13:50+00:00\",\"mainEntityOfPage\":{\"@id\":\"https:\\\/\\\/periodicorealidades.com\\\/index.php\\\/2026\\\/09\\\/02\\\/dan-a-conocer-a-la-verdadera-amante-de-carlos-manzo\\\/\"},\"wordCount\":308,\"publisher\":{\"@id\":\"https:\\\/\\\/periodicorealidades.com\\\/#organization\"},\"image\":{\"@id\":\"https:\\\/\\\/periodicorealidades.com\\\/index.php\\\/2026\\\/09\\\/02\\\/dan-a-conocer-a-la-verdadera-amante-de-carlos-manzo\\\/#primaryimage\"},\"thumbnailUrl\":\"https:\\\/\\\/periodicorealidades.com\\\/wp-content\\\/uploads\\\/2026\\\/09\\\/WhatsApp-Image-2026-09-02-at-8.43.25-PM.jpeg\",\"articleSection\":[\"Nacional\",\"Principal\"],\"inLanguage\":\"es\"},{\"@type\":\"WebPage\",\"@id\":\"https:\\\/\\\/periodicorealidades.com\\\/index.php\\\/2026\\\/09\\\/02\\\/dan-a-conocer-a-la-verdadera-amante-de-carlos-manzo\\\/\",\"url\":\"https:\\\/\\\/periodicorealidades.com\\\/index.php\\\/2026\\\/09\\\/02\\\/dan-a-conocer-a-la-verdadera-amante-de-carlos-manzo\\\/\",\"name\":\"Dan a conocer a la verdadera amante de Carlos Manzo - Peri\u00f3dico Realidades\",\"isPartOf\":{\"@id\":\"https:\\\/\\\/periodicorealidades.com\\\/#website\"},\"primaryImageOfPage\":{\"@id\":\"https:\\\/\\\/periodicorealidades.com\\\/index.php\\\/2026\\\/09\\\/02\\\/dan-a-conocer-a-la-verdadera-amante-de-carlos-manzo\\\/#primaryimage\"},\"image\":{\"@id\":\"https:\\\/\\\/periodicorealidades.com\\\/index.php\\\/2026\\\/09\\\/02\\\/dan-a-conocer-a-la-verdadera-amante-de-carlos-manzo\\\/#primaryimage\"},\"thumbnailUrl\":\"https:\\\/\\\/periodicorealidades.com\\\/wp-content\\\/uploads\\\/2026\\\/09\\\/WhatsApp-Image-2026-09-02-at-8.43.25-PM.jpeg\",\"datePublished\":\"2026-09-03T05:13:49+00:00\",\"dateModified\":\"2026-09-03T05:13:50+00:00\",\"breadcrumb\":{\"@id\":\"https:\\\/\\\/periodicorealidades.com\\\/index.php\\\/2026\\\/09\\\/02\\\/dan-a-conocer-a-la-verdadera-amante-de-carlos-manzo\\\/#breadcrumb\"},\"inLanguage\":\"es\",\"potentialAction\":[{\"@type\":\"ReadAction\",\"target\":[\"https:\\\/\\\/periodicorealidades.com\\\/index.php\\\/2026\\\/09\\\/02\\\/dan-a-conocer-a-la-verdadera-amante-de-carlos-manzo\\\/\"]}]},{\"@type\":\"ImageObject\",\"inLanguage\":\"es\",\"@id\":\"https:\\\/\\\/periodicorealidades.com\\\/index.php\\\/2026\\\/09\\\/02\\\/dan-a-conocer-a-la-verdadera-amante-de-carlos-manzo\\\/#primaryimage\",\"url\":\"https:\\\/\\\/periodicorealidades.com\\\/wp-content\\\/uploads\\\/2026\\\/09\\\/WhatsApp-Image-2026-09-02-at-8.43.25-PM.jpeg\",\"contentUrl\":\"https:\\\/\\\/periodicorealidades.com\\\/wp-content\\\/uploads\\\/2026\\\/09\\\/WhatsApp-Image-2026-09-02-at-8.43.25-PM.jpeg\",\"width\":1600,\"height\":1200},{\"@type\":\"BreadcrumbList\",\"@id\":\"https:\\\/\\\/periodicorealidades.com\\\/index.php\\\/2026\\\/09\\\/02\\\/dan-a-conocer-a-la-verdadera-amante-de-carlos-manzo\\\/#breadcrumb\",\"itemListElement\":[{\"@type\":\"ListItem\",\"position\":1,\"name\":\"Inicio\",\"item\":\"https:\\\/\\\/periodicorealidades.com\\\/\"},{\"@type\":\"ListItem\",\"position\":2,\"name\":\"Dan a conocer a la verdadera amante de Carlos Manzo\"}]},{\"@type\":\"WebSite\",\"@id\":\"https:\\\/\\\/periodicorealidades.com\\\/#website\",\"url\":\"https:\\\/\\\/periodicorealidades.com\\\/\",\"name\":\"Peri\u00f3dico Realidades\",\"description\":\"M\u00e9dio de comunicaci\u00f3n en Nayarit\",\"publisher\":{\"@id\":\"https:\\\/\\\/periodicorealidades.com\\\/#organization\"},\"potentialAction\":[{\"@type\":\"SearchAction\",\"target\":{\"@type\":\"EntryPoint\",\"urlTemplate\":\"https:\\\/\\\/periodicorealidades.com\\\/?s={search_term_string}\"},\"query-input\":{\"@type\":\"PropertyValueSpecification\",\"valueRequired\":true,\"valueName\":\"search_term_string\"}}],\"inLanguage\":\"es\"},{\"@type\":\"Organization\",\"@id\":\"https:\\\/\\\/periodicorealidades.com\\\/#organization\",\"name\":\"Peri\u00f3dico Realidades\",\"url\":\"https:\\\/\\\/periodicorealidades.com\\\/\",\"logo\":{\"@type\":\"ImageObject\",\"inLanguage\":\"es\",\"@id\":\"https:\\\/\\\/periodicorealidades.com\\\/#\\\/schema\\\/logo\\\/image\\\/\",\"url\":\"https:\\\/\\\/periodicorealidades.com\\\/wp-content\\\/uploads\\\/2023\\\/05\\\/r-prueba.png\",\"contentUrl\":\"https:\\\/\\\/periodicorealidades.com\\\/wp-content\\\/uploads\\\/2023\\\/05\\\/r-prueba.png\",\"width\":709,\"height\":709,\"caption\":\"Peri\u00f3dico Realidades\"},\"image\":{\"@id\":\"https:\\\/\\\/periodicorealidades.com\\\/#\\\/schema\\\/logo\\\/image\\\/\"},\"sameAs\":[\"https:\\\/\\\/www.facebook.com\\\/periodicorealidades.denayarit?mibextid=LQQJ4d\"]},{\"@type\":\"Person\",\"@id\":\"https:\\\/\\\/periodicorealidades.com\\\/#\\\/schema\\\/person\\\/c27da34ee13acaec3162071a3e1c7832\",\"name\":\"editor\",\"image\":{\"@type\":\"ImageObject\",\"inLanguage\":\"es\",\"@id\":\"https:\\\/\\\/secure.gravatar.com\\\/avatar\\\/dda3c3f59ea25f4b53cd53df977b0b2628039b17268e57c944a79a00e8a56e26?s=96&d=mm&r=g\",\"url\":\"https:\\\/\\\/secure.gravatar.com\\\/avatar\\\/dda3c3f59ea25f4b53cd53df977b0b2628039b17268e57c944a79a00e8a56e26?s=96&d=mm&r=g\",\"contentUrl\":\"https:\\\/\\\/secure.gravatar.com\\\/avatar\\\/dda3c3f59ea25f4b53cd53df977b0b2628039b17268e57c944a79a00e8a56e26?s=96&d=mm&r=g\",\"caption\":\"editor\"},\"url\":\"https:\\\/\\\/periodicorealidades.com\\\/index.php\\\/author\\\/editor\\\/\"}]}<\/script>\n<!-- \/ Yoast SEO plugin. -->","yoast_head_json":{"title":"Dan a conocer a la verdadera amante de Carlos Manzo - Peri\u00f3dico Realidades","robots":{"index":"index","follow":"follow","max-snippet":"max-snippet:-1","max-image-preview":"max-image-preview:large","max-video-preview":"max-video-preview:-1"},"canonical":"https:\/\/periodicorealidades.com\/index.php\/2026\/09\/02\/dan-a-conocer-a-la-verdadera-amante-de-carlos-manzo\/","og_locale":"es_MX","og_type":"article","og_title":"Dan a conocer a la verdadera amante de Carlos Manzo - Peri\u00f3dico Realidades","og_description":"La controversia tras el asesinato del alcalde Carlos Manzo ha dado un giro radical. Declaraciones atribuidas a su propio hermano, Juan Manzo, as\u00ed como la difusi\u00f3n de pruebas fotogr\u00e1ficas, han puesto en duda el estatus real de Grecia Quiroz, reconfigurando la narrativa p\u00fablica sobre qui\u00e9n acompa\u00f1aba verdaderamente al edil en sus \u00faltimos d\u00edas. Por: Agencias [&hellip;]","og_url":"https:\/\/periodicorealidades.com\/index.php\/2026\/09\/02\/dan-a-conocer-a-la-verdadera-amante-de-carlos-manzo\/","og_site_name":"Peri\u00f3dico Realidades","article_publisher":"https:\/\/www.facebook.com\/periodicorealidades.denayarit?mibextid=LQQJ4d","article_published_time":"2026-09-03T05:13:49+00:00","article_modified_time":"2026-09-03T05:13:50+00:00","og_image":[{"width":1600,"height":1200,"url":"https:\/\/periodicorealidades.com\/wp-content\/uploads\/2026\/09\/WhatsApp-Image-2026-09-02-at-8.43.25-PM.jpeg","type":"image\/jpeg"}],"author":"editor","twitter_card":"summary_large_image","twitter_misc":{"Escrito por":"editor","Tiempo de lectura":"2 minutos"},"schema":{"@context":"https:\/\/schema.org","@graph":[{"@type":"Article","@id":"https:\/\/periodicorealidades.com\/index.php\/2026\/09\/02\/dan-a-conocer-a-la-verdadera-amante-de-carlos-manzo\/#article","isPartOf":{"@id":"https:\/\/periodicorealidades.com\/index.php\/2026\/09\/02\/dan-a-conocer-a-la-verdadera-amante-de-carlos-manzo\/"},"author":{"name":"editor","@id":"https:\/\/periodicorealidades.com\/#\/schema\/person\/c27da34ee13acaec3162071a3e1c7832"},"headline":"Dan a conocer a la verdadera amante de Carlos Manzo","datePublished":"2026-09-03T05:13:49+00:00","dateModified":"2026-09-03T05:13:50+00:00","mainEntityOfPage":{"@id":"https:\/\/periodicorealidades.com\/index.php\/2026\/09\/02\/dan-a-conocer-a-la-verdadera-amante-de-carlos-manzo\/"},"wordCount":308,"publisher":{"@id":"https:\/\/periodicorealidades.com\/#organization"},"image":{"@id":"https:\/\/periodicorealidades.com\/index.php\/2026\/09\/02\/dan-a-conocer-a-la-verdadera-amante-de-carlos-manzo\/#primaryimage"},"thumbnailUrl":"https:\/\/periodicorealidades.com\/wp-content\/uploads\/2026\/09\/WhatsApp-Image-2026-09-02-at-8.43.25-PM.jpeg","articleSection":["Nacional","Principal"],"inLanguage":"es"},{"@type":"WebPage","@id":"https:\/\/periodicorealidades.com\/index.php\/2026\/09\/02\/dan-a-conocer-a-la-verdadera-amante-de-carlos-manzo\/","url":"https:\/\/periodicorealidades.com\/index.php\/2026\/09\/02\/dan-a-conocer-a-la-verdadera-amante-de-carlos-manzo\/","name":"Dan a conocer a la verdadera amante de Carlos Manzo - Peri\u00f3dico Realidades","isPartOf":{"@id":"https:\/\/periodicorealidades.com\/#website"},"primaryImageOfPage":{"@id":"https:\/\/periodicorealidades.com\/index.php\/2026\/09\/02\/dan-a-conocer-a-la-verdadera-amante-de-carlos-manzo\/#primaryimage"},"image":{"@id":"https:\/\/periodicorealidades.com\/index.php\/2026\/09\/02\/dan-a-conocer-a-la-verdadera-amante-de-carlos-manzo\/#primaryimage"},"thumbnailUrl":"https:\/\/periodicorealidades.com\/wp-content\/uploads\/2026\/09\/WhatsApp-Image-2026-09-02-at-8.43.25-PM.jpeg","datePublished":"2026-09-03T05:13:49+00:00","dateModified":"2026-09-03T05:13:50+00:00","breadcrumb":{"@id":"https:\/\/periodicorealidades.com\/index.php\/2026\/09\/02\/dan-a-conocer-a-la-verdadera-amante-de-carlos-manzo\/#breadcrumb"},"inLanguage":"es","potentialAction":[{"@type":"ReadAction","target":["https:\/\/periodicorealidades.com\/index.php\/2026\/09\/02\/dan-a-conocer-a-la-verdadera-amante-de-carlos-manzo\/"]}]},{"@type":"ImageObject","inLanguage":"es","@id":"https:\/\/periodicorealidades.com\/index.php\/2026\/09\/02\/dan-a-conocer-a-la-verdadera-amante-de-carlos-manzo\/#primaryimage","url":"https:\/\/periodicorealidades.com\/wp-content\/uploads\/2026\/09\/WhatsApp-Image-2026-09-02-at-8.43.25-PM.jpeg","contentUrl":"https:\/\/periodicorealidades.com\/wp-content\/uploads\/2026\/09\/WhatsApp-Image-2026-09-02-at-8.43.25-PM.jpeg","width":1600,"height":1200},{"@type":"BreadcrumbList","@id":"https:\/\/periodicorealidades.com\/index.php\/2026\/09\/02\/dan-a-conocer-a-la-verdadera-amante-de-carlos-manzo\/#breadcrumb","itemListElement":[{"@type":"ListItem","position":1,"name":"Inicio","item":"https:\/\/periodicorealidades.com\/"},{"@type":"ListItem","position":2,"name":"Dan a conocer a la verdadera amante de Carlos Manzo"}]},{"@type":"WebSite","@id":"https:\/\/periodicorealidades.com\/#website","url":"https:\/\/periodicorealidades.com\/","name":"Peri\u00f3dico Realidades","description":"M\u00e9dio de comunicaci\u00f3n en Nayarit","publisher":{"@id":"https:\/\/periodicorealidades.com\/#organization"},"potentialAction":[{"@type":"SearchAction","target":{"@type":"EntryPoint","urlTemplate":"https:\/\/periodicorealidades.com\/?s={search_term_string}"},"query-input":{"@type":"PropertyValueSpecification","valueRequired":true,"valueName":"search_term_string"}}],"inLanguage":"es"},{"@type":"Organization","@id":"https:\/\/periodicorealidades.com\/#organization","name":"Peri\u00f3dico Realidades","url":"https:\/\/periodicorealidades.com\/","logo":{"@type":"ImageObject","inLanguage":"es","@id":"https:\/\/periodicorealidades.com\/#\/schema\/logo\/image\/","url":"https:\/\/periodicorealidades.com\/wp-content\/uploads\/2023\/05\/r-prueba.png","contentUrl":"https:\/\/periodicorealidades.com\/wp-content\/uploads\/2023\/05\/r-prueba.png","width":709,"height":709,"caption":"Peri\u00f3dico Realidades"},"image":{"@id":"https:\/\/periodicorealidades.com\/#\/schema\/logo\/image\/"},"sameAs":["https:\/\/www.facebook.com\/periodicorealidades.denayarit?mibextid=LQQJ4d"]},{"@type":"Person","@id":"https:\/\/periodicorealidades.com\/#\/schema\/person\/c27da34ee13acaec3162071a3e1c7832","name":"editor","image":{"@type":"ImageObject","inLanguage":"es","@id":"https:\/\/secure.gravatar.com\/avatar\/dda3c3f59ea25f4b53cd53df977b0b2628039b17268e57c944a79a00e8a56e26?s=96&d=mm&r=g","url":"https:\/\/secure.gravatar.com\/avatar\/dda3c3f59ea25f4b53cd53df977b0b2628039b17268e57c944a79a00e8a56e26?s=96&d=mm&r=g","contentUrl":"https:\/\/secure.gravatar.com\/avatar\/dda3c3f59ea25f4b53cd53df977b0b2628039b17268e57c944a79a00e8a56e26?s=96&d=mm&r=g","caption":"editor"},"url":"https:\/\/periodicorealidades.com\/index.php\/author\/editor\/"}]}},"_links":{"self":[{"href":"https:\/\/periodicorealidades.com\/index.php\/wp-json\/wp\/v2\/posts\/78003","targetHints":{"allow":["GET"]}}],"collection":[{"href":"https:\/\/periodicorealidades.com\/index.php\/wp-json\/wp\/v2\/posts"}],"about":[{"href":"https:\/\/periodicorealidades.com\/index.php\/wp-json\/wp\/v2\/types\/post"}],"author":[{"embeddable":true,"href":"https:\/\/periodicorealidades.com\/index.php\/wp-json\/wp\/v2\/users\/2"}],"replies":[{"embeddable":true,"href":"https:\/\/periodicorealidades.com\/index.php\/wp-json\/wp\/v2\/comments?post=78003"}],"version-history":[{"count":1,"href":"https:\/\/periodicorealidades.com\/index.php\/wp-json\/wp\/v2\/posts\/78003\/revisions"}],"predecessor-version":[{"id":78004,"href":"https:\/\/periodicorealidades.com\/index.php\/wp-json\/wp\/v2\/posts\/78003\/revisions\/78004"}],"wp:featuredmedia":[{"embeddable":true,"href":"https:\/\/periodicorealidades.com\/index.php\/wp-json\/wp\/v2\/media\/77991"}],"wp:attachment":[{"href":"https:\/\/periodicorealidades.com\/index.php\/wp-json\/wp\/v2\/media?parent=78003"}],"wp:term":[{"taxonomy":"category","embeddable":true,"href":"https:\/\/periodicorealidades.com\/index.php\/wp-json\/wp\/v2\/categories?post=78003"},{"taxonomy":"post_tag","embeddable":true,"href":"https:\/\/periodicorealidades.com\/index.php\/wp-json\/wp\/v2\/tags?post=78003"}],"curies":[{"name":"wp","href":"https:\/\/api.w.org\/{rel}","templated":true}]}}