{"id":78009,"date":"2026-09-02T22:22:25","date_gmt":"2026-09-03T05:22:25","guid":{"rendered":"https:\/\/periodicorealidades.com\/?p=78009"},"modified":"2026-09-02T22:22:26","modified_gmt":"2026-09-03T05:22:26","slug":"dra-beatriz-estrada-reconoce-a-las-abuelas-y-los-abuelos-de-nayarit","status":"publish","type":"post","link":"https:\/\/periodicorealidades.com\/index.php\/2026\/09\/02\/dra-beatriz-estrada-reconoce-a-las-abuelas-y-los-abuelos-de-nayarit\/","title":{"rendered":"Dra. Beatriz Estrada reconoce a las abuelas y los abuelos de Nayarit"},"content":{"rendered":"\n<p class=\"wp-block-paragraph\">Con alegr\u00eda, m\u00fasica y un emotivo encuentro, la presidenta del Sistema DIF Nayarit, doctora Beatriz Estrada Mart\u00ednez, encabez\u00f3 la Celebraci\u00f3n del D\u00eda del Abuelo Nayarit 2026, realizada en el auditorio Amado Nervo de Tepic, donde alrededor de mil 200 personas adultas mayores, provenientes de distintos municipios del estado, compartieron una jornada dedicada a celebrar su vida, historia y aportaciones.<\/p>\n\n\n\n<figure class=\"wp-block-gallery has-nested-images columns-default is-cropped wp-block-gallery-1 is-layout-flex wp-block-gallery-is-layout-flex\">\n<figure class=\"wp-block-image size-large\"><img loading=\"lazy\" decoding=\"async\" width=\"682\" height=\"1024\" data-id=\"78033\" src=\"https:\/\/periodicorealidades.com\/wp-content\/uploads\/2026\/09\/WhatsApp-Image-2026-09-02-at-8.45.29-PM-682x1024.jpeg\" alt=\"\" class=\"wp-image-78033\" srcset=\"https:\/\/periodicorealidades.com\/wp-content\/uploads\/2026\/09\/WhatsApp-Image-2026-09-02-at-8.45.29-PM-682x1024.jpeg 682w, https:\/\/periodicorealidades.com\/wp-content\/uploads\/2026\/09\/WhatsApp-Image-2026-09-02-at-8.45.29-PM-200x300.jpeg 200w, https:\/\/periodicorealidades.com\/wp-content\/uploads\/2026\/09\/WhatsApp-Image-2026-09-02-at-8.45.29-PM-768x1152.jpeg 768w, https:\/\/periodicorealidades.com\/wp-content\/uploads\/2026\/09\/WhatsApp-Image-2026-09-02-at-8.45.29-PM-696x1044.jpeg 696w, https:\/\/periodicorealidades.com\/wp-content\/uploads\/2026\/09\/WhatsApp-Image-2026-09-02-at-8.45.29-PM.jpeg 853w\" sizes=\"auto, (max-width: 682px) 100vw, 682px\" \/><\/figure>\n\n\n\n<figure class=\"wp-block-image size-large\"><img loading=\"lazy\" decoding=\"async\" width=\"1024\" height=\"682\" data-id=\"78032\" src=\"https:\/\/periodicorealidades.com\/wp-content\/uploads\/2026\/09\/WhatsApp-Image-2026-09-02-at-8.45.28-PM-1024x682.jpeg\" alt=\"\" class=\"wp-image-78032\" srcset=\"https:\/\/periodicorealidades.com\/wp-content\/uploads\/2026\/09\/WhatsApp-Image-2026-09-02-at-8.45.28-PM-1024x682.jpeg 1024w, https:\/\/periodicorealidades.com\/wp-content\/uploads\/2026\/09\/WhatsApp-Image-2026-09-02-at-8.45.28-PM-300x200.jpeg 300w, https:\/\/periodicorealidades.com\/wp-content\/uploads\/2026\/09\/WhatsApp-Image-2026-09-02-at-8.45.28-PM-768x512.jpeg 768w, https:\/\/periodicorealidades.com\/wp-content\/uploads\/2026\/09\/WhatsApp-Image-2026-09-02-at-8.45.28-PM-696x464.jpeg 696w, https:\/\/periodicorealidades.com\/wp-content\/uploads\/2026\/09\/WhatsApp-Image-2026-09-02-at-8.45.28-PM-1068x712.jpeg 1068w, https:\/\/periodicorealidades.com\/wp-content\/uploads\/2026\/09\/WhatsApp-Image-2026-09-02-at-8.45.28-PM.jpeg 1280w\" sizes=\"auto, (max-width: 1024px) 100vw, 1024px\" \/><\/figure>\n\n\n\n<figure class=\"wp-block-image size-large\"><img loading=\"lazy\" decoding=\"async\" width=\"682\" height=\"1024\" data-id=\"78031\" src=\"https:\/\/periodicorealidades.com\/wp-content\/uploads\/2026\/09\/WhatsApp-Image-2026-09-02-at-8.45.28-PM-2-682x1024.jpeg\" alt=\"\" class=\"wp-image-78031\" srcset=\"https:\/\/periodicorealidades.com\/wp-content\/uploads\/2026\/09\/WhatsApp-Image-2026-09-02-at-8.45.28-PM-2-682x1024.jpeg 682w, https:\/\/periodicorealidades.com\/wp-content\/uploads\/2026\/09\/WhatsApp-Image-2026-09-02-at-8.45.28-PM-2-200x300.jpeg 200w, https:\/\/periodicorealidades.com\/wp-content\/uploads\/2026\/09\/WhatsApp-Image-2026-09-02-at-8.45.28-PM-2-768x1152.jpeg 768w, https:\/\/periodicorealidades.com\/wp-content\/uploads\/2026\/09\/WhatsApp-Image-2026-09-02-at-8.45.28-PM-2-696x1044.jpeg 696w, https:\/\/periodicorealidades.com\/wp-content\/uploads\/2026\/09\/WhatsApp-Image-2026-09-02-at-8.45.28-PM-2.jpeg 853w\" sizes=\"auto, (max-width: 682px) 100vw, 682px\" \/><\/figure>\n\n\n\n<figure class=\"wp-block-image size-large\"><img loading=\"lazy\" decoding=\"async\" width=\"682\" height=\"1024\" data-id=\"78030\" src=\"https:\/\/periodicorealidades.com\/wp-content\/uploads\/2026\/09\/WhatsApp-Image-2026-09-02-at-8.45.28-PM-1-682x1024.jpeg\" alt=\"\" class=\"wp-image-78030\" srcset=\"https:\/\/periodicorealidades.com\/wp-content\/uploads\/2026\/09\/WhatsApp-Image-2026-09-02-at-8.45.28-PM-1-682x1024.jpeg 682w, https:\/\/periodicorealidades.com\/wp-content\/uploads\/2026\/09\/WhatsApp-Image-2026-09-02-at-8.45.28-PM-1-200x300.jpeg 200w, https:\/\/periodicorealidades.com\/wp-content\/uploads\/2026\/09\/WhatsApp-Image-2026-09-02-at-8.45.28-PM-1-768x1152.jpeg 768w, https:\/\/periodicorealidades.com\/wp-content\/uploads\/2026\/09\/WhatsApp-Image-2026-09-02-at-8.45.28-PM-1-696x1044.jpeg 696w, https:\/\/periodicorealidades.com\/wp-content\/uploads\/2026\/09\/WhatsApp-Image-2026-09-02-at-8.45.28-PM-1.jpeg 853w\" sizes=\"auto, (max-width: 682px) 100vw, 682px\" \/><\/figure>\n\n\n\n<figure class=\"wp-block-image size-large\"><img loading=\"lazy\" decoding=\"async\" width=\"1024\" height=\"682\" data-id=\"78029\" src=\"https:\/\/periodicorealidades.com\/wp-content\/uploads\/2026\/09\/WhatsApp-Image-2026-09-02-at-8.45.27-PM-1024x682.jpeg\" alt=\"\" class=\"wp-image-78029\" srcset=\"https:\/\/periodicorealidades.com\/wp-content\/uploads\/2026\/09\/WhatsApp-Image-2026-09-02-at-8.45.27-PM-1024x682.jpeg 1024w, https:\/\/periodicorealidades.com\/wp-content\/uploads\/2026\/09\/WhatsApp-Image-2026-09-02-at-8.45.27-PM-300x200.jpeg 300w, https:\/\/periodicorealidades.com\/wp-content\/uploads\/2026\/09\/WhatsApp-Image-2026-09-02-at-8.45.27-PM-768x512.jpeg 768w, https:\/\/periodicorealidades.com\/wp-content\/uploads\/2026\/09\/WhatsApp-Image-2026-09-02-at-8.45.27-PM-696x464.jpeg 696w, https:\/\/periodicorealidades.com\/wp-content\/uploads\/2026\/09\/WhatsApp-Image-2026-09-02-at-8.45.27-PM-1068x712.jpeg 1068w, https:\/\/periodicorealidades.com\/wp-content\/uploads\/2026\/09\/WhatsApp-Image-2026-09-02-at-8.45.27-PM.jpeg 1280w\" sizes=\"auto, (max-width: 1024px) 100vw, 1024px\" \/><\/figure>\n<\/figure>\n\n\n\n<p class=\"wp-block-paragraph\">Por: Bolet\u00ecn<\/p>\n\n\n\n<p class=\"wp-block-paragraph\">Tepic, Nayarit; jueves, 03 de septiembre del 2026.- Las y los asistentes disfrutaron de actividades recreativas, art\u00edsticas y culturales que llenaron el recinto de m\u00fasica, convivencia y alegr\u00eda, en un espacio pensado para reconocer el valor que tienen las personas adultas mayores dentro de las familias y la sociedad nayarita.<\/p>\n\n\n\n<figure class=\"wp-block-gallery has-nested-images columns-default is-cropped wp-block-gallery-2 is-layout-flex wp-block-gallery-is-layout-flex\">\n<figure class=\"wp-block-image size-large\"><img loading=\"lazy\" decoding=\"async\" width=\"682\" height=\"1024\" data-id=\"78028\" src=\"https:\/\/periodicorealidades.com\/wp-content\/uploads\/2026\/09\/WhatsApp-Image-2026-09-02-at-8.45.27-PM-4-682x1024.jpeg\" alt=\"\" class=\"wp-image-78028\" srcset=\"https:\/\/periodicorealidades.com\/wp-content\/uploads\/2026\/09\/WhatsApp-Image-2026-09-02-at-8.45.27-PM-4-682x1024.jpeg 682w, https:\/\/periodicorealidades.com\/wp-content\/uploads\/2026\/09\/WhatsApp-Image-2026-09-02-at-8.45.27-PM-4-200x300.jpeg 200w, https:\/\/periodicorealidades.com\/wp-content\/uploads\/2026\/09\/WhatsApp-Image-2026-09-02-at-8.45.27-PM-4-768x1152.jpeg 768w, https:\/\/periodicorealidades.com\/wp-content\/uploads\/2026\/09\/WhatsApp-Image-2026-09-02-at-8.45.27-PM-4-696x1044.jpeg 696w, https:\/\/periodicorealidades.com\/wp-content\/uploads\/2026\/09\/WhatsApp-Image-2026-09-02-at-8.45.27-PM-4.jpeg 853w\" sizes=\"auto, (max-width: 682px) 100vw, 682px\" \/><\/figure>\n\n\n\n<figure class=\"wp-block-image size-large\"><img loading=\"lazy\" decoding=\"async\" width=\"1024\" height=\"682\" data-id=\"78027\" src=\"https:\/\/periodicorealidades.com\/wp-content\/uploads\/2026\/09\/WhatsApp-Image-2026-09-02-at-8.45.27-PM-3-1024x682.jpeg\" alt=\"\" class=\"wp-image-78027\" srcset=\"https:\/\/periodicorealidades.com\/wp-content\/uploads\/2026\/09\/WhatsApp-Image-2026-09-02-at-8.45.27-PM-3-1024x682.jpeg 1024w, https:\/\/periodicorealidades.com\/wp-content\/uploads\/2026\/09\/WhatsApp-Image-2026-09-02-at-8.45.27-PM-3-300x200.jpeg 300w, https:\/\/periodicorealidades.com\/wp-content\/uploads\/2026\/09\/WhatsApp-Image-2026-09-02-at-8.45.27-PM-3-768x512.jpeg 768w, https:\/\/periodicorealidades.com\/wp-content\/uploads\/2026\/09\/WhatsApp-Image-2026-09-02-at-8.45.27-PM-3-1536x1023.jpeg 1536w, https:\/\/periodicorealidades.com\/wp-content\/uploads\/2026\/09\/WhatsApp-Image-2026-09-02-at-8.45.27-PM-3-696x464.jpeg 696w, https:\/\/periodicorealidades.com\/wp-content\/uploads\/2026\/09\/WhatsApp-Image-2026-09-02-at-8.45.27-PM-3-1068x712.jpeg 1068w, https:\/\/periodicorealidades.com\/wp-content\/uploads\/2026\/09\/WhatsApp-Image-2026-09-02-at-8.45.27-PM-3.jpeg 1600w\" sizes=\"auto, (max-width: 1024px) 100vw, 1024px\" \/><\/figure>\n\n\n\n<figure class=\"wp-block-image size-large\"><img loading=\"lazy\" decoding=\"async\" width=\"1024\" height=\"682\" data-id=\"78026\" src=\"https:\/\/periodicorealidades.com\/wp-content\/uploads\/2026\/09\/WhatsApp-Image-2026-09-02-at-8.45.27-PM-2-1024x682.jpeg\" alt=\"\" class=\"wp-image-78026\" srcset=\"https:\/\/periodicorealidades.com\/wp-content\/uploads\/2026\/09\/WhatsApp-Image-2026-09-02-at-8.45.27-PM-2-1024x682.jpeg 1024w, https:\/\/periodicorealidades.com\/wp-content\/uploads\/2026\/09\/WhatsApp-Image-2026-09-02-at-8.45.27-PM-2-300x200.jpeg 300w, https:\/\/periodicorealidades.com\/wp-content\/uploads\/2026\/09\/WhatsApp-Image-2026-09-02-at-8.45.27-PM-2-768x512.jpeg 768w, https:\/\/periodicorealidades.com\/wp-content\/uploads\/2026\/09\/WhatsApp-Image-2026-09-02-at-8.45.27-PM-2-696x464.jpeg 696w, https:\/\/periodicorealidades.com\/wp-content\/uploads\/2026\/09\/WhatsApp-Image-2026-09-02-at-8.45.27-PM-2-1068x712.jpeg 1068w, https:\/\/periodicorealidades.com\/wp-content\/uploads\/2026\/09\/WhatsApp-Image-2026-09-02-at-8.45.27-PM-2.jpeg 1280w\" sizes=\"auto, (max-width: 1024px) 100vw, 1024px\" \/><\/figure>\n\n\n\n<figure class=\"wp-block-image size-large\"><img loading=\"lazy\" decoding=\"async\" width=\"1024\" height=\"682\" data-id=\"78025\" src=\"https:\/\/periodicorealidades.com\/wp-content\/uploads\/2026\/09\/WhatsApp-Image-2026-09-02-at-8.45.27-PM-1-1024x682.jpeg\" alt=\"\" class=\"wp-image-78025\" srcset=\"https:\/\/periodicorealidades.com\/wp-content\/uploads\/2026\/09\/WhatsApp-Image-2026-09-02-at-8.45.27-PM-1-1024x682.jpeg 1024w, https:\/\/periodicorealidades.com\/wp-content\/uploads\/2026\/09\/WhatsApp-Image-2026-09-02-at-8.45.27-PM-1-300x200.jpeg 300w, https:\/\/periodicorealidades.com\/wp-content\/uploads\/2026\/09\/WhatsApp-Image-2026-09-02-at-8.45.27-PM-1-768x512.jpeg 768w, https:\/\/periodicorealidades.com\/wp-content\/uploads\/2026\/09\/WhatsApp-Image-2026-09-02-at-8.45.27-PM-1-696x464.jpeg 696w, https:\/\/periodicorealidades.com\/wp-content\/uploads\/2026\/09\/WhatsApp-Image-2026-09-02-at-8.45.27-PM-1-1068x712.jpeg 1068w, https:\/\/periodicorealidades.com\/wp-content\/uploads\/2026\/09\/WhatsApp-Image-2026-09-02-at-8.45.27-PM-1.jpeg 1280w\" sizes=\"auto, (max-width: 1024px) 100vw, 1024px\" \/><\/figure>\n\n\n\n<figure class=\"wp-block-image size-large\"><img loading=\"lazy\" decoding=\"async\" width=\"1024\" height=\"682\" data-id=\"78024\" src=\"https:\/\/periodicorealidades.com\/wp-content\/uploads\/2026\/09\/WhatsApp-Image-2026-09-02-at-8.45.26-PM-1024x682.jpeg\" alt=\"\" class=\"wp-image-78024\" srcset=\"https:\/\/periodicorealidades.com\/wp-content\/uploads\/2026\/09\/WhatsApp-Image-2026-09-02-at-8.45.26-PM-1024x682.jpeg 1024w, https:\/\/periodicorealidades.com\/wp-content\/uploads\/2026\/09\/WhatsApp-Image-2026-09-02-at-8.45.26-PM-300x200.jpeg 300w, https:\/\/periodicorealidades.com\/wp-content\/uploads\/2026\/09\/WhatsApp-Image-2026-09-02-at-8.45.26-PM-768x512.jpeg 768w, https:\/\/periodicorealidades.com\/wp-content\/uploads\/2026\/09\/WhatsApp-Image-2026-09-02-at-8.45.26-PM-696x464.jpeg 696w, https:\/\/periodicorealidades.com\/wp-content\/uploads\/2026\/09\/WhatsApp-Image-2026-09-02-at-8.45.26-PM-1068x712.jpeg 1068w, https:\/\/periodicorealidades.com\/wp-content\/uploads\/2026\/09\/WhatsApp-Image-2026-09-02-at-8.45.26-PM.jpeg 1280w\" sizes=\"auto, (max-width: 1024px) 100vw, 1024px\" \/><\/figure>\n<\/figure>\n\n\n\n<p class=\"wp-block-paragraph\">Como parte de la celebraci\u00f3n, se realiz\u00f3 un concurso de atuendos inspirado en personajes de la \u00c9poca de Oro del cine mexicano, adem\u00e1s de la tradicional coronaci\u00f3n de la reina y el rey de esta edici\u00f3n, momentos que llenaron de entusiasmo y emoci\u00f3n a las y los participantes.<\/p>\n\n\n\n<figure class=\"wp-block-gallery has-nested-images columns-default is-cropped wp-block-gallery-3 is-layout-flex wp-block-gallery-is-layout-flex\">\n<figure class=\"wp-block-image size-large\"><img loading=\"lazy\" decoding=\"async\" width=\"1024\" height=\"682\" data-id=\"78023\" src=\"https:\/\/periodicorealidades.com\/wp-content\/uploads\/2026\/09\/WhatsApp-Image-2026-09-02-at-8.45.26-PM-4-1024x682.jpeg\" alt=\"\" class=\"wp-image-78023\" srcset=\"https:\/\/periodicorealidades.com\/wp-content\/uploads\/2026\/09\/WhatsApp-Image-2026-09-02-at-8.45.26-PM-4-1024x682.jpeg 1024w, https:\/\/periodicorealidades.com\/wp-content\/uploads\/2026\/09\/WhatsApp-Image-2026-09-02-at-8.45.26-PM-4-300x200.jpeg 300w, https:\/\/periodicorealidades.com\/wp-content\/uploads\/2026\/09\/WhatsApp-Image-2026-09-02-at-8.45.26-PM-4-768x512.jpeg 768w, https:\/\/periodicorealidades.com\/wp-content\/uploads\/2026\/09\/WhatsApp-Image-2026-09-02-at-8.45.26-PM-4-696x464.jpeg 696w, https:\/\/periodicorealidades.com\/wp-content\/uploads\/2026\/09\/WhatsApp-Image-2026-09-02-at-8.45.26-PM-4-1068x712.jpeg 1068w, https:\/\/periodicorealidades.com\/wp-content\/uploads\/2026\/09\/WhatsApp-Image-2026-09-02-at-8.45.26-PM-4.jpeg 1280w\" sizes=\"auto, (max-width: 1024px) 100vw, 1024px\" \/><\/figure>\n\n\n\n<figure class=\"wp-block-image size-large\"><img loading=\"lazy\" decoding=\"async\" width=\"682\" height=\"1024\" data-id=\"78022\" src=\"https:\/\/periodicorealidades.com\/wp-content\/uploads\/2026\/09\/WhatsApp-Image-2026-09-02-at-8.45.26-PM-3-682x1024.jpeg\" alt=\"\" class=\"wp-image-78022\" srcset=\"https:\/\/periodicorealidades.com\/wp-content\/uploads\/2026\/09\/WhatsApp-Image-2026-09-02-at-8.45.26-PM-3-682x1024.jpeg 682w, https:\/\/periodicorealidades.com\/wp-content\/uploads\/2026\/09\/WhatsApp-Image-2026-09-02-at-8.45.26-PM-3-200x300.jpeg 200w, https:\/\/periodicorealidades.com\/wp-content\/uploads\/2026\/09\/WhatsApp-Image-2026-09-02-at-8.45.26-PM-3-768x1152.jpeg 768w, https:\/\/periodicorealidades.com\/wp-content\/uploads\/2026\/09\/WhatsApp-Image-2026-09-02-at-8.45.26-PM-3-696x1044.jpeg 696w, https:\/\/periodicorealidades.com\/wp-content\/uploads\/2026\/09\/WhatsApp-Image-2026-09-02-at-8.45.26-PM-3.jpeg 853w\" sizes=\"auto, (max-width: 682px) 100vw, 682px\" \/><\/figure>\n\n\n\n<figure class=\"wp-block-image size-large\"><img loading=\"lazy\" decoding=\"async\" width=\"1024\" height=\"682\" data-id=\"78021\" src=\"https:\/\/periodicorealidades.com\/wp-content\/uploads\/2026\/09\/WhatsApp-Image-2026-09-02-at-8.45.26-PM-2-1024x682.jpeg\" alt=\"\" class=\"wp-image-78021\" srcset=\"https:\/\/periodicorealidades.com\/wp-content\/uploads\/2026\/09\/WhatsApp-Image-2026-09-02-at-8.45.26-PM-2-1024x682.jpeg 1024w, https:\/\/periodicorealidades.com\/wp-content\/uploads\/2026\/09\/WhatsApp-Image-2026-09-02-at-8.45.26-PM-2-300x200.jpeg 300w, https:\/\/periodicorealidades.com\/wp-content\/uploads\/2026\/09\/WhatsApp-Image-2026-09-02-at-8.45.26-PM-2-768x512.jpeg 768w, https:\/\/periodicorealidades.com\/wp-content\/uploads\/2026\/09\/WhatsApp-Image-2026-09-02-at-8.45.26-PM-2-696x464.jpeg 696w, https:\/\/periodicorealidades.com\/wp-content\/uploads\/2026\/09\/WhatsApp-Image-2026-09-02-at-8.45.26-PM-2-1068x712.jpeg 1068w, https:\/\/periodicorealidades.com\/wp-content\/uploads\/2026\/09\/WhatsApp-Image-2026-09-02-at-8.45.26-PM-2.jpeg 1280w\" sizes=\"auto, (max-width: 1024px) 100vw, 1024px\" \/><\/figure>\n\n\n\n<figure class=\"wp-block-image size-large\"><img loading=\"lazy\" decoding=\"async\" width=\"1024\" height=\"682\" data-id=\"78020\" src=\"https:\/\/periodicorealidades.com\/wp-content\/uploads\/2026\/09\/WhatsApp-Image-2026-09-02-at-8.45.26-PM-1-1024x682.jpeg\" alt=\"\" class=\"wp-image-78020\" srcset=\"https:\/\/periodicorealidades.com\/wp-content\/uploads\/2026\/09\/WhatsApp-Image-2026-09-02-at-8.45.26-PM-1-1024x682.jpeg 1024w, https:\/\/periodicorealidades.com\/wp-content\/uploads\/2026\/09\/WhatsApp-Image-2026-09-02-at-8.45.26-PM-1-300x200.jpeg 300w, https:\/\/periodicorealidades.com\/wp-content\/uploads\/2026\/09\/WhatsApp-Image-2026-09-02-at-8.45.26-PM-1-768x512.jpeg 768w, https:\/\/periodicorealidades.com\/wp-content\/uploads\/2026\/09\/WhatsApp-Image-2026-09-02-at-8.45.26-PM-1-696x464.jpeg 696w, https:\/\/periodicorealidades.com\/wp-content\/uploads\/2026\/09\/WhatsApp-Image-2026-09-02-at-8.45.26-PM-1-1068x712.jpeg 1068w, https:\/\/periodicorealidades.com\/wp-content\/uploads\/2026\/09\/WhatsApp-Image-2026-09-02-at-8.45.26-PM-1.jpeg 1280w\" sizes=\"auto, (max-width: 1024px) 100vw, 1024px\" \/><\/figure>\n\n\n\n<figure class=\"wp-block-image size-large\"><img loading=\"lazy\" decoding=\"async\" width=\"682\" height=\"1024\" data-id=\"78019\" src=\"https:\/\/periodicorealidades.com\/wp-content\/uploads\/2026\/09\/WhatsApp-Image-2026-09-02-at-8.45.25-PM-682x1024.jpeg\" alt=\"\" class=\"wp-image-78019\" srcset=\"https:\/\/periodicorealidades.com\/wp-content\/uploads\/2026\/09\/WhatsApp-Image-2026-09-02-at-8.45.25-PM-682x1024.jpeg 682w, https:\/\/periodicorealidades.com\/wp-content\/uploads\/2026\/09\/WhatsApp-Image-2026-09-02-at-8.45.25-PM-200x300.jpeg 200w, https:\/\/periodicorealidades.com\/wp-content\/uploads\/2026\/09\/WhatsApp-Image-2026-09-02-at-8.45.25-PM-768x1152.jpeg 768w, https:\/\/periodicorealidades.com\/wp-content\/uploads\/2026\/09\/WhatsApp-Image-2026-09-02-at-8.45.25-PM-696x1044.jpeg 696w, https:\/\/periodicorealidades.com\/wp-content\/uploads\/2026\/09\/WhatsApp-Image-2026-09-02-at-8.45.25-PM.jpeg 853w\" sizes=\"auto, (max-width: 682px) 100vw, 682px\" \/><\/figure>\n<\/figure>\n\n\n\n<p class=\"wp-block-paragraph\">El Gobierno del Estado y el Sistema DIF Nayarit reconocieron la experiencia, sabidur\u00eda y las historias que cada abuela y abuelo aporta a Nayarit, reiterando su compromiso de continuar generando espacios de inclusi\u00f3n, convivencia y bienestar para las personas adultas mayores.<\/p>\n\n\n\n<figure class=\"wp-block-gallery has-nested-images columns-default is-cropped wp-block-gallery-4 is-layout-flex wp-block-gallery-is-layout-flex\">\n<figure class=\"wp-block-image size-large\"><img loading=\"lazy\" decoding=\"async\" width=\"1024\" height=\"682\" data-id=\"78018\" src=\"https:\/\/periodicorealidades.com\/wp-content\/uploads\/2026\/09\/WhatsApp-Image-2026-09-02-at-8.45.25-PM-4-1024x682.jpeg\" alt=\"\" class=\"wp-image-78018\" srcset=\"https:\/\/periodicorealidades.com\/wp-content\/uploads\/2026\/09\/WhatsApp-Image-2026-09-02-at-8.45.25-PM-4-1024x682.jpeg 1024w, https:\/\/periodicorealidades.com\/wp-content\/uploads\/2026\/09\/WhatsApp-Image-2026-09-02-at-8.45.25-PM-4-300x200.jpeg 300w, https:\/\/periodicorealidades.com\/wp-content\/uploads\/2026\/09\/WhatsApp-Image-2026-09-02-at-8.45.25-PM-4-768x512.jpeg 768w, https:\/\/periodicorealidades.com\/wp-content\/uploads\/2026\/09\/WhatsApp-Image-2026-09-02-at-8.45.25-PM-4-696x464.jpeg 696w, https:\/\/periodicorealidades.com\/wp-content\/uploads\/2026\/09\/WhatsApp-Image-2026-09-02-at-8.45.25-PM-4-1068x712.jpeg 1068w, https:\/\/periodicorealidades.com\/wp-content\/uploads\/2026\/09\/WhatsApp-Image-2026-09-02-at-8.45.25-PM-4.jpeg 1280w\" sizes=\"auto, (max-width: 1024px) 100vw, 1024px\" \/><\/figure>\n\n\n\n<figure class=\"wp-block-image size-large\"><img loading=\"lazy\" decoding=\"async\" width=\"1024\" height=\"682\" data-id=\"78017\" src=\"https:\/\/periodicorealidades.com\/wp-content\/uploads\/2026\/09\/WhatsApp-Image-2026-09-02-at-8.45.25-PM-3-1024x682.jpeg\" alt=\"\" class=\"wp-image-78017\" srcset=\"https:\/\/periodicorealidades.com\/wp-content\/uploads\/2026\/09\/WhatsApp-Image-2026-09-02-at-8.45.25-PM-3-1024x682.jpeg 1024w, https:\/\/periodicorealidades.com\/wp-content\/uploads\/2026\/09\/WhatsApp-Image-2026-09-02-at-8.45.25-PM-3-300x200.jpeg 300w, https:\/\/periodicorealidades.com\/wp-content\/uploads\/2026\/09\/WhatsApp-Image-2026-09-02-at-8.45.25-PM-3-768x512.jpeg 768w, https:\/\/periodicorealidades.com\/wp-content\/uploads\/2026\/09\/WhatsApp-Image-2026-09-02-at-8.45.25-PM-3-696x464.jpeg 696w, https:\/\/periodicorealidades.com\/wp-content\/uploads\/2026\/09\/WhatsApp-Image-2026-09-02-at-8.45.25-PM-3-1068x712.jpeg 1068w, https:\/\/periodicorealidades.com\/wp-content\/uploads\/2026\/09\/WhatsApp-Image-2026-09-02-at-8.45.25-PM-3.jpeg 1280w\" sizes=\"auto, (max-width: 1024px) 100vw, 1024px\" \/><\/figure>\n\n\n\n<figure class=\"wp-block-image size-large\"><img loading=\"lazy\" decoding=\"async\" width=\"1024\" height=\"682\" data-id=\"78016\" src=\"https:\/\/periodicorealidades.com\/wp-content\/uploads\/2026\/09\/WhatsApp-Image-2026-09-02-at-8.45.25-PM-2-1024x682.jpeg\" alt=\"\" class=\"wp-image-78016\" srcset=\"https:\/\/periodicorealidades.com\/wp-content\/uploads\/2026\/09\/WhatsApp-Image-2026-09-02-at-8.45.25-PM-2-1024x682.jpeg 1024w, https:\/\/periodicorealidades.com\/wp-content\/uploads\/2026\/09\/WhatsApp-Image-2026-09-02-at-8.45.25-PM-2-300x200.jpeg 300w, https:\/\/periodicorealidades.com\/wp-content\/uploads\/2026\/09\/WhatsApp-Image-2026-09-02-at-8.45.25-PM-2-768x512.jpeg 768w, https:\/\/periodicorealidades.com\/wp-content\/uploads\/2026\/09\/WhatsApp-Image-2026-09-02-at-8.45.25-PM-2-696x464.jpeg 696w, https:\/\/periodicorealidades.com\/wp-content\/uploads\/2026\/09\/WhatsApp-Image-2026-09-02-at-8.45.25-PM-2-1068x712.jpeg 1068w, https:\/\/periodicorealidades.com\/wp-content\/uploads\/2026\/09\/WhatsApp-Image-2026-09-02-at-8.45.25-PM-2.jpeg 1280w\" sizes=\"auto, (max-width: 1024px) 100vw, 1024px\" \/><\/figure>\n\n\n\n<figure class=\"wp-block-image size-large\"><img loading=\"lazy\" decoding=\"async\" width=\"1024\" height=\"682\" data-id=\"78015\" src=\"https:\/\/periodicorealidades.com\/wp-content\/uploads\/2026\/09\/WhatsApp-Image-2026-09-02-at-8.45.25-PM-1-1024x682.jpeg\" alt=\"\" class=\"wp-image-78015\" srcset=\"https:\/\/periodicorealidades.com\/wp-content\/uploads\/2026\/09\/WhatsApp-Image-2026-09-02-at-8.45.25-PM-1-1024x682.jpeg 1024w, https:\/\/periodicorealidades.com\/wp-content\/uploads\/2026\/09\/WhatsApp-Image-2026-09-02-at-8.45.25-PM-1-300x200.jpeg 300w, https:\/\/periodicorealidades.com\/wp-content\/uploads\/2026\/09\/WhatsApp-Image-2026-09-02-at-8.45.25-PM-1-768x512.jpeg 768w, https:\/\/periodicorealidades.com\/wp-content\/uploads\/2026\/09\/WhatsApp-Image-2026-09-02-at-8.45.25-PM-1-696x464.jpeg 696w, https:\/\/periodicorealidades.com\/wp-content\/uploads\/2026\/09\/WhatsApp-Image-2026-09-02-at-8.45.25-PM-1-1068x712.jpeg 1068w, https:\/\/periodicorealidades.com\/wp-content\/uploads\/2026\/09\/WhatsApp-Image-2026-09-02-at-8.45.25-PM-1.jpeg 1280w\" sizes=\"auto, (max-width: 1024px) 100vw, 1024px\" \/><\/figure>\n\n\n\n<figure class=\"wp-block-image size-large\"><img loading=\"lazy\" decoding=\"async\" width=\"1024\" height=\"682\" data-id=\"78014\" src=\"https:\/\/periodicorealidades.com\/wp-content\/uploads\/2026\/09\/WhatsApp-Image-2026-09-02-at-8.45.24-PM-1024x682.jpeg\" alt=\"\" class=\"wp-image-78014\" srcset=\"https:\/\/periodicorealidades.com\/wp-content\/uploads\/2026\/09\/WhatsApp-Image-2026-09-02-at-8.45.24-PM-1024x682.jpeg 1024w, https:\/\/periodicorealidades.com\/wp-content\/uploads\/2026\/09\/WhatsApp-Image-2026-09-02-at-8.45.24-PM-300x200.jpeg 300w, https:\/\/periodicorealidades.com\/wp-content\/uploads\/2026\/09\/WhatsApp-Image-2026-09-02-at-8.45.24-PM-768x512.jpeg 768w, https:\/\/periodicorealidades.com\/wp-content\/uploads\/2026\/09\/WhatsApp-Image-2026-09-02-at-8.45.24-PM-1536x1023.jpeg 1536w, https:\/\/periodicorealidades.com\/wp-content\/uploads\/2026\/09\/WhatsApp-Image-2026-09-02-at-8.45.24-PM-696x464.jpeg 696w, https:\/\/periodicorealidades.com\/wp-content\/uploads\/2026\/09\/WhatsApp-Image-2026-09-02-at-8.45.24-PM-1068x712.jpeg 1068w, https:\/\/periodicorealidades.com\/wp-content\/uploads\/2026\/09\/WhatsApp-Image-2026-09-02-at-8.45.24-PM.jpeg 1600w\" sizes=\"auto, (max-width: 1024px) 100vw, 1024px\" \/><\/figure>\n\n\n\n<figure class=\"wp-block-image size-large\"><img loading=\"lazy\" decoding=\"async\" width=\"682\" height=\"1024\" data-id=\"78013\" src=\"https:\/\/periodicorealidades.com\/wp-content\/uploads\/2026\/09\/WhatsApp-Image-2026-09-02-at-8.45.24-PM-1-682x1024.jpeg\" alt=\"\" class=\"wp-image-78013\" srcset=\"https:\/\/periodicorealidades.com\/wp-content\/uploads\/2026\/09\/WhatsApp-Image-2026-09-02-at-8.45.24-PM-1-682x1024.jpeg 682w, https:\/\/periodicorealidades.com\/wp-content\/uploads\/2026\/09\/WhatsApp-Image-2026-09-02-at-8.45.24-PM-1-200x300.jpeg 200w, https:\/\/periodicorealidades.com\/wp-content\/uploads\/2026\/09\/WhatsApp-Image-2026-09-02-at-8.45.24-PM-1-768x1153.jpeg 768w, https:\/\/periodicorealidades.com\/wp-content\/uploads\/2026\/09\/WhatsApp-Image-2026-09-02-at-8.45.24-PM-1-1023x1536.jpeg 1023w, https:\/\/periodicorealidades.com\/wp-content\/uploads\/2026\/09\/WhatsApp-Image-2026-09-02-at-8.45.24-PM-1-696x1045.jpeg 696w, https:\/\/periodicorealidades.com\/wp-content\/uploads\/2026\/09\/WhatsApp-Image-2026-09-02-at-8.45.24-PM-1.jpeg 1066w\" sizes=\"auto, (max-width: 682px) 100vw, 682px\" \/><\/figure>\n\n\n\n<figure class=\"wp-block-image size-large\"><img loading=\"lazy\" decoding=\"async\" width=\"1024\" height=\"682\" data-id=\"78012\" src=\"https:\/\/periodicorealidades.com\/wp-content\/uploads\/2026\/09\/WhatsApp-Image-2026-09-02-at-8.45.23-PM-1024x682.jpeg\" alt=\"\" class=\"wp-image-78012\" srcset=\"https:\/\/periodicorealidades.com\/wp-content\/uploads\/2026\/09\/WhatsApp-Image-2026-09-02-at-8.45.23-PM-1024x682.jpeg 1024w, https:\/\/periodicorealidades.com\/wp-content\/uploads\/2026\/09\/WhatsApp-Image-2026-09-02-at-8.45.23-PM-300x200.jpeg 300w, https:\/\/periodicorealidades.com\/wp-content\/uploads\/2026\/09\/WhatsApp-Image-2026-09-02-at-8.45.23-PM-768x512.jpeg 768w, https:\/\/periodicorealidades.com\/wp-content\/uploads\/2026\/09\/WhatsApp-Image-2026-09-02-at-8.45.23-PM-696x464.jpeg 696w, https:\/\/periodicorealidades.com\/wp-content\/uploads\/2026\/09\/WhatsApp-Image-2026-09-02-at-8.45.23-PM-1068x712.jpeg 1068w, https:\/\/periodicorealidades.com\/wp-content\/uploads\/2026\/09\/WhatsApp-Image-2026-09-02-at-8.45.23-PM.jpeg 1280w\" sizes=\"auto, (max-width: 1024px) 100vw, 1024px\" \/><\/figure>\n\n\n\n<figure class=\"wp-block-image size-large\"><img loading=\"lazy\" decoding=\"async\" width=\"682\" height=\"1024\" data-id=\"78011\" src=\"https:\/\/periodicorealidades.com\/wp-content\/uploads\/2026\/09\/WhatsApp-Image-2026-09-02-at-8.45.23-PM-2-682x1024.jpeg\" alt=\"\" class=\"wp-image-78011\" srcset=\"https:\/\/periodicorealidades.com\/wp-content\/uploads\/2026\/09\/WhatsApp-Image-2026-09-02-at-8.45.23-PM-2-682x1024.jpeg 682w, https:\/\/periodicorealidades.com\/wp-content\/uploads\/2026\/09\/WhatsApp-Image-2026-09-02-at-8.45.23-PM-2-200x300.jpeg 200w, https:\/\/periodicorealidades.com\/wp-content\/uploads\/2026\/09\/WhatsApp-Image-2026-09-02-at-8.45.23-PM-2-768x1152.jpeg 768w, https:\/\/periodicorealidades.com\/wp-content\/uploads\/2026\/09\/WhatsApp-Image-2026-09-02-at-8.45.23-PM-2-696x1044.jpeg 696w, https:\/\/periodicorealidades.com\/wp-content\/uploads\/2026\/09\/WhatsApp-Image-2026-09-02-at-8.45.23-PM-2.jpeg 853w\" sizes=\"auto, (max-width: 682px) 100vw, 682px\" \/><\/figure>\n<\/figure>\n","protected":false},"excerpt":{"rendered":"<p>Con alegr\u00eda, m\u00fasica y un emotivo encuentro, la presidenta del Sistema DIF Nayarit, doctora Beatriz Estrada Mart\u00ednez, encabez\u00f3 la Celebraci\u00f3n del D\u00eda del Abuelo Nayarit 2026, realizada en el auditorio Amado Nervo de Tepic, donde alrededor de mil 200 personas adultas mayores, provenientes de distintos municipios del estado, compartieron una jornada dedicada a celebrar su [&hellip;]<\/p>\n","protected":false},"author":2,"featured_media":78010,"comment_status":"closed","ping_status":"open","sticky":false,"template":"","format":"standard","meta":{"footnotes":""},"categories":[4,7],"tags":[],"class_list":["post-78009","post","type-post","status-publish","format-standard","has-post-thumbnail","category-principal","category-tepic"],"yoast_head":"<!-- This site is optimized with the Yoast SEO plugin v28.3 - https:\/\/yoast.com\/product\/yoast-seo-wordpress\/ -->\n<title>Dra. Beatriz Estrada reconoce a las abuelas y los abuelos de Nayarit - Peri\u00f3dico Realidades<\/title>\n<meta name=\"robots\" content=\"index, follow, max-snippet:-1, max-image-preview:large, max-video-preview:-1\" \/>\n<link rel=\"canonical\" href=\"https:\/\/periodicorealidades.com\/index.php\/2026\/09\/02\/dra-beatriz-estrada-reconoce-a-las-abuelas-y-los-abuelos-de-nayarit\/\" \/>\n<meta property=\"og:locale\" content=\"es_MX\" \/>\n<meta property=\"og:type\" content=\"article\" \/>\n<meta property=\"og:title\" content=\"Dra. Beatriz Estrada reconoce a las abuelas y los abuelos de Nayarit - Peri\u00f3dico Realidades\" \/>\n<meta property=\"og:description\" content=\"Con alegr\u00eda, m\u00fasica y un emotivo encuentro, la presidenta del Sistema DIF Nayarit, doctora Beatriz Estrada Mart\u00ednez, encabez\u00f3 la Celebraci\u00f3n del D\u00eda del Abuelo Nayarit 2026, realizada en el auditorio Amado Nervo de Tepic, donde alrededor de mil 200 personas adultas mayores, provenientes de distintos municipios del estado, compartieron una jornada dedicada a celebrar su [&hellip;]\" \/>\n<meta property=\"og:url\" content=\"https:\/\/periodicorealidades.com\/index.php\/2026\/09\/02\/dra-beatriz-estrada-reconoce-a-las-abuelas-y-los-abuelos-de-nayarit\/\" \/>\n<meta property=\"og:site_name\" content=\"Peri\u00f3dico Realidades\" \/>\n<meta property=\"article:publisher\" content=\"https:\/\/www.facebook.com\/periodicorealidades.denayarit?mibextid=LQQJ4d\" \/>\n<meta property=\"article:published_time\" content=\"2026-09-03T05:22:25+00:00\" \/>\n<meta property=\"article:modified_time\" content=\"2026-09-03T05:22:26+00:00\" \/>\n<meta property=\"og:image\" content=\"https:\/\/periodicorealidades.com\/wp-content\/uploads\/2026\/09\/WhatsApp-Image-2026-09-02-at-8.45.23-PM-1.jpeg\" \/>\n\t<meta property=\"og:image:width\" content=\"1280\" \/>\n\t<meta property=\"og:image:height\" content=\"853\" \/>\n\t<meta property=\"og:image:type\" content=\"image\/jpeg\" \/>\n<meta name=\"author\" content=\"editor\" \/>\n<meta name=\"twitter:card\" content=\"summary_large_image\" \/>\n<meta name=\"twitter:label1\" content=\"Escrito por\" \/>\n\t<meta name=\"twitter:data1\" content=\"editor\" \/>\n\t<meta name=\"twitter:label2\" content=\"Tiempo de lectura\" \/>\n\t<meta name=\"twitter:data2\" content=\"6 minutos\" \/>\n<script type=\"application\/ld+json\" class=\"yoast-schema-graph\">{\"@context\":\"https:\\\/\\\/schema.org\",\"@graph\":[{\"@type\":\"Article\",\"@id\":\"https:\\\/\\\/periodicorealidades.com\\\/index.php\\\/2026\\\/09\\\/02\\\/dra-beatriz-estrada-reconoce-a-las-abuelas-y-los-abuelos-de-nayarit\\\/#article\",\"isPartOf\":{\"@id\":\"https:\\\/\\\/periodicorealidades.com\\\/index.php\\\/2026\\\/09\\\/02\\\/dra-beatriz-estrada-reconoce-a-las-abuelas-y-los-abuelos-de-nayarit\\\/\"},\"author\":{\"name\":\"editor\",\"@id\":\"https:\\\/\\\/periodicorealidades.com\\\/#\\\/schema\\\/person\\\/c27da34ee13acaec3162071a3e1c7832\"},\"headline\":\"Dra. Beatriz Estrada reconoce a las abuelas y los abuelos de Nayarit\",\"datePublished\":\"2026-09-03T05:22:25+00:00\",\"dateModified\":\"2026-09-03T05:22:26+00:00\",\"mainEntityOfPage\":{\"@id\":\"https:\\\/\\\/periodicorealidades.com\\\/index.php\\\/2026\\\/09\\\/02\\\/dra-beatriz-estrada-reconoce-a-las-abuelas-y-los-abuelos-de-nayarit\\\/\"},\"wordCount\":225,\"publisher\":{\"@id\":\"https:\\\/\\\/periodicorealidades.com\\\/#organization\"},\"image\":{\"@id\":\"https:\\\/\\\/periodicorealidades.com\\\/index.php\\\/2026\\\/09\\\/02\\\/dra-beatriz-estrada-reconoce-a-las-abuelas-y-los-abuelos-de-nayarit\\\/#primaryimage\"},\"thumbnailUrl\":\"https:\\\/\\\/periodicorealidades.com\\\/wp-content\\\/uploads\\\/2026\\\/09\\\/WhatsApp-Image-2026-09-02-at-8.45.23-PM-1.jpeg\",\"articleSection\":[\"Principal\",\"Tepic\"],\"inLanguage\":\"es\"},{\"@type\":\"WebPage\",\"@id\":\"https:\\\/\\\/periodicorealidades.com\\\/index.php\\\/2026\\\/09\\\/02\\\/dra-beatriz-estrada-reconoce-a-las-abuelas-y-los-abuelos-de-nayarit\\\/\",\"url\":\"https:\\\/\\\/periodicorealidades.com\\\/index.php\\\/2026\\\/09\\\/02\\\/dra-beatriz-estrada-reconoce-a-las-abuelas-y-los-abuelos-de-nayarit\\\/\",\"name\":\"Dra. Beatriz Estrada reconoce a las abuelas y los abuelos de Nayarit - Peri\u00f3dico Realidades\",\"isPartOf\":{\"@id\":\"https:\\\/\\\/periodicorealidades.com\\\/#website\"},\"primaryImageOfPage\":{\"@id\":\"https:\\\/\\\/periodicorealidades.com\\\/index.php\\\/2026\\\/09\\\/02\\\/dra-beatriz-estrada-reconoce-a-las-abuelas-y-los-abuelos-de-nayarit\\\/#primaryimage\"},\"image\":{\"@id\":\"https:\\\/\\\/periodicorealidades.com\\\/index.php\\\/2026\\\/09\\\/02\\\/dra-beatriz-estrada-reconoce-a-las-abuelas-y-los-abuelos-de-nayarit\\\/#primaryimage\"},\"thumbnailUrl\":\"https:\\\/\\\/periodicorealidades.com\\\/wp-content\\\/uploads\\\/2026\\\/09\\\/WhatsApp-Image-2026-09-02-at-8.45.23-PM-1.jpeg\",\"datePublished\":\"2026-09-03T05:22:25+00:00\",\"dateModified\":\"2026-09-03T05:22:26+00:00\",\"breadcrumb\":{\"@id\":\"https:\\\/\\\/periodicorealidades.com\\\/index.php\\\/2026\\\/09\\\/02\\\/dra-beatriz-estrada-reconoce-a-las-abuelas-y-los-abuelos-de-nayarit\\\/#breadcrumb\"},\"inLanguage\":\"es\",\"potentialAction\":[{\"@type\":\"ReadAction\",\"target\":[\"https:\\\/\\\/periodicorealidades.com\\\/index.php\\\/2026\\\/09\\\/02\\\/dra-beatriz-estrada-reconoce-a-las-abuelas-y-los-abuelos-de-nayarit\\\/\"]}]},{\"@type\":\"ImageObject\",\"inLanguage\":\"es\",\"@id\":\"https:\\\/\\\/periodicorealidades.com\\\/index.php\\\/2026\\\/09\\\/02\\\/dra-beatriz-estrada-reconoce-a-las-abuelas-y-los-abuelos-de-nayarit\\\/#primaryimage\",\"url\":\"https:\\\/\\\/periodicorealidades.com\\\/wp-content\\\/uploads\\\/2026\\\/09\\\/WhatsApp-Image-2026-09-02-at-8.45.23-PM-1.jpeg\",\"contentUrl\":\"https:\\\/\\\/periodicorealidades.com\\\/wp-content\\\/uploads\\\/2026\\\/09\\\/WhatsApp-Image-2026-09-02-at-8.45.23-PM-1.jpeg\",\"width\":1280,\"height\":853},{\"@type\":\"BreadcrumbList\",\"@id\":\"https:\\\/\\\/periodicorealidades.com\\\/index.php\\\/2026\\\/09\\\/02\\\/dra-beatriz-estrada-reconoce-a-las-abuelas-y-los-abuelos-de-nayarit\\\/#breadcrumb\",\"itemListElement\":[{\"@type\":\"ListItem\",\"position\":1,\"name\":\"Inicio\",\"item\":\"https:\\\/\\\/periodicorealidades.com\\\/\"},{\"@type\":\"ListItem\",\"position\":2,\"name\":\"Dra. Beatriz Estrada reconoce a las abuelas y los abuelos de Nayarit\"}]},{\"@type\":\"WebSite\",\"@id\":\"https:\\\/\\\/periodicorealidades.com\\\/#website\",\"url\":\"https:\\\/\\\/periodicorealidades.com\\\/\",\"name\":\"Peri\u00f3dico Realidades\",\"description\":\"M\u00e9dio de comunicaci\u00f3n en Nayarit\",\"publisher\":{\"@id\":\"https:\\\/\\\/periodicorealidades.com\\\/#organization\"},\"potentialAction\":[{\"@type\":\"SearchAction\",\"target\":{\"@type\":\"EntryPoint\",\"urlTemplate\":\"https:\\\/\\\/periodicorealidades.com\\\/?s={search_term_string}\"},\"query-input\":{\"@type\":\"PropertyValueSpecification\",\"valueRequired\":true,\"valueName\":\"search_term_string\"}}],\"inLanguage\":\"es\"},{\"@type\":\"Organization\",\"@id\":\"https:\\\/\\\/periodicorealidades.com\\\/#organization\",\"name\":\"Peri\u00f3dico Realidades\",\"url\":\"https:\\\/\\\/periodicorealidades.com\\\/\",\"logo\":{\"@type\":\"ImageObject\",\"inLanguage\":\"es\",\"@id\":\"https:\\\/\\\/periodicorealidades.com\\\/#\\\/schema\\\/logo\\\/image\\\/\",\"url\":\"https:\\\/\\\/periodicorealidades.com\\\/wp-content\\\/uploads\\\/2023\\\/05\\\/r-prueba.png\",\"contentUrl\":\"https:\\\/\\\/periodicorealidades.com\\\/wp-content\\\/uploads\\\/2023\\\/05\\\/r-prueba.png\",\"width\":709,\"height\":709,\"caption\":\"Peri\u00f3dico Realidades\"},\"image\":{\"@id\":\"https:\\\/\\\/periodicorealidades.com\\\/#\\\/schema\\\/logo\\\/image\\\/\"},\"sameAs\":[\"https:\\\/\\\/www.facebook.com\\\/periodicorealidades.denayarit?mibextid=LQQJ4d\"]},{\"@type\":\"Person\",\"@id\":\"https:\\\/\\\/periodicorealidades.com\\\/#\\\/schema\\\/person\\\/c27da34ee13acaec3162071a3e1c7832\",\"name\":\"editor\",\"image\":{\"@type\":\"ImageObject\",\"inLanguage\":\"es\",\"@id\":\"https:\\\/\\\/secure.gravatar.com\\\/avatar\\\/dda3c3f59ea25f4b53cd53df977b0b2628039b17268e57c944a79a00e8a56e26?s=96&d=mm&r=g\",\"url\":\"https:\\\/\\\/secure.gravatar.com\\\/avatar\\\/dda3c3f59ea25f4b53cd53df977b0b2628039b17268e57c944a79a00e8a56e26?s=96&d=mm&r=g\",\"contentUrl\":\"https:\\\/\\\/secure.gravatar.com\\\/avatar\\\/dda3c3f59ea25f4b53cd53df977b0b2628039b17268e57c944a79a00e8a56e26?s=96&d=mm&r=g\",\"caption\":\"editor\"},\"url\":\"https:\\\/\\\/periodicorealidades.com\\\/index.php\\\/author\\\/editor\\\/\"}]}<\/script>\n<!-- \/ Yoast SEO plugin. -->","yoast_head_json":{"title":"Dra. Beatriz Estrada reconoce a las abuelas y los abuelos de Nayarit - Peri\u00f3dico Realidades","robots":{"index":"index","follow":"follow","max-snippet":"max-snippet:-1","max-image-preview":"max-image-preview:large","max-video-preview":"max-video-preview:-1"},"canonical":"https:\/\/periodicorealidades.com\/index.php\/2026\/09\/02\/dra-beatriz-estrada-reconoce-a-las-abuelas-y-los-abuelos-de-nayarit\/","og_locale":"es_MX","og_type":"article","og_title":"Dra. Beatriz Estrada reconoce a las abuelas y los abuelos de Nayarit - Peri\u00f3dico Realidades","og_description":"Con alegr\u00eda, m\u00fasica y un emotivo encuentro, la presidenta del Sistema DIF Nayarit, doctora Beatriz Estrada Mart\u00ednez, encabez\u00f3 la Celebraci\u00f3n del D\u00eda del Abuelo Nayarit 2026, realizada en el auditorio Amado Nervo de Tepic, donde alrededor de mil 200 personas adultas mayores, provenientes de distintos municipios del estado, compartieron una jornada dedicada a celebrar su [&hellip;]","og_url":"https:\/\/periodicorealidades.com\/index.php\/2026\/09\/02\/dra-beatriz-estrada-reconoce-a-las-abuelas-y-los-abuelos-de-nayarit\/","og_site_name":"Peri\u00f3dico Realidades","article_publisher":"https:\/\/www.facebook.com\/periodicorealidades.denayarit?mibextid=LQQJ4d","article_published_time":"2026-09-03T05:22:25+00:00","article_modified_time":"2026-09-03T05:22:26+00:00","og_image":[{"width":1280,"height":853,"url":"https:\/\/periodicorealidades.com\/wp-content\/uploads\/2026\/09\/WhatsApp-Image-2026-09-02-at-8.45.23-PM-1.jpeg","type":"image\/jpeg"}],"author":"editor","twitter_card":"summary_large_image","twitter_misc":{"Escrito por":"editor","Tiempo de lectura":"6 minutos"},"schema":{"@context":"https:\/\/schema.org","@graph":[{"@type":"Article","@id":"https:\/\/periodicorealidades.com\/index.php\/2026\/09\/02\/dra-beatriz-estrada-reconoce-a-las-abuelas-y-los-abuelos-de-nayarit\/#article","isPartOf":{"@id":"https:\/\/periodicorealidades.com\/index.php\/2026\/09\/02\/dra-beatriz-estrada-reconoce-a-las-abuelas-y-los-abuelos-de-nayarit\/"},"author":{"name":"editor","@id":"https:\/\/periodicorealidades.com\/#\/schema\/person\/c27da34ee13acaec3162071a3e1c7832"},"headline":"Dra. Beatriz Estrada reconoce a las abuelas y los abuelos de Nayarit","datePublished":"2026-09-03T05:22:25+00:00","dateModified":"2026-09-03T05:22:26+00:00","mainEntityOfPage":{"@id":"https:\/\/periodicorealidades.com\/index.php\/2026\/09\/02\/dra-beatriz-estrada-reconoce-a-las-abuelas-y-los-abuelos-de-nayarit\/"},"wordCount":225,"publisher":{"@id":"https:\/\/periodicorealidades.com\/#organization"},"image":{"@id":"https:\/\/periodicorealidades.com\/index.php\/2026\/09\/02\/dra-beatriz-estrada-reconoce-a-las-abuelas-y-los-abuelos-de-nayarit\/#primaryimage"},"thumbnailUrl":"https:\/\/periodicorealidades.com\/wp-content\/uploads\/2026\/09\/WhatsApp-Image-2026-09-02-at-8.45.23-PM-1.jpeg","articleSection":["Principal","Tepic"],"inLanguage":"es"},{"@type":"WebPage","@id":"https:\/\/periodicorealidades.com\/index.php\/2026\/09\/02\/dra-beatriz-estrada-reconoce-a-las-abuelas-y-los-abuelos-de-nayarit\/","url":"https:\/\/periodicorealidades.com\/index.php\/2026\/09\/02\/dra-beatriz-estrada-reconoce-a-las-abuelas-y-los-abuelos-de-nayarit\/","name":"Dra. Beatriz Estrada reconoce a las abuelas y los abuelos de Nayarit - Peri\u00f3dico Realidades","isPartOf":{"@id":"https:\/\/periodicorealidades.com\/#website"},"primaryImageOfPage":{"@id":"https:\/\/periodicorealidades.com\/index.php\/2026\/09\/02\/dra-beatriz-estrada-reconoce-a-las-abuelas-y-los-abuelos-de-nayarit\/#primaryimage"},"image":{"@id":"https:\/\/periodicorealidades.com\/index.php\/2026\/09\/02\/dra-beatriz-estrada-reconoce-a-las-abuelas-y-los-abuelos-de-nayarit\/#primaryimage"},"thumbnailUrl":"https:\/\/periodicorealidades.com\/wp-content\/uploads\/2026\/09\/WhatsApp-Image-2026-09-02-at-8.45.23-PM-1.jpeg","datePublished":"2026-09-03T05:22:25+00:00","dateModified":"2026-09-03T05:22:26+00:00","breadcrumb":{"@id":"https:\/\/periodicorealidades.com\/index.php\/2026\/09\/02\/dra-beatriz-estrada-reconoce-a-las-abuelas-y-los-abuelos-de-nayarit\/#breadcrumb"},"inLanguage":"es","potentialAction":[{"@type":"ReadAction","target":["https:\/\/periodicorealidades.com\/index.php\/2026\/09\/02\/dra-beatriz-estrada-reconoce-a-las-abuelas-y-los-abuelos-de-nayarit\/"]}]},{"@type":"ImageObject","inLanguage":"es","@id":"https:\/\/periodicorealidades.com\/index.php\/2026\/09\/02\/dra-beatriz-estrada-reconoce-a-las-abuelas-y-los-abuelos-de-nayarit\/#primaryimage","url":"https:\/\/periodicorealidades.com\/wp-content\/uploads\/2026\/09\/WhatsApp-Image-2026-09-02-at-8.45.23-PM-1.jpeg","contentUrl":"https:\/\/periodicorealidades.com\/wp-content\/uploads\/2026\/09\/WhatsApp-Image-2026-09-02-at-8.45.23-PM-1.jpeg","width":1280,"height":853},{"@type":"BreadcrumbList","@id":"https:\/\/periodicorealidades.com\/index.php\/2026\/09\/02\/dra-beatriz-estrada-reconoce-a-las-abuelas-y-los-abuelos-de-nayarit\/#breadcrumb","itemListElement":[{"@type":"ListItem","position":1,"name":"Inicio","item":"https:\/\/periodicorealidades.com\/"},{"@type":"ListItem","position":2,"name":"Dra. Beatriz Estrada reconoce a las abuelas y los abuelos de Nayarit"}]},{"@type":"WebSite","@id":"https:\/\/periodicorealidades.com\/#website","url":"https:\/\/periodicorealidades.com\/","name":"Peri\u00f3dico Realidades","description":"M\u00e9dio de comunicaci\u00f3n en Nayarit","publisher":{"@id":"https:\/\/periodicorealidades.com\/#organization"},"potentialAction":[{"@type":"SearchAction","target":{"@type":"EntryPoint","urlTemplate":"https:\/\/periodicorealidades.com\/?s={search_term_string}"},"query-input":{"@type":"PropertyValueSpecification","valueRequired":true,"valueName":"search_term_string"}}],"inLanguage":"es"},{"@type":"Organization","@id":"https:\/\/periodicorealidades.com\/#organization","name":"Peri\u00f3dico Realidades","url":"https:\/\/periodicorealidades.com\/","logo":{"@type":"ImageObject","inLanguage":"es","@id":"https:\/\/periodicorealidades.com\/#\/schema\/logo\/image\/","url":"https:\/\/periodicorealidades.com\/wp-content\/uploads\/2023\/05\/r-prueba.png","contentUrl":"https:\/\/periodicorealidades.com\/wp-content\/uploads\/2023\/05\/r-prueba.png","width":709,"height":709,"caption":"Peri\u00f3dico Realidades"},"image":{"@id":"https:\/\/periodicorealidades.com\/#\/schema\/logo\/image\/"},"sameAs":["https:\/\/www.facebook.com\/periodicorealidades.denayarit?mibextid=LQQJ4d"]},{"@type":"Person","@id":"https:\/\/periodicorealidades.com\/#\/schema\/person\/c27da34ee13acaec3162071a3e1c7832","name":"editor","image":{"@type":"ImageObject","inLanguage":"es","@id":"https:\/\/secure.gravatar.com\/avatar\/dda3c3f59ea25f4b53cd53df977b0b2628039b17268e57c944a79a00e8a56e26?s=96&d=mm&r=g","url":"https:\/\/secure.gravatar.com\/avatar\/dda3c3f59ea25f4b53cd53df977b0b2628039b17268e57c944a79a00e8a56e26?s=96&d=mm&r=g","contentUrl":"https:\/\/secure.gravatar.com\/avatar\/dda3c3f59ea25f4b53cd53df977b0b2628039b17268e57c944a79a00e8a56e26?s=96&d=mm&r=g","caption":"editor"},"url":"https:\/\/periodicorealidades.com\/index.php\/author\/editor\/"}]}},"_links":{"self":[{"href":"https:\/\/periodicorealidades.com\/index.php\/wp-json\/wp\/v2\/posts\/78009","targetHints":{"allow":["GET"]}}],"collection":[{"href":"https:\/\/periodicorealidades.com\/index.php\/wp-json\/wp\/v2\/posts"}],"about":[{"href":"https:\/\/periodicorealidades.com\/index.php\/wp-json\/wp\/v2\/types\/post"}],"author":[{"embeddable":true,"href":"https:\/\/periodicorealidades.com\/index.php\/wp-json\/wp\/v2\/users\/2"}],"replies":[{"embeddable":true,"href":"https:\/\/periodicorealidades.com\/index.php\/wp-json\/wp\/v2\/comments?post=78009"}],"version-history":[{"count":1,"href":"https:\/\/periodicorealidades.com\/index.php\/wp-json\/wp\/v2\/posts\/78009\/revisions"}],"predecessor-version":[{"id":78034,"href":"https:\/\/periodicorealidades.com\/index.php\/wp-json\/wp\/v2\/posts\/78009\/revisions\/78034"}],"wp:featuredmedia":[{"embeddable":true,"href":"https:\/\/periodicorealidades.com\/index.php\/wp-json\/wp\/v2\/media\/78010"}],"wp:attachment":[{"href":"https:\/\/periodicorealidades.com\/index.php\/wp-json\/wp\/v2\/media?parent=78009"}],"wp:term":[{"taxonomy":"category","embeddable":true,"href":"https:\/\/periodicorealidades.com\/index.php\/wp-json\/wp\/v2\/categories?post=78009"},{"taxonomy":"post_tag","embeddable":true,"href":"https:\/\/periodicorealidades.com\/index.php\/wp-json\/wp\/v2\/tags?post=78009"}],"curies":[{"name":"wp","href":"https:\/\/api.w.org\/{rel}","templated":true}]}}