{"id":78040,"date":"2026-09-03T14:40:08","date_gmt":"2026-09-03T21:40:08","guid":{"rendered":"https:\/\/periodicorealidades.com\/?p=78040"},"modified":"2026-09-03T14:40:09","modified_gmt":"2026-09-03T21:40:09","slug":"brote-de-salmonella-afecta-a-135-medicos-en-el-hospital-general-de-mexico","status":"publish","type":"post","link":"https:\/\/periodicorealidades.com\/index.php\/2026\/09\/03\/brote-de-salmonella-afecta-a-135-medicos-en-el-hospital-general-de-mexico\/","title":{"rendered":"Brote de Salmonella afecta a 135 m\u00e9dicos en el Hospital General de M\u00e9xico"},"content":{"rendered":"\n<p class=\"wp-block-paragraph\">Un brote de gastroenteritis infecciosa aguda afecta a m\u00e9dicos residentes y de alta especialidad del Hospital General de M\u00e9xico \u201cDr. Eduardo Liceaga\u201d, luego de que varios trabajadores presentaran s\u00edntomas gastrointestinales que fueron asociados temporalmente con el consumo de alimentos proporcionados por el servicio subrogado de comedor.<\/p>\n\n\n\n<p class=\"wp-block-paragraph\">El brote fue identificado el pasado&nbsp;<strong>31 de agosto<\/strong>, cuando las autoridades detectaron un incremento s\u00fabito de personas con s\u00edntomas como&nbsp;<strong>dolor abdominal, diarrea, fiebre y v\u00f3mito<\/strong>.<\/p>\n\n\n\n<p class=\"wp-block-paragraph\">De acuerdo con la informaci\u00f3n proporcionada por el hospital, hasta este&nbsp;<strong>3 de septiembre<\/strong>, un total de&nbsp;<strong>135 m\u00e9dicos han presentado s\u00edntomas<\/strong>, de los cuales&nbsp;<strong>41 permanecen hospitalizados<\/strong>. Todos se encuentran estables y bajo vigilancia m\u00e9dica.<\/p>\n\n\n\n<p class=\"wp-block-paragraph\">Como parte de la investigaci\u00f3n epidemiol\u00f3gica, se realizaron estudios de laboratorio que confirmaron la presencia de&nbsp;<strong>Salmonella spp.<\/strong>&nbsp;en los casos analizados. Adem\u00e1s, en dos pacientes se identific\u00f3 una coinfecci\u00f3n con&nbsp;<strong>Escherichia coli enterotoxig\u00e9nica (ETEC)<\/strong>.<\/p>\n\n\n\n<figure class=\"wp-block-image size-full\"><img loading=\"lazy\" decoding=\"async\" width=\"738\" height=\"414\" src=\"https:\/\/periodicorealidades.com\/wp-content\/uploads\/2026\/09\/image-37.png\" alt=\"\" class=\"wp-image-78042\" srcset=\"https:\/\/periodicorealidades.com\/wp-content\/uploads\/2026\/09\/image-37.png 738w, https:\/\/periodicorealidades.com\/wp-content\/uploads\/2026\/09\/image-37-300x168.png 300w, https:\/\/periodicorealidades.com\/wp-content\/uploads\/2026\/09\/image-37-323x181.png 323w, https:\/\/periodicorealidades.com\/wp-content\/uploads\/2026\/09\/image-37-285x160.png 285w, https:\/\/periodicorealidades.com\/wp-content\/uploads\/2026\/09\/image-37-695x390.png 695w, https:\/\/periodicorealidades.com\/wp-content\/uploads\/2026\/09\/image-37-355x199.png 355w, https:\/\/periodicorealidades.com\/wp-content\/uploads\/2026\/09\/image-37-465x261.png 465w\" sizes=\"auto, (max-width: 738px) 100vw, 738px\" \/><\/figure>\n\n\n\n<p class=\"wp-block-paragraph\">Ante la situaci\u00f3n, el Hospital General de M\u00e9xico determin\u00f3&nbsp;<strong>suspender de manera inmediata el servicio subrogado de comedor para m\u00e9dicos residentes<\/strong>&nbsp;y puso en marcha una estrategia de b\u00fasqueda y seguimiento de casos entre las personas que pudieron haber estado expuestas.<\/p>\n\n\n\n<p class=\"wp-block-paragraph\">La Secretar\u00eda de Salud inform\u00f3 que la investigaci\u00f3n epidemiol\u00f3gica y sanitaria contin\u00faa con el objetivo de determinar la&nbsp;<strong>fuente espec\u00edfica de contaminaci\u00f3n<\/strong>, as\u00ed como establecer medidas adicionales para prevenir nuevos casos y controlar el brote.<\/p>\n\n\n\n<p class=\"wp-block-paragraph\">Las autoridades mantienen bajo vigilancia a las personas afectadas y contin\u00faan con las acciones sanitarias correspondientes dentro del hospital.<\/p>\n\n\n\n<p class=\"wp-block-paragraph\"><\/p>\n","protected":false},"excerpt":{"rendered":"<p>Un brote de gastroenteritis infecciosa aguda afecta a m\u00e9dicos residentes y de alta especialidad del Hospital General de M\u00e9xico \u201cDr. Eduardo Liceaga\u201d, luego de que varios trabajadores presentaran s\u00edntomas gastrointestinales que fueron asociados temporalmente con el consumo de alimentos proporcionados por el servicio subrogado de comedor. El brote fue identificado el pasado&nbsp;31 de agosto, cuando [&hellip;]<\/p>\n","protected":false},"author":4,"featured_media":78041,"comment_status":"closed","ping_status":"open","sticky":false,"template":"","format":"standard","meta":{"footnotes":""},"categories":[14],"tags":[],"class_list":["post-78040","post","type-post","status-publish","format-standard","has-post-thumbnail","category-salud"],"yoast_head":"<!-- This site is optimized with the Yoast SEO plugin v28.3 - https:\/\/yoast.com\/product\/yoast-seo-wordpress\/ -->\n<title>Brote de Salmonella afecta a 135 m\u00e9dicos en el Hospital General de M\u00e9xico - Peri\u00f3dico Realidades<\/title>\n<meta name=\"robots\" content=\"index, follow, max-snippet:-1, max-image-preview:large, max-video-preview:-1\" \/>\n<link rel=\"canonical\" href=\"https:\/\/periodicorealidades.com\/index.php\/2026\/09\/03\/brote-de-salmonella-afecta-a-135-medicos-en-el-hospital-general-de-mexico\/\" \/>\n<meta property=\"og:locale\" content=\"es_MX\" \/>\n<meta property=\"og:type\" content=\"article\" \/>\n<meta property=\"og:title\" content=\"Brote de Salmonella afecta a 135 m\u00e9dicos en el Hospital General de M\u00e9xico - Peri\u00f3dico Realidades\" \/>\n<meta property=\"og:description\" content=\"Un brote de gastroenteritis infecciosa aguda afecta a m\u00e9dicos residentes y de alta especialidad del Hospital General de M\u00e9xico \u201cDr. Eduardo Liceaga\u201d, luego de que varios trabajadores presentaran s\u00edntomas gastrointestinales que fueron asociados temporalmente con el consumo de alimentos proporcionados por el servicio subrogado de comedor. El brote fue identificado el pasado&nbsp;31 de agosto, cuando [&hellip;]\" \/>\n<meta property=\"og:url\" content=\"https:\/\/periodicorealidades.com\/index.php\/2026\/09\/03\/brote-de-salmonella-afecta-a-135-medicos-en-el-hospital-general-de-mexico\/\" \/>\n<meta property=\"og:site_name\" content=\"Peri\u00f3dico Realidades\" \/>\n<meta property=\"article:publisher\" content=\"https:\/\/www.facebook.com\/periodicorealidades.denayarit?mibextid=LQQJ4d\" \/>\n<meta property=\"article:published_time\" content=\"2026-09-03T21:40:08+00:00\" \/>\n<meta property=\"article:modified_time\" content=\"2026-09-03T21:40:09+00:00\" \/>\n<meta property=\"og:image\" content=\"https:\/\/periodicorealidades.com\/wp-content\/uploads\/2026\/09\/image-36.png\" \/>\n\t<meta property=\"og:image:width\" content=\"678\" \/>\n\t<meta property=\"og:image:height\" content=\"452\" \/>\n\t<meta property=\"og:image:type\" content=\"image\/png\" \/>\n<meta name=\"author\" content=\"Arcelia\" \/>\n<meta name=\"twitter:card\" content=\"summary_large_image\" \/>\n<meta name=\"twitter:label1\" content=\"Escrito por\" \/>\n\t<meta name=\"twitter:data1\" content=\"Arcelia\" \/>\n\t<meta name=\"twitter:label2\" content=\"Tiempo de lectura\" \/>\n\t<meta name=\"twitter:data2\" content=\"2 minutos\" \/>\n<script type=\"application\/ld+json\" class=\"yoast-schema-graph\">{\"@context\":\"https:\\\/\\\/schema.org\",\"@graph\":[{\"@type\":\"Article\",\"@id\":\"https:\\\/\\\/periodicorealidades.com\\\/index.php\\\/2026\\\/09\\\/03\\\/brote-de-salmonella-afecta-a-135-medicos-en-el-hospital-general-de-mexico\\\/#article\",\"isPartOf\":{\"@id\":\"https:\\\/\\\/periodicorealidades.com\\\/index.php\\\/2026\\\/09\\\/03\\\/brote-de-salmonella-afecta-a-135-medicos-en-el-hospital-general-de-mexico\\\/\"},\"author\":{\"name\":\"Arcelia\",\"@id\":\"https:\\\/\\\/periodicorealidades.com\\\/#\\\/schema\\\/person\\\/ed60e33c6767be45db655d22ad0c15c4\"},\"headline\":\"Brote de Salmonella afecta a 135 m\u00e9dicos en el Hospital General de M\u00e9xico\",\"datePublished\":\"2026-09-03T21:40:08+00:00\",\"dateModified\":\"2026-09-03T21:40:09+00:00\",\"mainEntityOfPage\":{\"@id\":\"https:\\\/\\\/periodicorealidades.com\\\/index.php\\\/2026\\\/09\\\/03\\\/brote-de-salmonella-afecta-a-135-medicos-en-el-hospital-general-de-mexico\\\/\"},\"wordCount\":286,\"publisher\":{\"@id\":\"https:\\\/\\\/periodicorealidades.com\\\/#organization\"},\"image\":{\"@id\":\"https:\\\/\\\/periodicorealidades.com\\\/index.php\\\/2026\\\/09\\\/03\\\/brote-de-salmonella-afecta-a-135-medicos-en-el-hospital-general-de-mexico\\\/#primaryimage\"},\"thumbnailUrl\":\"https:\\\/\\\/periodicorealidades.com\\\/wp-content\\\/uploads\\\/2026\\\/09\\\/image-36.png\",\"articleSection\":[\"Salud\"],\"inLanguage\":\"es\"},{\"@type\":\"WebPage\",\"@id\":\"https:\\\/\\\/periodicorealidades.com\\\/index.php\\\/2026\\\/09\\\/03\\\/brote-de-salmonella-afecta-a-135-medicos-en-el-hospital-general-de-mexico\\\/\",\"url\":\"https:\\\/\\\/periodicorealidades.com\\\/index.php\\\/2026\\\/09\\\/03\\\/brote-de-salmonella-afecta-a-135-medicos-en-el-hospital-general-de-mexico\\\/\",\"name\":\"Brote de Salmonella afecta a 135 m\u00e9dicos en el Hospital General de M\u00e9xico - Peri\u00f3dico Realidades\",\"isPartOf\":{\"@id\":\"https:\\\/\\\/periodicorealidades.com\\\/#website\"},\"primaryImageOfPage\":{\"@id\":\"https:\\\/\\\/periodicorealidades.com\\\/index.php\\\/2026\\\/09\\\/03\\\/brote-de-salmonella-afecta-a-135-medicos-en-el-hospital-general-de-mexico\\\/#primaryimage\"},\"image\":{\"@id\":\"https:\\\/\\\/periodicorealidades.com\\\/index.php\\\/2026\\\/09\\\/03\\\/brote-de-salmonella-afecta-a-135-medicos-en-el-hospital-general-de-mexico\\\/#primaryimage\"},\"thumbnailUrl\":\"https:\\\/\\\/periodicorealidades.com\\\/wp-content\\\/uploads\\\/2026\\\/09\\\/image-36.png\",\"datePublished\":\"2026-09-03T21:40:08+00:00\",\"dateModified\":\"2026-09-03T21:40:09+00:00\",\"breadcrumb\":{\"@id\":\"https:\\\/\\\/periodicorealidades.com\\\/index.php\\\/2026\\\/09\\\/03\\\/brote-de-salmonella-afecta-a-135-medicos-en-el-hospital-general-de-mexico\\\/#breadcrumb\"},\"inLanguage\":\"es\",\"potentialAction\":[{\"@type\":\"ReadAction\",\"target\":[\"https:\\\/\\\/periodicorealidades.com\\\/index.php\\\/2026\\\/09\\\/03\\\/brote-de-salmonella-afecta-a-135-medicos-en-el-hospital-general-de-mexico\\\/\"]}]},{\"@type\":\"ImageObject\",\"inLanguage\":\"es\",\"@id\":\"https:\\\/\\\/periodicorealidades.com\\\/index.php\\\/2026\\\/09\\\/03\\\/brote-de-salmonella-afecta-a-135-medicos-en-el-hospital-general-de-mexico\\\/#primaryimage\",\"url\":\"https:\\\/\\\/periodicorealidades.com\\\/wp-content\\\/uploads\\\/2026\\\/09\\\/image-36.png\",\"contentUrl\":\"https:\\\/\\\/periodicorealidades.com\\\/wp-content\\\/uploads\\\/2026\\\/09\\\/image-36.png\",\"width\":678,\"height\":452},{\"@type\":\"BreadcrumbList\",\"@id\":\"https:\\\/\\\/periodicorealidades.com\\\/index.php\\\/2026\\\/09\\\/03\\\/brote-de-salmonella-afecta-a-135-medicos-en-el-hospital-general-de-mexico\\\/#breadcrumb\",\"itemListElement\":[{\"@type\":\"ListItem\",\"position\":1,\"name\":\"Inicio\",\"item\":\"https:\\\/\\\/periodicorealidades.com\\\/\"},{\"@type\":\"ListItem\",\"position\":2,\"name\":\"Brote de Salmonella afecta a 135 m\u00e9dicos en el Hospital General de M\u00e9xico\"}]},{\"@type\":\"WebSite\",\"@id\":\"https:\\\/\\\/periodicorealidades.com\\\/#website\",\"url\":\"https:\\\/\\\/periodicorealidades.com\\\/\",\"name\":\"Peri\u00f3dico Realidades\",\"description\":\"M\u00e9dio de comunicaci\u00f3n en Nayarit\",\"publisher\":{\"@id\":\"https:\\\/\\\/periodicorealidades.com\\\/#organization\"},\"potentialAction\":[{\"@type\":\"SearchAction\",\"target\":{\"@type\":\"EntryPoint\",\"urlTemplate\":\"https:\\\/\\\/periodicorealidades.com\\\/?s={search_term_string}\"},\"query-input\":{\"@type\":\"PropertyValueSpecification\",\"valueRequired\":true,\"valueName\":\"search_term_string\"}}],\"inLanguage\":\"es\"},{\"@type\":\"Organization\",\"@id\":\"https:\\\/\\\/periodicorealidades.com\\\/#organization\",\"name\":\"Peri\u00f3dico Realidades\",\"url\":\"https:\\\/\\\/periodicorealidades.com\\\/\",\"logo\":{\"@type\":\"ImageObject\",\"inLanguage\":\"es\",\"@id\":\"https:\\\/\\\/periodicorealidades.com\\\/#\\\/schema\\\/logo\\\/image\\\/\",\"url\":\"https:\\\/\\\/periodicorealidades.com\\\/wp-content\\\/uploads\\\/2023\\\/05\\\/r-prueba.png\",\"contentUrl\":\"https:\\\/\\\/periodicorealidades.com\\\/wp-content\\\/uploads\\\/2023\\\/05\\\/r-prueba.png\",\"width\":709,\"height\":709,\"caption\":\"Peri\u00f3dico Realidades\"},\"image\":{\"@id\":\"https:\\\/\\\/periodicorealidades.com\\\/#\\\/schema\\\/logo\\\/image\\\/\"},\"sameAs\":[\"https:\\\/\\\/www.facebook.com\\\/periodicorealidades.denayarit?mibextid=LQQJ4d\"]},{\"@type\":\"Person\",\"@id\":\"https:\\\/\\\/periodicorealidades.com\\\/#\\\/schema\\\/person\\\/ed60e33c6767be45db655d22ad0c15c4\",\"name\":\"Arcelia\",\"image\":{\"@type\":\"ImageObject\",\"inLanguage\":\"es\",\"@id\":\"https:\\\/\\\/secure.gravatar.com\\\/avatar\\\/36cdbbe591db4ecc4985aac5ab27b8093cf6488d3b664974f0cda2e38368b10d?s=96&d=mm&r=g\",\"url\":\"https:\\\/\\\/secure.gravatar.com\\\/avatar\\\/36cdbbe591db4ecc4985aac5ab27b8093cf6488d3b664974f0cda2e38368b10d?s=96&d=mm&r=g\",\"contentUrl\":\"https:\\\/\\\/secure.gravatar.com\\\/avatar\\\/36cdbbe591db4ecc4985aac5ab27b8093cf6488d3b664974f0cda2e38368b10d?s=96&d=mm&r=g\",\"caption\":\"Arcelia\"},\"url\":\"https:\\\/\\\/periodicorealidades.com\\\/index.php\\\/author\\\/editor-2\\\/\"}]}<\/script>\n<!-- \/ Yoast SEO plugin. -->","yoast_head_json":{"title":"Brote de Salmonella afecta a 135 m\u00e9dicos en el Hospital General de M\u00e9xico - Peri\u00f3dico Realidades","robots":{"index":"index","follow":"follow","max-snippet":"max-snippet:-1","max-image-preview":"max-image-preview:large","max-video-preview":"max-video-preview:-1"},"canonical":"https:\/\/periodicorealidades.com\/index.php\/2026\/09\/03\/brote-de-salmonella-afecta-a-135-medicos-en-el-hospital-general-de-mexico\/","og_locale":"es_MX","og_type":"article","og_title":"Brote de Salmonella afecta a 135 m\u00e9dicos en el Hospital General de M\u00e9xico - Peri\u00f3dico Realidades","og_description":"Un brote de gastroenteritis infecciosa aguda afecta a m\u00e9dicos residentes y de alta especialidad del Hospital General de M\u00e9xico \u201cDr. Eduardo Liceaga\u201d, luego de que varios trabajadores presentaran s\u00edntomas gastrointestinales que fueron asociados temporalmente con el consumo de alimentos proporcionados por el servicio subrogado de comedor. El brote fue identificado el pasado&nbsp;31 de agosto, cuando [&hellip;]","og_url":"https:\/\/periodicorealidades.com\/index.php\/2026\/09\/03\/brote-de-salmonella-afecta-a-135-medicos-en-el-hospital-general-de-mexico\/","og_site_name":"Peri\u00f3dico Realidades","article_publisher":"https:\/\/www.facebook.com\/periodicorealidades.denayarit?mibextid=LQQJ4d","article_published_time":"2026-09-03T21:40:08+00:00","article_modified_time":"2026-09-03T21:40:09+00:00","og_image":[{"width":678,"height":452,"url":"https:\/\/periodicorealidades.com\/wp-content\/uploads\/2026\/09\/image-36.png","type":"image\/png"}],"author":"Arcelia","twitter_card":"summary_large_image","twitter_misc":{"Escrito por":"Arcelia","Tiempo de lectura":"2 minutos"},"schema":{"@context":"https:\/\/schema.org","@graph":[{"@type":"Article","@id":"https:\/\/periodicorealidades.com\/index.php\/2026\/09\/03\/brote-de-salmonella-afecta-a-135-medicos-en-el-hospital-general-de-mexico\/#article","isPartOf":{"@id":"https:\/\/periodicorealidades.com\/index.php\/2026\/09\/03\/brote-de-salmonella-afecta-a-135-medicos-en-el-hospital-general-de-mexico\/"},"author":{"name":"Arcelia","@id":"https:\/\/periodicorealidades.com\/#\/schema\/person\/ed60e33c6767be45db655d22ad0c15c4"},"headline":"Brote de Salmonella afecta a 135 m\u00e9dicos en el Hospital General de M\u00e9xico","datePublished":"2026-09-03T21:40:08+00:00","dateModified":"2026-09-03T21:40:09+00:00","mainEntityOfPage":{"@id":"https:\/\/periodicorealidades.com\/index.php\/2026\/09\/03\/brote-de-salmonella-afecta-a-135-medicos-en-el-hospital-general-de-mexico\/"},"wordCount":286,"publisher":{"@id":"https:\/\/periodicorealidades.com\/#organization"},"image":{"@id":"https:\/\/periodicorealidades.com\/index.php\/2026\/09\/03\/brote-de-salmonella-afecta-a-135-medicos-en-el-hospital-general-de-mexico\/#primaryimage"},"thumbnailUrl":"https:\/\/periodicorealidades.com\/wp-content\/uploads\/2026\/09\/image-36.png","articleSection":["Salud"],"inLanguage":"es"},{"@type":"WebPage","@id":"https:\/\/periodicorealidades.com\/index.php\/2026\/09\/03\/brote-de-salmonella-afecta-a-135-medicos-en-el-hospital-general-de-mexico\/","url":"https:\/\/periodicorealidades.com\/index.php\/2026\/09\/03\/brote-de-salmonella-afecta-a-135-medicos-en-el-hospital-general-de-mexico\/","name":"Brote de Salmonella afecta a 135 m\u00e9dicos en el Hospital General de M\u00e9xico - Peri\u00f3dico Realidades","isPartOf":{"@id":"https:\/\/periodicorealidades.com\/#website"},"primaryImageOfPage":{"@id":"https:\/\/periodicorealidades.com\/index.php\/2026\/09\/03\/brote-de-salmonella-afecta-a-135-medicos-en-el-hospital-general-de-mexico\/#primaryimage"},"image":{"@id":"https:\/\/periodicorealidades.com\/index.php\/2026\/09\/03\/brote-de-salmonella-afecta-a-135-medicos-en-el-hospital-general-de-mexico\/#primaryimage"},"thumbnailUrl":"https:\/\/periodicorealidades.com\/wp-content\/uploads\/2026\/09\/image-36.png","datePublished":"2026-09-03T21:40:08+00:00","dateModified":"2026-09-03T21:40:09+00:00","breadcrumb":{"@id":"https:\/\/periodicorealidades.com\/index.php\/2026\/09\/03\/brote-de-salmonella-afecta-a-135-medicos-en-el-hospital-general-de-mexico\/#breadcrumb"},"inLanguage":"es","potentialAction":[{"@type":"ReadAction","target":["https:\/\/periodicorealidades.com\/index.php\/2026\/09\/03\/brote-de-salmonella-afecta-a-135-medicos-en-el-hospital-general-de-mexico\/"]}]},{"@type":"ImageObject","inLanguage":"es","@id":"https:\/\/periodicorealidades.com\/index.php\/2026\/09\/03\/brote-de-salmonella-afecta-a-135-medicos-en-el-hospital-general-de-mexico\/#primaryimage","url":"https:\/\/periodicorealidades.com\/wp-content\/uploads\/2026\/09\/image-36.png","contentUrl":"https:\/\/periodicorealidades.com\/wp-content\/uploads\/2026\/09\/image-36.png","width":678,"height":452},{"@type":"BreadcrumbList","@id":"https:\/\/periodicorealidades.com\/index.php\/2026\/09\/03\/brote-de-salmonella-afecta-a-135-medicos-en-el-hospital-general-de-mexico\/#breadcrumb","itemListElement":[{"@type":"ListItem","position":1,"name":"Inicio","item":"https:\/\/periodicorealidades.com\/"},{"@type":"ListItem","position":2,"name":"Brote de Salmonella afecta a 135 m\u00e9dicos en el Hospital General de M\u00e9xico"}]},{"@type":"WebSite","@id":"https:\/\/periodicorealidades.com\/#website","url":"https:\/\/periodicorealidades.com\/","name":"Peri\u00f3dico Realidades","description":"M\u00e9dio de comunicaci\u00f3n en Nayarit","publisher":{"@id":"https:\/\/periodicorealidades.com\/#organization"},"potentialAction":[{"@type":"SearchAction","target":{"@type":"EntryPoint","urlTemplate":"https:\/\/periodicorealidades.com\/?s={search_term_string}"},"query-input":{"@type":"PropertyValueSpecification","valueRequired":true,"valueName":"search_term_string"}}],"inLanguage":"es"},{"@type":"Organization","@id":"https:\/\/periodicorealidades.com\/#organization","name":"Peri\u00f3dico Realidades","url":"https:\/\/periodicorealidades.com\/","logo":{"@type":"ImageObject","inLanguage":"es","@id":"https:\/\/periodicorealidades.com\/#\/schema\/logo\/image\/","url":"https:\/\/periodicorealidades.com\/wp-content\/uploads\/2023\/05\/r-prueba.png","contentUrl":"https:\/\/periodicorealidades.com\/wp-content\/uploads\/2023\/05\/r-prueba.png","width":709,"height":709,"caption":"Peri\u00f3dico Realidades"},"image":{"@id":"https:\/\/periodicorealidades.com\/#\/schema\/logo\/image\/"},"sameAs":["https:\/\/www.facebook.com\/periodicorealidades.denayarit?mibextid=LQQJ4d"]},{"@type":"Person","@id":"https:\/\/periodicorealidades.com\/#\/schema\/person\/ed60e33c6767be45db655d22ad0c15c4","name":"Arcelia","image":{"@type":"ImageObject","inLanguage":"es","@id":"https:\/\/secure.gravatar.com\/avatar\/36cdbbe591db4ecc4985aac5ab27b8093cf6488d3b664974f0cda2e38368b10d?s=96&d=mm&r=g","url":"https:\/\/secure.gravatar.com\/avatar\/36cdbbe591db4ecc4985aac5ab27b8093cf6488d3b664974f0cda2e38368b10d?s=96&d=mm&r=g","contentUrl":"https:\/\/secure.gravatar.com\/avatar\/36cdbbe591db4ecc4985aac5ab27b8093cf6488d3b664974f0cda2e38368b10d?s=96&d=mm&r=g","caption":"Arcelia"},"url":"https:\/\/periodicorealidades.com\/index.php\/author\/editor-2\/"}]}},"_links":{"self":[{"href":"https:\/\/periodicorealidades.com\/index.php\/wp-json\/wp\/v2\/posts\/78040","targetHints":{"allow":["GET"]}}],"collection":[{"href":"https:\/\/periodicorealidades.com\/index.php\/wp-json\/wp\/v2\/posts"}],"about":[{"href":"https:\/\/periodicorealidades.com\/index.php\/wp-json\/wp\/v2\/types\/post"}],"author":[{"embeddable":true,"href":"https:\/\/periodicorealidades.com\/index.php\/wp-json\/wp\/v2\/users\/4"}],"replies":[{"embeddable":true,"href":"https:\/\/periodicorealidades.com\/index.php\/wp-json\/wp\/v2\/comments?post=78040"}],"version-history":[{"count":1,"href":"https:\/\/periodicorealidades.com\/index.php\/wp-json\/wp\/v2\/posts\/78040\/revisions"}],"predecessor-version":[{"id":78043,"href":"https:\/\/periodicorealidades.com\/index.php\/wp-json\/wp\/v2\/posts\/78040\/revisions\/78043"}],"wp:featuredmedia":[{"embeddable":true,"href":"https:\/\/periodicorealidades.com\/index.php\/wp-json\/wp\/v2\/media\/78041"}],"wp:attachment":[{"href":"https:\/\/periodicorealidades.com\/index.php\/wp-json\/wp\/v2\/media?parent=78040"}],"wp:term":[{"taxonomy":"category","embeddable":true,"href":"https:\/\/periodicorealidades.com\/index.php\/wp-json\/wp\/v2\/categories?post=78040"},{"taxonomy":"post_tag","embeddable":true,"href":"https:\/\/periodicorealidades.com\/index.php\/wp-json\/wp\/v2\/tags?post=78040"}],"curies":[{"name":"wp","href":"https:\/\/api.w.org\/{rel}","templated":true}]}}