{"id":78044,"date":"2026-09-03T15:43:28","date_gmt":"2026-09-03T22:43:28","guid":{"rendered":"https:\/\/periodicorealidades.com\/?p=78044"},"modified":"2026-09-03T15:43:29","modified_gmt":"2026-09-03T22:43:29","slug":"capturan-en-puebla-a-el-amarillo-presunto-lider-de-una-celula-vinculada-con-los-rusos","status":"publish","type":"post","link":"https:\/\/periodicorealidades.com\/index.php\/2026\/09\/03\/capturan-en-puebla-a-el-amarillo-presunto-lider-de-una-celula-vinculada-con-los-rusos\/","title":{"rendered":"Capturan en Puebla a \u201cEl Amarillo\u201d, presunto l\u00edder de una c\u00e9lula vinculada con \u201cLos Rusos\u201d"},"content":{"rendered":"\n<p class=\"wp-block-paragraph\">&nbsp;Gov\u00e9n Ulisses \u201cN\u201d, alias \u201cEl Amarillo\u201d o \u201cEl Gob\u00e9n\u201d, se\u00f1alado como presunto l\u00edder de una c\u00e9lula criminal vinculada con \u201cLos Rusos\u201d, fue detenido en la zona residencial de Lomas de Angel\u00f3polis, Puebla, junto con otros dos hombres, quienes ser\u00edan sus presuntos escoltas.<\/p>\n\n\n\n<p class=\"wp-block-paragraph\">La captura fue informada por Omar Garc\u00eda Harfuch, titular de la Secretar\u00eda de Seguridad y Protecci\u00f3n Ciudadana (SSPC), quien identific\u00f3 a Gov\u00e9n Ulisses como un objetivo prioritario y uno de los principales generadores de violencia de esta organizaci\u00f3n, con presencia principalmente en Acapulco, Guerrero.<\/p>\n\n\n\n<p class=\"wp-block-paragraph\">De acuerdo con las autoridades, \u201cEl Amarillo\u201d estar\u00eda relacionado con delitos como extorsi\u00f3n, secuestro y privaci\u00f3n ilegal de la libertad, homicidio, as\u00ed como tr\u00e1fico y distribuci\u00f3n de drogas.<\/p>\n\n\n\n<figure class=\"wp-block-image size-full\"><img loading=\"lazy\" decoding=\"async\" width=\"316\" height=\"172\" src=\"https:\/\/periodicorealidades.com\/wp-content\/uploads\/2026\/09\/image-39.png\" alt=\"\" class=\"wp-image-78046\" srcset=\"https:\/\/periodicorealidades.com\/wp-content\/uploads\/2026\/09\/image-39.png 316w, https:\/\/periodicorealidades.com\/wp-content\/uploads\/2026\/09\/image-39-300x163.png 300w, https:\/\/periodicorealidades.com\/wp-content\/uploads\/2026\/09\/image-39-293x159.png 293w\" sizes=\"auto, (max-width: 316px) 100vw, 316px\" \/><\/figure>\n\n\n\n<p class=\"wp-block-paragraph\">El operativo fue realizado mediante un trabajo coordinado entre la Agencia de Investigaci\u00f3n Criminal (AIC), la Fiscal\u00eda Especializada en Materia de Delincuencia Organizada (FEMDO) de la Fiscal\u00eda General de la Rep\u00fablica (FGR), la SSPC y la Secretar\u00eda de Marina (Semar), con informaci\u00f3n del Centro Nacional de Inteligencia (CNI) y la colaboraci\u00f3n de autoridades de Puebla y Guerrero.<\/p>\n\n\n\n<p class=\"wp-block-paragraph\">Seg\u00fan el Gabinete de Seguridad, las autoridades ubicaron un inmueble presuntamente utilizado por integrantes de la c\u00e9lula delictiva. Con los datos de prueba obtenidos, un juez de control autoriz\u00f3 una orden de cateo.<\/p>\n\n\n\n<p class=\"wp-block-paragraph\">Durante la diligencia, realizada en Lomas de Angel\u00f3polis, fueron detenidos tres hombres. Uno de ellos contaba con una orden de aprehensi\u00f3n por el delito de homicidio calificado, indicaron las autoridades.<\/p>\n\n\n\n<p class=\"wp-block-paragraph\">En el inmueble tambi\u00e9n fueron aseguradas armas, drogas y veh\u00edculos de alta gama, aunque hasta el momento no se ha informado la cantidad ni las caracter\u00edsticas de los objetos decomisados.<\/p>\n\n\n\n<p class=\"wp-block-paragraph\">Las autoridades se\u00f1alaron que los cateos contin\u00faan en distintos puntos de la zona como parte de las investigaciones, por lo que el operativo permanece activo y podr\u00eda derivar en nuevas acciones.<\/p>\n\n\n\n<p class=\"wp-block-paragraph\">La c\u00e9lula criminal a la que presuntamente pertenece \u201cEl Amarillo\u201d es se\u00f1alada por las autoridades de mantener actividades delictivas en Acapulco, entre ellas extorsi\u00f3n, secuestro, delitos contra la salud y homicidio.<\/p>\n\n\n\n<p class=\"wp-block-paragraph\">Los tres detenidos y los objetos asegurados fueron puestos a disposici\u00f3n del Ministerio P\u00fablico correspondiente, instancia que determinar\u00e1 su situaci\u00f3n jur\u00eddica.<\/p>\n\n\n\n<p class=\"wp-block-paragraph\"><\/p>\n","protected":false},"excerpt":{"rendered":"<p>&nbsp;Gov\u00e9n Ulisses \u201cN\u201d, alias \u201cEl Amarillo\u201d o \u201cEl Gob\u00e9n\u201d, se\u00f1alado como presunto l\u00edder de una c\u00e9lula criminal vinculada con \u201cLos Rusos\u201d, fue detenido en la zona residencial de Lomas de Angel\u00f3polis, Puebla, junto con otros dos hombres, quienes ser\u00edan sus presuntos escoltas. La captura fue informada por Omar Garc\u00eda Harfuch, titular de la Secretar\u00eda de [&hellip;]<\/p>\n","protected":false},"author":4,"featured_media":78045,"comment_status":"closed","ping_status":"open","sticky":false,"template":"","format":"standard","meta":{"footnotes":""},"categories":[6],"tags":[],"class_list":["post-78044","post","type-post","status-publish","format-standard","has-post-thumbnail","category-policiaca"],"yoast_head":"<!-- This site is optimized with the Yoast SEO plugin v28.3 - https:\/\/yoast.com\/product\/yoast-seo-wordpress\/ -->\n<title>Capturan en Puebla a \u201cEl Amarillo\u201d, presunto l\u00edder de una c\u00e9lula vinculada con \u201cLos Rusos\u201d - Peri\u00f3dico Realidades<\/title>\n<meta name=\"robots\" content=\"index, follow, max-snippet:-1, max-image-preview:large, max-video-preview:-1\" \/>\n<link rel=\"canonical\" href=\"https:\/\/periodicorealidades.com\/index.php\/2026\/09\/03\/capturan-en-puebla-a-el-amarillo-presunto-lider-de-una-celula-vinculada-con-los-rusos\/\" \/>\n<meta property=\"og:locale\" content=\"es_MX\" \/>\n<meta property=\"og:type\" content=\"article\" \/>\n<meta property=\"og:title\" content=\"Capturan en Puebla a \u201cEl Amarillo\u201d, presunto l\u00edder de una c\u00e9lula vinculada con \u201cLos Rusos\u201d - Peri\u00f3dico Realidades\" \/>\n<meta property=\"og:description\" content=\"&nbsp;Gov\u00e9n Ulisses \u201cN\u201d, alias \u201cEl Amarillo\u201d o \u201cEl Gob\u00e9n\u201d, se\u00f1alado como presunto l\u00edder de una c\u00e9lula criminal vinculada con \u201cLos Rusos\u201d, fue detenido en la zona residencial de Lomas de Angel\u00f3polis, Puebla, junto con otros dos hombres, quienes ser\u00edan sus presuntos escoltas. La captura fue informada por Omar Garc\u00eda Harfuch, titular de la Secretar\u00eda de [&hellip;]\" \/>\n<meta property=\"og:url\" content=\"https:\/\/periodicorealidades.com\/index.php\/2026\/09\/03\/capturan-en-puebla-a-el-amarillo-presunto-lider-de-una-celula-vinculada-con-los-rusos\/\" \/>\n<meta property=\"og:site_name\" content=\"Peri\u00f3dico Realidades\" \/>\n<meta property=\"article:publisher\" content=\"https:\/\/www.facebook.com\/periodicorealidades.denayarit?mibextid=LQQJ4d\" \/>\n<meta property=\"article:published_time\" content=\"2026-09-03T22:43:28+00:00\" \/>\n<meta property=\"article:modified_time\" content=\"2026-09-03T22:43:29+00:00\" \/>\n<meta property=\"og:image\" content=\"https:\/\/periodicorealidades.com\/wp-content\/uploads\/2026\/09\/image-38.png\" \/>\n\t<meta property=\"og:image:width\" content=\"1200\" \/>\n\t<meta property=\"og:image:height\" content=\"675\" \/>\n\t<meta property=\"og:image:type\" content=\"image\/png\" \/>\n<meta name=\"author\" content=\"Arcelia\" \/>\n<meta name=\"twitter:card\" content=\"summary_large_image\" \/>\n<meta name=\"twitter:label1\" content=\"Escrito por\" \/>\n\t<meta name=\"twitter:data1\" content=\"Arcelia\" \/>\n\t<meta name=\"twitter:label2\" content=\"Tiempo de lectura\" \/>\n\t<meta name=\"twitter:data2\" content=\"2 minutos\" \/>\n<script type=\"application\/ld+json\" class=\"yoast-schema-graph\">{\"@context\":\"https:\\\/\\\/schema.org\",\"@graph\":[{\"@type\":\"Article\",\"@id\":\"https:\\\/\\\/periodicorealidades.com\\\/index.php\\\/2026\\\/09\\\/03\\\/capturan-en-puebla-a-el-amarillo-presunto-lider-de-una-celula-vinculada-con-los-rusos\\\/#article\",\"isPartOf\":{\"@id\":\"https:\\\/\\\/periodicorealidades.com\\\/index.php\\\/2026\\\/09\\\/03\\\/capturan-en-puebla-a-el-amarillo-presunto-lider-de-una-celula-vinculada-con-los-rusos\\\/\"},\"author\":{\"name\":\"Arcelia\",\"@id\":\"https:\\\/\\\/periodicorealidades.com\\\/#\\\/schema\\\/person\\\/ed60e33c6767be45db655d22ad0c15c4\"},\"headline\":\"Capturan en Puebla a \u201cEl Amarillo\u201d, presunto l\u00edder de una c\u00e9lula vinculada con \u201cLos Rusos\u201d\",\"datePublished\":\"2026-09-03T22:43:28+00:00\",\"dateModified\":\"2026-09-03T22:43:29+00:00\",\"mainEntityOfPage\":{\"@id\":\"https:\\\/\\\/periodicorealidades.com\\\/index.php\\\/2026\\\/09\\\/03\\\/capturan-en-puebla-a-el-amarillo-presunto-lider-de-una-celula-vinculada-con-los-rusos\\\/\"},\"wordCount\":406,\"publisher\":{\"@id\":\"https:\\\/\\\/periodicorealidades.com\\\/#organization\"},\"image\":{\"@id\":\"https:\\\/\\\/periodicorealidades.com\\\/index.php\\\/2026\\\/09\\\/03\\\/capturan-en-puebla-a-el-amarillo-presunto-lider-de-una-celula-vinculada-con-los-rusos\\\/#primaryimage\"},\"thumbnailUrl\":\"https:\\\/\\\/periodicorealidades.com\\\/wp-content\\\/uploads\\\/2026\\\/09\\\/image-38.png\",\"articleSection\":[\"Policiaca\"],\"inLanguage\":\"es\"},{\"@type\":\"WebPage\",\"@id\":\"https:\\\/\\\/periodicorealidades.com\\\/index.php\\\/2026\\\/09\\\/03\\\/capturan-en-puebla-a-el-amarillo-presunto-lider-de-una-celula-vinculada-con-los-rusos\\\/\",\"url\":\"https:\\\/\\\/periodicorealidades.com\\\/index.php\\\/2026\\\/09\\\/03\\\/capturan-en-puebla-a-el-amarillo-presunto-lider-de-una-celula-vinculada-con-los-rusos\\\/\",\"name\":\"Capturan en Puebla a \u201cEl Amarillo\u201d, presunto l\u00edder de una c\u00e9lula vinculada con \u201cLos Rusos\u201d - Peri\u00f3dico Realidades\",\"isPartOf\":{\"@id\":\"https:\\\/\\\/periodicorealidades.com\\\/#website\"},\"primaryImageOfPage\":{\"@id\":\"https:\\\/\\\/periodicorealidades.com\\\/index.php\\\/2026\\\/09\\\/03\\\/capturan-en-puebla-a-el-amarillo-presunto-lider-de-una-celula-vinculada-con-los-rusos\\\/#primaryimage\"},\"image\":{\"@id\":\"https:\\\/\\\/periodicorealidades.com\\\/index.php\\\/2026\\\/09\\\/03\\\/capturan-en-puebla-a-el-amarillo-presunto-lider-de-una-celula-vinculada-con-los-rusos\\\/#primaryimage\"},\"thumbnailUrl\":\"https:\\\/\\\/periodicorealidades.com\\\/wp-content\\\/uploads\\\/2026\\\/09\\\/image-38.png\",\"datePublished\":\"2026-09-03T22:43:28+00:00\",\"dateModified\":\"2026-09-03T22:43:29+00:00\",\"breadcrumb\":{\"@id\":\"https:\\\/\\\/periodicorealidades.com\\\/index.php\\\/2026\\\/09\\\/03\\\/capturan-en-puebla-a-el-amarillo-presunto-lider-de-una-celula-vinculada-con-los-rusos\\\/#breadcrumb\"},\"inLanguage\":\"es\",\"potentialAction\":[{\"@type\":\"ReadAction\",\"target\":[\"https:\\\/\\\/periodicorealidades.com\\\/index.php\\\/2026\\\/09\\\/03\\\/capturan-en-puebla-a-el-amarillo-presunto-lider-de-una-celula-vinculada-con-los-rusos\\\/\"]}]},{\"@type\":\"ImageObject\",\"inLanguage\":\"es\",\"@id\":\"https:\\\/\\\/periodicorealidades.com\\\/index.php\\\/2026\\\/09\\\/03\\\/capturan-en-puebla-a-el-amarillo-presunto-lider-de-una-celula-vinculada-con-los-rusos\\\/#primaryimage\",\"url\":\"https:\\\/\\\/periodicorealidades.com\\\/wp-content\\\/uploads\\\/2026\\\/09\\\/image-38.png\",\"contentUrl\":\"https:\\\/\\\/periodicorealidades.com\\\/wp-content\\\/uploads\\\/2026\\\/09\\\/image-38.png\",\"width\":1200,\"height\":675},{\"@type\":\"BreadcrumbList\",\"@id\":\"https:\\\/\\\/periodicorealidades.com\\\/index.php\\\/2026\\\/09\\\/03\\\/capturan-en-puebla-a-el-amarillo-presunto-lider-de-una-celula-vinculada-con-los-rusos\\\/#breadcrumb\",\"itemListElement\":[{\"@type\":\"ListItem\",\"position\":1,\"name\":\"Inicio\",\"item\":\"https:\\\/\\\/periodicorealidades.com\\\/\"},{\"@type\":\"ListItem\",\"position\":2,\"name\":\"Capturan en Puebla a \u201cEl Amarillo\u201d, presunto l\u00edder de una c\u00e9lula vinculada con \u201cLos Rusos\u201d\"}]},{\"@type\":\"WebSite\",\"@id\":\"https:\\\/\\\/periodicorealidades.com\\\/#website\",\"url\":\"https:\\\/\\\/periodicorealidades.com\\\/\",\"name\":\"Peri\u00f3dico Realidades\",\"description\":\"M\u00e9dio de comunicaci\u00f3n en Nayarit\",\"publisher\":{\"@id\":\"https:\\\/\\\/periodicorealidades.com\\\/#organization\"},\"potentialAction\":[{\"@type\":\"SearchAction\",\"target\":{\"@type\":\"EntryPoint\",\"urlTemplate\":\"https:\\\/\\\/periodicorealidades.com\\\/?s={search_term_string}\"},\"query-input\":{\"@type\":\"PropertyValueSpecification\",\"valueRequired\":true,\"valueName\":\"search_term_string\"}}],\"inLanguage\":\"es\"},{\"@type\":\"Organization\",\"@id\":\"https:\\\/\\\/periodicorealidades.com\\\/#organization\",\"name\":\"Peri\u00f3dico Realidades\",\"url\":\"https:\\\/\\\/periodicorealidades.com\\\/\",\"logo\":{\"@type\":\"ImageObject\",\"inLanguage\":\"es\",\"@id\":\"https:\\\/\\\/periodicorealidades.com\\\/#\\\/schema\\\/logo\\\/image\\\/\",\"url\":\"https:\\\/\\\/periodicorealidades.com\\\/wp-content\\\/uploads\\\/2023\\\/05\\\/r-prueba.png\",\"contentUrl\":\"https:\\\/\\\/periodicorealidades.com\\\/wp-content\\\/uploads\\\/2023\\\/05\\\/r-prueba.png\",\"width\":709,\"height\":709,\"caption\":\"Peri\u00f3dico Realidades\"},\"image\":{\"@id\":\"https:\\\/\\\/periodicorealidades.com\\\/#\\\/schema\\\/logo\\\/image\\\/\"},\"sameAs\":[\"https:\\\/\\\/www.facebook.com\\\/periodicorealidades.denayarit?mibextid=LQQJ4d\"]},{\"@type\":\"Person\",\"@id\":\"https:\\\/\\\/periodicorealidades.com\\\/#\\\/schema\\\/person\\\/ed60e33c6767be45db655d22ad0c15c4\",\"name\":\"Arcelia\",\"image\":{\"@type\":\"ImageObject\",\"inLanguage\":\"es\",\"@id\":\"https:\\\/\\\/secure.gravatar.com\\\/avatar\\\/36cdbbe591db4ecc4985aac5ab27b8093cf6488d3b664974f0cda2e38368b10d?s=96&d=mm&r=g\",\"url\":\"https:\\\/\\\/secure.gravatar.com\\\/avatar\\\/36cdbbe591db4ecc4985aac5ab27b8093cf6488d3b664974f0cda2e38368b10d?s=96&d=mm&r=g\",\"contentUrl\":\"https:\\\/\\\/secure.gravatar.com\\\/avatar\\\/36cdbbe591db4ecc4985aac5ab27b8093cf6488d3b664974f0cda2e38368b10d?s=96&d=mm&r=g\",\"caption\":\"Arcelia\"},\"url\":\"https:\\\/\\\/periodicorealidades.com\\\/index.php\\\/author\\\/editor-2\\\/\"}]}<\/script>\n<!-- \/ Yoast SEO plugin. -->","yoast_head_json":{"title":"Capturan en Puebla a \u201cEl Amarillo\u201d, presunto l\u00edder de una c\u00e9lula vinculada con \u201cLos Rusos\u201d - Peri\u00f3dico Realidades","robots":{"index":"index","follow":"follow","max-snippet":"max-snippet:-1","max-image-preview":"max-image-preview:large","max-video-preview":"max-video-preview:-1"},"canonical":"https:\/\/periodicorealidades.com\/index.php\/2026\/09\/03\/capturan-en-puebla-a-el-amarillo-presunto-lider-de-una-celula-vinculada-con-los-rusos\/","og_locale":"es_MX","og_type":"article","og_title":"Capturan en Puebla a \u201cEl Amarillo\u201d, presunto l\u00edder de una c\u00e9lula vinculada con \u201cLos Rusos\u201d - Peri\u00f3dico Realidades","og_description":"&nbsp;Gov\u00e9n Ulisses \u201cN\u201d, alias \u201cEl Amarillo\u201d o \u201cEl Gob\u00e9n\u201d, se\u00f1alado como presunto l\u00edder de una c\u00e9lula criminal vinculada con \u201cLos Rusos\u201d, fue detenido en la zona residencial de Lomas de Angel\u00f3polis, Puebla, junto con otros dos hombres, quienes ser\u00edan sus presuntos escoltas. La captura fue informada por Omar Garc\u00eda Harfuch, titular de la Secretar\u00eda de [&hellip;]","og_url":"https:\/\/periodicorealidades.com\/index.php\/2026\/09\/03\/capturan-en-puebla-a-el-amarillo-presunto-lider-de-una-celula-vinculada-con-los-rusos\/","og_site_name":"Peri\u00f3dico Realidades","article_publisher":"https:\/\/www.facebook.com\/periodicorealidades.denayarit?mibextid=LQQJ4d","article_published_time":"2026-09-03T22:43:28+00:00","article_modified_time":"2026-09-03T22:43:29+00:00","og_image":[{"width":1200,"height":675,"url":"https:\/\/periodicorealidades.com\/wp-content\/uploads\/2026\/09\/image-38.png","type":"image\/png"}],"author":"Arcelia","twitter_card":"summary_large_image","twitter_misc":{"Escrito por":"Arcelia","Tiempo de lectura":"2 minutos"},"schema":{"@context":"https:\/\/schema.org","@graph":[{"@type":"Article","@id":"https:\/\/periodicorealidades.com\/index.php\/2026\/09\/03\/capturan-en-puebla-a-el-amarillo-presunto-lider-de-una-celula-vinculada-con-los-rusos\/#article","isPartOf":{"@id":"https:\/\/periodicorealidades.com\/index.php\/2026\/09\/03\/capturan-en-puebla-a-el-amarillo-presunto-lider-de-una-celula-vinculada-con-los-rusos\/"},"author":{"name":"Arcelia","@id":"https:\/\/periodicorealidades.com\/#\/schema\/person\/ed60e33c6767be45db655d22ad0c15c4"},"headline":"Capturan en Puebla a \u201cEl Amarillo\u201d, presunto l\u00edder de una c\u00e9lula vinculada con \u201cLos Rusos\u201d","datePublished":"2026-09-03T22:43:28+00:00","dateModified":"2026-09-03T22:43:29+00:00","mainEntityOfPage":{"@id":"https:\/\/periodicorealidades.com\/index.php\/2026\/09\/03\/capturan-en-puebla-a-el-amarillo-presunto-lider-de-una-celula-vinculada-con-los-rusos\/"},"wordCount":406,"publisher":{"@id":"https:\/\/periodicorealidades.com\/#organization"},"image":{"@id":"https:\/\/periodicorealidades.com\/index.php\/2026\/09\/03\/capturan-en-puebla-a-el-amarillo-presunto-lider-de-una-celula-vinculada-con-los-rusos\/#primaryimage"},"thumbnailUrl":"https:\/\/periodicorealidades.com\/wp-content\/uploads\/2026\/09\/image-38.png","articleSection":["Policiaca"],"inLanguage":"es"},{"@type":"WebPage","@id":"https:\/\/periodicorealidades.com\/index.php\/2026\/09\/03\/capturan-en-puebla-a-el-amarillo-presunto-lider-de-una-celula-vinculada-con-los-rusos\/","url":"https:\/\/periodicorealidades.com\/index.php\/2026\/09\/03\/capturan-en-puebla-a-el-amarillo-presunto-lider-de-una-celula-vinculada-con-los-rusos\/","name":"Capturan en Puebla a \u201cEl Amarillo\u201d, presunto l\u00edder de una c\u00e9lula vinculada con \u201cLos Rusos\u201d - Peri\u00f3dico Realidades","isPartOf":{"@id":"https:\/\/periodicorealidades.com\/#website"},"primaryImageOfPage":{"@id":"https:\/\/periodicorealidades.com\/index.php\/2026\/09\/03\/capturan-en-puebla-a-el-amarillo-presunto-lider-de-una-celula-vinculada-con-los-rusos\/#primaryimage"},"image":{"@id":"https:\/\/periodicorealidades.com\/index.php\/2026\/09\/03\/capturan-en-puebla-a-el-amarillo-presunto-lider-de-una-celula-vinculada-con-los-rusos\/#primaryimage"},"thumbnailUrl":"https:\/\/periodicorealidades.com\/wp-content\/uploads\/2026\/09\/image-38.png","datePublished":"2026-09-03T22:43:28+00:00","dateModified":"2026-09-03T22:43:29+00:00","breadcrumb":{"@id":"https:\/\/periodicorealidades.com\/index.php\/2026\/09\/03\/capturan-en-puebla-a-el-amarillo-presunto-lider-de-una-celula-vinculada-con-los-rusos\/#breadcrumb"},"inLanguage":"es","potentialAction":[{"@type":"ReadAction","target":["https:\/\/periodicorealidades.com\/index.php\/2026\/09\/03\/capturan-en-puebla-a-el-amarillo-presunto-lider-de-una-celula-vinculada-con-los-rusos\/"]}]},{"@type":"ImageObject","inLanguage":"es","@id":"https:\/\/periodicorealidades.com\/index.php\/2026\/09\/03\/capturan-en-puebla-a-el-amarillo-presunto-lider-de-una-celula-vinculada-con-los-rusos\/#primaryimage","url":"https:\/\/periodicorealidades.com\/wp-content\/uploads\/2026\/09\/image-38.png","contentUrl":"https:\/\/periodicorealidades.com\/wp-content\/uploads\/2026\/09\/image-38.png","width":1200,"height":675},{"@type":"BreadcrumbList","@id":"https:\/\/periodicorealidades.com\/index.php\/2026\/09\/03\/capturan-en-puebla-a-el-amarillo-presunto-lider-de-una-celula-vinculada-con-los-rusos\/#breadcrumb","itemListElement":[{"@type":"ListItem","position":1,"name":"Inicio","item":"https:\/\/periodicorealidades.com\/"},{"@type":"ListItem","position":2,"name":"Capturan en Puebla a \u201cEl Amarillo\u201d, presunto l\u00edder de una c\u00e9lula vinculada con \u201cLos Rusos\u201d"}]},{"@type":"WebSite","@id":"https:\/\/periodicorealidades.com\/#website","url":"https:\/\/periodicorealidades.com\/","name":"Peri\u00f3dico Realidades","description":"M\u00e9dio de comunicaci\u00f3n en Nayarit","publisher":{"@id":"https:\/\/periodicorealidades.com\/#organization"},"potentialAction":[{"@type":"SearchAction","target":{"@type":"EntryPoint","urlTemplate":"https:\/\/periodicorealidades.com\/?s={search_term_string}"},"query-input":{"@type":"PropertyValueSpecification","valueRequired":true,"valueName":"search_term_string"}}],"inLanguage":"es"},{"@type":"Organization","@id":"https:\/\/periodicorealidades.com\/#organization","name":"Peri\u00f3dico Realidades","url":"https:\/\/periodicorealidades.com\/","logo":{"@type":"ImageObject","inLanguage":"es","@id":"https:\/\/periodicorealidades.com\/#\/schema\/logo\/image\/","url":"https:\/\/periodicorealidades.com\/wp-content\/uploads\/2023\/05\/r-prueba.png","contentUrl":"https:\/\/periodicorealidades.com\/wp-content\/uploads\/2023\/05\/r-prueba.png","width":709,"height":709,"caption":"Peri\u00f3dico Realidades"},"image":{"@id":"https:\/\/periodicorealidades.com\/#\/schema\/logo\/image\/"},"sameAs":["https:\/\/www.facebook.com\/periodicorealidades.denayarit?mibextid=LQQJ4d"]},{"@type":"Person","@id":"https:\/\/periodicorealidades.com\/#\/schema\/person\/ed60e33c6767be45db655d22ad0c15c4","name":"Arcelia","image":{"@type":"ImageObject","inLanguage":"es","@id":"https:\/\/secure.gravatar.com\/avatar\/36cdbbe591db4ecc4985aac5ab27b8093cf6488d3b664974f0cda2e38368b10d?s=96&d=mm&r=g","url":"https:\/\/secure.gravatar.com\/avatar\/36cdbbe591db4ecc4985aac5ab27b8093cf6488d3b664974f0cda2e38368b10d?s=96&d=mm&r=g","contentUrl":"https:\/\/secure.gravatar.com\/avatar\/36cdbbe591db4ecc4985aac5ab27b8093cf6488d3b664974f0cda2e38368b10d?s=96&d=mm&r=g","caption":"Arcelia"},"url":"https:\/\/periodicorealidades.com\/index.php\/author\/editor-2\/"}]}},"_links":{"self":[{"href":"https:\/\/periodicorealidades.com\/index.php\/wp-json\/wp\/v2\/posts\/78044","targetHints":{"allow":["GET"]}}],"collection":[{"href":"https:\/\/periodicorealidades.com\/index.php\/wp-json\/wp\/v2\/posts"}],"about":[{"href":"https:\/\/periodicorealidades.com\/index.php\/wp-json\/wp\/v2\/types\/post"}],"author":[{"embeddable":true,"href":"https:\/\/periodicorealidades.com\/index.php\/wp-json\/wp\/v2\/users\/4"}],"replies":[{"embeddable":true,"href":"https:\/\/periodicorealidades.com\/index.php\/wp-json\/wp\/v2\/comments?post=78044"}],"version-history":[{"count":1,"href":"https:\/\/periodicorealidades.com\/index.php\/wp-json\/wp\/v2\/posts\/78044\/revisions"}],"predecessor-version":[{"id":78047,"href":"https:\/\/periodicorealidades.com\/index.php\/wp-json\/wp\/v2\/posts\/78044\/revisions\/78047"}],"wp:featuredmedia":[{"embeddable":true,"href":"https:\/\/periodicorealidades.com\/index.php\/wp-json\/wp\/v2\/media\/78045"}],"wp:attachment":[{"href":"https:\/\/periodicorealidades.com\/index.php\/wp-json\/wp\/v2\/media?parent=78044"}],"wp:term":[{"taxonomy":"category","embeddable":true,"href":"https:\/\/periodicorealidades.com\/index.php\/wp-json\/wp\/v2\/categories?post=78044"},{"taxonomy":"post_tag","embeddable":true,"href":"https:\/\/periodicorealidades.com\/index.php\/wp-json\/wp\/v2\/tags?post=78044"}],"curies":[{"name":"wp","href":"https:\/\/api.w.org\/{rel}","templated":true}]}}