{"id":78048,"date":"2026-09-03T15:57:06","date_gmt":"2026-09-03T22:57:06","guid":{"rendered":"https:\/\/periodicorealidades.com\/?p=78048"},"modified":"2026-09-03T15:57:07","modified_gmt":"2026-09-03T22:57:07","slug":"kenia-os-carlos-rivera-el-tri-y-grandes-artistas-encabezan-las-fiestas-de-octubre-2026-en-guadalajara","status":"publish","type":"post","link":"https:\/\/periodicorealidades.com\/index.php\/2026\/09\/03\/kenia-os-carlos-rivera-el-tri-y-grandes-artistas-encabezan-las-fiestas-de-octubre-2026-en-guadalajara\/","title":{"rendered":"Kenia Os, Carlos Rivera, El Tri y grandes artistas encabezan las Fiestas de Octubre 2026 en Guadalajara"},"content":{"rendered":"\n<p class=\"wp-block-paragraph\"><strong>Las Fiestas de Octubre 2026 ya tienen cartelera.<\/strong>&nbsp;La tradicional celebraci\u00f3n de Guadalajara llegar\u00e1 este a\u00f1o a su edici\u00f3n n\u00famero 61 con una programaci\u00f3n que re\u00fane m\u00fasica regional mexicana, pop, rock, espect\u00e1culos familiares, comedia y propuestas para distintas generaciones.<\/p>\n\n\n\n<p class=\"wp-block-paragraph\">La feria se realizar\u00e1 del&nbsp;<strong>2 de octubre al 2 de noviembre de 2026<\/strong>, teniendo como sede principal el recinto que durante d\u00e9cadas fue conocido como Auditorio Benito Ju\u00e1rez y que, para esta edici\u00f3n, ser\u00e1 identificado como&nbsp;<strong>Auditorio Jalisco<\/strong>.<\/p>\n\n\n\n<p class=\"wp-block-paragraph\">Uno de los atractivos principales ser\u00e1 la variedad de artistas que se presentar\u00e1n a lo largo de un mes. Entre los nombres m\u00e1s esperados destacan&nbsp;<strong>Kenia Os, Gloria Trevi, Ha*Ash, Reik, Farruko, Manuel Turizo, El Tri y Carlos Rivera<\/strong>, adem\u00e1s de agrupaciones como La Arrolladora Banda El Lim\u00f3n, Banda Cuisillos y Peque\u00f1os Musical.<\/p>\n\n\n\n<p class=\"wp-block-paragraph\">La inauguraci\u00f3n, el 2 de octubre, estar\u00e1 a cargo de un espect\u00e1culo de&nbsp;<strong>Lucha Libre AAA<\/strong>, mientras que el primer concierto musical ser\u00e1 el de&nbsp;<strong>Ha*Ash<\/strong>, programado para el 3 de octubre. Posteriormente llegar\u00e1n artistas y agrupaciones como Picus, Los Hor\u00f3scopos de Durango, La Arrolladora, Gloria Trevi, R\u00edo Roma y Kenia Os, quien se presentar\u00e1 el 14 de octubre.<\/p>\n\n\n\n<figure class=\"wp-block-image size-full\"><img loading=\"lazy\" decoding=\"async\" width=\"596\" height=\"335\" src=\"https:\/\/periodicorealidades.com\/wp-content\/uploads\/2026\/09\/image-42.png\" alt=\"\" class=\"wp-image-78051\" srcset=\"https:\/\/periodicorealidades.com\/wp-content\/uploads\/2026\/09\/image-42.png 596w, https:\/\/periodicorealidades.com\/wp-content\/uploads\/2026\/09\/image-42-300x169.png 300w, https:\/\/periodicorealidades.com\/wp-content\/uploads\/2026\/09\/image-42-284x160.png 284w, https:\/\/periodicorealidades.com\/wp-content\/uploads\/2026\/09\/image-42-324x182.png 324w, https:\/\/periodicorealidades.com\/wp-content\/uploads\/2026\/09\/image-42-356x200.png 356w, https:\/\/periodicorealidades.com\/wp-content\/uploads\/2026\/09\/image-42-464x261.png 464w\" sizes=\"auto, (max-width: 596px) 100vw, 596px\" \/><\/figure>\n\n\n\n<p class=\"wp-block-paragraph\">La cartelera tambi\u00e9n contempla una participaci\u00f3n de&nbsp;<strong>Beto Cuevas y Caloncho<\/strong>&nbsp;el 16 de octubre, Reik el 22, Farruko el 27 y Manuel Turizo el 29. Para cerrar la feria, el 1 de noviembre se presentar\u00e1&nbsp;<strong>El Tri<\/strong>, mientras que&nbsp;<strong>Carlos Rivera<\/strong>&nbsp;ser\u00e1 el encargado de cerrar las actividades del Auditorio Jalisco el 2 de noviembre.<\/p>\n\n\n\n<p class=\"wp-block-paragraph\">Adem\u00e1s de los conciertos, el programa incluye eventos especiales como la final de&nbsp;<em>Canta Jalisco canta<\/em>, una fiesta grupera, un evento retro, espect\u00e1culos de comedia y presentaciones familiares.<\/p>\n\n\n\n<h2 class=\"wp-block-heading\">Precios y preventa<\/h2>\n\n\n\n<p class=\"wp-block-paragraph\">El acceso general a las Fiestas de Octubre tendr\u00e1 un costo de&nbsp;<strong>60 pesos<\/strong>, manteniendo la tarifa de la edici\u00f3n anterior. Para adultos mayores, estudiantes y menores de edad, el precio ser\u00e1 de&nbsp;<strong>30 pesos<\/strong>.<\/p>\n\n\n\n<p class=\"wp-block-paragraph\">Quienes quieran acceder a la zona preferente para determinados espect\u00e1culos podr\u00e1n encontrar localidades con precios de entre&nbsp;<strong>200 y 2 mil 300 pesos<\/strong>, dependiendo del artista y la presentaci\u00f3n.<\/p>\n\n\n\n<p class=\"wp-block-paragraph\">La preventa comenzar\u00e1 el&nbsp;<strong>5 de septiembre<\/strong>&nbsp;a trav\u00e9s de&nbsp;<strong>Superboletos<\/strong>&nbsp;y en las taquillas del Auditorio Jalisco, que operar\u00e1n de&nbsp;<strong>10:00 a 23:00 horas<\/strong>.<\/p>\n\n\n\n<h2 class=\"wp-block-heading\">Tambi\u00e9n habr\u00e1 grandes nombres en el Palenque<\/h2>\n\n\n\n<p class=\"wp-block-paragraph\">La oferta musical no terminar\u00e1 en el Auditorio Jalisco. El&nbsp;<strong>Palenque de las Fiestas de Octubre<\/strong>&nbsp;contar\u00e1 con una cartelera independiente que incluye 19 artistas y dos presentaciones sorpresa.<\/p>\n\n\n\n<p class=\"wp-block-paragraph\">Entre los nombres confirmados destacan&nbsp;<strong>Jorge Medina y Josi Cuen<\/strong>, Pancho Barraza, Mar\u00eda Jos\u00e9, Banda MS, Napole\u00f3n, Kany Garc\u00eda, Alejandro Fern\u00e1ndez, Calibre 50, Gabito Ballesteros, Remmy Valenzuela y Grupo Firme.<\/p>\n\n\n\n<p class=\"wp-block-paragraph\">Alejandro Fern\u00e1ndez tendr\u00e1 presentaciones los d\u00edas&nbsp;<strong>16 y 17 de octubre<\/strong>, mientras que Grupo Firme llegar\u00e1 al Palenque el&nbsp;<strong>31 de octubre y 1 de noviembre<\/strong>.<\/p>\n\n\n\n<p class=\"wp-block-paragraph\">Los boletos para el Palenque tendr\u00e1n un costo adicional al acceso general de la feria y podr\u00e1n adquirirse en l\u00ednea a trav\u00e9s de&nbsp;<strong>MiPase.net<\/strong>, as\u00ed como en puntos de venta f\u00edsicos autorizados.<\/p>\n\n\n\n<p class=\"wp-block-paragraph\">Con esta programaci\u00f3n, las Fiestas de Octubre 2026 se perfilan como una de las principales celebraciones musicales del a\u00f1o en Guadalajara, con una cartelera que combina artistas consolados, nuevos talentos y espect\u00e1culos para p\u00fablicos de diferentes edades.<\/p>\n\n\n\n<p class=\"wp-block-paragraph\"><\/p>\n","protected":false},"excerpt":{"rendered":"<p>Las Fiestas de Octubre 2026 ya tienen cartelera.&nbsp;La tradicional celebraci\u00f3n de Guadalajara llegar\u00e1 este a\u00f1o a su edici\u00f3n n\u00famero 61 con una programaci\u00f3n que re\u00fane m\u00fasica regional mexicana, pop, rock, espect\u00e1culos familiares, comedia y propuestas para distintas generaciones. La feria se realizar\u00e1 del&nbsp;2 de octubre al 2 de noviembre de 2026, teniendo como sede principal [&hellip;]<\/p>\n","protected":false},"author":4,"featured_media":78050,"comment_status":"closed","ping_status":"open","sticky":false,"template":"","format":"standard","meta":{"footnotes":""},"categories":[11],"tags":[],"class_list":["post-78048","post","type-post","status-publish","format-standard","has-post-thumbnail","category-farandula"],"yoast_head":"<!-- This site is optimized with the Yoast SEO plugin v28.3 - https:\/\/yoast.com\/product\/yoast-seo-wordpress\/ -->\n<title>Kenia Os, Carlos Rivera, El Tri y grandes artistas encabezan las Fiestas de Octubre 2026 en Guadalajara - Peri\u00f3dico Realidades<\/title>\n<meta name=\"robots\" content=\"index, follow, max-snippet:-1, max-image-preview:large, max-video-preview:-1\" \/>\n<link rel=\"canonical\" href=\"https:\/\/periodicorealidades.com\/index.php\/2026\/09\/03\/kenia-os-carlos-rivera-el-tri-y-grandes-artistas-encabezan-las-fiestas-de-octubre-2026-en-guadalajara\/\" \/>\n<meta property=\"og:locale\" content=\"es_MX\" \/>\n<meta property=\"og:type\" content=\"article\" \/>\n<meta property=\"og:title\" content=\"Kenia Os, Carlos Rivera, El Tri y grandes artistas encabezan las Fiestas de Octubre 2026 en Guadalajara - Peri\u00f3dico Realidades\" \/>\n<meta property=\"og:description\" content=\"Las Fiestas de Octubre 2026 ya tienen cartelera.&nbsp;La tradicional celebraci\u00f3n de Guadalajara llegar\u00e1 este a\u00f1o a su edici\u00f3n n\u00famero 61 con una programaci\u00f3n que re\u00fane m\u00fasica regional mexicana, pop, rock, espect\u00e1culos familiares, comedia y propuestas para distintas generaciones. La feria se realizar\u00e1 del&nbsp;2 de octubre al 2 de noviembre de 2026, teniendo como sede principal [&hellip;]\" \/>\n<meta property=\"og:url\" content=\"https:\/\/periodicorealidades.com\/index.php\/2026\/09\/03\/kenia-os-carlos-rivera-el-tri-y-grandes-artistas-encabezan-las-fiestas-de-octubre-2026-en-guadalajara\/\" \/>\n<meta property=\"og:site_name\" content=\"Peri\u00f3dico Realidades\" \/>\n<meta property=\"article:publisher\" content=\"https:\/\/www.facebook.com\/periodicorealidades.denayarit?mibextid=LQQJ4d\" \/>\n<meta property=\"article:published_time\" content=\"2026-09-03T22:57:06+00:00\" \/>\n<meta property=\"article:modified_time\" content=\"2026-09-03T22:57:07+00:00\" \/>\n<meta property=\"og:image\" content=\"https:\/\/periodicorealidades.com\/wp-content\/uploads\/2026\/09\/image-41.png\" \/>\n\t<meta property=\"og:image:width\" content=\"597\" \/>\n\t<meta property=\"og:image:height\" content=\"335\" \/>\n\t<meta property=\"og:image:type\" content=\"image\/png\" \/>\n<meta name=\"author\" content=\"Arcelia\" \/>\n<meta name=\"twitter:card\" content=\"summary_large_image\" \/>\n<meta name=\"twitter:label1\" content=\"Escrito por\" \/>\n\t<meta name=\"twitter:data1\" content=\"Arcelia\" \/>\n\t<meta name=\"twitter:label2\" content=\"Tiempo de lectura\" \/>\n\t<meta name=\"twitter:data2\" content=\"3 minutos\" \/>\n<script type=\"application\/ld+json\" class=\"yoast-schema-graph\">{\"@context\":\"https:\\\/\\\/schema.org\",\"@graph\":[{\"@type\":\"Article\",\"@id\":\"https:\\\/\\\/periodicorealidades.com\\\/index.php\\\/2026\\\/09\\\/03\\\/kenia-os-carlos-rivera-el-tri-y-grandes-artistas-encabezan-las-fiestas-de-octubre-2026-en-guadalajara\\\/#article\",\"isPartOf\":{\"@id\":\"https:\\\/\\\/periodicorealidades.com\\\/index.php\\\/2026\\\/09\\\/03\\\/kenia-os-carlos-rivera-el-tri-y-grandes-artistas-encabezan-las-fiestas-de-octubre-2026-en-guadalajara\\\/\"},\"author\":{\"name\":\"Arcelia\",\"@id\":\"https:\\\/\\\/periodicorealidades.com\\\/#\\\/schema\\\/person\\\/ed60e33c6767be45db655d22ad0c15c4\"},\"headline\":\"Kenia Os, Carlos Rivera, El Tri y grandes artistas encabezan las Fiestas de Octubre 2026 en Guadalajara\",\"datePublished\":\"2026-09-03T22:57:06+00:00\",\"dateModified\":\"2026-09-03T22:57:07+00:00\",\"mainEntityOfPage\":{\"@id\":\"https:\\\/\\\/periodicorealidades.com\\\/index.php\\\/2026\\\/09\\\/03\\\/kenia-os-carlos-rivera-el-tri-y-grandes-artistas-encabezan-las-fiestas-de-octubre-2026-en-guadalajara\\\/\"},\"wordCount\":590,\"publisher\":{\"@id\":\"https:\\\/\\\/periodicorealidades.com\\\/#organization\"},\"image\":{\"@id\":\"https:\\\/\\\/periodicorealidades.com\\\/index.php\\\/2026\\\/09\\\/03\\\/kenia-os-carlos-rivera-el-tri-y-grandes-artistas-encabezan-las-fiestas-de-octubre-2026-en-guadalajara\\\/#primaryimage\"},\"thumbnailUrl\":\"https:\\\/\\\/periodicorealidades.com\\\/wp-content\\\/uploads\\\/2026\\\/09\\\/image-41.png\",\"articleSection\":[\"FARANDULA\"],\"inLanguage\":\"es\"},{\"@type\":\"WebPage\",\"@id\":\"https:\\\/\\\/periodicorealidades.com\\\/index.php\\\/2026\\\/09\\\/03\\\/kenia-os-carlos-rivera-el-tri-y-grandes-artistas-encabezan-las-fiestas-de-octubre-2026-en-guadalajara\\\/\",\"url\":\"https:\\\/\\\/periodicorealidades.com\\\/index.php\\\/2026\\\/09\\\/03\\\/kenia-os-carlos-rivera-el-tri-y-grandes-artistas-encabezan-las-fiestas-de-octubre-2026-en-guadalajara\\\/\",\"name\":\"Kenia Os, Carlos Rivera, El Tri y grandes artistas encabezan las Fiestas de Octubre 2026 en Guadalajara - Peri\u00f3dico Realidades\",\"isPartOf\":{\"@id\":\"https:\\\/\\\/periodicorealidades.com\\\/#website\"},\"primaryImageOfPage\":{\"@id\":\"https:\\\/\\\/periodicorealidades.com\\\/index.php\\\/2026\\\/09\\\/03\\\/kenia-os-carlos-rivera-el-tri-y-grandes-artistas-encabezan-las-fiestas-de-octubre-2026-en-guadalajara\\\/#primaryimage\"},\"image\":{\"@id\":\"https:\\\/\\\/periodicorealidades.com\\\/index.php\\\/2026\\\/09\\\/03\\\/kenia-os-carlos-rivera-el-tri-y-grandes-artistas-encabezan-las-fiestas-de-octubre-2026-en-guadalajara\\\/#primaryimage\"},\"thumbnailUrl\":\"https:\\\/\\\/periodicorealidades.com\\\/wp-content\\\/uploads\\\/2026\\\/09\\\/image-41.png\",\"datePublished\":\"2026-09-03T22:57:06+00:00\",\"dateModified\":\"2026-09-03T22:57:07+00:00\",\"breadcrumb\":{\"@id\":\"https:\\\/\\\/periodicorealidades.com\\\/index.php\\\/2026\\\/09\\\/03\\\/kenia-os-carlos-rivera-el-tri-y-grandes-artistas-encabezan-las-fiestas-de-octubre-2026-en-guadalajara\\\/#breadcrumb\"},\"inLanguage\":\"es\",\"potentialAction\":[{\"@type\":\"ReadAction\",\"target\":[\"https:\\\/\\\/periodicorealidades.com\\\/index.php\\\/2026\\\/09\\\/03\\\/kenia-os-carlos-rivera-el-tri-y-grandes-artistas-encabezan-las-fiestas-de-octubre-2026-en-guadalajara\\\/\"]}]},{\"@type\":\"ImageObject\",\"inLanguage\":\"es\",\"@id\":\"https:\\\/\\\/periodicorealidades.com\\\/index.php\\\/2026\\\/09\\\/03\\\/kenia-os-carlos-rivera-el-tri-y-grandes-artistas-encabezan-las-fiestas-de-octubre-2026-en-guadalajara\\\/#primaryimage\",\"url\":\"https:\\\/\\\/periodicorealidades.com\\\/wp-content\\\/uploads\\\/2026\\\/09\\\/image-41.png\",\"contentUrl\":\"https:\\\/\\\/periodicorealidades.com\\\/wp-content\\\/uploads\\\/2026\\\/09\\\/image-41.png\",\"width\":597,\"height\":335},{\"@type\":\"BreadcrumbList\",\"@id\":\"https:\\\/\\\/periodicorealidades.com\\\/index.php\\\/2026\\\/09\\\/03\\\/kenia-os-carlos-rivera-el-tri-y-grandes-artistas-encabezan-las-fiestas-de-octubre-2026-en-guadalajara\\\/#breadcrumb\",\"itemListElement\":[{\"@type\":\"ListItem\",\"position\":1,\"name\":\"Inicio\",\"item\":\"https:\\\/\\\/periodicorealidades.com\\\/\"},{\"@type\":\"ListItem\",\"position\":2,\"name\":\"Kenia Os, Carlos Rivera, El Tri y grandes artistas encabezan las Fiestas de Octubre 2026 en Guadalajara\"}]},{\"@type\":\"WebSite\",\"@id\":\"https:\\\/\\\/periodicorealidades.com\\\/#website\",\"url\":\"https:\\\/\\\/periodicorealidades.com\\\/\",\"name\":\"Peri\u00f3dico Realidades\",\"description\":\"M\u00e9dio de comunicaci\u00f3n en Nayarit\",\"publisher\":{\"@id\":\"https:\\\/\\\/periodicorealidades.com\\\/#organization\"},\"potentialAction\":[{\"@type\":\"SearchAction\",\"target\":{\"@type\":\"EntryPoint\",\"urlTemplate\":\"https:\\\/\\\/periodicorealidades.com\\\/?s={search_term_string}\"},\"query-input\":{\"@type\":\"PropertyValueSpecification\",\"valueRequired\":true,\"valueName\":\"search_term_string\"}}],\"inLanguage\":\"es\"},{\"@type\":\"Organization\",\"@id\":\"https:\\\/\\\/periodicorealidades.com\\\/#organization\",\"name\":\"Peri\u00f3dico Realidades\",\"url\":\"https:\\\/\\\/periodicorealidades.com\\\/\",\"logo\":{\"@type\":\"ImageObject\",\"inLanguage\":\"es\",\"@id\":\"https:\\\/\\\/periodicorealidades.com\\\/#\\\/schema\\\/logo\\\/image\\\/\",\"url\":\"https:\\\/\\\/periodicorealidades.com\\\/wp-content\\\/uploads\\\/2023\\\/05\\\/r-prueba.png\",\"contentUrl\":\"https:\\\/\\\/periodicorealidades.com\\\/wp-content\\\/uploads\\\/2023\\\/05\\\/r-prueba.png\",\"width\":709,\"height\":709,\"caption\":\"Peri\u00f3dico Realidades\"},\"image\":{\"@id\":\"https:\\\/\\\/periodicorealidades.com\\\/#\\\/schema\\\/logo\\\/image\\\/\"},\"sameAs\":[\"https:\\\/\\\/www.facebook.com\\\/periodicorealidades.denayarit?mibextid=LQQJ4d\"]},{\"@type\":\"Person\",\"@id\":\"https:\\\/\\\/periodicorealidades.com\\\/#\\\/schema\\\/person\\\/ed60e33c6767be45db655d22ad0c15c4\",\"name\":\"Arcelia\",\"image\":{\"@type\":\"ImageObject\",\"inLanguage\":\"es\",\"@id\":\"https:\\\/\\\/secure.gravatar.com\\\/avatar\\\/36cdbbe591db4ecc4985aac5ab27b8093cf6488d3b664974f0cda2e38368b10d?s=96&d=mm&r=g\",\"url\":\"https:\\\/\\\/secure.gravatar.com\\\/avatar\\\/36cdbbe591db4ecc4985aac5ab27b8093cf6488d3b664974f0cda2e38368b10d?s=96&d=mm&r=g\",\"contentUrl\":\"https:\\\/\\\/secure.gravatar.com\\\/avatar\\\/36cdbbe591db4ecc4985aac5ab27b8093cf6488d3b664974f0cda2e38368b10d?s=96&d=mm&r=g\",\"caption\":\"Arcelia\"},\"url\":\"https:\\\/\\\/periodicorealidades.com\\\/index.php\\\/author\\\/editor-2\\\/\"}]}<\/script>\n<!-- \/ Yoast SEO plugin. -->","yoast_head_json":{"title":"Kenia Os, Carlos Rivera, El Tri y grandes artistas encabezan las Fiestas de Octubre 2026 en Guadalajara - Peri\u00f3dico Realidades","robots":{"index":"index","follow":"follow","max-snippet":"max-snippet:-1","max-image-preview":"max-image-preview:large","max-video-preview":"max-video-preview:-1"},"canonical":"https:\/\/periodicorealidades.com\/index.php\/2026\/09\/03\/kenia-os-carlos-rivera-el-tri-y-grandes-artistas-encabezan-las-fiestas-de-octubre-2026-en-guadalajara\/","og_locale":"es_MX","og_type":"article","og_title":"Kenia Os, Carlos Rivera, El Tri y grandes artistas encabezan las Fiestas de Octubre 2026 en Guadalajara - Peri\u00f3dico Realidades","og_description":"Las Fiestas de Octubre 2026 ya tienen cartelera.&nbsp;La tradicional celebraci\u00f3n de Guadalajara llegar\u00e1 este a\u00f1o a su edici\u00f3n n\u00famero 61 con una programaci\u00f3n que re\u00fane m\u00fasica regional mexicana, pop, rock, espect\u00e1culos familiares, comedia y propuestas para distintas generaciones. La feria se realizar\u00e1 del&nbsp;2 de octubre al 2 de noviembre de 2026, teniendo como sede principal [&hellip;]","og_url":"https:\/\/periodicorealidades.com\/index.php\/2026\/09\/03\/kenia-os-carlos-rivera-el-tri-y-grandes-artistas-encabezan-las-fiestas-de-octubre-2026-en-guadalajara\/","og_site_name":"Peri\u00f3dico Realidades","article_publisher":"https:\/\/www.facebook.com\/periodicorealidades.denayarit?mibextid=LQQJ4d","article_published_time":"2026-09-03T22:57:06+00:00","article_modified_time":"2026-09-03T22:57:07+00:00","og_image":[{"width":597,"height":335,"url":"https:\/\/periodicorealidades.com\/wp-content\/uploads\/2026\/09\/image-41.png","type":"image\/png"}],"author":"Arcelia","twitter_card":"summary_large_image","twitter_misc":{"Escrito por":"Arcelia","Tiempo de lectura":"3 minutos"},"schema":{"@context":"https:\/\/schema.org","@graph":[{"@type":"Article","@id":"https:\/\/periodicorealidades.com\/index.php\/2026\/09\/03\/kenia-os-carlos-rivera-el-tri-y-grandes-artistas-encabezan-las-fiestas-de-octubre-2026-en-guadalajara\/#article","isPartOf":{"@id":"https:\/\/periodicorealidades.com\/index.php\/2026\/09\/03\/kenia-os-carlos-rivera-el-tri-y-grandes-artistas-encabezan-las-fiestas-de-octubre-2026-en-guadalajara\/"},"author":{"name":"Arcelia","@id":"https:\/\/periodicorealidades.com\/#\/schema\/person\/ed60e33c6767be45db655d22ad0c15c4"},"headline":"Kenia Os, Carlos Rivera, El Tri y grandes artistas encabezan las Fiestas de Octubre 2026 en Guadalajara","datePublished":"2026-09-03T22:57:06+00:00","dateModified":"2026-09-03T22:57:07+00:00","mainEntityOfPage":{"@id":"https:\/\/periodicorealidades.com\/index.php\/2026\/09\/03\/kenia-os-carlos-rivera-el-tri-y-grandes-artistas-encabezan-las-fiestas-de-octubre-2026-en-guadalajara\/"},"wordCount":590,"publisher":{"@id":"https:\/\/periodicorealidades.com\/#organization"},"image":{"@id":"https:\/\/periodicorealidades.com\/index.php\/2026\/09\/03\/kenia-os-carlos-rivera-el-tri-y-grandes-artistas-encabezan-las-fiestas-de-octubre-2026-en-guadalajara\/#primaryimage"},"thumbnailUrl":"https:\/\/periodicorealidades.com\/wp-content\/uploads\/2026\/09\/image-41.png","articleSection":["FARANDULA"],"inLanguage":"es"},{"@type":"WebPage","@id":"https:\/\/periodicorealidades.com\/index.php\/2026\/09\/03\/kenia-os-carlos-rivera-el-tri-y-grandes-artistas-encabezan-las-fiestas-de-octubre-2026-en-guadalajara\/","url":"https:\/\/periodicorealidades.com\/index.php\/2026\/09\/03\/kenia-os-carlos-rivera-el-tri-y-grandes-artistas-encabezan-las-fiestas-de-octubre-2026-en-guadalajara\/","name":"Kenia Os, Carlos Rivera, El Tri y grandes artistas encabezan las Fiestas de Octubre 2026 en Guadalajara - Peri\u00f3dico Realidades","isPartOf":{"@id":"https:\/\/periodicorealidades.com\/#website"},"primaryImageOfPage":{"@id":"https:\/\/periodicorealidades.com\/index.php\/2026\/09\/03\/kenia-os-carlos-rivera-el-tri-y-grandes-artistas-encabezan-las-fiestas-de-octubre-2026-en-guadalajara\/#primaryimage"},"image":{"@id":"https:\/\/periodicorealidades.com\/index.php\/2026\/09\/03\/kenia-os-carlos-rivera-el-tri-y-grandes-artistas-encabezan-las-fiestas-de-octubre-2026-en-guadalajara\/#primaryimage"},"thumbnailUrl":"https:\/\/periodicorealidades.com\/wp-content\/uploads\/2026\/09\/image-41.png","datePublished":"2026-09-03T22:57:06+00:00","dateModified":"2026-09-03T22:57:07+00:00","breadcrumb":{"@id":"https:\/\/periodicorealidades.com\/index.php\/2026\/09\/03\/kenia-os-carlos-rivera-el-tri-y-grandes-artistas-encabezan-las-fiestas-de-octubre-2026-en-guadalajara\/#breadcrumb"},"inLanguage":"es","potentialAction":[{"@type":"ReadAction","target":["https:\/\/periodicorealidades.com\/index.php\/2026\/09\/03\/kenia-os-carlos-rivera-el-tri-y-grandes-artistas-encabezan-las-fiestas-de-octubre-2026-en-guadalajara\/"]}]},{"@type":"ImageObject","inLanguage":"es","@id":"https:\/\/periodicorealidades.com\/index.php\/2026\/09\/03\/kenia-os-carlos-rivera-el-tri-y-grandes-artistas-encabezan-las-fiestas-de-octubre-2026-en-guadalajara\/#primaryimage","url":"https:\/\/periodicorealidades.com\/wp-content\/uploads\/2026\/09\/image-41.png","contentUrl":"https:\/\/periodicorealidades.com\/wp-content\/uploads\/2026\/09\/image-41.png","width":597,"height":335},{"@type":"BreadcrumbList","@id":"https:\/\/periodicorealidades.com\/index.php\/2026\/09\/03\/kenia-os-carlos-rivera-el-tri-y-grandes-artistas-encabezan-las-fiestas-de-octubre-2026-en-guadalajara\/#breadcrumb","itemListElement":[{"@type":"ListItem","position":1,"name":"Inicio","item":"https:\/\/periodicorealidades.com\/"},{"@type":"ListItem","position":2,"name":"Kenia Os, Carlos Rivera, El Tri y grandes artistas encabezan las Fiestas de Octubre 2026 en Guadalajara"}]},{"@type":"WebSite","@id":"https:\/\/periodicorealidades.com\/#website","url":"https:\/\/periodicorealidades.com\/","name":"Peri\u00f3dico Realidades","description":"M\u00e9dio de comunicaci\u00f3n en Nayarit","publisher":{"@id":"https:\/\/periodicorealidades.com\/#organization"},"potentialAction":[{"@type":"SearchAction","target":{"@type":"EntryPoint","urlTemplate":"https:\/\/periodicorealidades.com\/?s={search_term_string}"},"query-input":{"@type":"PropertyValueSpecification","valueRequired":true,"valueName":"search_term_string"}}],"inLanguage":"es"},{"@type":"Organization","@id":"https:\/\/periodicorealidades.com\/#organization","name":"Peri\u00f3dico Realidades","url":"https:\/\/periodicorealidades.com\/","logo":{"@type":"ImageObject","inLanguage":"es","@id":"https:\/\/periodicorealidades.com\/#\/schema\/logo\/image\/","url":"https:\/\/periodicorealidades.com\/wp-content\/uploads\/2023\/05\/r-prueba.png","contentUrl":"https:\/\/periodicorealidades.com\/wp-content\/uploads\/2023\/05\/r-prueba.png","width":709,"height":709,"caption":"Peri\u00f3dico Realidades"},"image":{"@id":"https:\/\/periodicorealidades.com\/#\/schema\/logo\/image\/"},"sameAs":["https:\/\/www.facebook.com\/periodicorealidades.denayarit?mibextid=LQQJ4d"]},{"@type":"Person","@id":"https:\/\/periodicorealidades.com\/#\/schema\/person\/ed60e33c6767be45db655d22ad0c15c4","name":"Arcelia","image":{"@type":"ImageObject","inLanguage":"es","@id":"https:\/\/secure.gravatar.com\/avatar\/36cdbbe591db4ecc4985aac5ab27b8093cf6488d3b664974f0cda2e38368b10d?s=96&d=mm&r=g","url":"https:\/\/secure.gravatar.com\/avatar\/36cdbbe591db4ecc4985aac5ab27b8093cf6488d3b664974f0cda2e38368b10d?s=96&d=mm&r=g","contentUrl":"https:\/\/secure.gravatar.com\/avatar\/36cdbbe591db4ecc4985aac5ab27b8093cf6488d3b664974f0cda2e38368b10d?s=96&d=mm&r=g","caption":"Arcelia"},"url":"https:\/\/periodicorealidades.com\/index.php\/author\/editor-2\/"}]}},"_links":{"self":[{"href":"https:\/\/periodicorealidades.com\/index.php\/wp-json\/wp\/v2\/posts\/78048","targetHints":{"allow":["GET"]}}],"collection":[{"href":"https:\/\/periodicorealidades.com\/index.php\/wp-json\/wp\/v2\/posts"}],"about":[{"href":"https:\/\/periodicorealidades.com\/index.php\/wp-json\/wp\/v2\/types\/post"}],"author":[{"embeddable":true,"href":"https:\/\/periodicorealidades.com\/index.php\/wp-json\/wp\/v2\/users\/4"}],"replies":[{"embeddable":true,"href":"https:\/\/periodicorealidades.com\/index.php\/wp-json\/wp\/v2\/comments?post=78048"}],"version-history":[{"count":1,"href":"https:\/\/periodicorealidades.com\/index.php\/wp-json\/wp\/v2\/posts\/78048\/revisions"}],"predecessor-version":[{"id":78052,"href":"https:\/\/periodicorealidades.com\/index.php\/wp-json\/wp\/v2\/posts\/78048\/revisions\/78052"}],"wp:featuredmedia":[{"embeddable":true,"href":"https:\/\/periodicorealidades.com\/index.php\/wp-json\/wp\/v2\/media\/78050"}],"wp:attachment":[{"href":"https:\/\/periodicorealidades.com\/index.php\/wp-json\/wp\/v2\/media?parent=78048"}],"wp:term":[{"taxonomy":"category","embeddable":true,"href":"https:\/\/periodicorealidades.com\/index.php\/wp-json\/wp\/v2\/categories?post=78048"},{"taxonomy":"post_tag","embeddable":true,"href":"https:\/\/periodicorealidades.com\/index.php\/wp-json\/wp\/v2\/tags?post=78048"}],"curies":[{"name":"wp","href":"https:\/\/api.w.org\/{rel}","templated":true}]}}