{"id":78060,"date":"2026-09-03T16:47:03","date_gmt":"2026-09-03T23:47:03","guid":{"rendered":"https:\/\/periodicorealidades.com\/?p=78060"},"modified":"2026-09-03T16:47:03","modified_gmt":"2026-09-03T23:47:03","slug":"el-jardinero-obtiene-suspension-que-frena-temporalmente-su-extradicion-a-eu","status":"publish","type":"post","link":"https:\/\/periodicorealidades.com\/index.php\/2026\/09\/03\/el-jardinero-obtiene-suspension-que-frena-temporalmente-su-extradicion-a-eu\/","title":{"rendered":"\u2018El Jardinero\u2019 obtiene suspensi\u00f3n que frena temporalmente su extradici\u00f3n a EU"},"content":{"rendered":"\n<p class=\"wp-block-paragraph\"><strong>Audias Flores Silva, identificado como \u2018El Jardinero\u2019 y se\u00f1alado por autoridades como presunto sucesor de Nemesio Oseguera Cervantes, \u2018El Mencho\u2019, consigui\u00f3 una suspensi\u00f3n de plano que impide, por el momento, su extradici\u00f3n a Estados Unidos.<\/strong><\/p>\n\n\n\n<p class=\"wp-block-paragraph\">El exjefe regional del C\u00e1rtel Jalisco Nueva Generaci\u00f3n (CJNG) es requerido por una corte federal de Columbia, Estados Unidos, para enfrentar acusaciones relacionadas con tr\u00e1fico de drogas y lavado de dinero.<\/p>\n\n\n\n<p class=\"wp-block-paragraph\">Flores Silva promovi\u00f3 un juicio de amparo ante el Juzgado Decimosexto de Distrito en Materia Penal en la Ciudad de M\u00e9xico, donde reclam\u00f3 la audiencia realizada el pasado 1 de mayo como parte del procedimiento de extradici\u00f3n.<\/p>\n\n\n\n<p class=\"wp-block-paragraph\">De acuerdo con su demanda, dicha audiencia se llev\u00f3 a cabo de manera remota y en condiciones que, seg\u00fan argument\u00f3 su defensa, lo dejaron en estado de indefensi\u00f3n, debido a una presunta incomunicaci\u00f3n material y a la ausencia de su defensor particular de confianza.<\/p>\n\n\n\n<figure class=\"wp-block-image size-full\"><img loading=\"lazy\" decoding=\"async\" width=\"738\" height=\"414\" src=\"https:\/\/periodicorealidades.com\/wp-content\/uploads\/2026\/09\/image-47.png\" alt=\"\" class=\"wp-image-78062\" srcset=\"https:\/\/periodicorealidades.com\/wp-content\/uploads\/2026\/09\/image-47.png 738w, https:\/\/periodicorealidades.com\/wp-content\/uploads\/2026\/09\/image-47-300x168.png 300w, https:\/\/periodicorealidades.com\/wp-content\/uploads\/2026\/09\/image-47-323x181.png 323w, https:\/\/periodicorealidades.com\/wp-content\/uploads\/2026\/09\/image-47-285x160.png 285w, https:\/\/periodicorealidades.com\/wp-content\/uploads\/2026\/09\/image-47-695x390.png 695w, https:\/\/periodicorealidades.com\/wp-content\/uploads\/2026\/09\/image-47-355x199.png 355w, https:\/\/periodicorealidades.com\/wp-content\/uploads\/2026\/09\/image-47-465x261.png 465w\" sizes=\"auto, (max-width: 738px) 100vw, 738px\" \/><\/figure>\n\n\n\n<p class=\"wp-block-paragraph\">El juez Alberto \u00c1vila Mu\u00f1oz concedi\u00f3 la medida cautelar, con lo que se evita que Flores Silva sea entregado de manera inmediata a las autoridades estadounidenses mientras se resuelve de fondo uno de los amparos que interpuso para impugnar su extradici\u00f3n.<\/p>\n\n\n\n<p class=\"wp-block-paragraph\">Inicialmente, el juzgado hab\u00eda desechado la demanda al considerar que los actos reclamados no eran de imposible reparaci\u00f3n. Sin embargo, \u2018El Jardinero\u2019 impugn\u00f3 esa decisi\u00f3n y el asunto lleg\u00f3 al Sexto Tribunal Colegiado en Materia Penal, que revoc\u00f3 la sentencia y orden\u00f3 admitir a tr\u00e1mite el juicio de amparo.<\/p>\n\n\n\n<p class=\"wp-block-paragraph\">Tras esa resoluci\u00f3n, el juez \u00c1vila Mu\u00f1oz decret\u00f3 la suspensi\u00f3n de plano y de oficio para impedir que el acusado sea entregado al gobierno estadounidense hasta que concluya el juicio.<\/p>\n\n\n\n<p class=\"wp-block-paragraph\">El resolutivo se\u00f1ala que la medida busca evitar posibles afectaciones irreparables a los derechos fundamentales del quejoso, debido a que la entrega f\u00edsica de una persona al Estado que solicita su extradici\u00f3n constituye un acto de car\u00e1cter definitivo.<\/p>\n\n\n\n<p class=\"wp-block-paragraph\">Por ahora, la suspensi\u00f3n representa un freno temporal al proceso de extradici\u00f3n de Audias Flores Silva. La medida permanecer\u00e1 vigente mientras se determina el fondo del juicio de amparo y si existen elementos que impidan su entrega a Estados Unidos.<\/p>\n\n\n\n<p class=\"wp-block-paragraph\"><\/p>\n","protected":false},"excerpt":{"rendered":"<p>Audias Flores Silva, identificado como \u2018El Jardinero\u2019 y se\u00f1alado por autoridades como presunto sucesor de Nemesio Oseguera Cervantes, \u2018El Mencho\u2019, consigui\u00f3 una suspensi\u00f3n de plano que impide, por el momento, su extradici\u00f3n a Estados Unidos. El exjefe regional del C\u00e1rtel Jalisco Nueva Generaci\u00f3n (CJNG) es requerido por una corte federal de Columbia, Estados Unidos, para [&hellip;]<\/p>\n","protected":false},"author":4,"featured_media":78061,"comment_status":"closed","ping_status":"open","sticky":false,"template":"","format":"standard","meta":{"footnotes":""},"categories":[12],"tags":[],"class_list":["post-78060","post","type-post","status-publish","format-standard","has-post-thumbnail","category-nacional"],"yoast_head":"<!-- This site is optimized with the Yoast SEO plugin v28.3 - https:\/\/yoast.com\/product\/yoast-seo-wordpress\/ -->\n<title>\u2018El Jardinero\u2019 obtiene suspensi\u00f3n que frena temporalmente su extradici\u00f3n a EU - Peri\u00f3dico Realidades<\/title>\n<meta name=\"robots\" content=\"index, follow, max-snippet:-1, max-image-preview:large, max-video-preview:-1\" \/>\n<link rel=\"canonical\" href=\"https:\/\/periodicorealidades.com\/index.php\/2026\/09\/03\/el-jardinero-obtiene-suspension-que-frena-temporalmente-su-extradicion-a-eu\/\" \/>\n<meta property=\"og:locale\" content=\"es_MX\" \/>\n<meta property=\"og:type\" content=\"article\" \/>\n<meta property=\"og:title\" content=\"\u2018El Jardinero\u2019 obtiene suspensi\u00f3n que frena temporalmente su extradici\u00f3n a EU - Peri\u00f3dico Realidades\" \/>\n<meta property=\"og:description\" content=\"Audias Flores Silva, identificado como \u2018El Jardinero\u2019 y se\u00f1alado por autoridades como presunto sucesor de Nemesio Oseguera Cervantes, \u2018El Mencho\u2019, consigui\u00f3 una suspensi\u00f3n de plano que impide, por el momento, su extradici\u00f3n a Estados Unidos. El exjefe regional del C\u00e1rtel Jalisco Nueva Generaci\u00f3n (CJNG) es requerido por una corte federal de Columbia, Estados Unidos, para [&hellip;]\" \/>\n<meta property=\"og:url\" content=\"https:\/\/periodicorealidades.com\/index.php\/2026\/09\/03\/el-jardinero-obtiene-suspension-que-frena-temporalmente-su-extradicion-a-eu\/\" \/>\n<meta property=\"og:site_name\" content=\"Peri\u00f3dico Realidades\" \/>\n<meta property=\"article:publisher\" content=\"https:\/\/www.facebook.com\/periodicorealidades.denayarit?mibextid=LQQJ4d\" \/>\n<meta property=\"article:published_time\" content=\"2026-09-03T23:47:03+00:00\" \/>\n<meta property=\"og:image\" content=\"https:\/\/periodicorealidades.com\/wp-content\/uploads\/2026\/09\/image-46.png\" \/>\n\t<meta property=\"og:image:width\" content=\"500\" \/>\n\t<meta property=\"og:image:height\" content=\"612\" \/>\n\t<meta property=\"og:image:type\" content=\"image\/png\" \/>\n<meta name=\"author\" content=\"Arcelia\" \/>\n<meta name=\"twitter:card\" content=\"summary_large_image\" \/>\n<meta name=\"twitter:label1\" content=\"Escrito por\" \/>\n\t<meta name=\"twitter:data1\" content=\"Arcelia\" \/>\n\t<meta name=\"twitter:label2\" content=\"Tiempo de lectura\" \/>\n\t<meta name=\"twitter:data2\" content=\"2 minutos\" \/>\n<script type=\"application\/ld+json\" class=\"yoast-schema-graph\">{\"@context\":\"https:\\\/\\\/schema.org\",\"@graph\":[{\"@type\":\"Article\",\"@id\":\"https:\\\/\\\/periodicorealidades.com\\\/index.php\\\/2026\\\/09\\\/03\\\/el-jardinero-obtiene-suspension-que-frena-temporalmente-su-extradicion-a-eu\\\/#article\",\"isPartOf\":{\"@id\":\"https:\\\/\\\/periodicorealidades.com\\\/index.php\\\/2026\\\/09\\\/03\\\/el-jardinero-obtiene-suspension-que-frena-temporalmente-su-extradicion-a-eu\\\/\"},\"author\":{\"name\":\"Arcelia\",\"@id\":\"https:\\\/\\\/periodicorealidades.com\\\/#\\\/schema\\\/person\\\/ed60e33c6767be45db655d22ad0c15c4\"},\"headline\":\"\u2018El Jardinero\u2019 obtiene suspensi\u00f3n que frena temporalmente su extradici\u00f3n a EU\",\"datePublished\":\"2026-09-03T23:47:03+00:00\",\"mainEntityOfPage\":{\"@id\":\"https:\\\/\\\/periodicorealidades.com\\\/index.php\\\/2026\\\/09\\\/03\\\/el-jardinero-obtiene-suspension-que-frena-temporalmente-su-extradicion-a-eu\\\/\"},\"wordCount\":383,\"publisher\":{\"@id\":\"https:\\\/\\\/periodicorealidades.com\\\/#organization\"},\"image\":{\"@id\":\"https:\\\/\\\/periodicorealidades.com\\\/index.php\\\/2026\\\/09\\\/03\\\/el-jardinero-obtiene-suspension-que-frena-temporalmente-su-extradicion-a-eu\\\/#primaryimage\"},\"thumbnailUrl\":\"https:\\\/\\\/periodicorealidades.com\\\/wp-content\\\/uploads\\\/2026\\\/09\\\/image-46.png\",\"articleSection\":[\"Nacional\"],\"inLanguage\":\"es\"},{\"@type\":\"WebPage\",\"@id\":\"https:\\\/\\\/periodicorealidades.com\\\/index.php\\\/2026\\\/09\\\/03\\\/el-jardinero-obtiene-suspension-que-frena-temporalmente-su-extradicion-a-eu\\\/\",\"url\":\"https:\\\/\\\/periodicorealidades.com\\\/index.php\\\/2026\\\/09\\\/03\\\/el-jardinero-obtiene-suspension-que-frena-temporalmente-su-extradicion-a-eu\\\/\",\"name\":\"\u2018El Jardinero\u2019 obtiene suspensi\u00f3n que frena temporalmente su extradici\u00f3n a EU - Peri\u00f3dico Realidades\",\"isPartOf\":{\"@id\":\"https:\\\/\\\/periodicorealidades.com\\\/#website\"},\"primaryImageOfPage\":{\"@id\":\"https:\\\/\\\/periodicorealidades.com\\\/index.php\\\/2026\\\/09\\\/03\\\/el-jardinero-obtiene-suspension-que-frena-temporalmente-su-extradicion-a-eu\\\/#primaryimage\"},\"image\":{\"@id\":\"https:\\\/\\\/periodicorealidades.com\\\/index.php\\\/2026\\\/09\\\/03\\\/el-jardinero-obtiene-suspension-que-frena-temporalmente-su-extradicion-a-eu\\\/#primaryimage\"},\"thumbnailUrl\":\"https:\\\/\\\/periodicorealidades.com\\\/wp-content\\\/uploads\\\/2026\\\/09\\\/image-46.png\",\"datePublished\":\"2026-09-03T23:47:03+00:00\",\"breadcrumb\":{\"@id\":\"https:\\\/\\\/periodicorealidades.com\\\/index.php\\\/2026\\\/09\\\/03\\\/el-jardinero-obtiene-suspension-que-frena-temporalmente-su-extradicion-a-eu\\\/#breadcrumb\"},\"inLanguage\":\"es\",\"potentialAction\":[{\"@type\":\"ReadAction\",\"target\":[\"https:\\\/\\\/periodicorealidades.com\\\/index.php\\\/2026\\\/09\\\/03\\\/el-jardinero-obtiene-suspension-que-frena-temporalmente-su-extradicion-a-eu\\\/\"]}]},{\"@type\":\"ImageObject\",\"inLanguage\":\"es\",\"@id\":\"https:\\\/\\\/periodicorealidades.com\\\/index.php\\\/2026\\\/09\\\/03\\\/el-jardinero-obtiene-suspension-que-frena-temporalmente-su-extradicion-a-eu\\\/#primaryimage\",\"url\":\"https:\\\/\\\/periodicorealidades.com\\\/wp-content\\\/uploads\\\/2026\\\/09\\\/image-46.png\",\"contentUrl\":\"https:\\\/\\\/periodicorealidades.com\\\/wp-content\\\/uploads\\\/2026\\\/09\\\/image-46.png\",\"width\":500,\"height\":612},{\"@type\":\"BreadcrumbList\",\"@id\":\"https:\\\/\\\/periodicorealidades.com\\\/index.php\\\/2026\\\/09\\\/03\\\/el-jardinero-obtiene-suspension-que-frena-temporalmente-su-extradicion-a-eu\\\/#breadcrumb\",\"itemListElement\":[{\"@type\":\"ListItem\",\"position\":1,\"name\":\"Inicio\",\"item\":\"https:\\\/\\\/periodicorealidades.com\\\/\"},{\"@type\":\"ListItem\",\"position\":2,\"name\":\"\u2018El Jardinero\u2019 obtiene suspensi\u00f3n que frena temporalmente su extradici\u00f3n a EU\"}]},{\"@type\":\"WebSite\",\"@id\":\"https:\\\/\\\/periodicorealidades.com\\\/#website\",\"url\":\"https:\\\/\\\/periodicorealidades.com\\\/\",\"name\":\"Peri\u00f3dico Realidades\",\"description\":\"M\u00e9dio de comunicaci\u00f3n en Nayarit\",\"publisher\":{\"@id\":\"https:\\\/\\\/periodicorealidades.com\\\/#organization\"},\"potentialAction\":[{\"@type\":\"SearchAction\",\"target\":{\"@type\":\"EntryPoint\",\"urlTemplate\":\"https:\\\/\\\/periodicorealidades.com\\\/?s={search_term_string}\"},\"query-input\":{\"@type\":\"PropertyValueSpecification\",\"valueRequired\":true,\"valueName\":\"search_term_string\"}}],\"inLanguage\":\"es\"},{\"@type\":\"Organization\",\"@id\":\"https:\\\/\\\/periodicorealidades.com\\\/#organization\",\"name\":\"Peri\u00f3dico Realidades\",\"url\":\"https:\\\/\\\/periodicorealidades.com\\\/\",\"logo\":{\"@type\":\"ImageObject\",\"inLanguage\":\"es\",\"@id\":\"https:\\\/\\\/periodicorealidades.com\\\/#\\\/schema\\\/logo\\\/image\\\/\",\"url\":\"https:\\\/\\\/periodicorealidades.com\\\/wp-content\\\/uploads\\\/2023\\\/05\\\/r-prueba.png\",\"contentUrl\":\"https:\\\/\\\/periodicorealidades.com\\\/wp-content\\\/uploads\\\/2023\\\/05\\\/r-prueba.png\",\"width\":709,\"height\":709,\"caption\":\"Peri\u00f3dico Realidades\"},\"image\":{\"@id\":\"https:\\\/\\\/periodicorealidades.com\\\/#\\\/schema\\\/logo\\\/image\\\/\"},\"sameAs\":[\"https:\\\/\\\/www.facebook.com\\\/periodicorealidades.denayarit?mibextid=LQQJ4d\"]},{\"@type\":\"Person\",\"@id\":\"https:\\\/\\\/periodicorealidades.com\\\/#\\\/schema\\\/person\\\/ed60e33c6767be45db655d22ad0c15c4\",\"name\":\"Arcelia\",\"image\":{\"@type\":\"ImageObject\",\"inLanguage\":\"es\",\"@id\":\"https:\\\/\\\/secure.gravatar.com\\\/avatar\\\/36cdbbe591db4ecc4985aac5ab27b8093cf6488d3b664974f0cda2e38368b10d?s=96&d=mm&r=g\",\"url\":\"https:\\\/\\\/secure.gravatar.com\\\/avatar\\\/36cdbbe591db4ecc4985aac5ab27b8093cf6488d3b664974f0cda2e38368b10d?s=96&d=mm&r=g\",\"contentUrl\":\"https:\\\/\\\/secure.gravatar.com\\\/avatar\\\/36cdbbe591db4ecc4985aac5ab27b8093cf6488d3b664974f0cda2e38368b10d?s=96&d=mm&r=g\",\"caption\":\"Arcelia\"},\"url\":\"https:\\\/\\\/periodicorealidades.com\\\/index.php\\\/author\\\/editor-2\\\/\"}]}<\/script>\n<!-- \/ Yoast SEO plugin. -->","yoast_head_json":{"title":"\u2018El Jardinero\u2019 obtiene suspensi\u00f3n que frena temporalmente su extradici\u00f3n a EU - Peri\u00f3dico Realidades","robots":{"index":"index","follow":"follow","max-snippet":"max-snippet:-1","max-image-preview":"max-image-preview:large","max-video-preview":"max-video-preview:-1"},"canonical":"https:\/\/periodicorealidades.com\/index.php\/2026\/09\/03\/el-jardinero-obtiene-suspension-que-frena-temporalmente-su-extradicion-a-eu\/","og_locale":"es_MX","og_type":"article","og_title":"\u2018El Jardinero\u2019 obtiene suspensi\u00f3n que frena temporalmente su extradici\u00f3n a EU - Peri\u00f3dico Realidades","og_description":"Audias Flores Silva, identificado como \u2018El Jardinero\u2019 y se\u00f1alado por autoridades como presunto sucesor de Nemesio Oseguera Cervantes, \u2018El Mencho\u2019, consigui\u00f3 una suspensi\u00f3n de plano que impide, por el momento, su extradici\u00f3n a Estados Unidos. El exjefe regional del C\u00e1rtel Jalisco Nueva Generaci\u00f3n (CJNG) es requerido por una corte federal de Columbia, Estados Unidos, para [&hellip;]","og_url":"https:\/\/periodicorealidades.com\/index.php\/2026\/09\/03\/el-jardinero-obtiene-suspension-que-frena-temporalmente-su-extradicion-a-eu\/","og_site_name":"Peri\u00f3dico Realidades","article_publisher":"https:\/\/www.facebook.com\/periodicorealidades.denayarit?mibextid=LQQJ4d","article_published_time":"2026-09-03T23:47:03+00:00","og_image":[{"width":500,"height":612,"url":"https:\/\/periodicorealidades.com\/wp-content\/uploads\/2026\/09\/image-46.png","type":"image\/png"}],"author":"Arcelia","twitter_card":"summary_large_image","twitter_misc":{"Escrito por":"Arcelia","Tiempo de lectura":"2 minutos"},"schema":{"@context":"https:\/\/schema.org","@graph":[{"@type":"Article","@id":"https:\/\/periodicorealidades.com\/index.php\/2026\/09\/03\/el-jardinero-obtiene-suspension-que-frena-temporalmente-su-extradicion-a-eu\/#article","isPartOf":{"@id":"https:\/\/periodicorealidades.com\/index.php\/2026\/09\/03\/el-jardinero-obtiene-suspension-que-frena-temporalmente-su-extradicion-a-eu\/"},"author":{"name":"Arcelia","@id":"https:\/\/periodicorealidades.com\/#\/schema\/person\/ed60e33c6767be45db655d22ad0c15c4"},"headline":"\u2018El Jardinero\u2019 obtiene suspensi\u00f3n que frena temporalmente su extradici\u00f3n a EU","datePublished":"2026-09-03T23:47:03+00:00","mainEntityOfPage":{"@id":"https:\/\/periodicorealidades.com\/index.php\/2026\/09\/03\/el-jardinero-obtiene-suspension-que-frena-temporalmente-su-extradicion-a-eu\/"},"wordCount":383,"publisher":{"@id":"https:\/\/periodicorealidades.com\/#organization"},"image":{"@id":"https:\/\/periodicorealidades.com\/index.php\/2026\/09\/03\/el-jardinero-obtiene-suspension-que-frena-temporalmente-su-extradicion-a-eu\/#primaryimage"},"thumbnailUrl":"https:\/\/periodicorealidades.com\/wp-content\/uploads\/2026\/09\/image-46.png","articleSection":["Nacional"],"inLanguage":"es"},{"@type":"WebPage","@id":"https:\/\/periodicorealidades.com\/index.php\/2026\/09\/03\/el-jardinero-obtiene-suspension-que-frena-temporalmente-su-extradicion-a-eu\/","url":"https:\/\/periodicorealidades.com\/index.php\/2026\/09\/03\/el-jardinero-obtiene-suspension-que-frena-temporalmente-su-extradicion-a-eu\/","name":"\u2018El Jardinero\u2019 obtiene suspensi\u00f3n que frena temporalmente su extradici\u00f3n a EU - Peri\u00f3dico Realidades","isPartOf":{"@id":"https:\/\/periodicorealidades.com\/#website"},"primaryImageOfPage":{"@id":"https:\/\/periodicorealidades.com\/index.php\/2026\/09\/03\/el-jardinero-obtiene-suspension-que-frena-temporalmente-su-extradicion-a-eu\/#primaryimage"},"image":{"@id":"https:\/\/periodicorealidades.com\/index.php\/2026\/09\/03\/el-jardinero-obtiene-suspension-que-frena-temporalmente-su-extradicion-a-eu\/#primaryimage"},"thumbnailUrl":"https:\/\/periodicorealidades.com\/wp-content\/uploads\/2026\/09\/image-46.png","datePublished":"2026-09-03T23:47:03+00:00","breadcrumb":{"@id":"https:\/\/periodicorealidades.com\/index.php\/2026\/09\/03\/el-jardinero-obtiene-suspension-que-frena-temporalmente-su-extradicion-a-eu\/#breadcrumb"},"inLanguage":"es","potentialAction":[{"@type":"ReadAction","target":["https:\/\/periodicorealidades.com\/index.php\/2026\/09\/03\/el-jardinero-obtiene-suspension-que-frena-temporalmente-su-extradicion-a-eu\/"]}]},{"@type":"ImageObject","inLanguage":"es","@id":"https:\/\/periodicorealidades.com\/index.php\/2026\/09\/03\/el-jardinero-obtiene-suspension-que-frena-temporalmente-su-extradicion-a-eu\/#primaryimage","url":"https:\/\/periodicorealidades.com\/wp-content\/uploads\/2026\/09\/image-46.png","contentUrl":"https:\/\/periodicorealidades.com\/wp-content\/uploads\/2026\/09\/image-46.png","width":500,"height":612},{"@type":"BreadcrumbList","@id":"https:\/\/periodicorealidades.com\/index.php\/2026\/09\/03\/el-jardinero-obtiene-suspension-que-frena-temporalmente-su-extradicion-a-eu\/#breadcrumb","itemListElement":[{"@type":"ListItem","position":1,"name":"Inicio","item":"https:\/\/periodicorealidades.com\/"},{"@type":"ListItem","position":2,"name":"\u2018El Jardinero\u2019 obtiene suspensi\u00f3n que frena temporalmente su extradici\u00f3n a EU"}]},{"@type":"WebSite","@id":"https:\/\/periodicorealidades.com\/#website","url":"https:\/\/periodicorealidades.com\/","name":"Peri\u00f3dico Realidades","description":"M\u00e9dio de comunicaci\u00f3n en Nayarit","publisher":{"@id":"https:\/\/periodicorealidades.com\/#organization"},"potentialAction":[{"@type":"SearchAction","target":{"@type":"EntryPoint","urlTemplate":"https:\/\/periodicorealidades.com\/?s={search_term_string}"},"query-input":{"@type":"PropertyValueSpecification","valueRequired":true,"valueName":"search_term_string"}}],"inLanguage":"es"},{"@type":"Organization","@id":"https:\/\/periodicorealidades.com\/#organization","name":"Peri\u00f3dico Realidades","url":"https:\/\/periodicorealidades.com\/","logo":{"@type":"ImageObject","inLanguage":"es","@id":"https:\/\/periodicorealidades.com\/#\/schema\/logo\/image\/","url":"https:\/\/periodicorealidades.com\/wp-content\/uploads\/2023\/05\/r-prueba.png","contentUrl":"https:\/\/periodicorealidades.com\/wp-content\/uploads\/2023\/05\/r-prueba.png","width":709,"height":709,"caption":"Peri\u00f3dico Realidades"},"image":{"@id":"https:\/\/periodicorealidades.com\/#\/schema\/logo\/image\/"},"sameAs":["https:\/\/www.facebook.com\/periodicorealidades.denayarit?mibextid=LQQJ4d"]},{"@type":"Person","@id":"https:\/\/periodicorealidades.com\/#\/schema\/person\/ed60e33c6767be45db655d22ad0c15c4","name":"Arcelia","image":{"@type":"ImageObject","inLanguage":"es","@id":"https:\/\/secure.gravatar.com\/avatar\/36cdbbe591db4ecc4985aac5ab27b8093cf6488d3b664974f0cda2e38368b10d?s=96&d=mm&r=g","url":"https:\/\/secure.gravatar.com\/avatar\/36cdbbe591db4ecc4985aac5ab27b8093cf6488d3b664974f0cda2e38368b10d?s=96&d=mm&r=g","contentUrl":"https:\/\/secure.gravatar.com\/avatar\/36cdbbe591db4ecc4985aac5ab27b8093cf6488d3b664974f0cda2e38368b10d?s=96&d=mm&r=g","caption":"Arcelia"},"url":"https:\/\/periodicorealidades.com\/index.php\/author\/editor-2\/"}]}},"_links":{"self":[{"href":"https:\/\/periodicorealidades.com\/index.php\/wp-json\/wp\/v2\/posts\/78060","targetHints":{"allow":["GET"]}}],"collection":[{"href":"https:\/\/periodicorealidades.com\/index.php\/wp-json\/wp\/v2\/posts"}],"about":[{"href":"https:\/\/periodicorealidades.com\/index.php\/wp-json\/wp\/v2\/types\/post"}],"author":[{"embeddable":true,"href":"https:\/\/periodicorealidades.com\/index.php\/wp-json\/wp\/v2\/users\/4"}],"replies":[{"embeddable":true,"href":"https:\/\/periodicorealidades.com\/index.php\/wp-json\/wp\/v2\/comments?post=78060"}],"version-history":[{"count":1,"href":"https:\/\/periodicorealidades.com\/index.php\/wp-json\/wp\/v2\/posts\/78060\/revisions"}],"predecessor-version":[{"id":78063,"href":"https:\/\/periodicorealidades.com\/index.php\/wp-json\/wp\/v2\/posts\/78060\/revisions\/78063"}],"wp:featuredmedia":[{"embeddable":true,"href":"https:\/\/periodicorealidades.com\/index.php\/wp-json\/wp\/v2\/media\/78061"}],"wp:attachment":[{"href":"https:\/\/periodicorealidades.com\/index.php\/wp-json\/wp\/v2\/media?parent=78060"}],"wp:term":[{"taxonomy":"category","embeddable":true,"href":"https:\/\/periodicorealidades.com\/index.php\/wp-json\/wp\/v2\/categories?post=78060"},{"taxonomy":"post_tag","embeddable":true,"href":"https:\/\/periodicorealidades.com\/index.php\/wp-json\/wp\/v2\/tags?post=78060"}],"curies":[{"name":"wp","href":"https:\/\/api.w.org\/{rel}","templated":true}]}}