{"id":78075,"date":"2026-09-03T21:46:28","date_gmt":"2026-09-04T04:46:28","guid":{"rendered":"https:\/\/periodicorealidades.com\/?p=78075"},"modified":"2026-09-03T21:46:29","modified_gmt":"2026-09-04T04:46:29","slug":"suspenden-extradicion-de-el-jardinero-a-los-estados-unidos","status":"publish","type":"post","link":"https:\/\/periodicorealidades.com\/index.php\/2026\/09\/03\/suspenden-extradicion-de-el-jardinero-a-los-estados-unidos\/","title":{"rendered":"Suspenden extradici\u00f3n de \u2018El Jardinero\u2019 a los Estados Unidos"},"content":{"rendered":"\n<p class=\"wp-block-paragraph\">El ex jefe regional del C\u00e1rtel Jalisco Nueva Generaci\u00f3n (CJNG), Audias Flores Silva, alias \u2018El Jardinero\u2019, obtuvo una suspensi\u00f3n de plano que, por el momento, impide su extradici\u00f3n a Estados Unidos, donde es requerido por una corte de distrito en Columbia para enfrentar cargos relacionados con tr\u00e1fico de drogas y lavado de dinero.<\/p>\n\n\n\n<p class=\"wp-block-paragraph\">Por: Agencias<\/p>\n\n\n\n<p class=\"wp-block-paragraph\">Ciudad de M\u00e9xico; viernes, 04 de septiembre del 2026.- Flores Silva, se\u00f1alado por autoridades como uno de los posibles sucesores de Nemesio Oseguera Cervantes, \u2018El Mencho\u2019, promovi\u00f3 un juicio de amparo ante el Juzgado Decimosexto de Distrito en Materia Penal en la Ciudad de M\u00e9xico.<\/p>\n\n\n\n<p class=\"wp-block-paragraph\">En su demanda, el presunto narcotraficante reclam\u00f3 la audiencia celebrada el pasado 1 de mayo dentro del procedimiento de extradici\u00f3n, la cual se realiz\u00f3 de manera remota. De acuerdo con su defensa, durante dicha diligencia se habr\u00eda encontrado en un estado de indefensi\u00f3n e incomunicaci\u00f3n material y sin la presencia de su abogado particular de confianza.<\/p>\n\n\n\n<p class=\"wp-block-paragraph\">El juez Alberto \u00c1vila Mu\u00f1oz concedi\u00f3 la medida cautelar, con lo que se evita su traslado inmediato a Estados Unidos hasta que se resuelva de fondo uno de los juicios de amparo que ha promovido contra su extradici\u00f3n.<\/p>\n\n\n\n<p class=\"wp-block-paragraph\">Seg\u00fan el expediente, inicialmente el juzgador hab\u00eda desechado la demanda al considerar que los actos reclamados no eran de imposible reparaci\u00f3n. Sin embargo, Flores Silva impugn\u00f3 esa determinaci\u00f3n y el asunto fue turnado al Sexto Tribunal Colegiado en Materia Penal, que revoc\u00f3 la sentencia y orden\u00f3 admitir a tr\u00e1mite el juicio de amparo.<\/p>\n\n\n\n<p class=\"wp-block-paragraph\">En cumplimiento de esa resoluci\u00f3n, el juez \u00c1vila Mu\u00f1oz decret\u00f3 la suspensi\u00f3n de plano y de oficio, con el objetivo de impedir que el quejoso sea entregado a Estados Unidos mientras se resuelve de manera definitiva el juicio.<\/p>\n\n\n\n<p class=\"wp-block-paragraph\">El impartidor de justicia se\u00f1al\u00f3 que la medida busca evitar posibles afectaciones irreparables a los derechos fundamentales del detenido, debido a la naturaleza definitiva del procedimiento de extradici\u00f3n.<\/p>\n\n\n\n<p class=\"wp-block-paragraph\">\u201cLo anterior constituye una disposici\u00f3n de corte complementario que tiene el prop\u00f3sito de no dejar de lado alguna cuesti\u00f3n que produzca una afectaci\u00f3n a los derechos fundamentales de quien se pretenda extraditar\u201d, establece el resolutivo.<\/p>\n\n\n\n<p class=\"wp-block-paragraph\">La suspensi\u00f3n no representa una resoluci\u00f3n definitiva sobre la extradici\u00f3n de \u2018El Jardinero\u2019, sino que mantiene en pausa su entrega<\/p>\n","protected":false},"excerpt":{"rendered":"<p>El ex jefe regional del C\u00e1rtel Jalisco Nueva Generaci\u00f3n (CJNG), Audias Flores Silva, alias \u2018El Jardinero\u2019, obtuvo una suspensi\u00f3n de plano que, por el momento, impide su extradici\u00f3n a Estados Unidos, donde es requerido por una corte de distrito en Columbia para enfrentar cargos relacionados con tr\u00e1fico de drogas y lavado de dinero. Por: Agencias [&hellip;]<\/p>\n","protected":false},"author":2,"featured_media":78062,"comment_status":"closed","ping_status":"open","sticky":false,"template":"","format":"standard","meta":{"footnotes":""},"categories":[12,4],"tags":[],"class_list":["post-78075","post","type-post","status-publish","format-standard","has-post-thumbnail","category-nacional","category-principal"],"yoast_head":"<!-- This site is optimized with the Yoast SEO plugin v28.3 - https:\/\/yoast.com\/product\/yoast-seo-wordpress\/ -->\n<title>Suspenden extradici\u00f3n de \u2018El Jardinero\u2019 a los Estados Unidos - Peri\u00f3dico Realidades<\/title>\n<meta name=\"robots\" content=\"index, follow, max-snippet:-1, max-image-preview:large, max-video-preview:-1\" \/>\n<link rel=\"canonical\" href=\"https:\/\/periodicorealidades.com\/index.php\/2026\/09\/03\/suspenden-extradicion-de-el-jardinero-a-los-estados-unidos\/\" \/>\n<meta property=\"og:locale\" content=\"es_MX\" \/>\n<meta property=\"og:type\" content=\"article\" \/>\n<meta property=\"og:title\" content=\"Suspenden extradici\u00f3n de \u2018El Jardinero\u2019 a los Estados Unidos - Peri\u00f3dico Realidades\" \/>\n<meta property=\"og:description\" content=\"El ex jefe regional del C\u00e1rtel Jalisco Nueva Generaci\u00f3n (CJNG), Audias Flores Silva, alias \u2018El Jardinero\u2019, obtuvo una suspensi\u00f3n de plano que, por el momento, impide su extradici\u00f3n a Estados Unidos, donde es requerido por una corte de distrito en Columbia para enfrentar cargos relacionados con tr\u00e1fico de drogas y lavado de dinero. Por: Agencias [&hellip;]\" \/>\n<meta property=\"og:url\" content=\"https:\/\/periodicorealidades.com\/index.php\/2026\/09\/03\/suspenden-extradicion-de-el-jardinero-a-los-estados-unidos\/\" \/>\n<meta property=\"og:site_name\" content=\"Peri\u00f3dico Realidades\" \/>\n<meta property=\"article:publisher\" content=\"https:\/\/www.facebook.com\/periodicorealidades.denayarit?mibextid=LQQJ4d\" \/>\n<meta property=\"article:published_time\" content=\"2026-09-04T04:46:28+00:00\" \/>\n<meta property=\"article:modified_time\" content=\"2026-09-04T04:46:29+00:00\" \/>\n<meta property=\"og:image\" content=\"https:\/\/periodicorealidades.com\/wp-content\/uploads\/2026\/09\/image-47.png\" \/>\n\t<meta property=\"og:image:width\" content=\"738\" \/>\n\t<meta property=\"og:image:height\" content=\"414\" \/>\n\t<meta property=\"og:image:type\" content=\"image\/png\" \/>\n<meta name=\"author\" content=\"editor\" \/>\n<meta name=\"twitter:card\" content=\"summary_large_image\" \/>\n<meta name=\"twitter:label1\" content=\"Escrito por\" \/>\n\t<meta name=\"twitter:data1\" content=\"editor\" \/>\n\t<meta name=\"twitter:label2\" content=\"Tiempo de lectura\" \/>\n\t<meta name=\"twitter:data2\" content=\"2 minutos\" \/>\n<script type=\"application\/ld+json\" class=\"yoast-schema-graph\">{\"@context\":\"https:\\\/\\\/schema.org\",\"@graph\":[{\"@type\":\"Article\",\"@id\":\"https:\\\/\\\/periodicorealidades.com\\\/index.php\\\/2026\\\/09\\\/03\\\/suspenden-extradicion-de-el-jardinero-a-los-estados-unidos\\\/#article\",\"isPartOf\":{\"@id\":\"https:\\\/\\\/periodicorealidades.com\\\/index.php\\\/2026\\\/09\\\/03\\\/suspenden-extradicion-de-el-jardinero-a-los-estados-unidos\\\/\"},\"author\":{\"name\":\"editor\",\"@id\":\"https:\\\/\\\/periodicorealidades.com\\\/#\\\/schema\\\/person\\\/c27da34ee13acaec3162071a3e1c7832\"},\"headline\":\"Suspenden extradici\u00f3n de \u2018El Jardinero\u2019 a los Estados Unidos\",\"datePublished\":\"2026-09-04T04:46:28+00:00\",\"dateModified\":\"2026-09-04T04:46:29+00:00\",\"mainEntityOfPage\":{\"@id\":\"https:\\\/\\\/periodicorealidades.com\\\/index.php\\\/2026\\\/09\\\/03\\\/suspenden-extradicion-de-el-jardinero-a-los-estados-unidos\\\/\"},\"wordCount\":407,\"publisher\":{\"@id\":\"https:\\\/\\\/periodicorealidades.com\\\/#organization\"},\"image\":{\"@id\":\"https:\\\/\\\/periodicorealidades.com\\\/index.php\\\/2026\\\/09\\\/03\\\/suspenden-extradicion-de-el-jardinero-a-los-estados-unidos\\\/#primaryimage\"},\"thumbnailUrl\":\"https:\\\/\\\/periodicorealidades.com\\\/wp-content\\\/uploads\\\/2026\\\/09\\\/image-47.png\",\"articleSection\":[\"Nacional\",\"Principal\"],\"inLanguage\":\"es\"},{\"@type\":\"WebPage\",\"@id\":\"https:\\\/\\\/periodicorealidades.com\\\/index.php\\\/2026\\\/09\\\/03\\\/suspenden-extradicion-de-el-jardinero-a-los-estados-unidos\\\/\",\"url\":\"https:\\\/\\\/periodicorealidades.com\\\/index.php\\\/2026\\\/09\\\/03\\\/suspenden-extradicion-de-el-jardinero-a-los-estados-unidos\\\/\",\"name\":\"Suspenden extradici\u00f3n de \u2018El Jardinero\u2019 a los Estados Unidos - Peri\u00f3dico Realidades\",\"isPartOf\":{\"@id\":\"https:\\\/\\\/periodicorealidades.com\\\/#website\"},\"primaryImageOfPage\":{\"@id\":\"https:\\\/\\\/periodicorealidades.com\\\/index.php\\\/2026\\\/09\\\/03\\\/suspenden-extradicion-de-el-jardinero-a-los-estados-unidos\\\/#primaryimage\"},\"image\":{\"@id\":\"https:\\\/\\\/periodicorealidades.com\\\/index.php\\\/2026\\\/09\\\/03\\\/suspenden-extradicion-de-el-jardinero-a-los-estados-unidos\\\/#primaryimage\"},\"thumbnailUrl\":\"https:\\\/\\\/periodicorealidades.com\\\/wp-content\\\/uploads\\\/2026\\\/09\\\/image-47.png\",\"datePublished\":\"2026-09-04T04:46:28+00:00\",\"dateModified\":\"2026-09-04T04:46:29+00:00\",\"breadcrumb\":{\"@id\":\"https:\\\/\\\/periodicorealidades.com\\\/index.php\\\/2026\\\/09\\\/03\\\/suspenden-extradicion-de-el-jardinero-a-los-estados-unidos\\\/#breadcrumb\"},\"inLanguage\":\"es\",\"potentialAction\":[{\"@type\":\"ReadAction\",\"target\":[\"https:\\\/\\\/periodicorealidades.com\\\/index.php\\\/2026\\\/09\\\/03\\\/suspenden-extradicion-de-el-jardinero-a-los-estados-unidos\\\/\"]}]},{\"@type\":\"ImageObject\",\"inLanguage\":\"es\",\"@id\":\"https:\\\/\\\/periodicorealidades.com\\\/index.php\\\/2026\\\/09\\\/03\\\/suspenden-extradicion-de-el-jardinero-a-los-estados-unidos\\\/#primaryimage\",\"url\":\"https:\\\/\\\/periodicorealidades.com\\\/wp-content\\\/uploads\\\/2026\\\/09\\\/image-47.png\",\"contentUrl\":\"https:\\\/\\\/periodicorealidades.com\\\/wp-content\\\/uploads\\\/2026\\\/09\\\/image-47.png\",\"width\":738,\"height\":414},{\"@type\":\"BreadcrumbList\",\"@id\":\"https:\\\/\\\/periodicorealidades.com\\\/index.php\\\/2026\\\/09\\\/03\\\/suspenden-extradicion-de-el-jardinero-a-los-estados-unidos\\\/#breadcrumb\",\"itemListElement\":[{\"@type\":\"ListItem\",\"position\":1,\"name\":\"Inicio\",\"item\":\"https:\\\/\\\/periodicorealidades.com\\\/\"},{\"@type\":\"ListItem\",\"position\":2,\"name\":\"Suspenden extradici\u00f3n de \u2018El Jardinero\u2019 a los Estados Unidos\"}]},{\"@type\":\"WebSite\",\"@id\":\"https:\\\/\\\/periodicorealidades.com\\\/#website\",\"url\":\"https:\\\/\\\/periodicorealidades.com\\\/\",\"name\":\"Peri\u00f3dico Realidades\",\"description\":\"M\u00e9dio de comunicaci\u00f3n en Nayarit\",\"publisher\":{\"@id\":\"https:\\\/\\\/periodicorealidades.com\\\/#organization\"},\"potentialAction\":[{\"@type\":\"SearchAction\",\"target\":{\"@type\":\"EntryPoint\",\"urlTemplate\":\"https:\\\/\\\/periodicorealidades.com\\\/?s={search_term_string}\"},\"query-input\":{\"@type\":\"PropertyValueSpecification\",\"valueRequired\":true,\"valueName\":\"search_term_string\"}}],\"inLanguage\":\"es\"},{\"@type\":\"Organization\",\"@id\":\"https:\\\/\\\/periodicorealidades.com\\\/#organization\",\"name\":\"Peri\u00f3dico Realidades\",\"url\":\"https:\\\/\\\/periodicorealidades.com\\\/\",\"logo\":{\"@type\":\"ImageObject\",\"inLanguage\":\"es\",\"@id\":\"https:\\\/\\\/periodicorealidades.com\\\/#\\\/schema\\\/logo\\\/image\\\/\",\"url\":\"https:\\\/\\\/periodicorealidades.com\\\/wp-content\\\/uploads\\\/2023\\\/05\\\/r-prueba.png\",\"contentUrl\":\"https:\\\/\\\/periodicorealidades.com\\\/wp-content\\\/uploads\\\/2023\\\/05\\\/r-prueba.png\",\"width\":709,\"height\":709,\"caption\":\"Peri\u00f3dico Realidades\"},\"image\":{\"@id\":\"https:\\\/\\\/periodicorealidades.com\\\/#\\\/schema\\\/logo\\\/image\\\/\"},\"sameAs\":[\"https:\\\/\\\/www.facebook.com\\\/periodicorealidades.denayarit?mibextid=LQQJ4d\"]},{\"@type\":\"Person\",\"@id\":\"https:\\\/\\\/periodicorealidades.com\\\/#\\\/schema\\\/person\\\/c27da34ee13acaec3162071a3e1c7832\",\"name\":\"editor\",\"image\":{\"@type\":\"ImageObject\",\"inLanguage\":\"es\",\"@id\":\"https:\\\/\\\/secure.gravatar.com\\\/avatar\\\/dda3c3f59ea25f4b53cd53df977b0b2628039b17268e57c944a79a00e8a56e26?s=96&d=mm&r=g\",\"url\":\"https:\\\/\\\/secure.gravatar.com\\\/avatar\\\/dda3c3f59ea25f4b53cd53df977b0b2628039b17268e57c944a79a00e8a56e26?s=96&d=mm&r=g\",\"contentUrl\":\"https:\\\/\\\/secure.gravatar.com\\\/avatar\\\/dda3c3f59ea25f4b53cd53df977b0b2628039b17268e57c944a79a00e8a56e26?s=96&d=mm&r=g\",\"caption\":\"editor\"},\"url\":\"https:\\\/\\\/periodicorealidades.com\\\/index.php\\\/author\\\/editor\\\/\"}]}<\/script>\n<!-- \/ Yoast SEO plugin. -->","yoast_head_json":{"title":"Suspenden extradici\u00f3n de \u2018El Jardinero\u2019 a los Estados Unidos - Peri\u00f3dico Realidades","robots":{"index":"index","follow":"follow","max-snippet":"max-snippet:-1","max-image-preview":"max-image-preview:large","max-video-preview":"max-video-preview:-1"},"canonical":"https:\/\/periodicorealidades.com\/index.php\/2026\/09\/03\/suspenden-extradicion-de-el-jardinero-a-los-estados-unidos\/","og_locale":"es_MX","og_type":"article","og_title":"Suspenden extradici\u00f3n de \u2018El Jardinero\u2019 a los Estados Unidos - Peri\u00f3dico Realidades","og_description":"El ex jefe regional del C\u00e1rtel Jalisco Nueva Generaci\u00f3n (CJNG), Audias Flores Silva, alias \u2018El Jardinero\u2019, obtuvo una suspensi\u00f3n de plano que, por el momento, impide su extradici\u00f3n a Estados Unidos, donde es requerido por una corte de distrito en Columbia para enfrentar cargos relacionados con tr\u00e1fico de drogas y lavado de dinero. Por: Agencias [&hellip;]","og_url":"https:\/\/periodicorealidades.com\/index.php\/2026\/09\/03\/suspenden-extradicion-de-el-jardinero-a-los-estados-unidos\/","og_site_name":"Peri\u00f3dico Realidades","article_publisher":"https:\/\/www.facebook.com\/periodicorealidades.denayarit?mibextid=LQQJ4d","article_published_time":"2026-09-04T04:46:28+00:00","article_modified_time":"2026-09-04T04:46:29+00:00","og_image":[{"width":738,"height":414,"url":"https:\/\/periodicorealidades.com\/wp-content\/uploads\/2026\/09\/image-47.png","type":"image\/png"}],"author":"editor","twitter_card":"summary_large_image","twitter_misc":{"Escrito por":"editor","Tiempo de lectura":"2 minutos"},"schema":{"@context":"https:\/\/schema.org","@graph":[{"@type":"Article","@id":"https:\/\/periodicorealidades.com\/index.php\/2026\/09\/03\/suspenden-extradicion-de-el-jardinero-a-los-estados-unidos\/#article","isPartOf":{"@id":"https:\/\/periodicorealidades.com\/index.php\/2026\/09\/03\/suspenden-extradicion-de-el-jardinero-a-los-estados-unidos\/"},"author":{"name":"editor","@id":"https:\/\/periodicorealidades.com\/#\/schema\/person\/c27da34ee13acaec3162071a3e1c7832"},"headline":"Suspenden extradici\u00f3n de \u2018El Jardinero\u2019 a los Estados Unidos","datePublished":"2026-09-04T04:46:28+00:00","dateModified":"2026-09-04T04:46:29+00:00","mainEntityOfPage":{"@id":"https:\/\/periodicorealidades.com\/index.php\/2026\/09\/03\/suspenden-extradicion-de-el-jardinero-a-los-estados-unidos\/"},"wordCount":407,"publisher":{"@id":"https:\/\/periodicorealidades.com\/#organization"},"image":{"@id":"https:\/\/periodicorealidades.com\/index.php\/2026\/09\/03\/suspenden-extradicion-de-el-jardinero-a-los-estados-unidos\/#primaryimage"},"thumbnailUrl":"https:\/\/periodicorealidades.com\/wp-content\/uploads\/2026\/09\/image-47.png","articleSection":["Nacional","Principal"],"inLanguage":"es"},{"@type":"WebPage","@id":"https:\/\/periodicorealidades.com\/index.php\/2026\/09\/03\/suspenden-extradicion-de-el-jardinero-a-los-estados-unidos\/","url":"https:\/\/periodicorealidades.com\/index.php\/2026\/09\/03\/suspenden-extradicion-de-el-jardinero-a-los-estados-unidos\/","name":"Suspenden extradici\u00f3n de \u2018El Jardinero\u2019 a los Estados Unidos - Peri\u00f3dico Realidades","isPartOf":{"@id":"https:\/\/periodicorealidades.com\/#website"},"primaryImageOfPage":{"@id":"https:\/\/periodicorealidades.com\/index.php\/2026\/09\/03\/suspenden-extradicion-de-el-jardinero-a-los-estados-unidos\/#primaryimage"},"image":{"@id":"https:\/\/periodicorealidades.com\/index.php\/2026\/09\/03\/suspenden-extradicion-de-el-jardinero-a-los-estados-unidos\/#primaryimage"},"thumbnailUrl":"https:\/\/periodicorealidades.com\/wp-content\/uploads\/2026\/09\/image-47.png","datePublished":"2026-09-04T04:46:28+00:00","dateModified":"2026-09-04T04:46:29+00:00","breadcrumb":{"@id":"https:\/\/periodicorealidades.com\/index.php\/2026\/09\/03\/suspenden-extradicion-de-el-jardinero-a-los-estados-unidos\/#breadcrumb"},"inLanguage":"es","potentialAction":[{"@type":"ReadAction","target":["https:\/\/periodicorealidades.com\/index.php\/2026\/09\/03\/suspenden-extradicion-de-el-jardinero-a-los-estados-unidos\/"]}]},{"@type":"ImageObject","inLanguage":"es","@id":"https:\/\/periodicorealidades.com\/index.php\/2026\/09\/03\/suspenden-extradicion-de-el-jardinero-a-los-estados-unidos\/#primaryimage","url":"https:\/\/periodicorealidades.com\/wp-content\/uploads\/2026\/09\/image-47.png","contentUrl":"https:\/\/periodicorealidades.com\/wp-content\/uploads\/2026\/09\/image-47.png","width":738,"height":414},{"@type":"BreadcrumbList","@id":"https:\/\/periodicorealidades.com\/index.php\/2026\/09\/03\/suspenden-extradicion-de-el-jardinero-a-los-estados-unidos\/#breadcrumb","itemListElement":[{"@type":"ListItem","position":1,"name":"Inicio","item":"https:\/\/periodicorealidades.com\/"},{"@type":"ListItem","position":2,"name":"Suspenden extradici\u00f3n de \u2018El Jardinero\u2019 a los Estados Unidos"}]},{"@type":"WebSite","@id":"https:\/\/periodicorealidades.com\/#website","url":"https:\/\/periodicorealidades.com\/","name":"Peri\u00f3dico Realidades","description":"M\u00e9dio de comunicaci\u00f3n en Nayarit","publisher":{"@id":"https:\/\/periodicorealidades.com\/#organization"},"potentialAction":[{"@type":"SearchAction","target":{"@type":"EntryPoint","urlTemplate":"https:\/\/periodicorealidades.com\/?s={search_term_string}"},"query-input":{"@type":"PropertyValueSpecification","valueRequired":true,"valueName":"search_term_string"}}],"inLanguage":"es"},{"@type":"Organization","@id":"https:\/\/periodicorealidades.com\/#organization","name":"Peri\u00f3dico Realidades","url":"https:\/\/periodicorealidades.com\/","logo":{"@type":"ImageObject","inLanguage":"es","@id":"https:\/\/periodicorealidades.com\/#\/schema\/logo\/image\/","url":"https:\/\/periodicorealidades.com\/wp-content\/uploads\/2023\/05\/r-prueba.png","contentUrl":"https:\/\/periodicorealidades.com\/wp-content\/uploads\/2023\/05\/r-prueba.png","width":709,"height":709,"caption":"Peri\u00f3dico Realidades"},"image":{"@id":"https:\/\/periodicorealidades.com\/#\/schema\/logo\/image\/"},"sameAs":["https:\/\/www.facebook.com\/periodicorealidades.denayarit?mibextid=LQQJ4d"]},{"@type":"Person","@id":"https:\/\/periodicorealidades.com\/#\/schema\/person\/c27da34ee13acaec3162071a3e1c7832","name":"editor","image":{"@type":"ImageObject","inLanguage":"es","@id":"https:\/\/secure.gravatar.com\/avatar\/dda3c3f59ea25f4b53cd53df977b0b2628039b17268e57c944a79a00e8a56e26?s=96&d=mm&r=g","url":"https:\/\/secure.gravatar.com\/avatar\/dda3c3f59ea25f4b53cd53df977b0b2628039b17268e57c944a79a00e8a56e26?s=96&d=mm&r=g","contentUrl":"https:\/\/secure.gravatar.com\/avatar\/dda3c3f59ea25f4b53cd53df977b0b2628039b17268e57c944a79a00e8a56e26?s=96&d=mm&r=g","caption":"editor"},"url":"https:\/\/periodicorealidades.com\/index.php\/author\/editor\/"}]}},"_links":{"self":[{"href":"https:\/\/periodicorealidades.com\/index.php\/wp-json\/wp\/v2\/posts\/78075","targetHints":{"allow":["GET"]}}],"collection":[{"href":"https:\/\/periodicorealidades.com\/index.php\/wp-json\/wp\/v2\/posts"}],"about":[{"href":"https:\/\/periodicorealidades.com\/index.php\/wp-json\/wp\/v2\/types\/post"}],"author":[{"embeddable":true,"href":"https:\/\/periodicorealidades.com\/index.php\/wp-json\/wp\/v2\/users\/2"}],"replies":[{"embeddable":true,"href":"https:\/\/periodicorealidades.com\/index.php\/wp-json\/wp\/v2\/comments?post=78075"}],"version-history":[{"count":1,"href":"https:\/\/periodicorealidades.com\/index.php\/wp-json\/wp\/v2\/posts\/78075\/revisions"}],"predecessor-version":[{"id":78076,"href":"https:\/\/periodicorealidades.com\/index.php\/wp-json\/wp\/v2\/posts\/78075\/revisions\/78076"}],"wp:featuredmedia":[{"embeddable":true,"href":"https:\/\/periodicorealidades.com\/index.php\/wp-json\/wp\/v2\/media\/78062"}],"wp:attachment":[{"href":"https:\/\/periodicorealidades.com\/index.php\/wp-json\/wp\/v2\/media?parent=78075"}],"wp:term":[{"taxonomy":"category","embeddable":true,"href":"https:\/\/periodicorealidades.com\/index.php\/wp-json\/wp\/v2\/categories?post=78075"},{"taxonomy":"post_tag","embeddable":true,"href":"https:\/\/periodicorealidades.com\/index.php\/wp-json\/wp\/v2\/tags?post=78075"}],"curies":[{"name":"wp","href":"https:\/\/api.w.org\/{rel}","templated":true}]}}