{"id":78111,"date":"2026-09-03T21:53:04","date_gmt":"2026-09-04T04:53:04","guid":{"rendered":"https:\/\/periodicorealidades.com\/?p=78111"},"modified":"2026-09-03T21:53:05","modified_gmt":"2026-09-04T04:53:05","slug":"reconocera-congreso-a-mujeres-indigenas-del-estado-de-nayarit","status":"publish","type":"post","link":"https:\/\/periodicorealidades.com\/index.php\/2026\/09\/03\/reconocera-congreso-a-mujeres-indigenas-del-estado-de-nayarit\/","title":{"rendered":"Reconocer\u00e1 Congreso a mujeres ind\u00edgenas del estado de\u00a0Nayarit"},"content":{"rendered":"\n<p class=\"wp-block-paragraph\">Para destacar la trayectoria, liderazgo y aportaciones para Nayarit, el Congreso del Estado entregar\u00e1 el Galard\u00f3n de Mujer Ind\u00edgena 2026 a cuatro mujeres que han contribuido a preservar la cultura, defender los derechos de los pueblos originarios y fortalecer el desarrollo comunitario.<\/p>\n\n\n\n<figure class=\"wp-block-image size-large\"><img loading=\"lazy\" decoding=\"async\" width=\"1024\" height=\"683\" src=\"https:\/\/periodicorealidades.com\/wp-content\/uploads\/2026\/09\/WhatsApp-Image-2026-09-03-at-8.55.23-PM-1024x683.jpeg\" alt=\"\" class=\"wp-image-78115\" srcset=\"https:\/\/periodicorealidades.com\/wp-content\/uploads\/2026\/09\/WhatsApp-Image-2026-09-03-at-8.55.23-PM-1024x683.jpeg 1024w, https:\/\/periodicorealidades.com\/wp-content\/uploads\/2026\/09\/WhatsApp-Image-2026-09-03-at-8.55.23-PM-300x200.jpeg 300w, https:\/\/periodicorealidades.com\/wp-content\/uploads\/2026\/09\/WhatsApp-Image-2026-09-03-at-8.55.23-PM-768x512.jpeg 768w, https:\/\/periodicorealidades.com\/wp-content\/uploads\/2026\/09\/WhatsApp-Image-2026-09-03-at-8.55.23-PM-696x464.jpeg 696w, https:\/\/periodicorealidades.com\/wp-content\/uploads\/2026\/09\/WhatsApp-Image-2026-09-03-at-8.55.23-PM-1068x713.jpeg 1068w, https:\/\/periodicorealidades.com\/wp-content\/uploads\/2026\/09\/WhatsApp-Image-2026-09-03-at-8.55.23-PM.jpeg 1280w\" sizes=\"auto, (max-width: 1024px) 100vw, 1024px\" \/><\/figure>\n\n\n\n<p class=\"wp-block-paragraph\">Por: Bolet\u00ecn<\/p>\n\n\n\n<p class=\"wp-block-paragraph\">Tepic, Nayarit; viernes, 04 de septiembre de 2026.- En reuni\u00f3n colegiada de la Comisi\u00f3n para el Respeto y Preservaci\u00f3n de la Cultura de los Pueblos Originarios, las y los diputados locales, luego de analizar y valorar su trayectoria, votaron a favor de Aurelia Carrillo Garc\u00eda, Evangelina Mej\u00eda D\u00edaz, Angela Mart\u00ednez D\u00edaz y Diana Ram\u00edrez Borjas para ser galardonadas en el marco del D\u00eda Estatal de la Mujer Ind\u00edgena.<\/p>\n\n\n\n<p class=\"wp-block-paragraph\">En la categor\u00eda defensa de los derechos, participaci\u00f3n de las mujeres ind\u00edgenas y de los pueblos originarios, ser\u00e1 reconocida Aurelia Carrillo Garc\u00eda, integrante de la comunidad Wix\u00e1rika de Ixtl\u00e1n del R\u00edo y presidenta del grupo Chiwime, A.C.<\/p>\n\n\n\n<figure class=\"wp-block-image size-large\"><img loading=\"lazy\" decoding=\"async\" width=\"1024\" height=\"683\" src=\"https:\/\/periodicorealidades.com\/wp-content\/uploads\/2026\/09\/WhatsApp-Image-2026-09-03-at-8.55.22-PM-1024x683.jpeg\" alt=\"\" class=\"wp-image-78113\" srcset=\"https:\/\/periodicorealidades.com\/wp-content\/uploads\/2026\/09\/WhatsApp-Image-2026-09-03-at-8.55.22-PM-1024x683.jpeg 1024w, https:\/\/periodicorealidades.com\/wp-content\/uploads\/2026\/09\/WhatsApp-Image-2026-09-03-at-8.55.22-PM-300x200.jpeg 300w, https:\/\/periodicorealidades.com\/wp-content\/uploads\/2026\/09\/WhatsApp-Image-2026-09-03-at-8.55.22-PM-768x512.jpeg 768w, https:\/\/periodicorealidades.com\/wp-content\/uploads\/2026\/09\/WhatsApp-Image-2026-09-03-at-8.55.22-PM-696x464.jpeg 696w, https:\/\/periodicorealidades.com\/wp-content\/uploads\/2026\/09\/WhatsApp-Image-2026-09-03-at-8.55.22-PM-1068x713.jpeg 1068w, https:\/\/periodicorealidades.com\/wp-content\/uploads\/2026\/09\/WhatsApp-Image-2026-09-03-at-8.55.22-PM.jpeg 1280w\" sizes=\"auto, (max-width: 1024px) 100vw, 1024px\" \/><\/figure>\n\n\n\n<p class=\"wp-block-paragraph\">Evangelina Mej\u00eda D\u00edaz, mujer originaria de Jes\u00fas Mar\u00eda y primera mujer ind\u00edgena en ocupar la administraci\u00f3n del Hospital Mixto Jes\u00fas Mar\u00eda, ser\u00e1 reconocida por su liderazgo comunitario, defensa del territorio y cuidado del medio ambiente.<\/p>\n\n\n\n<p class=\"wp-block-paragraph\">En preservaci\u00f3n cultural, educaci\u00f3n y transmisi\u00f3n de conocimientos, ser\u00e1n galardonadas Angela Mart\u00ednez D\u00edaz, mujer Wix\u00e1rika, defensora del territorio y promotora de sus tradiciones y Diana Ram\u00edrez Borjas, joven docente y promotora de la educaci\u00f3n, la cultura y el fortalecimiento de los pueblos originarios.<\/p>\n\n\n\n<figure class=\"wp-block-image size-large\"><img loading=\"lazy\" decoding=\"async\" width=\"1024\" height=\"683\" src=\"https:\/\/periodicorealidades.com\/wp-content\/uploads\/2026\/09\/WhatsApp-Image-2026-09-03-at-8.55.22-PM-1-1024x683.jpeg\" alt=\"\" class=\"wp-image-78112\" srcset=\"https:\/\/periodicorealidades.com\/wp-content\/uploads\/2026\/09\/WhatsApp-Image-2026-09-03-at-8.55.22-PM-1-1024x683.jpeg 1024w, https:\/\/periodicorealidades.com\/wp-content\/uploads\/2026\/09\/WhatsApp-Image-2026-09-03-at-8.55.22-PM-1-300x200.jpeg 300w, https:\/\/periodicorealidades.com\/wp-content\/uploads\/2026\/09\/WhatsApp-Image-2026-09-03-at-8.55.22-PM-1-768x512.jpeg 768w, https:\/\/periodicorealidades.com\/wp-content\/uploads\/2026\/09\/WhatsApp-Image-2026-09-03-at-8.55.22-PM-1-696x464.jpeg 696w, https:\/\/periodicorealidades.com\/wp-content\/uploads\/2026\/09\/WhatsApp-Image-2026-09-03-at-8.55.22-PM-1-1068x713.jpeg 1068w, https:\/\/periodicorealidades.com\/wp-content\/uploads\/2026\/09\/WhatsApp-Image-2026-09-03-at-8.55.22-PM-1.jpeg 1280w\" sizes=\"auto, (max-width: 1024px) 100vw, 1024px\" \/><\/figure>\n\n\n\n<p class=\"wp-block-paragraph\">La entrega del Galard\u00f3n a la Mujer Ind\u00edgena 2026, se realizar\u00e1 el pr\u00f3ximo lunes 7 de septiembre, en el patio central presidente Venustiano Carranza Garza.<\/p>\n\n\n\n<p class=\"wp-block-paragraph\">Durante la misma jornada legislativa, las y los diputados integrantes de la Comisi\u00f3n de Trabajo y Previsi\u00f3n Social, aprobaron el acuerdo que emite la Convocatoria P\u00fablica para el proceso de selecci\u00f3n del titular de la presidencia del Instituto de Justicia Laboral Burocr\u00e1tica para el Estado de Nayarit, as\u00ed como la integraci\u00f3n del Comit\u00e9 de Evaluaci\u00f3n correspondiente.<\/p>\n","protected":false},"excerpt":{"rendered":"<p>Para destacar la trayectoria, liderazgo y aportaciones para Nayarit, el Congreso del Estado entregar\u00e1 el Galard\u00f3n de Mujer Ind\u00edgena 2026 a cuatro mujeres que han contribuido a preservar la cultura, defender los derechos de los pueblos originarios y fortalecer el desarrollo comunitario. Por: Bolet\u00ecn Tepic, Nayarit; viernes, 04 de septiembre de 2026.- En reuni\u00f3n colegiada [&hellip;]<\/p>\n","protected":false},"author":2,"featured_media":78114,"comment_status":"closed","ping_status":"open","sticky":false,"template":"","format":"standard","meta":{"footnotes":""},"categories":[4,7],"tags":[],"class_list":["post-78111","post","type-post","status-publish","format-standard","has-post-thumbnail","category-principal","category-tepic"],"yoast_head":"<!-- This site is optimized with the Yoast SEO plugin v28.3 - https:\/\/yoast.com\/product\/yoast-seo-wordpress\/ -->\n<title>Reconocer\u00e1 Congreso a mujeres ind\u00edgenas del estado de\u00a0Nayarit - Peri\u00f3dico Realidades<\/title>\n<meta name=\"robots\" content=\"index, follow, max-snippet:-1, max-image-preview:large, max-video-preview:-1\" \/>\n<link rel=\"canonical\" href=\"https:\/\/periodicorealidades.com\/index.php\/2026\/09\/03\/reconocera-congreso-a-mujeres-indigenas-del-estado-de-nayarit\/\" \/>\n<meta property=\"og:locale\" content=\"es_MX\" \/>\n<meta property=\"og:type\" content=\"article\" \/>\n<meta property=\"og:title\" content=\"Reconocer\u00e1 Congreso a mujeres ind\u00edgenas del estado de\u00a0Nayarit - Peri\u00f3dico Realidades\" \/>\n<meta property=\"og:description\" content=\"Para destacar la trayectoria, liderazgo y aportaciones para Nayarit, el Congreso del Estado entregar\u00e1 el Galard\u00f3n de Mujer Ind\u00edgena 2026 a cuatro mujeres que han contribuido a preservar la cultura, defender los derechos de los pueblos originarios y fortalecer el desarrollo comunitario. Por: Bolet\u00ecn Tepic, Nayarit; viernes, 04 de septiembre de 2026.- En reuni\u00f3n colegiada [&hellip;]\" \/>\n<meta property=\"og:url\" content=\"https:\/\/periodicorealidades.com\/index.php\/2026\/09\/03\/reconocera-congreso-a-mujeres-indigenas-del-estado-de-nayarit\/\" \/>\n<meta property=\"og:site_name\" content=\"Peri\u00f3dico Realidades\" \/>\n<meta property=\"article:publisher\" content=\"https:\/\/www.facebook.com\/periodicorealidades.denayarit?mibextid=LQQJ4d\" \/>\n<meta property=\"article:published_time\" content=\"2026-09-04T04:53:04+00:00\" \/>\n<meta property=\"article:modified_time\" content=\"2026-09-04T04:53:05+00:00\" \/>\n<meta property=\"og:image\" content=\"https:\/\/periodicorealidades.com\/wp-content\/uploads\/2026\/09\/WhatsApp-Image-2026-09-03-at-8.55.23-PM-1.jpeg\" \/>\n\t<meta property=\"og:image:width\" content=\"1280\" \/>\n\t<meta property=\"og:image:height\" content=\"854\" \/>\n\t<meta property=\"og:image:type\" content=\"image\/jpeg\" \/>\n<meta name=\"author\" content=\"editor\" \/>\n<meta name=\"twitter:card\" content=\"summary_large_image\" \/>\n<meta name=\"twitter:label1\" content=\"Escrito por\" \/>\n\t<meta name=\"twitter:data1\" content=\"editor\" \/>\n\t<meta name=\"twitter:label2\" content=\"Tiempo de lectura\" \/>\n\t<meta name=\"twitter:data2\" content=\"3 minutos\" \/>\n<script type=\"application\/ld+json\" class=\"yoast-schema-graph\">{\"@context\":\"https:\\\/\\\/schema.org\",\"@graph\":[{\"@type\":\"Article\",\"@id\":\"https:\\\/\\\/periodicorealidades.com\\\/index.php\\\/2026\\\/09\\\/03\\\/reconocera-congreso-a-mujeres-indigenas-del-estado-de-nayarit\\\/#article\",\"isPartOf\":{\"@id\":\"https:\\\/\\\/periodicorealidades.com\\\/index.php\\\/2026\\\/09\\\/03\\\/reconocera-congreso-a-mujeres-indigenas-del-estado-de-nayarit\\\/\"},\"author\":{\"name\":\"editor\",\"@id\":\"https:\\\/\\\/periodicorealidades.com\\\/#\\\/schema\\\/person\\\/c27da34ee13acaec3162071a3e1c7832\"},\"headline\":\"Reconocer\u00e1 Congreso a mujeres ind\u00edgenas del estado de\u00a0Nayarit\",\"datePublished\":\"2026-09-04T04:53:04+00:00\",\"dateModified\":\"2026-09-04T04:53:05+00:00\",\"mainEntityOfPage\":{\"@id\":\"https:\\\/\\\/periodicorealidades.com\\\/index.php\\\/2026\\\/09\\\/03\\\/reconocera-congreso-a-mujeres-indigenas-del-estado-de-nayarit\\\/\"},\"wordCount\":363,\"publisher\":{\"@id\":\"https:\\\/\\\/periodicorealidades.com\\\/#organization\"},\"image\":{\"@id\":\"https:\\\/\\\/periodicorealidades.com\\\/index.php\\\/2026\\\/09\\\/03\\\/reconocera-congreso-a-mujeres-indigenas-del-estado-de-nayarit\\\/#primaryimage\"},\"thumbnailUrl\":\"https:\\\/\\\/periodicorealidades.com\\\/wp-content\\\/uploads\\\/2026\\\/09\\\/WhatsApp-Image-2026-09-03-at-8.55.23-PM-1.jpeg\",\"articleSection\":[\"Principal\",\"Tepic\"],\"inLanguage\":\"es\"},{\"@type\":\"WebPage\",\"@id\":\"https:\\\/\\\/periodicorealidades.com\\\/index.php\\\/2026\\\/09\\\/03\\\/reconocera-congreso-a-mujeres-indigenas-del-estado-de-nayarit\\\/\",\"url\":\"https:\\\/\\\/periodicorealidades.com\\\/index.php\\\/2026\\\/09\\\/03\\\/reconocera-congreso-a-mujeres-indigenas-del-estado-de-nayarit\\\/\",\"name\":\"Reconocer\u00e1 Congreso a mujeres ind\u00edgenas del estado de\u00a0Nayarit - Peri\u00f3dico Realidades\",\"isPartOf\":{\"@id\":\"https:\\\/\\\/periodicorealidades.com\\\/#website\"},\"primaryImageOfPage\":{\"@id\":\"https:\\\/\\\/periodicorealidades.com\\\/index.php\\\/2026\\\/09\\\/03\\\/reconocera-congreso-a-mujeres-indigenas-del-estado-de-nayarit\\\/#primaryimage\"},\"image\":{\"@id\":\"https:\\\/\\\/periodicorealidades.com\\\/index.php\\\/2026\\\/09\\\/03\\\/reconocera-congreso-a-mujeres-indigenas-del-estado-de-nayarit\\\/#primaryimage\"},\"thumbnailUrl\":\"https:\\\/\\\/periodicorealidades.com\\\/wp-content\\\/uploads\\\/2026\\\/09\\\/WhatsApp-Image-2026-09-03-at-8.55.23-PM-1.jpeg\",\"datePublished\":\"2026-09-04T04:53:04+00:00\",\"dateModified\":\"2026-09-04T04:53:05+00:00\",\"breadcrumb\":{\"@id\":\"https:\\\/\\\/periodicorealidades.com\\\/index.php\\\/2026\\\/09\\\/03\\\/reconocera-congreso-a-mujeres-indigenas-del-estado-de-nayarit\\\/#breadcrumb\"},\"inLanguage\":\"es\",\"potentialAction\":[{\"@type\":\"ReadAction\",\"target\":[\"https:\\\/\\\/periodicorealidades.com\\\/index.php\\\/2026\\\/09\\\/03\\\/reconocera-congreso-a-mujeres-indigenas-del-estado-de-nayarit\\\/\"]}]},{\"@type\":\"ImageObject\",\"inLanguage\":\"es\",\"@id\":\"https:\\\/\\\/periodicorealidades.com\\\/index.php\\\/2026\\\/09\\\/03\\\/reconocera-congreso-a-mujeres-indigenas-del-estado-de-nayarit\\\/#primaryimage\",\"url\":\"https:\\\/\\\/periodicorealidades.com\\\/wp-content\\\/uploads\\\/2026\\\/09\\\/WhatsApp-Image-2026-09-03-at-8.55.23-PM-1.jpeg\",\"contentUrl\":\"https:\\\/\\\/periodicorealidades.com\\\/wp-content\\\/uploads\\\/2026\\\/09\\\/WhatsApp-Image-2026-09-03-at-8.55.23-PM-1.jpeg\",\"width\":1280,\"height\":854},{\"@type\":\"BreadcrumbList\",\"@id\":\"https:\\\/\\\/periodicorealidades.com\\\/index.php\\\/2026\\\/09\\\/03\\\/reconocera-congreso-a-mujeres-indigenas-del-estado-de-nayarit\\\/#breadcrumb\",\"itemListElement\":[{\"@type\":\"ListItem\",\"position\":1,\"name\":\"Inicio\",\"item\":\"https:\\\/\\\/periodicorealidades.com\\\/\"},{\"@type\":\"ListItem\",\"position\":2,\"name\":\"Reconocer\u00e1 Congreso a mujeres ind\u00edgenas del estado de\u00a0Nayarit\"}]},{\"@type\":\"WebSite\",\"@id\":\"https:\\\/\\\/periodicorealidades.com\\\/#website\",\"url\":\"https:\\\/\\\/periodicorealidades.com\\\/\",\"name\":\"Peri\u00f3dico Realidades\",\"description\":\"M\u00e9dio de comunicaci\u00f3n en Nayarit\",\"publisher\":{\"@id\":\"https:\\\/\\\/periodicorealidades.com\\\/#organization\"},\"potentialAction\":[{\"@type\":\"SearchAction\",\"target\":{\"@type\":\"EntryPoint\",\"urlTemplate\":\"https:\\\/\\\/periodicorealidades.com\\\/?s={search_term_string}\"},\"query-input\":{\"@type\":\"PropertyValueSpecification\",\"valueRequired\":true,\"valueName\":\"search_term_string\"}}],\"inLanguage\":\"es\"},{\"@type\":\"Organization\",\"@id\":\"https:\\\/\\\/periodicorealidades.com\\\/#organization\",\"name\":\"Peri\u00f3dico Realidades\",\"url\":\"https:\\\/\\\/periodicorealidades.com\\\/\",\"logo\":{\"@type\":\"ImageObject\",\"inLanguage\":\"es\",\"@id\":\"https:\\\/\\\/periodicorealidades.com\\\/#\\\/schema\\\/logo\\\/image\\\/\",\"url\":\"https:\\\/\\\/periodicorealidades.com\\\/wp-content\\\/uploads\\\/2023\\\/05\\\/r-prueba.png\",\"contentUrl\":\"https:\\\/\\\/periodicorealidades.com\\\/wp-content\\\/uploads\\\/2023\\\/05\\\/r-prueba.png\",\"width\":709,\"height\":709,\"caption\":\"Peri\u00f3dico Realidades\"},\"image\":{\"@id\":\"https:\\\/\\\/periodicorealidades.com\\\/#\\\/schema\\\/logo\\\/image\\\/\"},\"sameAs\":[\"https:\\\/\\\/www.facebook.com\\\/periodicorealidades.denayarit?mibextid=LQQJ4d\"]},{\"@type\":\"Person\",\"@id\":\"https:\\\/\\\/periodicorealidades.com\\\/#\\\/schema\\\/person\\\/c27da34ee13acaec3162071a3e1c7832\",\"name\":\"editor\",\"image\":{\"@type\":\"ImageObject\",\"inLanguage\":\"es\",\"@id\":\"https:\\\/\\\/secure.gravatar.com\\\/avatar\\\/dda3c3f59ea25f4b53cd53df977b0b2628039b17268e57c944a79a00e8a56e26?s=96&d=mm&r=g\",\"url\":\"https:\\\/\\\/secure.gravatar.com\\\/avatar\\\/dda3c3f59ea25f4b53cd53df977b0b2628039b17268e57c944a79a00e8a56e26?s=96&d=mm&r=g\",\"contentUrl\":\"https:\\\/\\\/secure.gravatar.com\\\/avatar\\\/dda3c3f59ea25f4b53cd53df977b0b2628039b17268e57c944a79a00e8a56e26?s=96&d=mm&r=g\",\"caption\":\"editor\"},\"url\":\"https:\\\/\\\/periodicorealidades.com\\\/index.php\\\/author\\\/editor\\\/\"}]}<\/script>\n<!-- \/ Yoast SEO plugin. -->","yoast_head_json":{"title":"Reconocer\u00e1 Congreso a mujeres ind\u00edgenas del estado de\u00a0Nayarit - Peri\u00f3dico Realidades","robots":{"index":"index","follow":"follow","max-snippet":"max-snippet:-1","max-image-preview":"max-image-preview:large","max-video-preview":"max-video-preview:-1"},"canonical":"https:\/\/periodicorealidades.com\/index.php\/2026\/09\/03\/reconocera-congreso-a-mujeres-indigenas-del-estado-de-nayarit\/","og_locale":"es_MX","og_type":"article","og_title":"Reconocer\u00e1 Congreso a mujeres ind\u00edgenas del estado de\u00a0Nayarit - Peri\u00f3dico Realidades","og_description":"Para destacar la trayectoria, liderazgo y aportaciones para Nayarit, el Congreso del Estado entregar\u00e1 el Galard\u00f3n de Mujer Ind\u00edgena 2026 a cuatro mujeres que han contribuido a preservar la cultura, defender los derechos de los pueblos originarios y fortalecer el desarrollo comunitario. Por: Bolet\u00ecn Tepic, Nayarit; viernes, 04 de septiembre de 2026.- En reuni\u00f3n colegiada [&hellip;]","og_url":"https:\/\/periodicorealidades.com\/index.php\/2026\/09\/03\/reconocera-congreso-a-mujeres-indigenas-del-estado-de-nayarit\/","og_site_name":"Peri\u00f3dico Realidades","article_publisher":"https:\/\/www.facebook.com\/periodicorealidades.denayarit?mibextid=LQQJ4d","article_published_time":"2026-09-04T04:53:04+00:00","article_modified_time":"2026-09-04T04:53:05+00:00","og_image":[{"width":1280,"height":854,"url":"https:\/\/periodicorealidades.com\/wp-content\/uploads\/2026\/09\/WhatsApp-Image-2026-09-03-at-8.55.23-PM-1.jpeg","type":"image\/jpeg"}],"author":"editor","twitter_card":"summary_large_image","twitter_misc":{"Escrito por":"editor","Tiempo de lectura":"3 minutos"},"schema":{"@context":"https:\/\/schema.org","@graph":[{"@type":"Article","@id":"https:\/\/periodicorealidades.com\/index.php\/2026\/09\/03\/reconocera-congreso-a-mujeres-indigenas-del-estado-de-nayarit\/#article","isPartOf":{"@id":"https:\/\/periodicorealidades.com\/index.php\/2026\/09\/03\/reconocera-congreso-a-mujeres-indigenas-del-estado-de-nayarit\/"},"author":{"name":"editor","@id":"https:\/\/periodicorealidades.com\/#\/schema\/person\/c27da34ee13acaec3162071a3e1c7832"},"headline":"Reconocer\u00e1 Congreso a mujeres ind\u00edgenas del estado de\u00a0Nayarit","datePublished":"2026-09-04T04:53:04+00:00","dateModified":"2026-09-04T04:53:05+00:00","mainEntityOfPage":{"@id":"https:\/\/periodicorealidades.com\/index.php\/2026\/09\/03\/reconocera-congreso-a-mujeres-indigenas-del-estado-de-nayarit\/"},"wordCount":363,"publisher":{"@id":"https:\/\/periodicorealidades.com\/#organization"},"image":{"@id":"https:\/\/periodicorealidades.com\/index.php\/2026\/09\/03\/reconocera-congreso-a-mujeres-indigenas-del-estado-de-nayarit\/#primaryimage"},"thumbnailUrl":"https:\/\/periodicorealidades.com\/wp-content\/uploads\/2026\/09\/WhatsApp-Image-2026-09-03-at-8.55.23-PM-1.jpeg","articleSection":["Principal","Tepic"],"inLanguage":"es"},{"@type":"WebPage","@id":"https:\/\/periodicorealidades.com\/index.php\/2026\/09\/03\/reconocera-congreso-a-mujeres-indigenas-del-estado-de-nayarit\/","url":"https:\/\/periodicorealidades.com\/index.php\/2026\/09\/03\/reconocera-congreso-a-mujeres-indigenas-del-estado-de-nayarit\/","name":"Reconocer\u00e1 Congreso a mujeres ind\u00edgenas del estado de\u00a0Nayarit - Peri\u00f3dico Realidades","isPartOf":{"@id":"https:\/\/periodicorealidades.com\/#website"},"primaryImageOfPage":{"@id":"https:\/\/periodicorealidades.com\/index.php\/2026\/09\/03\/reconocera-congreso-a-mujeres-indigenas-del-estado-de-nayarit\/#primaryimage"},"image":{"@id":"https:\/\/periodicorealidades.com\/index.php\/2026\/09\/03\/reconocera-congreso-a-mujeres-indigenas-del-estado-de-nayarit\/#primaryimage"},"thumbnailUrl":"https:\/\/periodicorealidades.com\/wp-content\/uploads\/2026\/09\/WhatsApp-Image-2026-09-03-at-8.55.23-PM-1.jpeg","datePublished":"2026-09-04T04:53:04+00:00","dateModified":"2026-09-04T04:53:05+00:00","breadcrumb":{"@id":"https:\/\/periodicorealidades.com\/index.php\/2026\/09\/03\/reconocera-congreso-a-mujeres-indigenas-del-estado-de-nayarit\/#breadcrumb"},"inLanguage":"es","potentialAction":[{"@type":"ReadAction","target":["https:\/\/periodicorealidades.com\/index.php\/2026\/09\/03\/reconocera-congreso-a-mujeres-indigenas-del-estado-de-nayarit\/"]}]},{"@type":"ImageObject","inLanguage":"es","@id":"https:\/\/periodicorealidades.com\/index.php\/2026\/09\/03\/reconocera-congreso-a-mujeres-indigenas-del-estado-de-nayarit\/#primaryimage","url":"https:\/\/periodicorealidades.com\/wp-content\/uploads\/2026\/09\/WhatsApp-Image-2026-09-03-at-8.55.23-PM-1.jpeg","contentUrl":"https:\/\/periodicorealidades.com\/wp-content\/uploads\/2026\/09\/WhatsApp-Image-2026-09-03-at-8.55.23-PM-1.jpeg","width":1280,"height":854},{"@type":"BreadcrumbList","@id":"https:\/\/periodicorealidades.com\/index.php\/2026\/09\/03\/reconocera-congreso-a-mujeres-indigenas-del-estado-de-nayarit\/#breadcrumb","itemListElement":[{"@type":"ListItem","position":1,"name":"Inicio","item":"https:\/\/periodicorealidades.com\/"},{"@type":"ListItem","position":2,"name":"Reconocer\u00e1 Congreso a mujeres ind\u00edgenas del estado de\u00a0Nayarit"}]},{"@type":"WebSite","@id":"https:\/\/periodicorealidades.com\/#website","url":"https:\/\/periodicorealidades.com\/","name":"Peri\u00f3dico Realidades","description":"M\u00e9dio de comunicaci\u00f3n en Nayarit","publisher":{"@id":"https:\/\/periodicorealidades.com\/#organization"},"potentialAction":[{"@type":"SearchAction","target":{"@type":"EntryPoint","urlTemplate":"https:\/\/periodicorealidades.com\/?s={search_term_string}"},"query-input":{"@type":"PropertyValueSpecification","valueRequired":true,"valueName":"search_term_string"}}],"inLanguage":"es"},{"@type":"Organization","@id":"https:\/\/periodicorealidades.com\/#organization","name":"Peri\u00f3dico Realidades","url":"https:\/\/periodicorealidades.com\/","logo":{"@type":"ImageObject","inLanguage":"es","@id":"https:\/\/periodicorealidades.com\/#\/schema\/logo\/image\/","url":"https:\/\/periodicorealidades.com\/wp-content\/uploads\/2023\/05\/r-prueba.png","contentUrl":"https:\/\/periodicorealidades.com\/wp-content\/uploads\/2023\/05\/r-prueba.png","width":709,"height":709,"caption":"Peri\u00f3dico Realidades"},"image":{"@id":"https:\/\/periodicorealidades.com\/#\/schema\/logo\/image\/"},"sameAs":["https:\/\/www.facebook.com\/periodicorealidades.denayarit?mibextid=LQQJ4d"]},{"@type":"Person","@id":"https:\/\/periodicorealidades.com\/#\/schema\/person\/c27da34ee13acaec3162071a3e1c7832","name":"editor","image":{"@type":"ImageObject","inLanguage":"es","@id":"https:\/\/secure.gravatar.com\/avatar\/dda3c3f59ea25f4b53cd53df977b0b2628039b17268e57c944a79a00e8a56e26?s=96&d=mm&r=g","url":"https:\/\/secure.gravatar.com\/avatar\/dda3c3f59ea25f4b53cd53df977b0b2628039b17268e57c944a79a00e8a56e26?s=96&d=mm&r=g","contentUrl":"https:\/\/secure.gravatar.com\/avatar\/dda3c3f59ea25f4b53cd53df977b0b2628039b17268e57c944a79a00e8a56e26?s=96&d=mm&r=g","caption":"editor"},"url":"https:\/\/periodicorealidades.com\/index.php\/author\/editor\/"}]}},"_links":{"self":[{"href":"https:\/\/periodicorealidades.com\/index.php\/wp-json\/wp\/v2\/posts\/78111","targetHints":{"allow":["GET"]}}],"collection":[{"href":"https:\/\/periodicorealidades.com\/index.php\/wp-json\/wp\/v2\/posts"}],"about":[{"href":"https:\/\/periodicorealidades.com\/index.php\/wp-json\/wp\/v2\/types\/post"}],"author":[{"embeddable":true,"href":"https:\/\/periodicorealidades.com\/index.php\/wp-json\/wp\/v2\/users\/2"}],"replies":[{"embeddable":true,"href":"https:\/\/periodicorealidades.com\/index.php\/wp-json\/wp\/v2\/comments?post=78111"}],"version-history":[{"count":1,"href":"https:\/\/periodicorealidades.com\/index.php\/wp-json\/wp\/v2\/posts\/78111\/revisions"}],"predecessor-version":[{"id":78116,"href":"https:\/\/periodicorealidades.com\/index.php\/wp-json\/wp\/v2\/posts\/78111\/revisions\/78116"}],"wp:featuredmedia":[{"embeddable":true,"href":"https:\/\/periodicorealidades.com\/index.php\/wp-json\/wp\/v2\/media\/78114"}],"wp:attachment":[{"href":"https:\/\/periodicorealidades.com\/index.php\/wp-json\/wp\/v2\/media?parent=78111"}],"wp:term":[{"taxonomy":"category","embeddable":true,"href":"https:\/\/periodicorealidades.com\/index.php\/wp-json\/wp\/v2\/categories?post=78111"},{"taxonomy":"post_tag","embeddable":true,"href":"https:\/\/periodicorealidades.com\/index.php\/wp-json\/wp\/v2\/tags?post=78111"}],"curies":[{"name":"wp","href":"https:\/\/api.w.org\/{rel}","templated":true}]}}