{"id":78129,"date":"2026-09-04T14:32:18","date_gmt":"2026-09-04T21:32:18","guid":{"rendered":"https:\/\/periodicorealidades.com\/?p=78129"},"modified":"2026-09-04T14:32:18","modified_gmt":"2026-09-04T21:32:18","slug":"exempleadas-de-julio-iglesias-presentan-nueva-querella-por-presunta-agresion-sexual","status":"publish","type":"post","link":"https:\/\/periodicorealidades.com\/index.php\/2026\/09\/04\/exempleadas-de-julio-iglesias-presentan-nueva-querella-por-presunta-agresion-sexual\/","title":{"rendered":"Exempleadas de Julio Iglesias presentan nueva querella por presunta agresi\u00f3n sexual"},"content":{"rendered":"\n<p class=\"wp-block-paragraph\">&nbsp;Dos exempleadas de Julio Iglesias, identificadas con los nombres ficticios de Rebeca y Laura, presentaron una nueva querella contra el cantante por presuntos casos de acoso, agresi\u00f3n sexual y condiciones laborales abusivas.<\/p>\n\n\n\n<p class=\"wp-block-paragraph\">Las mujeres, una antigua empleada del hogar y una fisioterapeuta, hab\u00edan acudido en 2021 ante la Fiscal\u00eda para denunciar hechos que, seg\u00fan su testimonio, ocurrieron en propiedades del artista en Rep\u00fablica Dominicana y Bahamas. Sin embargo, la denuncia fue archivada al considerar que los tribunales espa\u00f1oles no ten\u00edan competencia para investigar los hechos debido a la falta de un v\u00ednculo relevante con Espa\u00f1a.<\/p>\n\n\n\n<p class=\"wp-block-paragraph\">Ahora, con el respaldo de la organizaci\u00f3n Women\u2019s Link, las exempleadas buscan que la justicia vuelva a analizar sus testimonios. La ONG sostiene que los hechos podr\u00edan constituir delitos de trata de seres humanos con fines de trabajo forzado y servidumbre, delitos contra la libertad e indemnidad sexual, lesiones, trato degradante y vulneraciones de los derechos laborales.<\/p>\n\n\n\n<p class=\"wp-block-paragraph\">Seg\u00fan el relato de una de las denunciantes, ambas habr\u00edan sido sometidas a situaciones de acoso y agresiones sexuales continuas, adem\u00e1s de condiciones laborales que califican como forzadas y degradantes. Tambi\u00e9n afirm\u00f3 que estaban obligadas a realizarse revisiones ginecol\u00f3gicas, pruebas de embarazo y ex\u00e1menes para detectar enfermedades de transmisi\u00f3n sexual, incluido el VIH.<\/p>\n\n\n\n<figure class=\"wp-block-image size-full\"><img loading=\"lazy\" decoding=\"async\" width=\"704\" height=\"435\" src=\"https:\/\/periodicorealidades.com\/wp-content\/uploads\/2026\/09\/image-50.png\" alt=\"\" class=\"wp-image-78131\" srcset=\"https:\/\/periodicorealidades.com\/wp-content\/uploads\/2026\/09\/image-50.png 704w, https:\/\/periodicorealidades.com\/wp-content\/uploads\/2026\/09\/image-50-300x185.png 300w, https:\/\/periodicorealidades.com\/wp-content\/uploads\/2026\/09\/image-50-324x200.png 324w, https:\/\/periodicorealidades.com\/wp-content\/uploads\/2026\/09\/image-50-258x159.png 258w, https:\/\/periodicorealidades.com\/wp-content\/uploads\/2026\/09\/image-50-696x430.png 696w, https:\/\/periodicorealidades.com\/wp-content\/uploads\/2026\/09\/image-50-356x220.png 356w, https:\/\/periodicorealidades.com\/wp-content\/uploads\/2026\/09\/image-50-354x219.png 354w, https:\/\/periodicorealidades.com\/wp-content\/uploads\/2026\/09\/image-50-422x261.png 422w\" sizes=\"auto, (max-width: 704px) 100vw, 704px\" \/><\/figure>\n\n\n\n<p class=\"wp-block-paragraph\">Jovana R\u00edos, directora ejecutiva de Women\u2019s Link, y Estefanny Molina, directora adjunta y de estrategias globales de la organizaci\u00f3n, expresaron su expectativa de que la nueva querella sea admitida y se lleve a cabo una investigaci\u00f3n.<\/p>\n\n\n\n<p class=\"wp-block-paragraph\">La organizaci\u00f3n se\u00f1al\u00f3 que el archivo de la primera denuncia no significa que los hechos hayan sido juzgados ni que exista una resoluci\u00f3n judicial definitiva sobre las acusaciones. Por ello, considera que la gravedad de los se\u00f1alamientos justifica una investigaci\u00f3n por parte de las autoridades.<\/p>\n\n\n\n<p class=\"wp-block-paragraph\">Women\u2019s Link tambi\u00e9n destac\u00f3 que el caso pone de manifiesto la situaci\u00f3n de vulnerabilidad que pueden enfrentar trabajadoras del hogar en distintos pa\u00edses de Am\u00e9rica Latina, el Caribe y Europa, un sector que, seg\u00fan la organizaci\u00f3n, est\u00e1 marcado por la precariedad laboral y relaciones de poder que pueden favorecer situaciones de violencia y explotaci\u00f3n.<\/p>\n\n\n\n<p class=\"wp-block-paragraph\">Desde que las acusaciones se hicieron p\u00fablicas, Julio Iglesias ha negado su veracidad. Sus abogados tambi\u00e9n han rechazado los se\u00f1alamientos y han asegurado que el cantante fue objeto de un \u201clinchamiento p\u00fablico\u201d.<\/p>\n\n\n\n<p class=\"wp-block-paragraph\">La nueva querella abre nuevamente el debate sobre las acusaciones y sobre la posibilidad de que las autoridades competentes investiguen los hechos denunciados.<\/p>\n\n\n\n<p class=\"wp-block-paragraph\"><\/p>\n","protected":false},"excerpt":{"rendered":"<p>&nbsp;Dos exempleadas de Julio Iglesias, identificadas con los nombres ficticios de Rebeca y Laura, presentaron una nueva querella contra el cantante por presuntos casos de acoso, agresi\u00f3n sexual y condiciones laborales abusivas. Las mujeres, una antigua empleada del hogar y una fisioterapeuta, hab\u00edan acudido en 2021 ante la Fiscal\u00eda para denunciar hechos que, seg\u00fan su [&hellip;]<\/p>\n","protected":false},"author":4,"featured_media":78130,"comment_status":"closed","ping_status":"open","sticky":false,"template":"","format":"standard","meta":{"footnotes":""},"categories":[11],"tags":[],"class_list":["post-78129","post","type-post","status-publish","format-standard","has-post-thumbnail","category-farandula"],"yoast_head":"<!-- This site is optimized with the Yoast SEO plugin v28.3 - https:\/\/yoast.com\/product\/yoast-seo-wordpress\/ -->\n<title>Exempleadas de Julio Iglesias presentan nueva querella por presunta agresi\u00f3n sexual - Peri\u00f3dico Realidades<\/title>\n<meta name=\"robots\" content=\"index, follow, max-snippet:-1, max-image-preview:large, max-video-preview:-1\" \/>\n<link rel=\"canonical\" href=\"https:\/\/periodicorealidades.com\/index.php\/2026\/09\/04\/exempleadas-de-julio-iglesias-presentan-nueva-querella-por-presunta-agresion-sexual\/\" \/>\n<meta property=\"og:locale\" content=\"es_MX\" \/>\n<meta property=\"og:type\" content=\"article\" \/>\n<meta property=\"og:title\" content=\"Exempleadas de Julio Iglesias presentan nueva querella por presunta agresi\u00f3n sexual - Peri\u00f3dico Realidades\" \/>\n<meta property=\"og:description\" content=\"&nbsp;Dos exempleadas de Julio Iglesias, identificadas con los nombres ficticios de Rebeca y Laura, presentaron una nueva querella contra el cantante por presuntos casos de acoso, agresi\u00f3n sexual y condiciones laborales abusivas. Las mujeres, una antigua empleada del hogar y una fisioterapeuta, hab\u00edan acudido en 2021 ante la Fiscal\u00eda para denunciar hechos que, seg\u00fan su [&hellip;]\" \/>\n<meta property=\"og:url\" content=\"https:\/\/periodicorealidades.com\/index.php\/2026\/09\/04\/exempleadas-de-julio-iglesias-presentan-nueva-querella-por-presunta-agresion-sexual\/\" \/>\n<meta property=\"og:site_name\" content=\"Peri\u00f3dico Realidades\" \/>\n<meta property=\"article:publisher\" content=\"https:\/\/www.facebook.com\/periodicorealidades.denayarit?mibextid=LQQJ4d\" \/>\n<meta property=\"article:published_time\" content=\"2026-09-04T21:32:18+00:00\" \/>\n<meta property=\"og:image\" content=\"https:\/\/periodicorealidades.com\/wp-content\/uploads\/2026\/09\/image-49-1024x576.png\" \/>\n\t<meta property=\"og:image:width\" content=\"1024\" \/>\n\t<meta property=\"og:image:height\" content=\"576\" \/>\n\t<meta property=\"og:image:type\" content=\"image\/png\" \/>\n<meta name=\"author\" content=\"Arcelia\" \/>\n<meta name=\"twitter:card\" content=\"summary_large_image\" \/>\n<meta name=\"twitter:label1\" content=\"Escrito por\" \/>\n\t<meta name=\"twitter:data1\" content=\"Arcelia\" \/>\n\t<meta name=\"twitter:label2\" content=\"Tiempo de lectura\" \/>\n\t<meta name=\"twitter:data2\" content=\"3 minutos\" \/>\n<script type=\"application\/ld+json\" class=\"yoast-schema-graph\">{\"@context\":\"https:\\\/\\\/schema.org\",\"@graph\":[{\"@type\":\"Article\",\"@id\":\"https:\\\/\\\/periodicorealidades.com\\\/index.php\\\/2026\\\/09\\\/04\\\/exempleadas-de-julio-iglesias-presentan-nueva-querella-por-presunta-agresion-sexual\\\/#article\",\"isPartOf\":{\"@id\":\"https:\\\/\\\/periodicorealidades.com\\\/index.php\\\/2026\\\/09\\\/04\\\/exempleadas-de-julio-iglesias-presentan-nueva-querella-por-presunta-agresion-sexual\\\/\"},\"author\":{\"name\":\"Arcelia\",\"@id\":\"https:\\\/\\\/periodicorealidades.com\\\/#\\\/schema\\\/person\\\/ed60e33c6767be45db655d22ad0c15c4\"},\"headline\":\"Exempleadas de Julio Iglesias presentan nueva querella por presunta agresi\u00f3n sexual\",\"datePublished\":\"2026-09-04T21:32:18+00:00\",\"mainEntityOfPage\":{\"@id\":\"https:\\\/\\\/periodicorealidades.com\\\/index.php\\\/2026\\\/09\\\/04\\\/exempleadas-de-julio-iglesias-presentan-nueva-querella-por-presunta-agresion-sexual\\\/\"},\"wordCount\":447,\"publisher\":{\"@id\":\"https:\\\/\\\/periodicorealidades.com\\\/#organization\"},\"image\":{\"@id\":\"https:\\\/\\\/periodicorealidades.com\\\/index.php\\\/2026\\\/09\\\/04\\\/exempleadas-de-julio-iglesias-presentan-nueva-querella-por-presunta-agresion-sexual\\\/#primaryimage\"},\"thumbnailUrl\":\"https:\\\/\\\/periodicorealidades.com\\\/wp-content\\\/uploads\\\/2026\\\/09\\\/image-49-scaled.png\",\"articleSection\":[\"FARANDULA\"],\"inLanguage\":\"es\"},{\"@type\":\"WebPage\",\"@id\":\"https:\\\/\\\/periodicorealidades.com\\\/index.php\\\/2026\\\/09\\\/04\\\/exempleadas-de-julio-iglesias-presentan-nueva-querella-por-presunta-agresion-sexual\\\/\",\"url\":\"https:\\\/\\\/periodicorealidades.com\\\/index.php\\\/2026\\\/09\\\/04\\\/exempleadas-de-julio-iglesias-presentan-nueva-querella-por-presunta-agresion-sexual\\\/\",\"name\":\"Exempleadas de Julio Iglesias presentan nueva querella por presunta agresi\u00f3n sexual - Peri\u00f3dico Realidades\",\"isPartOf\":{\"@id\":\"https:\\\/\\\/periodicorealidades.com\\\/#website\"},\"primaryImageOfPage\":{\"@id\":\"https:\\\/\\\/periodicorealidades.com\\\/index.php\\\/2026\\\/09\\\/04\\\/exempleadas-de-julio-iglesias-presentan-nueva-querella-por-presunta-agresion-sexual\\\/#primaryimage\"},\"image\":{\"@id\":\"https:\\\/\\\/periodicorealidades.com\\\/index.php\\\/2026\\\/09\\\/04\\\/exempleadas-de-julio-iglesias-presentan-nueva-querella-por-presunta-agresion-sexual\\\/#primaryimage\"},\"thumbnailUrl\":\"https:\\\/\\\/periodicorealidades.com\\\/wp-content\\\/uploads\\\/2026\\\/09\\\/image-49-scaled.png\",\"datePublished\":\"2026-09-04T21:32:18+00:00\",\"breadcrumb\":{\"@id\":\"https:\\\/\\\/periodicorealidades.com\\\/index.php\\\/2026\\\/09\\\/04\\\/exempleadas-de-julio-iglesias-presentan-nueva-querella-por-presunta-agresion-sexual\\\/#breadcrumb\"},\"inLanguage\":\"es\",\"potentialAction\":[{\"@type\":\"ReadAction\",\"target\":[\"https:\\\/\\\/periodicorealidades.com\\\/index.php\\\/2026\\\/09\\\/04\\\/exempleadas-de-julio-iglesias-presentan-nueva-querella-por-presunta-agresion-sexual\\\/\"]}]},{\"@type\":\"ImageObject\",\"inLanguage\":\"es\",\"@id\":\"https:\\\/\\\/periodicorealidades.com\\\/index.php\\\/2026\\\/09\\\/04\\\/exempleadas-de-julio-iglesias-presentan-nueva-querella-por-presunta-agresion-sexual\\\/#primaryimage\",\"url\":\"https:\\\/\\\/periodicorealidades.com\\\/wp-content\\\/uploads\\\/2026\\\/09\\\/image-49-scaled.png\",\"contentUrl\":\"https:\\\/\\\/periodicorealidades.com\\\/wp-content\\\/uploads\\\/2026\\\/09\\\/image-49-scaled.png\",\"width\":2560,\"height\":1440},{\"@type\":\"BreadcrumbList\",\"@id\":\"https:\\\/\\\/periodicorealidades.com\\\/index.php\\\/2026\\\/09\\\/04\\\/exempleadas-de-julio-iglesias-presentan-nueva-querella-por-presunta-agresion-sexual\\\/#breadcrumb\",\"itemListElement\":[{\"@type\":\"ListItem\",\"position\":1,\"name\":\"Inicio\",\"item\":\"https:\\\/\\\/periodicorealidades.com\\\/\"},{\"@type\":\"ListItem\",\"position\":2,\"name\":\"Exempleadas de Julio Iglesias presentan nueva querella por presunta agresi\u00f3n sexual\"}]},{\"@type\":\"WebSite\",\"@id\":\"https:\\\/\\\/periodicorealidades.com\\\/#website\",\"url\":\"https:\\\/\\\/periodicorealidades.com\\\/\",\"name\":\"Peri\u00f3dico Realidades\",\"description\":\"M\u00e9dio de comunicaci\u00f3n en Nayarit\",\"publisher\":{\"@id\":\"https:\\\/\\\/periodicorealidades.com\\\/#organization\"},\"potentialAction\":[{\"@type\":\"SearchAction\",\"target\":{\"@type\":\"EntryPoint\",\"urlTemplate\":\"https:\\\/\\\/periodicorealidades.com\\\/?s={search_term_string}\"},\"query-input\":{\"@type\":\"PropertyValueSpecification\",\"valueRequired\":true,\"valueName\":\"search_term_string\"}}],\"inLanguage\":\"es\"},{\"@type\":\"Organization\",\"@id\":\"https:\\\/\\\/periodicorealidades.com\\\/#organization\",\"name\":\"Peri\u00f3dico Realidades\",\"url\":\"https:\\\/\\\/periodicorealidades.com\\\/\",\"logo\":{\"@type\":\"ImageObject\",\"inLanguage\":\"es\",\"@id\":\"https:\\\/\\\/periodicorealidades.com\\\/#\\\/schema\\\/logo\\\/image\\\/\",\"url\":\"https:\\\/\\\/periodicorealidades.com\\\/wp-content\\\/uploads\\\/2023\\\/05\\\/r-prueba.png\",\"contentUrl\":\"https:\\\/\\\/periodicorealidades.com\\\/wp-content\\\/uploads\\\/2023\\\/05\\\/r-prueba.png\",\"width\":709,\"height\":709,\"caption\":\"Peri\u00f3dico Realidades\"},\"image\":{\"@id\":\"https:\\\/\\\/periodicorealidades.com\\\/#\\\/schema\\\/logo\\\/image\\\/\"},\"sameAs\":[\"https:\\\/\\\/www.facebook.com\\\/periodicorealidades.denayarit?mibextid=LQQJ4d\"]},{\"@type\":\"Person\",\"@id\":\"https:\\\/\\\/periodicorealidades.com\\\/#\\\/schema\\\/person\\\/ed60e33c6767be45db655d22ad0c15c4\",\"name\":\"Arcelia\",\"image\":{\"@type\":\"ImageObject\",\"inLanguage\":\"es\",\"@id\":\"https:\\\/\\\/secure.gravatar.com\\\/avatar\\\/36cdbbe591db4ecc4985aac5ab27b8093cf6488d3b664974f0cda2e38368b10d?s=96&d=mm&r=g\",\"url\":\"https:\\\/\\\/secure.gravatar.com\\\/avatar\\\/36cdbbe591db4ecc4985aac5ab27b8093cf6488d3b664974f0cda2e38368b10d?s=96&d=mm&r=g\",\"contentUrl\":\"https:\\\/\\\/secure.gravatar.com\\\/avatar\\\/36cdbbe591db4ecc4985aac5ab27b8093cf6488d3b664974f0cda2e38368b10d?s=96&d=mm&r=g\",\"caption\":\"Arcelia\"},\"url\":\"https:\\\/\\\/periodicorealidades.com\\\/index.php\\\/author\\\/editor-2\\\/\"}]}<\/script>\n<!-- \/ Yoast SEO plugin. -->","yoast_head_json":{"title":"Exempleadas de Julio Iglesias presentan nueva querella por presunta agresi\u00f3n sexual - Peri\u00f3dico Realidades","robots":{"index":"index","follow":"follow","max-snippet":"max-snippet:-1","max-image-preview":"max-image-preview:large","max-video-preview":"max-video-preview:-1"},"canonical":"https:\/\/periodicorealidades.com\/index.php\/2026\/09\/04\/exempleadas-de-julio-iglesias-presentan-nueva-querella-por-presunta-agresion-sexual\/","og_locale":"es_MX","og_type":"article","og_title":"Exempleadas de Julio Iglesias presentan nueva querella por presunta agresi\u00f3n sexual - Peri\u00f3dico Realidades","og_description":"&nbsp;Dos exempleadas de Julio Iglesias, identificadas con los nombres ficticios de Rebeca y Laura, presentaron una nueva querella contra el cantante por presuntos casos de acoso, agresi\u00f3n sexual y condiciones laborales abusivas. Las mujeres, una antigua empleada del hogar y una fisioterapeuta, hab\u00edan acudido en 2021 ante la Fiscal\u00eda para denunciar hechos que, seg\u00fan su [&hellip;]","og_url":"https:\/\/periodicorealidades.com\/index.php\/2026\/09\/04\/exempleadas-de-julio-iglesias-presentan-nueva-querella-por-presunta-agresion-sexual\/","og_site_name":"Peri\u00f3dico Realidades","article_publisher":"https:\/\/www.facebook.com\/periodicorealidades.denayarit?mibextid=LQQJ4d","article_published_time":"2026-09-04T21:32:18+00:00","og_image":[{"width":1024,"height":576,"url":"https:\/\/periodicorealidades.com\/wp-content\/uploads\/2026\/09\/image-49-1024x576.png","type":"image\/png"}],"author":"Arcelia","twitter_card":"summary_large_image","twitter_misc":{"Escrito por":"Arcelia","Tiempo de lectura":"3 minutos"},"schema":{"@context":"https:\/\/schema.org","@graph":[{"@type":"Article","@id":"https:\/\/periodicorealidades.com\/index.php\/2026\/09\/04\/exempleadas-de-julio-iglesias-presentan-nueva-querella-por-presunta-agresion-sexual\/#article","isPartOf":{"@id":"https:\/\/periodicorealidades.com\/index.php\/2026\/09\/04\/exempleadas-de-julio-iglesias-presentan-nueva-querella-por-presunta-agresion-sexual\/"},"author":{"name":"Arcelia","@id":"https:\/\/periodicorealidades.com\/#\/schema\/person\/ed60e33c6767be45db655d22ad0c15c4"},"headline":"Exempleadas de Julio Iglesias presentan nueva querella por presunta agresi\u00f3n sexual","datePublished":"2026-09-04T21:32:18+00:00","mainEntityOfPage":{"@id":"https:\/\/periodicorealidades.com\/index.php\/2026\/09\/04\/exempleadas-de-julio-iglesias-presentan-nueva-querella-por-presunta-agresion-sexual\/"},"wordCount":447,"publisher":{"@id":"https:\/\/periodicorealidades.com\/#organization"},"image":{"@id":"https:\/\/periodicorealidades.com\/index.php\/2026\/09\/04\/exempleadas-de-julio-iglesias-presentan-nueva-querella-por-presunta-agresion-sexual\/#primaryimage"},"thumbnailUrl":"https:\/\/periodicorealidades.com\/wp-content\/uploads\/2026\/09\/image-49-scaled.png","articleSection":["FARANDULA"],"inLanguage":"es"},{"@type":"WebPage","@id":"https:\/\/periodicorealidades.com\/index.php\/2026\/09\/04\/exempleadas-de-julio-iglesias-presentan-nueva-querella-por-presunta-agresion-sexual\/","url":"https:\/\/periodicorealidades.com\/index.php\/2026\/09\/04\/exempleadas-de-julio-iglesias-presentan-nueva-querella-por-presunta-agresion-sexual\/","name":"Exempleadas de Julio Iglesias presentan nueva querella por presunta agresi\u00f3n sexual - Peri\u00f3dico Realidades","isPartOf":{"@id":"https:\/\/periodicorealidades.com\/#website"},"primaryImageOfPage":{"@id":"https:\/\/periodicorealidades.com\/index.php\/2026\/09\/04\/exempleadas-de-julio-iglesias-presentan-nueva-querella-por-presunta-agresion-sexual\/#primaryimage"},"image":{"@id":"https:\/\/periodicorealidades.com\/index.php\/2026\/09\/04\/exempleadas-de-julio-iglesias-presentan-nueva-querella-por-presunta-agresion-sexual\/#primaryimage"},"thumbnailUrl":"https:\/\/periodicorealidades.com\/wp-content\/uploads\/2026\/09\/image-49-scaled.png","datePublished":"2026-09-04T21:32:18+00:00","breadcrumb":{"@id":"https:\/\/periodicorealidades.com\/index.php\/2026\/09\/04\/exempleadas-de-julio-iglesias-presentan-nueva-querella-por-presunta-agresion-sexual\/#breadcrumb"},"inLanguage":"es","potentialAction":[{"@type":"ReadAction","target":["https:\/\/periodicorealidades.com\/index.php\/2026\/09\/04\/exempleadas-de-julio-iglesias-presentan-nueva-querella-por-presunta-agresion-sexual\/"]}]},{"@type":"ImageObject","inLanguage":"es","@id":"https:\/\/periodicorealidades.com\/index.php\/2026\/09\/04\/exempleadas-de-julio-iglesias-presentan-nueva-querella-por-presunta-agresion-sexual\/#primaryimage","url":"https:\/\/periodicorealidades.com\/wp-content\/uploads\/2026\/09\/image-49-scaled.png","contentUrl":"https:\/\/periodicorealidades.com\/wp-content\/uploads\/2026\/09\/image-49-scaled.png","width":2560,"height":1440},{"@type":"BreadcrumbList","@id":"https:\/\/periodicorealidades.com\/index.php\/2026\/09\/04\/exempleadas-de-julio-iglesias-presentan-nueva-querella-por-presunta-agresion-sexual\/#breadcrumb","itemListElement":[{"@type":"ListItem","position":1,"name":"Inicio","item":"https:\/\/periodicorealidades.com\/"},{"@type":"ListItem","position":2,"name":"Exempleadas de Julio Iglesias presentan nueva querella por presunta agresi\u00f3n sexual"}]},{"@type":"WebSite","@id":"https:\/\/periodicorealidades.com\/#website","url":"https:\/\/periodicorealidades.com\/","name":"Peri\u00f3dico Realidades","description":"M\u00e9dio de comunicaci\u00f3n en Nayarit","publisher":{"@id":"https:\/\/periodicorealidades.com\/#organization"},"potentialAction":[{"@type":"SearchAction","target":{"@type":"EntryPoint","urlTemplate":"https:\/\/periodicorealidades.com\/?s={search_term_string}"},"query-input":{"@type":"PropertyValueSpecification","valueRequired":true,"valueName":"search_term_string"}}],"inLanguage":"es"},{"@type":"Organization","@id":"https:\/\/periodicorealidades.com\/#organization","name":"Peri\u00f3dico Realidades","url":"https:\/\/periodicorealidades.com\/","logo":{"@type":"ImageObject","inLanguage":"es","@id":"https:\/\/periodicorealidades.com\/#\/schema\/logo\/image\/","url":"https:\/\/periodicorealidades.com\/wp-content\/uploads\/2023\/05\/r-prueba.png","contentUrl":"https:\/\/periodicorealidades.com\/wp-content\/uploads\/2023\/05\/r-prueba.png","width":709,"height":709,"caption":"Peri\u00f3dico Realidades"},"image":{"@id":"https:\/\/periodicorealidades.com\/#\/schema\/logo\/image\/"},"sameAs":["https:\/\/www.facebook.com\/periodicorealidades.denayarit?mibextid=LQQJ4d"]},{"@type":"Person","@id":"https:\/\/periodicorealidades.com\/#\/schema\/person\/ed60e33c6767be45db655d22ad0c15c4","name":"Arcelia","image":{"@type":"ImageObject","inLanguage":"es","@id":"https:\/\/secure.gravatar.com\/avatar\/36cdbbe591db4ecc4985aac5ab27b8093cf6488d3b664974f0cda2e38368b10d?s=96&d=mm&r=g","url":"https:\/\/secure.gravatar.com\/avatar\/36cdbbe591db4ecc4985aac5ab27b8093cf6488d3b664974f0cda2e38368b10d?s=96&d=mm&r=g","contentUrl":"https:\/\/secure.gravatar.com\/avatar\/36cdbbe591db4ecc4985aac5ab27b8093cf6488d3b664974f0cda2e38368b10d?s=96&d=mm&r=g","caption":"Arcelia"},"url":"https:\/\/periodicorealidades.com\/index.php\/author\/editor-2\/"}]}},"_links":{"self":[{"href":"https:\/\/periodicorealidades.com\/index.php\/wp-json\/wp\/v2\/posts\/78129","targetHints":{"allow":["GET"]}}],"collection":[{"href":"https:\/\/periodicorealidades.com\/index.php\/wp-json\/wp\/v2\/posts"}],"about":[{"href":"https:\/\/periodicorealidades.com\/index.php\/wp-json\/wp\/v2\/types\/post"}],"author":[{"embeddable":true,"href":"https:\/\/periodicorealidades.com\/index.php\/wp-json\/wp\/v2\/users\/4"}],"replies":[{"embeddable":true,"href":"https:\/\/periodicorealidades.com\/index.php\/wp-json\/wp\/v2\/comments?post=78129"}],"version-history":[{"count":1,"href":"https:\/\/periodicorealidades.com\/index.php\/wp-json\/wp\/v2\/posts\/78129\/revisions"}],"predecessor-version":[{"id":78132,"href":"https:\/\/periodicorealidades.com\/index.php\/wp-json\/wp\/v2\/posts\/78129\/revisions\/78132"}],"wp:featuredmedia":[{"embeddable":true,"href":"https:\/\/periodicorealidades.com\/index.php\/wp-json\/wp\/v2\/media\/78130"}],"wp:attachment":[{"href":"https:\/\/periodicorealidades.com\/index.php\/wp-json\/wp\/v2\/media?parent=78129"}],"wp:term":[{"taxonomy":"category","embeddable":true,"href":"https:\/\/periodicorealidades.com\/index.php\/wp-json\/wp\/v2\/categories?post=78129"},{"taxonomy":"post_tag","embeddable":true,"href":"https:\/\/periodicorealidades.com\/index.php\/wp-json\/wp\/v2\/tags?post=78129"}],"curies":[{"name":"wp","href":"https:\/\/api.w.org\/{rel}","templated":true}]}}