{"id":78133,"date":"2026-09-04T14:41:21","date_gmt":"2026-09-04T21:41:21","guid":{"rendered":"https:\/\/periodicorealidades.com\/?p=78133"},"modified":"2026-09-04T14:41:21","modified_gmt":"2026-09-04T21:41:21","slug":"estados-unidos-intensifica-operaciones-contra-drones-en-la-frontera-con-mexico","status":"publish","type":"post","link":"https:\/\/periodicorealidades.com\/index.php\/2026\/09\/04\/estados-unidos-intensifica-operaciones-contra-drones-en-la-frontera-con-mexico\/","title":{"rendered":"Estados Unidos intensifica operaciones contra drones en la frontera con M\u00e9xico"},"content":{"rendered":"\n<p class=\"wp-block-paragraph\">El gobierno de Estados Unidos inform\u00f3 que durante este a\u00f1o ha neutralizado alrededor de 300 drones presuntamente vinculados con grupos criminales en la frontera con M\u00e9xico, como parte de un incremento en las operaciones de seguridad en la zona.<\/p>\n\n\n\n<p class=\"wp-block-paragraph\">De acuerdo con el Ej\u00e9rcito estadounidense, 100 de estas operaciones se realizaron \u00fanicamente durante agosto, lo que refleja un aumento en las acciones destinadas a detectar y neutralizar aeronaves no tripuladas consideradas una amenaza para las fuerzas de seguridad.<\/p>\n\n\n\n<p class=\"wp-block-paragraph\">Para llevar a cabo estas operaciones, las autoridades estadounidenses han utilizado armas con proyectiles y el nuevo sistema l\u00e1ser de alta energ\u00eda AMP-HEL, dise\u00f1ado para enfrentar amenazas a\u00e9reas.<\/p>\n\n\n\n<p class=\"wp-block-paragraph\">El Ej\u00e9rcito inform\u00f3 que el sistema l\u00e1ser fue utilizado por primera vez en operaciones de protecci\u00f3n fronteriza el pasado 24 de agosto. Para el 4 de septiembre, ya hab\u00eda sido empleado para neutralizar 11 aeronaves no tripuladas.<\/p>\n\n\n\n<p class=\"wp-block-paragraph\">Seg\u00fan las autoridades, los drones y otras aeronaves no autorizadas detectadas en la zona est\u00e1n relacionados con actividades il\u00edcitas a lo largo de la frontera. El gobierno estadounidense se\u00f1ala que organizaciones criminales transnacionales utilizan estos dispositivos para apoyar actividades como el contrabando y la vigilancia de personal militar y elementos de las fuerzas del orden.<\/p>\n\n\n\n<p class=\"wp-block-paragraph\">El Ej\u00e9rcito adquiri\u00f3 el sistema AMP-HEL en septiembre de 2025, como parte de un programa destinado a desarrollar y desplegar nuevas capacidades para hacer frente a amenazas a\u00e9reas. Desde agosto de 2026, el equipo comenz\u00f3 a utilizarse en operaciones de seguridad fronteriza.<\/p>\n\n\n\n<figure class=\"wp-block-image size-full\"><img loading=\"lazy\" decoding=\"async\" width=\"630\" height=\"315\" src=\"https:\/\/periodicorealidades.com\/wp-content\/uploads\/2026\/09\/image-53.png\" alt=\"\" class=\"wp-image-78136\" srcset=\"https:\/\/periodicorealidades.com\/wp-content\/uploads\/2026\/09\/image-53.png 630w, https:\/\/periodicorealidades.com\/wp-content\/uploads\/2026\/09\/image-53-300x150.png 300w, https:\/\/periodicorealidades.com\/wp-content\/uploads\/2026\/09\/image-53-324x162.png 324w, https:\/\/periodicorealidades.com\/wp-content\/uploads\/2026\/09\/image-53-320x160.png 320w, https:\/\/periodicorealidades.com\/wp-content\/uploads\/2026\/09\/image-53-356x178.png 356w, https:\/\/periodicorealidades.com\/wp-content\/uploads\/2026\/09\/image-53-522x261.png 522w\" sizes=\"auto, (max-width: 630px) 100vw, 630px\" \/><\/figure>\n\n\n\n<p class=\"wp-block-paragraph\">Actualmente, m\u00e1s de 8 mil elementos del servicio militar estadounidense se encuentran desplegados a lo largo de aproximadamente mil 954 millas de la frontera sur, cubriendo pr\u00e1cticamente toda la franja fronteriza con M\u00e9xico.<\/p>\n\n\n\n<p class=\"wp-block-paragraph\"><\/p>\n","protected":false},"excerpt":{"rendered":"<p>El gobierno de Estados Unidos inform\u00f3 que durante este a\u00f1o ha neutralizado alrededor de 300 drones presuntamente vinculados con grupos criminales en la frontera con M\u00e9xico, como parte de un incremento en las operaciones de seguridad en la zona. De acuerdo con el Ej\u00e9rcito estadounidense, 100 de estas operaciones se realizaron \u00fanicamente durante agosto, lo [&hellip;]<\/p>\n","protected":false},"author":4,"featured_media":78135,"comment_status":"closed","ping_status":"open","sticky":false,"template":"","format":"standard","meta":{"footnotes":""},"categories":[13],"tags":[],"class_list":["post-78133","post","type-post","status-publish","format-standard","has-post-thumbnail","category-internacional"],"yoast_head":"<!-- This site is optimized with the Yoast SEO plugin v28.3 - https:\/\/yoast.com\/product\/yoast-seo-wordpress\/ -->\n<title>Estados Unidos intensifica operaciones contra drones en la frontera con M\u00e9xico - Peri\u00f3dico Realidades<\/title>\n<meta name=\"robots\" content=\"index, follow, max-snippet:-1, max-image-preview:large, max-video-preview:-1\" \/>\n<link rel=\"canonical\" href=\"https:\/\/periodicorealidades.com\/index.php\/2026\/09\/04\/estados-unidos-intensifica-operaciones-contra-drones-en-la-frontera-con-mexico\/\" \/>\n<meta property=\"og:locale\" content=\"es_MX\" \/>\n<meta property=\"og:type\" content=\"article\" \/>\n<meta property=\"og:title\" content=\"Estados Unidos intensifica operaciones contra drones en la frontera con M\u00e9xico - Peri\u00f3dico Realidades\" \/>\n<meta property=\"og:description\" content=\"El gobierno de Estados Unidos inform\u00f3 que durante este a\u00f1o ha neutralizado alrededor de 300 drones presuntamente vinculados con grupos criminales en la frontera con M\u00e9xico, como parte de un incremento en las operaciones de seguridad en la zona. De acuerdo con el Ej\u00e9rcito estadounidense, 100 de estas operaciones se realizaron \u00fanicamente durante agosto, lo [&hellip;]\" \/>\n<meta property=\"og:url\" content=\"https:\/\/periodicorealidades.com\/index.php\/2026\/09\/04\/estados-unidos-intensifica-operaciones-contra-drones-en-la-frontera-con-mexico\/\" \/>\n<meta property=\"og:site_name\" content=\"Peri\u00f3dico Realidades\" \/>\n<meta property=\"article:publisher\" content=\"https:\/\/www.facebook.com\/periodicorealidades.denayarit?mibextid=LQQJ4d\" \/>\n<meta property=\"article:published_time\" content=\"2026-09-04T21:41:21+00:00\" \/>\n<meta property=\"og:image\" content=\"https:\/\/periodicorealidades.com\/wp-content\/uploads\/2026\/09\/image-52.png\" \/>\n\t<meta property=\"og:image:width\" content=\"770\" \/>\n\t<meta property=\"og:image:height\" content=\"423\" \/>\n\t<meta property=\"og:image:type\" content=\"image\/png\" \/>\n<meta name=\"author\" content=\"Arcelia\" \/>\n<meta name=\"twitter:card\" content=\"summary_large_image\" \/>\n<meta name=\"twitter:label1\" content=\"Escrito por\" \/>\n\t<meta name=\"twitter:data1\" content=\"Arcelia\" \/>\n\t<meta name=\"twitter:label2\" content=\"Tiempo de lectura\" \/>\n\t<meta name=\"twitter:data2\" content=\"2 minutos\" \/>\n<script type=\"application\/ld+json\" class=\"yoast-schema-graph\">{\"@context\":\"https:\\\/\\\/schema.org\",\"@graph\":[{\"@type\":\"Article\",\"@id\":\"https:\\\/\\\/periodicorealidades.com\\\/index.php\\\/2026\\\/09\\\/04\\\/estados-unidos-intensifica-operaciones-contra-drones-en-la-frontera-con-mexico\\\/#article\",\"isPartOf\":{\"@id\":\"https:\\\/\\\/periodicorealidades.com\\\/index.php\\\/2026\\\/09\\\/04\\\/estados-unidos-intensifica-operaciones-contra-drones-en-la-frontera-con-mexico\\\/\"},\"author\":{\"name\":\"Arcelia\",\"@id\":\"https:\\\/\\\/periodicorealidades.com\\\/#\\\/schema\\\/person\\\/ed60e33c6767be45db655d22ad0c15c4\"},\"headline\":\"Estados Unidos intensifica operaciones contra drones en la frontera con M\u00e9xico\",\"datePublished\":\"2026-09-04T21:41:21+00:00\",\"mainEntityOfPage\":{\"@id\":\"https:\\\/\\\/periodicorealidades.com\\\/index.php\\\/2026\\\/09\\\/04\\\/estados-unidos-intensifica-operaciones-contra-drones-en-la-frontera-con-mexico\\\/\"},\"wordCount\":296,\"publisher\":{\"@id\":\"https:\\\/\\\/periodicorealidades.com\\\/#organization\"},\"image\":{\"@id\":\"https:\\\/\\\/periodicorealidades.com\\\/index.php\\\/2026\\\/09\\\/04\\\/estados-unidos-intensifica-operaciones-contra-drones-en-la-frontera-con-mexico\\\/#primaryimage\"},\"thumbnailUrl\":\"https:\\\/\\\/periodicorealidades.com\\\/wp-content\\\/uploads\\\/2026\\\/09\\\/image-52.png\",\"articleSection\":[\"Internacional\"],\"inLanguage\":\"es\"},{\"@type\":\"WebPage\",\"@id\":\"https:\\\/\\\/periodicorealidades.com\\\/index.php\\\/2026\\\/09\\\/04\\\/estados-unidos-intensifica-operaciones-contra-drones-en-la-frontera-con-mexico\\\/\",\"url\":\"https:\\\/\\\/periodicorealidades.com\\\/index.php\\\/2026\\\/09\\\/04\\\/estados-unidos-intensifica-operaciones-contra-drones-en-la-frontera-con-mexico\\\/\",\"name\":\"Estados Unidos intensifica operaciones contra drones en la frontera con M\u00e9xico - Peri\u00f3dico Realidades\",\"isPartOf\":{\"@id\":\"https:\\\/\\\/periodicorealidades.com\\\/#website\"},\"primaryImageOfPage\":{\"@id\":\"https:\\\/\\\/periodicorealidades.com\\\/index.php\\\/2026\\\/09\\\/04\\\/estados-unidos-intensifica-operaciones-contra-drones-en-la-frontera-con-mexico\\\/#primaryimage\"},\"image\":{\"@id\":\"https:\\\/\\\/periodicorealidades.com\\\/index.php\\\/2026\\\/09\\\/04\\\/estados-unidos-intensifica-operaciones-contra-drones-en-la-frontera-con-mexico\\\/#primaryimage\"},\"thumbnailUrl\":\"https:\\\/\\\/periodicorealidades.com\\\/wp-content\\\/uploads\\\/2026\\\/09\\\/image-52.png\",\"datePublished\":\"2026-09-04T21:41:21+00:00\",\"breadcrumb\":{\"@id\":\"https:\\\/\\\/periodicorealidades.com\\\/index.php\\\/2026\\\/09\\\/04\\\/estados-unidos-intensifica-operaciones-contra-drones-en-la-frontera-con-mexico\\\/#breadcrumb\"},\"inLanguage\":\"es\",\"potentialAction\":[{\"@type\":\"ReadAction\",\"target\":[\"https:\\\/\\\/periodicorealidades.com\\\/index.php\\\/2026\\\/09\\\/04\\\/estados-unidos-intensifica-operaciones-contra-drones-en-la-frontera-con-mexico\\\/\"]}]},{\"@type\":\"ImageObject\",\"inLanguage\":\"es\",\"@id\":\"https:\\\/\\\/periodicorealidades.com\\\/index.php\\\/2026\\\/09\\\/04\\\/estados-unidos-intensifica-operaciones-contra-drones-en-la-frontera-con-mexico\\\/#primaryimage\",\"url\":\"https:\\\/\\\/periodicorealidades.com\\\/wp-content\\\/uploads\\\/2026\\\/09\\\/image-52.png\",\"contentUrl\":\"https:\\\/\\\/periodicorealidades.com\\\/wp-content\\\/uploads\\\/2026\\\/09\\\/image-52.png\",\"width\":770,\"height\":423},{\"@type\":\"BreadcrumbList\",\"@id\":\"https:\\\/\\\/periodicorealidades.com\\\/index.php\\\/2026\\\/09\\\/04\\\/estados-unidos-intensifica-operaciones-contra-drones-en-la-frontera-con-mexico\\\/#breadcrumb\",\"itemListElement\":[{\"@type\":\"ListItem\",\"position\":1,\"name\":\"Inicio\",\"item\":\"https:\\\/\\\/periodicorealidades.com\\\/\"},{\"@type\":\"ListItem\",\"position\":2,\"name\":\"Estados Unidos intensifica operaciones contra drones en la frontera con M\u00e9xico\"}]},{\"@type\":\"WebSite\",\"@id\":\"https:\\\/\\\/periodicorealidades.com\\\/#website\",\"url\":\"https:\\\/\\\/periodicorealidades.com\\\/\",\"name\":\"Peri\u00f3dico Realidades\",\"description\":\"M\u00e9dio de comunicaci\u00f3n en Nayarit\",\"publisher\":{\"@id\":\"https:\\\/\\\/periodicorealidades.com\\\/#organization\"},\"potentialAction\":[{\"@type\":\"SearchAction\",\"target\":{\"@type\":\"EntryPoint\",\"urlTemplate\":\"https:\\\/\\\/periodicorealidades.com\\\/?s={search_term_string}\"},\"query-input\":{\"@type\":\"PropertyValueSpecification\",\"valueRequired\":true,\"valueName\":\"search_term_string\"}}],\"inLanguage\":\"es\"},{\"@type\":\"Organization\",\"@id\":\"https:\\\/\\\/periodicorealidades.com\\\/#organization\",\"name\":\"Peri\u00f3dico Realidades\",\"url\":\"https:\\\/\\\/periodicorealidades.com\\\/\",\"logo\":{\"@type\":\"ImageObject\",\"inLanguage\":\"es\",\"@id\":\"https:\\\/\\\/periodicorealidades.com\\\/#\\\/schema\\\/logo\\\/image\\\/\",\"url\":\"https:\\\/\\\/periodicorealidades.com\\\/wp-content\\\/uploads\\\/2023\\\/05\\\/r-prueba.png\",\"contentUrl\":\"https:\\\/\\\/periodicorealidades.com\\\/wp-content\\\/uploads\\\/2023\\\/05\\\/r-prueba.png\",\"width\":709,\"height\":709,\"caption\":\"Peri\u00f3dico Realidades\"},\"image\":{\"@id\":\"https:\\\/\\\/periodicorealidades.com\\\/#\\\/schema\\\/logo\\\/image\\\/\"},\"sameAs\":[\"https:\\\/\\\/www.facebook.com\\\/periodicorealidades.denayarit?mibextid=LQQJ4d\"]},{\"@type\":\"Person\",\"@id\":\"https:\\\/\\\/periodicorealidades.com\\\/#\\\/schema\\\/person\\\/ed60e33c6767be45db655d22ad0c15c4\",\"name\":\"Arcelia\",\"image\":{\"@type\":\"ImageObject\",\"inLanguage\":\"es\",\"@id\":\"https:\\\/\\\/secure.gravatar.com\\\/avatar\\\/36cdbbe591db4ecc4985aac5ab27b8093cf6488d3b664974f0cda2e38368b10d?s=96&d=mm&r=g\",\"url\":\"https:\\\/\\\/secure.gravatar.com\\\/avatar\\\/36cdbbe591db4ecc4985aac5ab27b8093cf6488d3b664974f0cda2e38368b10d?s=96&d=mm&r=g\",\"contentUrl\":\"https:\\\/\\\/secure.gravatar.com\\\/avatar\\\/36cdbbe591db4ecc4985aac5ab27b8093cf6488d3b664974f0cda2e38368b10d?s=96&d=mm&r=g\",\"caption\":\"Arcelia\"},\"url\":\"https:\\\/\\\/periodicorealidades.com\\\/index.php\\\/author\\\/editor-2\\\/\"}]}<\/script>\n<!-- \/ Yoast SEO plugin. -->","yoast_head_json":{"title":"Estados Unidos intensifica operaciones contra drones en la frontera con M\u00e9xico - Peri\u00f3dico Realidades","robots":{"index":"index","follow":"follow","max-snippet":"max-snippet:-1","max-image-preview":"max-image-preview:large","max-video-preview":"max-video-preview:-1"},"canonical":"https:\/\/periodicorealidades.com\/index.php\/2026\/09\/04\/estados-unidos-intensifica-operaciones-contra-drones-en-la-frontera-con-mexico\/","og_locale":"es_MX","og_type":"article","og_title":"Estados Unidos intensifica operaciones contra drones en la frontera con M\u00e9xico - Peri\u00f3dico Realidades","og_description":"El gobierno de Estados Unidos inform\u00f3 que durante este a\u00f1o ha neutralizado alrededor de 300 drones presuntamente vinculados con grupos criminales en la frontera con M\u00e9xico, como parte de un incremento en las operaciones de seguridad en la zona. De acuerdo con el Ej\u00e9rcito estadounidense, 100 de estas operaciones se realizaron \u00fanicamente durante agosto, lo [&hellip;]","og_url":"https:\/\/periodicorealidades.com\/index.php\/2026\/09\/04\/estados-unidos-intensifica-operaciones-contra-drones-en-la-frontera-con-mexico\/","og_site_name":"Peri\u00f3dico Realidades","article_publisher":"https:\/\/www.facebook.com\/periodicorealidades.denayarit?mibextid=LQQJ4d","article_published_time":"2026-09-04T21:41:21+00:00","og_image":[{"width":770,"height":423,"url":"https:\/\/periodicorealidades.com\/wp-content\/uploads\/2026\/09\/image-52.png","type":"image\/png"}],"author":"Arcelia","twitter_card":"summary_large_image","twitter_misc":{"Escrito por":"Arcelia","Tiempo de lectura":"2 minutos"},"schema":{"@context":"https:\/\/schema.org","@graph":[{"@type":"Article","@id":"https:\/\/periodicorealidades.com\/index.php\/2026\/09\/04\/estados-unidos-intensifica-operaciones-contra-drones-en-la-frontera-con-mexico\/#article","isPartOf":{"@id":"https:\/\/periodicorealidades.com\/index.php\/2026\/09\/04\/estados-unidos-intensifica-operaciones-contra-drones-en-la-frontera-con-mexico\/"},"author":{"name":"Arcelia","@id":"https:\/\/periodicorealidades.com\/#\/schema\/person\/ed60e33c6767be45db655d22ad0c15c4"},"headline":"Estados Unidos intensifica operaciones contra drones en la frontera con M\u00e9xico","datePublished":"2026-09-04T21:41:21+00:00","mainEntityOfPage":{"@id":"https:\/\/periodicorealidades.com\/index.php\/2026\/09\/04\/estados-unidos-intensifica-operaciones-contra-drones-en-la-frontera-con-mexico\/"},"wordCount":296,"publisher":{"@id":"https:\/\/periodicorealidades.com\/#organization"},"image":{"@id":"https:\/\/periodicorealidades.com\/index.php\/2026\/09\/04\/estados-unidos-intensifica-operaciones-contra-drones-en-la-frontera-con-mexico\/#primaryimage"},"thumbnailUrl":"https:\/\/periodicorealidades.com\/wp-content\/uploads\/2026\/09\/image-52.png","articleSection":["Internacional"],"inLanguage":"es"},{"@type":"WebPage","@id":"https:\/\/periodicorealidades.com\/index.php\/2026\/09\/04\/estados-unidos-intensifica-operaciones-contra-drones-en-la-frontera-con-mexico\/","url":"https:\/\/periodicorealidades.com\/index.php\/2026\/09\/04\/estados-unidos-intensifica-operaciones-contra-drones-en-la-frontera-con-mexico\/","name":"Estados Unidos intensifica operaciones contra drones en la frontera con M\u00e9xico - Peri\u00f3dico Realidades","isPartOf":{"@id":"https:\/\/periodicorealidades.com\/#website"},"primaryImageOfPage":{"@id":"https:\/\/periodicorealidades.com\/index.php\/2026\/09\/04\/estados-unidos-intensifica-operaciones-contra-drones-en-la-frontera-con-mexico\/#primaryimage"},"image":{"@id":"https:\/\/periodicorealidades.com\/index.php\/2026\/09\/04\/estados-unidos-intensifica-operaciones-contra-drones-en-la-frontera-con-mexico\/#primaryimage"},"thumbnailUrl":"https:\/\/periodicorealidades.com\/wp-content\/uploads\/2026\/09\/image-52.png","datePublished":"2026-09-04T21:41:21+00:00","breadcrumb":{"@id":"https:\/\/periodicorealidades.com\/index.php\/2026\/09\/04\/estados-unidos-intensifica-operaciones-contra-drones-en-la-frontera-con-mexico\/#breadcrumb"},"inLanguage":"es","potentialAction":[{"@type":"ReadAction","target":["https:\/\/periodicorealidades.com\/index.php\/2026\/09\/04\/estados-unidos-intensifica-operaciones-contra-drones-en-la-frontera-con-mexico\/"]}]},{"@type":"ImageObject","inLanguage":"es","@id":"https:\/\/periodicorealidades.com\/index.php\/2026\/09\/04\/estados-unidos-intensifica-operaciones-contra-drones-en-la-frontera-con-mexico\/#primaryimage","url":"https:\/\/periodicorealidades.com\/wp-content\/uploads\/2026\/09\/image-52.png","contentUrl":"https:\/\/periodicorealidades.com\/wp-content\/uploads\/2026\/09\/image-52.png","width":770,"height":423},{"@type":"BreadcrumbList","@id":"https:\/\/periodicorealidades.com\/index.php\/2026\/09\/04\/estados-unidos-intensifica-operaciones-contra-drones-en-la-frontera-con-mexico\/#breadcrumb","itemListElement":[{"@type":"ListItem","position":1,"name":"Inicio","item":"https:\/\/periodicorealidades.com\/"},{"@type":"ListItem","position":2,"name":"Estados Unidos intensifica operaciones contra drones en la frontera con M\u00e9xico"}]},{"@type":"WebSite","@id":"https:\/\/periodicorealidades.com\/#website","url":"https:\/\/periodicorealidades.com\/","name":"Peri\u00f3dico Realidades","description":"M\u00e9dio de comunicaci\u00f3n en Nayarit","publisher":{"@id":"https:\/\/periodicorealidades.com\/#organization"},"potentialAction":[{"@type":"SearchAction","target":{"@type":"EntryPoint","urlTemplate":"https:\/\/periodicorealidades.com\/?s={search_term_string}"},"query-input":{"@type":"PropertyValueSpecification","valueRequired":true,"valueName":"search_term_string"}}],"inLanguage":"es"},{"@type":"Organization","@id":"https:\/\/periodicorealidades.com\/#organization","name":"Peri\u00f3dico Realidades","url":"https:\/\/periodicorealidades.com\/","logo":{"@type":"ImageObject","inLanguage":"es","@id":"https:\/\/periodicorealidades.com\/#\/schema\/logo\/image\/","url":"https:\/\/periodicorealidades.com\/wp-content\/uploads\/2023\/05\/r-prueba.png","contentUrl":"https:\/\/periodicorealidades.com\/wp-content\/uploads\/2023\/05\/r-prueba.png","width":709,"height":709,"caption":"Peri\u00f3dico Realidades"},"image":{"@id":"https:\/\/periodicorealidades.com\/#\/schema\/logo\/image\/"},"sameAs":["https:\/\/www.facebook.com\/periodicorealidades.denayarit?mibextid=LQQJ4d"]},{"@type":"Person","@id":"https:\/\/periodicorealidades.com\/#\/schema\/person\/ed60e33c6767be45db655d22ad0c15c4","name":"Arcelia","image":{"@type":"ImageObject","inLanguage":"es","@id":"https:\/\/secure.gravatar.com\/avatar\/36cdbbe591db4ecc4985aac5ab27b8093cf6488d3b664974f0cda2e38368b10d?s=96&d=mm&r=g","url":"https:\/\/secure.gravatar.com\/avatar\/36cdbbe591db4ecc4985aac5ab27b8093cf6488d3b664974f0cda2e38368b10d?s=96&d=mm&r=g","contentUrl":"https:\/\/secure.gravatar.com\/avatar\/36cdbbe591db4ecc4985aac5ab27b8093cf6488d3b664974f0cda2e38368b10d?s=96&d=mm&r=g","caption":"Arcelia"},"url":"https:\/\/periodicorealidades.com\/index.php\/author\/editor-2\/"}]}},"_links":{"self":[{"href":"https:\/\/periodicorealidades.com\/index.php\/wp-json\/wp\/v2\/posts\/78133","targetHints":{"allow":["GET"]}}],"collection":[{"href":"https:\/\/periodicorealidades.com\/index.php\/wp-json\/wp\/v2\/posts"}],"about":[{"href":"https:\/\/periodicorealidades.com\/index.php\/wp-json\/wp\/v2\/types\/post"}],"author":[{"embeddable":true,"href":"https:\/\/periodicorealidades.com\/index.php\/wp-json\/wp\/v2\/users\/4"}],"replies":[{"embeddable":true,"href":"https:\/\/periodicorealidades.com\/index.php\/wp-json\/wp\/v2\/comments?post=78133"}],"version-history":[{"count":1,"href":"https:\/\/periodicorealidades.com\/index.php\/wp-json\/wp\/v2\/posts\/78133\/revisions"}],"predecessor-version":[{"id":78137,"href":"https:\/\/periodicorealidades.com\/index.php\/wp-json\/wp\/v2\/posts\/78133\/revisions\/78137"}],"wp:featuredmedia":[{"embeddable":true,"href":"https:\/\/periodicorealidades.com\/index.php\/wp-json\/wp\/v2\/media\/78135"}],"wp:attachment":[{"href":"https:\/\/periodicorealidades.com\/index.php\/wp-json\/wp\/v2\/media?parent=78133"}],"wp:term":[{"taxonomy":"category","embeddable":true,"href":"https:\/\/periodicorealidades.com\/index.php\/wp-json\/wp\/v2\/categories?post=78133"},{"taxonomy":"post_tag","embeddable":true,"href":"https:\/\/periodicorealidades.com\/index.php\/wp-json\/wp\/v2\/tags?post=78133"}],"curies":[{"name":"wp","href":"https:\/\/api.w.org\/{rel}","templated":true}]}}