{"id":78143,"date":"2026-09-04T14:54:37","date_gmt":"2026-09-04T21:54:37","guid":{"rendered":"https:\/\/periodicorealidades.com\/?p=78143"},"modified":"2026-09-04T14:54:37","modified_gmt":"2026-09-04T21:54:37","slug":"trump-minimiza-comercio-con-mexico-pero-descarta-romper-el-t-mec","status":"publish","type":"post","link":"https:\/\/periodicorealidades.com\/index.php\/2026\/09\/04\/trump-minimiza-comercio-con-mexico-pero-descarta-romper-el-t-mec\/","title":{"rendered":"Trump minimiza comercio con M\u00e9xico, pero descarta romper el T-MEC"},"content":{"rendered":"\n<p class=\"wp-block-paragraph\">&nbsp;El presidente de Estados Unidos, Donald Trump, volvi\u00f3 a generar tensi\u00f3n en la relaci\u00f3n comercial con M\u00e9xico al asegurar que su pa\u00eds podr\u00eda prescindir del comercio con su vecino del sur, al considerar que M\u00e9xico tiene poco que ofrecer a Estados Unidos.<\/p>\n\n\n\n<p class=\"wp-block-paragraph\">Desde el Despacho Oval, Trump afirm\u00f3 que M\u00e9xico \u00fanicamente exporta productos como \u201ctamales picantes y tomates\u201d, adem\u00e1s de \u201cun par de cosas\u201d, y sostuvo que Estados Unidos no perder\u00eda econ\u00f3micamente si dejara de comerciar con el pa\u00eds.<\/p>\n\n\n\n<p class=\"wp-block-paragraph\">\u201cSi dejara de comerciar con ellos, no perder\u00edamos nada. Bastar\u00eda con una sola firma\u201d, declar\u00f3 el mandatario estadounidense, quien tambi\u00e9n asegur\u00f3 que Estados Unidos registra un d\u00e9ficit comercial con M\u00e9xico de alrededor de 195 mil millones de d\u00f3lares al a\u00f1o.<\/p>\n\n\n\n<p class=\"wp-block-paragraph\">Pese a sus declaraciones, Trump descart\u00f3 por ahora romper los v\u00ednculos comerciales con M\u00e9xico y destac\u00f3 la relaci\u00f3n que mantiene con la presidenta Claudia Sheinbaum. El mandatario estadounidense se\u00f1al\u00f3 que existe respeto y buena comunicaci\u00f3n entre ambos gobiernos, por lo que no desea tomar una decisi\u00f3n que afecte la relaci\u00f3n bilateral.<\/p>\n\n\n\n<p class=\"wp-block-paragraph\">\u201cNo quiero hacer eso porque nos llevamos muy bien con la presidenta. Nos cae bien la presidenta y la respetamos mucho\u201d, expres\u00f3.<\/p>\n\n\n\n<p class=\"wp-block-paragraph\">Las declaraciones ocurren en un contexto de tensi\u00f3n por el futuro del Tratado entre M\u00e9xico, Estados Unidos y Canad\u00e1 (T-MEC), cuya continuidad y posible extensi\u00f3n hasta 2042 se encuentran entre los temas de discusi\u00f3n comercial de los tres pa\u00edses.<\/p>\n\n\n\n<h2 class=\"wp-block-heading\">Tambi\u00e9n arremete contra Canad\u00e1<\/h2>\n\n\n\n<p class=\"wp-block-paragraph\">Trump tambi\u00e9n se refiri\u00f3 a la relaci\u00f3n comercial con Canad\u00e1, se\u00f1alando que Estados Unidos podr\u00eda ahorrar entre 60 mil y 90 mil millones de d\u00f3lares al a\u00f1o si dejara de comerciar con ese pa\u00eds.<\/p>\n\n\n\n<p class=\"wp-block-paragraph\">\u201cSi no quisi\u00e9ramos comerciar con M\u00e9xico, si no quisi\u00e9ramos comerciar con Canad\u00e1, ahorrar\u00edamos de 60 mil a 90 mil millones de d\u00f3lares al a\u00f1o con solo no comerciar con Canad\u00e1. Ahora, Canad\u00e1 estar\u00eda en un gran problema\u201d, afirm\u00f3.<\/p>\n\n\n\n<p class=\"wp-block-paragraph\">Las declaraciones de Trump mantienen la incertidumbre sobre el futuro de la relaci\u00f3n comercial de Am\u00e9rica del Norte, mientras M\u00e9xico y Estados Unidos buscan mantener el di\u00e1logo en medio de las presiones y diferencias en torno al T-MEC.<\/p>\n\n\n\n<p class=\"wp-block-paragraph\"><\/p>\n","protected":false},"excerpt":{"rendered":"<p>&nbsp;El presidente de Estados Unidos, Donald Trump, volvi\u00f3 a generar tensi\u00f3n en la relaci\u00f3n comercial con M\u00e9xico al asegurar que su pa\u00eds podr\u00eda prescindir del comercio con su vecino del sur, al considerar que M\u00e9xico tiene poco que ofrecer a Estados Unidos. Desde el Despacho Oval, Trump afirm\u00f3 que M\u00e9xico \u00fanicamente exporta productos como \u201ctamales [&hellip;]<\/p>\n","protected":false},"author":4,"featured_media":78144,"comment_status":"closed","ping_status":"open","sticky":false,"template":"","format":"standard","meta":{"footnotes":""},"categories":[13],"tags":[],"class_list":["post-78143","post","type-post","status-publish","format-standard","has-post-thumbnail","category-internacional"],"yoast_head":"<!-- This site is optimized with the Yoast SEO plugin v28.3 - https:\/\/yoast.com\/product\/yoast-seo-wordpress\/ -->\n<title>Trump minimiza comercio con M\u00e9xico, pero descarta romper el T-MEC - Peri\u00f3dico Realidades<\/title>\n<meta name=\"robots\" content=\"index, follow, max-snippet:-1, max-image-preview:large, max-video-preview:-1\" \/>\n<link rel=\"canonical\" href=\"https:\/\/periodicorealidades.com\/index.php\/2026\/09\/04\/trump-minimiza-comercio-con-mexico-pero-descarta-romper-el-t-mec\/\" \/>\n<meta property=\"og:locale\" content=\"es_MX\" \/>\n<meta property=\"og:type\" content=\"article\" \/>\n<meta property=\"og:title\" content=\"Trump minimiza comercio con M\u00e9xico, pero descarta romper el T-MEC - Peri\u00f3dico Realidades\" \/>\n<meta property=\"og:description\" content=\"&nbsp;El presidente de Estados Unidos, Donald Trump, volvi\u00f3 a generar tensi\u00f3n en la relaci\u00f3n comercial con M\u00e9xico al asegurar que su pa\u00eds podr\u00eda prescindir del comercio con su vecino del sur, al considerar que M\u00e9xico tiene poco que ofrecer a Estados Unidos. Desde el Despacho Oval, Trump afirm\u00f3 que M\u00e9xico \u00fanicamente exporta productos como \u201ctamales [&hellip;]\" \/>\n<meta property=\"og:url\" content=\"https:\/\/periodicorealidades.com\/index.php\/2026\/09\/04\/trump-minimiza-comercio-con-mexico-pero-descarta-romper-el-t-mec\/\" \/>\n<meta property=\"og:site_name\" content=\"Peri\u00f3dico Realidades\" \/>\n<meta property=\"article:publisher\" content=\"https:\/\/www.facebook.com\/periodicorealidades.denayarit?mibextid=LQQJ4d\" \/>\n<meta property=\"article:published_time\" content=\"2026-09-04T21:54:37+00:00\" \/>\n<meta property=\"og:image\" content=\"https:\/\/periodicorealidades.com\/wp-content\/uploads\/2026\/09\/image-57.png\" \/>\n\t<meta property=\"og:image:width\" content=\"1200\" \/>\n\t<meta property=\"og:image:height\" content=\"630\" \/>\n\t<meta property=\"og:image:type\" content=\"image\/png\" \/>\n<meta name=\"author\" content=\"Arcelia\" \/>\n<meta name=\"twitter:card\" content=\"summary_large_image\" \/>\n<meta name=\"twitter:label1\" content=\"Escrito por\" \/>\n\t<meta name=\"twitter:data1\" content=\"Arcelia\" \/>\n\t<meta name=\"twitter:label2\" content=\"Tiempo de lectura\" \/>\n\t<meta name=\"twitter:data2\" content=\"2 minutos\" \/>\n<script type=\"application\/ld+json\" class=\"yoast-schema-graph\">{\"@context\":\"https:\\\/\\\/schema.org\",\"@graph\":[{\"@type\":\"Article\",\"@id\":\"https:\\\/\\\/periodicorealidades.com\\\/index.php\\\/2026\\\/09\\\/04\\\/trump-minimiza-comercio-con-mexico-pero-descarta-romper-el-t-mec\\\/#article\",\"isPartOf\":{\"@id\":\"https:\\\/\\\/periodicorealidades.com\\\/index.php\\\/2026\\\/09\\\/04\\\/trump-minimiza-comercio-con-mexico-pero-descarta-romper-el-t-mec\\\/\"},\"author\":{\"name\":\"Arcelia\",\"@id\":\"https:\\\/\\\/periodicorealidades.com\\\/#\\\/schema\\\/person\\\/ed60e33c6767be45db655d22ad0c15c4\"},\"headline\":\"Trump minimiza comercio con M\u00e9xico, pero descarta romper el T-MEC\",\"datePublished\":\"2026-09-04T21:54:37+00:00\",\"mainEntityOfPage\":{\"@id\":\"https:\\\/\\\/periodicorealidades.com\\\/index.php\\\/2026\\\/09\\\/04\\\/trump-minimiza-comercio-con-mexico-pero-descarta-romper-el-t-mec\\\/\"},\"wordCount\":400,\"publisher\":{\"@id\":\"https:\\\/\\\/periodicorealidades.com\\\/#organization\"},\"image\":{\"@id\":\"https:\\\/\\\/periodicorealidades.com\\\/index.php\\\/2026\\\/09\\\/04\\\/trump-minimiza-comercio-con-mexico-pero-descarta-romper-el-t-mec\\\/#primaryimage\"},\"thumbnailUrl\":\"https:\\\/\\\/periodicorealidades.com\\\/wp-content\\\/uploads\\\/2026\\\/09\\\/image-57.png\",\"articleSection\":[\"Internacional\"],\"inLanguage\":\"es\"},{\"@type\":\"WebPage\",\"@id\":\"https:\\\/\\\/periodicorealidades.com\\\/index.php\\\/2026\\\/09\\\/04\\\/trump-minimiza-comercio-con-mexico-pero-descarta-romper-el-t-mec\\\/\",\"url\":\"https:\\\/\\\/periodicorealidades.com\\\/index.php\\\/2026\\\/09\\\/04\\\/trump-minimiza-comercio-con-mexico-pero-descarta-romper-el-t-mec\\\/\",\"name\":\"Trump minimiza comercio con M\u00e9xico, pero descarta romper el T-MEC - Peri\u00f3dico Realidades\",\"isPartOf\":{\"@id\":\"https:\\\/\\\/periodicorealidades.com\\\/#website\"},\"primaryImageOfPage\":{\"@id\":\"https:\\\/\\\/periodicorealidades.com\\\/index.php\\\/2026\\\/09\\\/04\\\/trump-minimiza-comercio-con-mexico-pero-descarta-romper-el-t-mec\\\/#primaryimage\"},\"image\":{\"@id\":\"https:\\\/\\\/periodicorealidades.com\\\/index.php\\\/2026\\\/09\\\/04\\\/trump-minimiza-comercio-con-mexico-pero-descarta-romper-el-t-mec\\\/#primaryimage\"},\"thumbnailUrl\":\"https:\\\/\\\/periodicorealidades.com\\\/wp-content\\\/uploads\\\/2026\\\/09\\\/image-57.png\",\"datePublished\":\"2026-09-04T21:54:37+00:00\",\"breadcrumb\":{\"@id\":\"https:\\\/\\\/periodicorealidades.com\\\/index.php\\\/2026\\\/09\\\/04\\\/trump-minimiza-comercio-con-mexico-pero-descarta-romper-el-t-mec\\\/#breadcrumb\"},\"inLanguage\":\"es\",\"potentialAction\":[{\"@type\":\"ReadAction\",\"target\":[\"https:\\\/\\\/periodicorealidades.com\\\/index.php\\\/2026\\\/09\\\/04\\\/trump-minimiza-comercio-con-mexico-pero-descarta-romper-el-t-mec\\\/\"]}]},{\"@type\":\"ImageObject\",\"inLanguage\":\"es\",\"@id\":\"https:\\\/\\\/periodicorealidades.com\\\/index.php\\\/2026\\\/09\\\/04\\\/trump-minimiza-comercio-con-mexico-pero-descarta-romper-el-t-mec\\\/#primaryimage\",\"url\":\"https:\\\/\\\/periodicorealidades.com\\\/wp-content\\\/uploads\\\/2026\\\/09\\\/image-57.png\",\"contentUrl\":\"https:\\\/\\\/periodicorealidades.com\\\/wp-content\\\/uploads\\\/2026\\\/09\\\/image-57.png\",\"width\":1200,\"height\":630},{\"@type\":\"BreadcrumbList\",\"@id\":\"https:\\\/\\\/periodicorealidades.com\\\/index.php\\\/2026\\\/09\\\/04\\\/trump-minimiza-comercio-con-mexico-pero-descarta-romper-el-t-mec\\\/#breadcrumb\",\"itemListElement\":[{\"@type\":\"ListItem\",\"position\":1,\"name\":\"Inicio\",\"item\":\"https:\\\/\\\/periodicorealidades.com\\\/\"},{\"@type\":\"ListItem\",\"position\":2,\"name\":\"Trump minimiza comercio con M\u00e9xico, pero descarta romper el T-MEC\"}]},{\"@type\":\"WebSite\",\"@id\":\"https:\\\/\\\/periodicorealidades.com\\\/#website\",\"url\":\"https:\\\/\\\/periodicorealidades.com\\\/\",\"name\":\"Peri\u00f3dico Realidades\",\"description\":\"M\u00e9dio de comunicaci\u00f3n en Nayarit\",\"publisher\":{\"@id\":\"https:\\\/\\\/periodicorealidades.com\\\/#organization\"},\"potentialAction\":[{\"@type\":\"SearchAction\",\"target\":{\"@type\":\"EntryPoint\",\"urlTemplate\":\"https:\\\/\\\/periodicorealidades.com\\\/?s={search_term_string}\"},\"query-input\":{\"@type\":\"PropertyValueSpecification\",\"valueRequired\":true,\"valueName\":\"search_term_string\"}}],\"inLanguage\":\"es\"},{\"@type\":\"Organization\",\"@id\":\"https:\\\/\\\/periodicorealidades.com\\\/#organization\",\"name\":\"Peri\u00f3dico Realidades\",\"url\":\"https:\\\/\\\/periodicorealidades.com\\\/\",\"logo\":{\"@type\":\"ImageObject\",\"inLanguage\":\"es\",\"@id\":\"https:\\\/\\\/periodicorealidades.com\\\/#\\\/schema\\\/logo\\\/image\\\/\",\"url\":\"https:\\\/\\\/periodicorealidades.com\\\/wp-content\\\/uploads\\\/2023\\\/05\\\/r-prueba.png\",\"contentUrl\":\"https:\\\/\\\/periodicorealidades.com\\\/wp-content\\\/uploads\\\/2023\\\/05\\\/r-prueba.png\",\"width\":709,\"height\":709,\"caption\":\"Peri\u00f3dico Realidades\"},\"image\":{\"@id\":\"https:\\\/\\\/periodicorealidades.com\\\/#\\\/schema\\\/logo\\\/image\\\/\"},\"sameAs\":[\"https:\\\/\\\/www.facebook.com\\\/periodicorealidades.denayarit?mibextid=LQQJ4d\"]},{\"@type\":\"Person\",\"@id\":\"https:\\\/\\\/periodicorealidades.com\\\/#\\\/schema\\\/person\\\/ed60e33c6767be45db655d22ad0c15c4\",\"name\":\"Arcelia\",\"image\":{\"@type\":\"ImageObject\",\"inLanguage\":\"es\",\"@id\":\"https:\\\/\\\/secure.gravatar.com\\\/avatar\\\/36cdbbe591db4ecc4985aac5ab27b8093cf6488d3b664974f0cda2e38368b10d?s=96&d=mm&r=g\",\"url\":\"https:\\\/\\\/secure.gravatar.com\\\/avatar\\\/36cdbbe591db4ecc4985aac5ab27b8093cf6488d3b664974f0cda2e38368b10d?s=96&d=mm&r=g\",\"contentUrl\":\"https:\\\/\\\/secure.gravatar.com\\\/avatar\\\/36cdbbe591db4ecc4985aac5ab27b8093cf6488d3b664974f0cda2e38368b10d?s=96&d=mm&r=g\",\"caption\":\"Arcelia\"},\"url\":\"https:\\\/\\\/periodicorealidades.com\\\/index.php\\\/author\\\/editor-2\\\/\"}]}<\/script>\n<!-- \/ Yoast SEO plugin. -->","yoast_head_json":{"title":"Trump minimiza comercio con M\u00e9xico, pero descarta romper el T-MEC - Peri\u00f3dico Realidades","robots":{"index":"index","follow":"follow","max-snippet":"max-snippet:-1","max-image-preview":"max-image-preview:large","max-video-preview":"max-video-preview:-1"},"canonical":"https:\/\/periodicorealidades.com\/index.php\/2026\/09\/04\/trump-minimiza-comercio-con-mexico-pero-descarta-romper-el-t-mec\/","og_locale":"es_MX","og_type":"article","og_title":"Trump minimiza comercio con M\u00e9xico, pero descarta romper el T-MEC - Peri\u00f3dico Realidades","og_description":"&nbsp;El presidente de Estados Unidos, Donald Trump, volvi\u00f3 a generar tensi\u00f3n en la relaci\u00f3n comercial con M\u00e9xico al asegurar que su pa\u00eds podr\u00eda prescindir del comercio con su vecino del sur, al considerar que M\u00e9xico tiene poco que ofrecer a Estados Unidos. Desde el Despacho Oval, Trump afirm\u00f3 que M\u00e9xico \u00fanicamente exporta productos como \u201ctamales [&hellip;]","og_url":"https:\/\/periodicorealidades.com\/index.php\/2026\/09\/04\/trump-minimiza-comercio-con-mexico-pero-descarta-romper-el-t-mec\/","og_site_name":"Peri\u00f3dico Realidades","article_publisher":"https:\/\/www.facebook.com\/periodicorealidades.denayarit?mibextid=LQQJ4d","article_published_time":"2026-09-04T21:54:37+00:00","og_image":[{"width":1200,"height":630,"url":"https:\/\/periodicorealidades.com\/wp-content\/uploads\/2026\/09\/image-57.png","type":"image\/png"}],"author":"Arcelia","twitter_card":"summary_large_image","twitter_misc":{"Escrito por":"Arcelia","Tiempo de lectura":"2 minutos"},"schema":{"@context":"https:\/\/schema.org","@graph":[{"@type":"Article","@id":"https:\/\/periodicorealidades.com\/index.php\/2026\/09\/04\/trump-minimiza-comercio-con-mexico-pero-descarta-romper-el-t-mec\/#article","isPartOf":{"@id":"https:\/\/periodicorealidades.com\/index.php\/2026\/09\/04\/trump-minimiza-comercio-con-mexico-pero-descarta-romper-el-t-mec\/"},"author":{"name":"Arcelia","@id":"https:\/\/periodicorealidades.com\/#\/schema\/person\/ed60e33c6767be45db655d22ad0c15c4"},"headline":"Trump minimiza comercio con M\u00e9xico, pero descarta romper el T-MEC","datePublished":"2026-09-04T21:54:37+00:00","mainEntityOfPage":{"@id":"https:\/\/periodicorealidades.com\/index.php\/2026\/09\/04\/trump-minimiza-comercio-con-mexico-pero-descarta-romper-el-t-mec\/"},"wordCount":400,"publisher":{"@id":"https:\/\/periodicorealidades.com\/#organization"},"image":{"@id":"https:\/\/periodicorealidades.com\/index.php\/2026\/09\/04\/trump-minimiza-comercio-con-mexico-pero-descarta-romper-el-t-mec\/#primaryimage"},"thumbnailUrl":"https:\/\/periodicorealidades.com\/wp-content\/uploads\/2026\/09\/image-57.png","articleSection":["Internacional"],"inLanguage":"es"},{"@type":"WebPage","@id":"https:\/\/periodicorealidades.com\/index.php\/2026\/09\/04\/trump-minimiza-comercio-con-mexico-pero-descarta-romper-el-t-mec\/","url":"https:\/\/periodicorealidades.com\/index.php\/2026\/09\/04\/trump-minimiza-comercio-con-mexico-pero-descarta-romper-el-t-mec\/","name":"Trump minimiza comercio con M\u00e9xico, pero descarta romper el T-MEC - Peri\u00f3dico Realidades","isPartOf":{"@id":"https:\/\/periodicorealidades.com\/#website"},"primaryImageOfPage":{"@id":"https:\/\/periodicorealidades.com\/index.php\/2026\/09\/04\/trump-minimiza-comercio-con-mexico-pero-descarta-romper-el-t-mec\/#primaryimage"},"image":{"@id":"https:\/\/periodicorealidades.com\/index.php\/2026\/09\/04\/trump-minimiza-comercio-con-mexico-pero-descarta-romper-el-t-mec\/#primaryimage"},"thumbnailUrl":"https:\/\/periodicorealidades.com\/wp-content\/uploads\/2026\/09\/image-57.png","datePublished":"2026-09-04T21:54:37+00:00","breadcrumb":{"@id":"https:\/\/periodicorealidades.com\/index.php\/2026\/09\/04\/trump-minimiza-comercio-con-mexico-pero-descarta-romper-el-t-mec\/#breadcrumb"},"inLanguage":"es","potentialAction":[{"@type":"ReadAction","target":["https:\/\/periodicorealidades.com\/index.php\/2026\/09\/04\/trump-minimiza-comercio-con-mexico-pero-descarta-romper-el-t-mec\/"]}]},{"@type":"ImageObject","inLanguage":"es","@id":"https:\/\/periodicorealidades.com\/index.php\/2026\/09\/04\/trump-minimiza-comercio-con-mexico-pero-descarta-romper-el-t-mec\/#primaryimage","url":"https:\/\/periodicorealidades.com\/wp-content\/uploads\/2026\/09\/image-57.png","contentUrl":"https:\/\/periodicorealidades.com\/wp-content\/uploads\/2026\/09\/image-57.png","width":1200,"height":630},{"@type":"BreadcrumbList","@id":"https:\/\/periodicorealidades.com\/index.php\/2026\/09\/04\/trump-minimiza-comercio-con-mexico-pero-descarta-romper-el-t-mec\/#breadcrumb","itemListElement":[{"@type":"ListItem","position":1,"name":"Inicio","item":"https:\/\/periodicorealidades.com\/"},{"@type":"ListItem","position":2,"name":"Trump minimiza comercio con M\u00e9xico, pero descarta romper el T-MEC"}]},{"@type":"WebSite","@id":"https:\/\/periodicorealidades.com\/#website","url":"https:\/\/periodicorealidades.com\/","name":"Peri\u00f3dico Realidades","description":"M\u00e9dio de comunicaci\u00f3n en Nayarit","publisher":{"@id":"https:\/\/periodicorealidades.com\/#organization"},"potentialAction":[{"@type":"SearchAction","target":{"@type":"EntryPoint","urlTemplate":"https:\/\/periodicorealidades.com\/?s={search_term_string}"},"query-input":{"@type":"PropertyValueSpecification","valueRequired":true,"valueName":"search_term_string"}}],"inLanguage":"es"},{"@type":"Organization","@id":"https:\/\/periodicorealidades.com\/#organization","name":"Peri\u00f3dico Realidades","url":"https:\/\/periodicorealidades.com\/","logo":{"@type":"ImageObject","inLanguage":"es","@id":"https:\/\/periodicorealidades.com\/#\/schema\/logo\/image\/","url":"https:\/\/periodicorealidades.com\/wp-content\/uploads\/2023\/05\/r-prueba.png","contentUrl":"https:\/\/periodicorealidades.com\/wp-content\/uploads\/2023\/05\/r-prueba.png","width":709,"height":709,"caption":"Peri\u00f3dico Realidades"},"image":{"@id":"https:\/\/periodicorealidades.com\/#\/schema\/logo\/image\/"},"sameAs":["https:\/\/www.facebook.com\/periodicorealidades.denayarit?mibextid=LQQJ4d"]},{"@type":"Person","@id":"https:\/\/periodicorealidades.com\/#\/schema\/person\/ed60e33c6767be45db655d22ad0c15c4","name":"Arcelia","image":{"@type":"ImageObject","inLanguage":"es","@id":"https:\/\/secure.gravatar.com\/avatar\/36cdbbe591db4ecc4985aac5ab27b8093cf6488d3b664974f0cda2e38368b10d?s=96&d=mm&r=g","url":"https:\/\/secure.gravatar.com\/avatar\/36cdbbe591db4ecc4985aac5ab27b8093cf6488d3b664974f0cda2e38368b10d?s=96&d=mm&r=g","contentUrl":"https:\/\/secure.gravatar.com\/avatar\/36cdbbe591db4ecc4985aac5ab27b8093cf6488d3b664974f0cda2e38368b10d?s=96&d=mm&r=g","caption":"Arcelia"},"url":"https:\/\/periodicorealidades.com\/index.php\/author\/editor-2\/"}]}},"_links":{"self":[{"href":"https:\/\/periodicorealidades.com\/index.php\/wp-json\/wp\/v2\/posts\/78143","targetHints":{"allow":["GET"]}}],"collection":[{"href":"https:\/\/periodicorealidades.com\/index.php\/wp-json\/wp\/v2\/posts"}],"about":[{"href":"https:\/\/periodicorealidades.com\/index.php\/wp-json\/wp\/v2\/types\/post"}],"author":[{"embeddable":true,"href":"https:\/\/periodicorealidades.com\/index.php\/wp-json\/wp\/v2\/users\/4"}],"replies":[{"embeddable":true,"href":"https:\/\/periodicorealidades.com\/index.php\/wp-json\/wp\/v2\/comments?post=78143"}],"version-history":[{"count":1,"href":"https:\/\/periodicorealidades.com\/index.php\/wp-json\/wp\/v2\/posts\/78143\/revisions"}],"predecessor-version":[{"id":78145,"href":"https:\/\/periodicorealidades.com\/index.php\/wp-json\/wp\/v2\/posts\/78143\/revisions\/78145"}],"wp:featuredmedia":[{"embeddable":true,"href":"https:\/\/periodicorealidades.com\/index.php\/wp-json\/wp\/v2\/media\/78144"}],"wp:attachment":[{"href":"https:\/\/periodicorealidades.com\/index.php\/wp-json\/wp\/v2\/media?parent=78143"}],"wp:term":[{"taxonomy":"category","embeddable":true,"href":"https:\/\/periodicorealidades.com\/index.php\/wp-json\/wp\/v2\/categories?post=78143"},{"taxonomy":"post_tag","embeddable":true,"href":"https:\/\/periodicorealidades.com\/index.php\/wp-json\/wp\/v2\/tags?post=78143"}],"curies":[{"name":"wp","href":"https:\/\/api.w.org\/{rel}","templated":true}]}}