{"id":78146,"date":"2026-09-04T15:02:23","date_gmt":"2026-09-04T22:02:23","guid":{"rendered":"https:\/\/periodicorealidades.com\/?p=78146"},"modified":"2026-09-04T15:02:24","modified_gmt":"2026-09-04T22:02:24","slug":"mexico-y-espana-fortalecen-cooperacion-en-inteligencia-artificial-y-ciberseguridad","status":"publish","type":"post","link":"https:\/\/periodicorealidades.com\/index.php\/2026\/09\/04\/mexico-y-espana-fortalecen-cooperacion-en-inteligencia-artificial-y-ciberseguridad\/","title":{"rendered":"M\u00e9xico y Espa\u00f1a fortalecen cooperaci\u00f3n en inteligencia artificial y ciberseguridad"},"content":{"rendered":"\n<p class=\"wp-block-paragraph\">&nbsp;M\u00e9xico y Espa\u00f1a reforzaron su cooperaci\u00f3n en materia de inteligencia artificial (IA), digitalizaci\u00f3n, conectividad y ciberseguridad, luego de que la Agencia de Transformaci\u00f3n Digital y Telecomunicaciones (ATDT) de M\u00e9xico y el Ministerio para la Transformaci\u00f3n Digital y de la Funci\u00f3n P\u00fablica de Espa\u00f1a firmaran un memor\u00e1ndum de entendimiento.<\/p>\n\n\n\n<p class=\"wp-block-paragraph\">El acuerdo busca impulsar el intercambio de experiencias y buenas pr\u00e1cticas en \u00e1reas como centros de datos, inteligencia artificial aplicada a los servicios p\u00fablicos, conectividad, identidad digital, simplificaci\u00f3n de tr\u00e1mites, atenci\u00f3n ciudadana, ciberseguridad y gesti\u00f3n de desastres.<\/p>\n\n\n\n<p class=\"wp-block-paragraph\">Durante el acto protocolario, el titular de la ATDT, Jos\u00e9 Pe\u00f1a Merino, destac\u00f3 proyectos estrat\u00e9gicos de M\u00e9xico como la Nube MX, el Plan Nacional de Ciberseguridad y el programa nacional de simplificaci\u00f3n y digitalizaci\u00f3n de tr\u00e1mites.<\/p>\n\n\n\n<figure class=\"wp-block-image size-full\"><img loading=\"lazy\" decoding=\"async\" width=\"700\" height=\"438\" src=\"https:\/\/periodicorealidades.com\/wp-content\/uploads\/2026\/09\/image-59.png\" alt=\"\" class=\"wp-image-78149\" srcset=\"https:\/\/periodicorealidades.com\/wp-content\/uploads\/2026\/09\/image-59.png 700w, https:\/\/periodicorealidades.com\/wp-content\/uploads\/2026\/09\/image-59-300x188.png 300w, https:\/\/periodicorealidades.com\/wp-content\/uploads\/2026\/09\/image-59-323x202.png 323w, https:\/\/periodicorealidades.com\/wp-content\/uploads\/2026\/09\/image-59-255x160.png 255w, https:\/\/periodicorealidades.com\/wp-content\/uploads\/2026\/09\/image-59-695x435.png 695w, https:\/\/periodicorealidades.com\/wp-content\/uploads\/2026\/09\/image-59-351x220.png 351w, https:\/\/periodicorealidades.com\/wp-content\/uploads\/2026\/09\/image-59-355x222.png 355w, https:\/\/periodicorealidades.com\/wp-content\/uploads\/2026\/09\/image-59-417x261.png 417w\" sizes=\"auto, (max-width: 700px) 100vw, 700px\" \/><\/figure>\n\n\n\n<p class=\"wp-block-paragraph\">Por su parte, el ministro espa\u00f1ol para la Transformaci\u00f3n Digital y de la Funci\u00f3n P\u00fablica, \u00d3scar L\u00f3pez, se\u00f1al\u00f3 que la estrategia digital de Espa\u00f1a se concentra en cuatro ejes: empresas, industria, derechos y formaci\u00f3n. Explic\u00f3 que estas acciones incluyen actualizaci\u00f3n regulatoria, capacitaci\u00f3n en universidades, cursos especializados, vinculaci\u00f3n con la industria y apoyo a empresas y proyectos de infraestructura mediante inversi\u00f3n p\u00fablica y privada.<\/p>\n\n\n\n<p class=\"wp-block-paragraph\">El memor\u00e1ndum contempla adem\u00e1s el desarrollo de programas de capacitaci\u00f3n, investigaci\u00f3n y proyectos conjuntos, as\u00ed como una mayor colaboraci\u00f3n con empresas, instituciones acad\u00e9micas y centros de investigaci\u00f3n.<\/p>\n\n\n\n<p class=\"wp-block-paragraph\">De acuerdo con la ATDT, esta alianza permitir\u00e1 fortalecer el intercambio de conocimiento y capacidades entre ambos pa\u00edses, adem\u00e1s de impulsar la cooperaci\u00f3n entre gobiernos, universidades y el sector privado para utilizar la tecnolog\u00eda como una herramienta que contribuya a mejorar los servicios p\u00fablicos y ampliar las oportunidades para la poblaci\u00f3n.<\/p>\n\n\n\n<h2 class=\"wp-block-heading\">Espa\u00f1a busca atraer inversi\u00f3n mexicana<\/h2>\n\n\n\n<p class=\"wp-block-paragraph\">Durante su visita oficial a M\u00e9xico, \u00d3scar L\u00f3pez tambi\u00e9n hizo un llamado a las empresas mexicanas para considerar a Espa\u00f1a como destino de sus inversiones.<\/p>\n\n\n\n<p class=\"wp-block-paragraph\">En un desayuno de trabajo realizado en la residencia de la Embajada espa\u00f1ola en Ciudad de M\u00e9xico, el funcionario asegur\u00f3 que Espa\u00f1a ofrece condiciones favorables para la inversi\u00f3n debido a su crecimiento econ\u00f3mico, infraestructura digital y disponibilidad de energ\u00eda renovable.<\/p>\n\n\n\n<p class=\"wp-block-paragraph\">El encuentro reuni\u00f3 a representantes de 15 compa\u00f1\u00edas, entre ellas seis mexicanas y nueve espa\u00f1olas, vinculadas con sectores como tecnolog\u00eda, ciberseguridad, infraestructura digital y telecomunicaciones.<\/p>\n\n\n\n<p class=\"wp-block-paragraph\">L\u00f3pez tambi\u00e9n sostuvo una reuni\u00f3n con la secretaria mexicana de Anticorrupci\u00f3n y Buen Gobierno, Raquel Buenrostro, con quien abord\u00f3 temas relacionados con las estrategias espa\u00f1olas para combatir la corrupci\u00f3n y las estafas telef\u00f3nicas y mediante mensajes de texto.<\/p>\n\n\n\n<p class=\"wp-block-paragraph\">Durante el encuentro se destac\u00f3 que las medidas implementadas en Espa\u00f1a han permitido bloquear m\u00e1s de 300 millones de llamadas fraudulentas. Ambos funcionarios tambi\u00e9n analizaron oportunidades de cooperaci\u00f3n para la capacitaci\u00f3n de empleados p\u00fablicos.<\/p>\n\n\n\n<p class=\"wp-block-paragraph\">Con estos acuerdos, M\u00e9xico y Espa\u00f1a buscan ampliar su colaboraci\u00f3n tecnol\u00f3gica y fortalecer sus capacidades frente a los nuevos desaf\u00edos digitales, al tiempo que promueven la innovaci\u00f3n, la inversi\u00f3n y el desarrollo de proyectos conjuntos.<\/p>\n\n\n\n<p class=\"wp-block-paragraph\"><\/p>\n","protected":false},"excerpt":{"rendered":"<p>&nbsp;M\u00e9xico y Espa\u00f1a reforzaron su cooperaci\u00f3n en materia de inteligencia artificial (IA), digitalizaci\u00f3n, conectividad y ciberseguridad, luego de que la Agencia de Transformaci\u00f3n Digital y Telecomunicaciones (ATDT) de M\u00e9xico y el Ministerio para la Transformaci\u00f3n Digital y de la Funci\u00f3n P\u00fablica de Espa\u00f1a firmaran un memor\u00e1ndum de entendimiento. El acuerdo busca impulsar el intercambio de [&hellip;]<\/p>\n","protected":false},"author":4,"featured_media":78148,"comment_status":"closed","ping_status":"open","sticky":false,"template":"","format":"standard","meta":{"footnotes":""},"categories":[12],"tags":[],"class_list":["post-78146","post","type-post","status-publish","format-standard","has-post-thumbnail","category-nacional"],"yoast_head":"<!-- This site is optimized with the Yoast SEO plugin v28.3 - https:\/\/yoast.com\/product\/yoast-seo-wordpress\/ -->\n<title>M\u00e9xico y Espa\u00f1a fortalecen cooperaci\u00f3n en inteligencia artificial y ciberseguridad - Peri\u00f3dico Realidades<\/title>\n<meta name=\"robots\" content=\"index, follow, max-snippet:-1, max-image-preview:large, max-video-preview:-1\" \/>\n<link rel=\"canonical\" href=\"https:\/\/periodicorealidades.com\/index.php\/2026\/09\/04\/mexico-y-espana-fortalecen-cooperacion-en-inteligencia-artificial-y-ciberseguridad\/\" \/>\n<meta property=\"og:locale\" content=\"es_MX\" \/>\n<meta property=\"og:type\" content=\"article\" \/>\n<meta property=\"og:title\" content=\"M\u00e9xico y Espa\u00f1a fortalecen cooperaci\u00f3n en inteligencia artificial y ciberseguridad - Peri\u00f3dico Realidades\" \/>\n<meta property=\"og:description\" content=\"&nbsp;M\u00e9xico y Espa\u00f1a reforzaron su cooperaci\u00f3n en materia de inteligencia artificial (IA), digitalizaci\u00f3n, conectividad y ciberseguridad, luego de que la Agencia de Transformaci\u00f3n Digital y Telecomunicaciones (ATDT) de M\u00e9xico y el Ministerio para la Transformaci\u00f3n Digital y de la Funci\u00f3n P\u00fablica de Espa\u00f1a firmaran un memor\u00e1ndum de entendimiento. El acuerdo busca impulsar el intercambio de [&hellip;]\" \/>\n<meta property=\"og:url\" content=\"https:\/\/periodicorealidades.com\/index.php\/2026\/09\/04\/mexico-y-espana-fortalecen-cooperacion-en-inteligencia-artificial-y-ciberseguridad\/\" \/>\n<meta property=\"og:site_name\" content=\"Peri\u00f3dico Realidades\" \/>\n<meta property=\"article:publisher\" content=\"https:\/\/www.facebook.com\/periodicorealidades.denayarit?mibextid=LQQJ4d\" \/>\n<meta property=\"article:published_time\" content=\"2026-09-04T22:02:23+00:00\" \/>\n<meta property=\"article:modified_time\" content=\"2026-09-04T22:02:24+00:00\" \/>\n<meta property=\"og:image\" content=\"https:\/\/periodicorealidades.com\/wp-content\/uploads\/2026\/09\/image-58.png\" \/>\n\t<meta property=\"og:image:width\" content=\"700\" \/>\n\t<meta property=\"og:image:height\" content=\"341\" \/>\n\t<meta property=\"og:image:type\" content=\"image\/png\" \/>\n<meta name=\"author\" content=\"Arcelia\" \/>\n<meta name=\"twitter:card\" content=\"summary_large_image\" \/>\n<meta name=\"twitter:label1\" content=\"Escrito por\" \/>\n\t<meta name=\"twitter:data1\" content=\"Arcelia\" \/>\n\t<meta name=\"twitter:label2\" content=\"Tiempo de lectura\" \/>\n\t<meta name=\"twitter:data2\" content=\"3 minutos\" \/>\n<script type=\"application\/ld+json\" class=\"yoast-schema-graph\">{\"@context\":\"https:\\\/\\\/schema.org\",\"@graph\":[{\"@type\":\"Article\",\"@id\":\"https:\\\/\\\/periodicorealidades.com\\\/index.php\\\/2026\\\/09\\\/04\\\/mexico-y-espana-fortalecen-cooperacion-en-inteligencia-artificial-y-ciberseguridad\\\/#article\",\"isPartOf\":{\"@id\":\"https:\\\/\\\/periodicorealidades.com\\\/index.php\\\/2026\\\/09\\\/04\\\/mexico-y-espana-fortalecen-cooperacion-en-inteligencia-artificial-y-ciberseguridad\\\/\"},\"author\":{\"name\":\"Arcelia\",\"@id\":\"https:\\\/\\\/periodicorealidades.com\\\/#\\\/schema\\\/person\\\/ed60e33c6767be45db655d22ad0c15c4\"},\"headline\":\"M\u00e9xico y Espa\u00f1a fortalecen cooperaci\u00f3n en inteligencia artificial y ciberseguridad\",\"datePublished\":\"2026-09-04T22:02:23+00:00\",\"dateModified\":\"2026-09-04T22:02:24+00:00\",\"mainEntityOfPage\":{\"@id\":\"https:\\\/\\\/periodicorealidades.com\\\/index.php\\\/2026\\\/09\\\/04\\\/mexico-y-espana-fortalecen-cooperacion-en-inteligencia-artificial-y-ciberseguridad\\\/\"},\"wordCount\":560,\"publisher\":{\"@id\":\"https:\\\/\\\/periodicorealidades.com\\\/#organization\"},\"image\":{\"@id\":\"https:\\\/\\\/periodicorealidades.com\\\/index.php\\\/2026\\\/09\\\/04\\\/mexico-y-espana-fortalecen-cooperacion-en-inteligencia-artificial-y-ciberseguridad\\\/#primaryimage\"},\"thumbnailUrl\":\"https:\\\/\\\/periodicorealidades.com\\\/wp-content\\\/uploads\\\/2026\\\/09\\\/image-58.png\",\"articleSection\":[\"Nacional\"],\"inLanguage\":\"es\"},{\"@type\":\"WebPage\",\"@id\":\"https:\\\/\\\/periodicorealidades.com\\\/index.php\\\/2026\\\/09\\\/04\\\/mexico-y-espana-fortalecen-cooperacion-en-inteligencia-artificial-y-ciberseguridad\\\/\",\"url\":\"https:\\\/\\\/periodicorealidades.com\\\/index.php\\\/2026\\\/09\\\/04\\\/mexico-y-espana-fortalecen-cooperacion-en-inteligencia-artificial-y-ciberseguridad\\\/\",\"name\":\"M\u00e9xico y Espa\u00f1a fortalecen cooperaci\u00f3n en inteligencia artificial y ciberseguridad - Peri\u00f3dico Realidades\",\"isPartOf\":{\"@id\":\"https:\\\/\\\/periodicorealidades.com\\\/#website\"},\"primaryImageOfPage\":{\"@id\":\"https:\\\/\\\/periodicorealidades.com\\\/index.php\\\/2026\\\/09\\\/04\\\/mexico-y-espana-fortalecen-cooperacion-en-inteligencia-artificial-y-ciberseguridad\\\/#primaryimage\"},\"image\":{\"@id\":\"https:\\\/\\\/periodicorealidades.com\\\/index.php\\\/2026\\\/09\\\/04\\\/mexico-y-espana-fortalecen-cooperacion-en-inteligencia-artificial-y-ciberseguridad\\\/#primaryimage\"},\"thumbnailUrl\":\"https:\\\/\\\/periodicorealidades.com\\\/wp-content\\\/uploads\\\/2026\\\/09\\\/image-58.png\",\"datePublished\":\"2026-09-04T22:02:23+00:00\",\"dateModified\":\"2026-09-04T22:02:24+00:00\",\"breadcrumb\":{\"@id\":\"https:\\\/\\\/periodicorealidades.com\\\/index.php\\\/2026\\\/09\\\/04\\\/mexico-y-espana-fortalecen-cooperacion-en-inteligencia-artificial-y-ciberseguridad\\\/#breadcrumb\"},\"inLanguage\":\"es\",\"potentialAction\":[{\"@type\":\"ReadAction\",\"target\":[\"https:\\\/\\\/periodicorealidades.com\\\/index.php\\\/2026\\\/09\\\/04\\\/mexico-y-espana-fortalecen-cooperacion-en-inteligencia-artificial-y-ciberseguridad\\\/\"]}]},{\"@type\":\"ImageObject\",\"inLanguage\":\"es\",\"@id\":\"https:\\\/\\\/periodicorealidades.com\\\/index.php\\\/2026\\\/09\\\/04\\\/mexico-y-espana-fortalecen-cooperacion-en-inteligencia-artificial-y-ciberseguridad\\\/#primaryimage\",\"url\":\"https:\\\/\\\/periodicorealidades.com\\\/wp-content\\\/uploads\\\/2026\\\/09\\\/image-58.png\",\"contentUrl\":\"https:\\\/\\\/periodicorealidades.com\\\/wp-content\\\/uploads\\\/2026\\\/09\\\/image-58.png\",\"width\":700,\"height\":341},{\"@type\":\"BreadcrumbList\",\"@id\":\"https:\\\/\\\/periodicorealidades.com\\\/index.php\\\/2026\\\/09\\\/04\\\/mexico-y-espana-fortalecen-cooperacion-en-inteligencia-artificial-y-ciberseguridad\\\/#breadcrumb\",\"itemListElement\":[{\"@type\":\"ListItem\",\"position\":1,\"name\":\"Inicio\",\"item\":\"https:\\\/\\\/periodicorealidades.com\\\/\"},{\"@type\":\"ListItem\",\"position\":2,\"name\":\"M\u00e9xico y Espa\u00f1a fortalecen cooperaci\u00f3n en inteligencia artificial y ciberseguridad\"}]},{\"@type\":\"WebSite\",\"@id\":\"https:\\\/\\\/periodicorealidades.com\\\/#website\",\"url\":\"https:\\\/\\\/periodicorealidades.com\\\/\",\"name\":\"Peri\u00f3dico Realidades\",\"description\":\"M\u00e9dio de comunicaci\u00f3n en Nayarit\",\"publisher\":{\"@id\":\"https:\\\/\\\/periodicorealidades.com\\\/#organization\"},\"potentialAction\":[{\"@type\":\"SearchAction\",\"target\":{\"@type\":\"EntryPoint\",\"urlTemplate\":\"https:\\\/\\\/periodicorealidades.com\\\/?s={search_term_string}\"},\"query-input\":{\"@type\":\"PropertyValueSpecification\",\"valueRequired\":true,\"valueName\":\"search_term_string\"}}],\"inLanguage\":\"es\"},{\"@type\":\"Organization\",\"@id\":\"https:\\\/\\\/periodicorealidades.com\\\/#organization\",\"name\":\"Peri\u00f3dico Realidades\",\"url\":\"https:\\\/\\\/periodicorealidades.com\\\/\",\"logo\":{\"@type\":\"ImageObject\",\"inLanguage\":\"es\",\"@id\":\"https:\\\/\\\/periodicorealidades.com\\\/#\\\/schema\\\/logo\\\/image\\\/\",\"url\":\"https:\\\/\\\/periodicorealidades.com\\\/wp-content\\\/uploads\\\/2023\\\/05\\\/r-prueba.png\",\"contentUrl\":\"https:\\\/\\\/periodicorealidades.com\\\/wp-content\\\/uploads\\\/2023\\\/05\\\/r-prueba.png\",\"width\":709,\"height\":709,\"caption\":\"Peri\u00f3dico Realidades\"},\"image\":{\"@id\":\"https:\\\/\\\/periodicorealidades.com\\\/#\\\/schema\\\/logo\\\/image\\\/\"},\"sameAs\":[\"https:\\\/\\\/www.facebook.com\\\/periodicorealidades.denayarit?mibextid=LQQJ4d\"]},{\"@type\":\"Person\",\"@id\":\"https:\\\/\\\/periodicorealidades.com\\\/#\\\/schema\\\/person\\\/ed60e33c6767be45db655d22ad0c15c4\",\"name\":\"Arcelia\",\"image\":{\"@type\":\"ImageObject\",\"inLanguage\":\"es\",\"@id\":\"https:\\\/\\\/secure.gravatar.com\\\/avatar\\\/36cdbbe591db4ecc4985aac5ab27b8093cf6488d3b664974f0cda2e38368b10d?s=96&d=mm&r=g\",\"url\":\"https:\\\/\\\/secure.gravatar.com\\\/avatar\\\/36cdbbe591db4ecc4985aac5ab27b8093cf6488d3b664974f0cda2e38368b10d?s=96&d=mm&r=g\",\"contentUrl\":\"https:\\\/\\\/secure.gravatar.com\\\/avatar\\\/36cdbbe591db4ecc4985aac5ab27b8093cf6488d3b664974f0cda2e38368b10d?s=96&d=mm&r=g\",\"caption\":\"Arcelia\"},\"url\":\"https:\\\/\\\/periodicorealidades.com\\\/index.php\\\/author\\\/editor-2\\\/\"}]}<\/script>\n<!-- \/ Yoast SEO plugin. -->","yoast_head_json":{"title":"M\u00e9xico y Espa\u00f1a fortalecen cooperaci\u00f3n en inteligencia artificial y ciberseguridad - Peri\u00f3dico Realidades","robots":{"index":"index","follow":"follow","max-snippet":"max-snippet:-1","max-image-preview":"max-image-preview:large","max-video-preview":"max-video-preview:-1"},"canonical":"https:\/\/periodicorealidades.com\/index.php\/2026\/09\/04\/mexico-y-espana-fortalecen-cooperacion-en-inteligencia-artificial-y-ciberseguridad\/","og_locale":"es_MX","og_type":"article","og_title":"M\u00e9xico y Espa\u00f1a fortalecen cooperaci\u00f3n en inteligencia artificial y ciberseguridad - Peri\u00f3dico Realidades","og_description":"&nbsp;M\u00e9xico y Espa\u00f1a reforzaron su cooperaci\u00f3n en materia de inteligencia artificial (IA), digitalizaci\u00f3n, conectividad y ciberseguridad, luego de que la Agencia de Transformaci\u00f3n Digital y Telecomunicaciones (ATDT) de M\u00e9xico y el Ministerio para la Transformaci\u00f3n Digital y de la Funci\u00f3n P\u00fablica de Espa\u00f1a firmaran un memor\u00e1ndum de entendimiento. El acuerdo busca impulsar el intercambio de [&hellip;]","og_url":"https:\/\/periodicorealidades.com\/index.php\/2026\/09\/04\/mexico-y-espana-fortalecen-cooperacion-en-inteligencia-artificial-y-ciberseguridad\/","og_site_name":"Peri\u00f3dico Realidades","article_publisher":"https:\/\/www.facebook.com\/periodicorealidades.denayarit?mibextid=LQQJ4d","article_published_time":"2026-09-04T22:02:23+00:00","article_modified_time":"2026-09-04T22:02:24+00:00","og_image":[{"width":700,"height":341,"url":"https:\/\/periodicorealidades.com\/wp-content\/uploads\/2026\/09\/image-58.png","type":"image\/png"}],"author":"Arcelia","twitter_card":"summary_large_image","twitter_misc":{"Escrito por":"Arcelia","Tiempo de lectura":"3 minutos"},"schema":{"@context":"https:\/\/schema.org","@graph":[{"@type":"Article","@id":"https:\/\/periodicorealidades.com\/index.php\/2026\/09\/04\/mexico-y-espana-fortalecen-cooperacion-en-inteligencia-artificial-y-ciberseguridad\/#article","isPartOf":{"@id":"https:\/\/periodicorealidades.com\/index.php\/2026\/09\/04\/mexico-y-espana-fortalecen-cooperacion-en-inteligencia-artificial-y-ciberseguridad\/"},"author":{"name":"Arcelia","@id":"https:\/\/periodicorealidades.com\/#\/schema\/person\/ed60e33c6767be45db655d22ad0c15c4"},"headline":"M\u00e9xico y Espa\u00f1a fortalecen cooperaci\u00f3n en inteligencia artificial y ciberseguridad","datePublished":"2026-09-04T22:02:23+00:00","dateModified":"2026-09-04T22:02:24+00:00","mainEntityOfPage":{"@id":"https:\/\/periodicorealidades.com\/index.php\/2026\/09\/04\/mexico-y-espana-fortalecen-cooperacion-en-inteligencia-artificial-y-ciberseguridad\/"},"wordCount":560,"publisher":{"@id":"https:\/\/periodicorealidades.com\/#organization"},"image":{"@id":"https:\/\/periodicorealidades.com\/index.php\/2026\/09\/04\/mexico-y-espana-fortalecen-cooperacion-en-inteligencia-artificial-y-ciberseguridad\/#primaryimage"},"thumbnailUrl":"https:\/\/periodicorealidades.com\/wp-content\/uploads\/2026\/09\/image-58.png","articleSection":["Nacional"],"inLanguage":"es"},{"@type":"WebPage","@id":"https:\/\/periodicorealidades.com\/index.php\/2026\/09\/04\/mexico-y-espana-fortalecen-cooperacion-en-inteligencia-artificial-y-ciberseguridad\/","url":"https:\/\/periodicorealidades.com\/index.php\/2026\/09\/04\/mexico-y-espana-fortalecen-cooperacion-en-inteligencia-artificial-y-ciberseguridad\/","name":"M\u00e9xico y Espa\u00f1a fortalecen cooperaci\u00f3n en inteligencia artificial y ciberseguridad - Peri\u00f3dico Realidades","isPartOf":{"@id":"https:\/\/periodicorealidades.com\/#website"},"primaryImageOfPage":{"@id":"https:\/\/periodicorealidades.com\/index.php\/2026\/09\/04\/mexico-y-espana-fortalecen-cooperacion-en-inteligencia-artificial-y-ciberseguridad\/#primaryimage"},"image":{"@id":"https:\/\/periodicorealidades.com\/index.php\/2026\/09\/04\/mexico-y-espana-fortalecen-cooperacion-en-inteligencia-artificial-y-ciberseguridad\/#primaryimage"},"thumbnailUrl":"https:\/\/periodicorealidades.com\/wp-content\/uploads\/2026\/09\/image-58.png","datePublished":"2026-09-04T22:02:23+00:00","dateModified":"2026-09-04T22:02:24+00:00","breadcrumb":{"@id":"https:\/\/periodicorealidades.com\/index.php\/2026\/09\/04\/mexico-y-espana-fortalecen-cooperacion-en-inteligencia-artificial-y-ciberseguridad\/#breadcrumb"},"inLanguage":"es","potentialAction":[{"@type":"ReadAction","target":["https:\/\/periodicorealidades.com\/index.php\/2026\/09\/04\/mexico-y-espana-fortalecen-cooperacion-en-inteligencia-artificial-y-ciberseguridad\/"]}]},{"@type":"ImageObject","inLanguage":"es","@id":"https:\/\/periodicorealidades.com\/index.php\/2026\/09\/04\/mexico-y-espana-fortalecen-cooperacion-en-inteligencia-artificial-y-ciberseguridad\/#primaryimage","url":"https:\/\/periodicorealidades.com\/wp-content\/uploads\/2026\/09\/image-58.png","contentUrl":"https:\/\/periodicorealidades.com\/wp-content\/uploads\/2026\/09\/image-58.png","width":700,"height":341},{"@type":"BreadcrumbList","@id":"https:\/\/periodicorealidades.com\/index.php\/2026\/09\/04\/mexico-y-espana-fortalecen-cooperacion-en-inteligencia-artificial-y-ciberseguridad\/#breadcrumb","itemListElement":[{"@type":"ListItem","position":1,"name":"Inicio","item":"https:\/\/periodicorealidades.com\/"},{"@type":"ListItem","position":2,"name":"M\u00e9xico y Espa\u00f1a fortalecen cooperaci\u00f3n en inteligencia artificial y ciberseguridad"}]},{"@type":"WebSite","@id":"https:\/\/periodicorealidades.com\/#website","url":"https:\/\/periodicorealidades.com\/","name":"Peri\u00f3dico Realidades","description":"M\u00e9dio de comunicaci\u00f3n en Nayarit","publisher":{"@id":"https:\/\/periodicorealidades.com\/#organization"},"potentialAction":[{"@type":"SearchAction","target":{"@type":"EntryPoint","urlTemplate":"https:\/\/periodicorealidades.com\/?s={search_term_string}"},"query-input":{"@type":"PropertyValueSpecification","valueRequired":true,"valueName":"search_term_string"}}],"inLanguage":"es"},{"@type":"Organization","@id":"https:\/\/periodicorealidades.com\/#organization","name":"Peri\u00f3dico Realidades","url":"https:\/\/periodicorealidades.com\/","logo":{"@type":"ImageObject","inLanguage":"es","@id":"https:\/\/periodicorealidades.com\/#\/schema\/logo\/image\/","url":"https:\/\/periodicorealidades.com\/wp-content\/uploads\/2023\/05\/r-prueba.png","contentUrl":"https:\/\/periodicorealidades.com\/wp-content\/uploads\/2023\/05\/r-prueba.png","width":709,"height":709,"caption":"Peri\u00f3dico Realidades"},"image":{"@id":"https:\/\/periodicorealidades.com\/#\/schema\/logo\/image\/"},"sameAs":["https:\/\/www.facebook.com\/periodicorealidades.denayarit?mibextid=LQQJ4d"]},{"@type":"Person","@id":"https:\/\/periodicorealidades.com\/#\/schema\/person\/ed60e33c6767be45db655d22ad0c15c4","name":"Arcelia","image":{"@type":"ImageObject","inLanguage":"es","@id":"https:\/\/secure.gravatar.com\/avatar\/36cdbbe591db4ecc4985aac5ab27b8093cf6488d3b664974f0cda2e38368b10d?s=96&d=mm&r=g","url":"https:\/\/secure.gravatar.com\/avatar\/36cdbbe591db4ecc4985aac5ab27b8093cf6488d3b664974f0cda2e38368b10d?s=96&d=mm&r=g","contentUrl":"https:\/\/secure.gravatar.com\/avatar\/36cdbbe591db4ecc4985aac5ab27b8093cf6488d3b664974f0cda2e38368b10d?s=96&d=mm&r=g","caption":"Arcelia"},"url":"https:\/\/periodicorealidades.com\/index.php\/author\/editor-2\/"}]}},"_links":{"self":[{"href":"https:\/\/periodicorealidades.com\/index.php\/wp-json\/wp\/v2\/posts\/78146","targetHints":{"allow":["GET"]}}],"collection":[{"href":"https:\/\/periodicorealidades.com\/index.php\/wp-json\/wp\/v2\/posts"}],"about":[{"href":"https:\/\/periodicorealidades.com\/index.php\/wp-json\/wp\/v2\/types\/post"}],"author":[{"embeddable":true,"href":"https:\/\/periodicorealidades.com\/index.php\/wp-json\/wp\/v2\/users\/4"}],"replies":[{"embeddable":true,"href":"https:\/\/periodicorealidades.com\/index.php\/wp-json\/wp\/v2\/comments?post=78146"}],"version-history":[{"count":2,"href":"https:\/\/periodicorealidades.com\/index.php\/wp-json\/wp\/v2\/posts\/78146\/revisions"}],"predecessor-version":[{"id":78150,"href":"https:\/\/periodicorealidades.com\/index.php\/wp-json\/wp\/v2\/posts\/78146\/revisions\/78150"}],"wp:featuredmedia":[{"embeddable":true,"href":"https:\/\/periodicorealidades.com\/index.php\/wp-json\/wp\/v2\/media\/78148"}],"wp:attachment":[{"href":"https:\/\/periodicorealidades.com\/index.php\/wp-json\/wp\/v2\/media?parent=78146"}],"wp:term":[{"taxonomy":"category","embeddable":true,"href":"https:\/\/periodicorealidades.com\/index.php\/wp-json\/wp\/v2\/categories?post=78146"},{"taxonomy":"post_tag","embeddable":true,"href":"https:\/\/periodicorealidades.com\/index.php\/wp-json\/wp\/v2\/tags?post=78146"}],"curies":[{"name":"wp","href":"https:\/\/api.w.org\/{rel}","templated":true}]}}