{"id":78151,"date":"2026-09-04T15:09:10","date_gmt":"2026-09-04T22:09:10","guid":{"rendered":"https:\/\/periodicorealidades.com\/?p=78151"},"modified":"2026-09-04T15:09:11","modified_gmt":"2026-09-04T22:09:11","slug":"hallan-muerto-al-diputado-morenista-zenyazen-escobar-en-veracruz","status":"publish","type":"post","link":"https:\/\/periodicorealidades.com\/index.php\/2026\/09\/04\/hallan-muerto-al-diputado-morenista-zenyazen-escobar-en-veracruz\/","title":{"rendered":"Hallan muerto al diputado morenista Zenyazen Escobar en Veracruz"},"content":{"rendered":"\n<p class=\"wp-block-paragraph\">&nbsp;El diputado federal de Morena,&nbsp;<strong>Zenyazen Roberto Escobar Garc\u00eda<\/strong>, fue localizado sin vida la ma\u00f1ana de este viernes en el interior de su veh\u00edculo, en el municipio de Puente Nacional, Veracruz.<\/p>\n\n\n\n<p class=\"wp-block-paragraph\">De acuerdo con los primeros reportes, elementos policiacos encontraron el cuerpo del legislador con&nbsp;<strong>al menos un disparo de arma de fuego<\/strong>.<\/p>\n\n\n\n<p class=\"wp-block-paragraph\">El secretario de Gobierno de Veracruz,&nbsp;<strong>Ricardo Ahued Bardahuil<\/strong>, se\u00f1al\u00f3 que los hechos no corresponden a un atentado, aunque evit\u00f3 precisar si se trat\u00f3 de un suicidio. Explic\u00f3 que el veh\u00edculo no presentaba mayores signos de agresi\u00f3n y que el disparo habr\u00eda ocurrido al interior.<\/p>\n\n\n\n<p class=\"wp-block-paragraph\">Ahued Bardahuil indic\u00f3 que ser\u00e1 la&nbsp;<strong>Fiscal\u00eda General de la Rep\u00fablica<\/strong>&nbsp;la instancia encargada de esclarecer las circunstancias en las que ocurri\u00f3 el fallecimiento.<\/p>\n\n\n\n<h2 class=\"wp-block-heading\">Una trayectoria ligada a la educaci\u00f3n<\/h2>\n\n\n\n<p class=\"wp-block-paragraph\">Zenyazen Escobar Garc\u00eda naci\u00f3 el&nbsp;<strong>4 de junio de 1984 en Nogales, Veracruz<\/strong>. Inici\u00f3 su trayectoria profesional como docente de telesecundarias estatales en 2009 y, en 2015, particip\u00f3 en el grupo&nbsp;<strong>Educaci\u00f3n, Resistencia y Dignidad Magisterial<\/strong>.<\/p>\n\n\n\n<p class=\"wp-block-paragraph\">Entre 2016 y 2018 se desempe\u00f1\u00f3 como diputado local en el Congreso del Estado de Veracruz. Posteriormente, fue designado secretario de Educaci\u00f3n de Veracruz, cargo que ocup\u00f3 entre 2018 y 2021. Durante su gesti\u00f3n concluy\u00f3 una maestr\u00eda en Ciencias de la Educaci\u00f3n.<\/p>\n\n\n\n<p class=\"wp-block-paragraph\">En la actual Legislatura, Escobar Garc\u00eda ocupaba el cargo de&nbsp;<strong>diputado federal por el distrito de C\u00f3rdoba<\/strong>. En la C\u00e1mara de Diputados particip\u00f3 como secretario en las comisiones de&nbsp;<strong>Cambio Clim\u00e1tico y Marina<\/strong>.<\/p>\n\n\n\n<h2 class=\"wp-block-heading\">Su \u00faltimo mensaje<\/h2>\n\n\n\n<p class=\"wp-block-paragraph\">El legislador public\u00f3 su \u00faltimo mensaje en redes sociales el pasado&nbsp;<strong>1 de septiembre<\/strong>, en el que escribi\u00f3:&nbsp;<em>\u201cSeguimos legislando con responsabilidad y compromiso por el pueblo de M\u00e9xico\u201d.<\/em><\/p>\n\n\n\n<p class=\"wp-block-paragraph\">Tras conocerse su muerte, el coordinador parlamentario de Morena,&nbsp;<strong>Ricardo Monreal<\/strong>, expres\u00f3 sus condolencias a familiares y amigos de Escobar Garc\u00eda.<\/p>\n\n\n\n<p class=\"wp-block-paragraph\">Monreal reconoci\u00f3 la trayectoria del legislador como docente, funcionario y representante popular, adem\u00e1s de destacar su trabajo al frente de la Secretar\u00eda de Educaci\u00f3n de Veracruz. Finalmente, expres\u00f3 sus deseos de descanso eterno para su compa\u00f1ero de partido.<\/p>\n\n\n\n<p class=\"wp-block-paragraph\">Las autoridades mantienen las investigaciones para determinar con precisi\u00f3n las circunstancias del fallecimiento.<\/p>\n\n\n\n<p class=\"wp-block-paragraph\"><\/p>\n","protected":false},"excerpt":{"rendered":"<p>&nbsp;El diputado federal de Morena,&nbsp;Zenyazen Roberto Escobar Garc\u00eda, fue localizado sin vida la ma\u00f1ana de este viernes en el interior de su veh\u00edculo, en el municipio de Puente Nacional, Veracruz. De acuerdo con los primeros reportes, elementos policiacos encontraron el cuerpo del legislador con&nbsp;al menos un disparo de arma de fuego. El secretario de Gobierno [&hellip;]<\/p>\n","protected":false},"author":4,"featured_media":78152,"comment_status":"closed","ping_status":"open","sticky":false,"template":"","format":"standard","meta":{"footnotes":""},"categories":[12],"tags":[],"class_list":["post-78151","post","type-post","status-publish","format-standard","has-post-thumbnail","category-nacional"],"yoast_head":"<!-- This site is optimized with the Yoast SEO plugin v28.3 - https:\/\/yoast.com\/product\/yoast-seo-wordpress\/ -->\n<title>Hallan muerto al diputado morenista Zenyazen Escobar en Veracruz - Peri\u00f3dico Realidades<\/title>\n<meta name=\"robots\" content=\"index, follow, max-snippet:-1, max-image-preview:large, max-video-preview:-1\" \/>\n<link rel=\"canonical\" href=\"https:\/\/periodicorealidades.com\/index.php\/2026\/09\/04\/hallan-muerto-al-diputado-morenista-zenyazen-escobar-en-veracruz\/\" \/>\n<meta property=\"og:locale\" content=\"es_MX\" \/>\n<meta property=\"og:type\" content=\"article\" \/>\n<meta property=\"og:title\" content=\"Hallan muerto al diputado morenista Zenyazen Escobar en Veracruz - Peri\u00f3dico Realidades\" \/>\n<meta property=\"og:description\" content=\"&nbsp;El diputado federal de Morena,&nbsp;Zenyazen Roberto Escobar Garc\u00eda, fue localizado sin vida la ma\u00f1ana de este viernes en el interior de su veh\u00edculo, en el municipio de Puente Nacional, Veracruz. De acuerdo con los primeros reportes, elementos policiacos encontraron el cuerpo del legislador con&nbsp;al menos un disparo de arma de fuego. El secretario de Gobierno [&hellip;]\" \/>\n<meta property=\"og:url\" content=\"https:\/\/periodicorealidades.com\/index.php\/2026\/09\/04\/hallan-muerto-al-diputado-morenista-zenyazen-escobar-en-veracruz\/\" \/>\n<meta property=\"og:site_name\" content=\"Peri\u00f3dico Realidades\" \/>\n<meta property=\"article:publisher\" content=\"https:\/\/www.facebook.com\/periodicorealidades.denayarit?mibextid=LQQJ4d\" \/>\n<meta property=\"article:published_time\" content=\"2026-09-04T22:09:10+00:00\" \/>\n<meta property=\"article:modified_time\" content=\"2026-09-04T22:09:11+00:00\" \/>\n<meta property=\"og:image\" content=\"https:\/\/periodicorealidades.com\/wp-content\/uploads\/2026\/09\/image-60.png\" \/>\n\t<meta property=\"og:image:width\" content=\"1200\" \/>\n\t<meta property=\"og:image:height\" content=\"680\" \/>\n\t<meta property=\"og:image:type\" content=\"image\/png\" \/>\n<meta name=\"author\" content=\"Arcelia\" \/>\n<meta name=\"twitter:card\" content=\"summary_large_image\" \/>\n<meta name=\"twitter:label1\" content=\"Escrito por\" \/>\n\t<meta name=\"twitter:data1\" content=\"Arcelia\" \/>\n\t<meta name=\"twitter:label2\" content=\"Tiempo de lectura\" \/>\n\t<meta name=\"twitter:data2\" content=\"2 minutos\" \/>\n<script type=\"application\/ld+json\" class=\"yoast-schema-graph\">{\"@context\":\"https:\\\/\\\/schema.org\",\"@graph\":[{\"@type\":\"Article\",\"@id\":\"https:\\\/\\\/periodicorealidades.com\\\/index.php\\\/2026\\\/09\\\/04\\\/hallan-muerto-al-diputado-morenista-zenyazen-escobar-en-veracruz\\\/#article\",\"isPartOf\":{\"@id\":\"https:\\\/\\\/periodicorealidades.com\\\/index.php\\\/2026\\\/09\\\/04\\\/hallan-muerto-al-diputado-morenista-zenyazen-escobar-en-veracruz\\\/\"},\"author\":{\"name\":\"Arcelia\",\"@id\":\"https:\\\/\\\/periodicorealidades.com\\\/#\\\/schema\\\/person\\\/ed60e33c6767be45db655d22ad0c15c4\"},\"headline\":\"Hallan muerto al diputado morenista Zenyazen Escobar en Veracruz\",\"datePublished\":\"2026-09-04T22:09:10+00:00\",\"dateModified\":\"2026-09-04T22:09:11+00:00\",\"mainEntityOfPage\":{\"@id\":\"https:\\\/\\\/periodicorealidades.com\\\/index.php\\\/2026\\\/09\\\/04\\\/hallan-muerto-al-diputado-morenista-zenyazen-escobar-en-veracruz\\\/\"},\"wordCount\":383,\"publisher\":{\"@id\":\"https:\\\/\\\/periodicorealidades.com\\\/#organization\"},\"image\":{\"@id\":\"https:\\\/\\\/periodicorealidades.com\\\/index.php\\\/2026\\\/09\\\/04\\\/hallan-muerto-al-diputado-morenista-zenyazen-escobar-en-veracruz\\\/#primaryimage\"},\"thumbnailUrl\":\"https:\\\/\\\/periodicorealidades.com\\\/wp-content\\\/uploads\\\/2026\\\/09\\\/image-60.png\",\"articleSection\":[\"Nacional\"],\"inLanguage\":\"es\"},{\"@type\":\"WebPage\",\"@id\":\"https:\\\/\\\/periodicorealidades.com\\\/index.php\\\/2026\\\/09\\\/04\\\/hallan-muerto-al-diputado-morenista-zenyazen-escobar-en-veracruz\\\/\",\"url\":\"https:\\\/\\\/periodicorealidades.com\\\/index.php\\\/2026\\\/09\\\/04\\\/hallan-muerto-al-diputado-morenista-zenyazen-escobar-en-veracruz\\\/\",\"name\":\"Hallan muerto al diputado morenista Zenyazen Escobar en Veracruz - Peri\u00f3dico Realidades\",\"isPartOf\":{\"@id\":\"https:\\\/\\\/periodicorealidades.com\\\/#website\"},\"primaryImageOfPage\":{\"@id\":\"https:\\\/\\\/periodicorealidades.com\\\/index.php\\\/2026\\\/09\\\/04\\\/hallan-muerto-al-diputado-morenista-zenyazen-escobar-en-veracruz\\\/#primaryimage\"},\"image\":{\"@id\":\"https:\\\/\\\/periodicorealidades.com\\\/index.php\\\/2026\\\/09\\\/04\\\/hallan-muerto-al-diputado-morenista-zenyazen-escobar-en-veracruz\\\/#primaryimage\"},\"thumbnailUrl\":\"https:\\\/\\\/periodicorealidades.com\\\/wp-content\\\/uploads\\\/2026\\\/09\\\/image-60.png\",\"datePublished\":\"2026-09-04T22:09:10+00:00\",\"dateModified\":\"2026-09-04T22:09:11+00:00\",\"breadcrumb\":{\"@id\":\"https:\\\/\\\/periodicorealidades.com\\\/index.php\\\/2026\\\/09\\\/04\\\/hallan-muerto-al-diputado-morenista-zenyazen-escobar-en-veracruz\\\/#breadcrumb\"},\"inLanguage\":\"es\",\"potentialAction\":[{\"@type\":\"ReadAction\",\"target\":[\"https:\\\/\\\/periodicorealidades.com\\\/index.php\\\/2026\\\/09\\\/04\\\/hallan-muerto-al-diputado-morenista-zenyazen-escobar-en-veracruz\\\/\"]}]},{\"@type\":\"ImageObject\",\"inLanguage\":\"es\",\"@id\":\"https:\\\/\\\/periodicorealidades.com\\\/index.php\\\/2026\\\/09\\\/04\\\/hallan-muerto-al-diputado-morenista-zenyazen-escobar-en-veracruz\\\/#primaryimage\",\"url\":\"https:\\\/\\\/periodicorealidades.com\\\/wp-content\\\/uploads\\\/2026\\\/09\\\/image-60.png\",\"contentUrl\":\"https:\\\/\\\/periodicorealidades.com\\\/wp-content\\\/uploads\\\/2026\\\/09\\\/image-60.png\",\"width\":1200,\"height\":680},{\"@type\":\"BreadcrumbList\",\"@id\":\"https:\\\/\\\/periodicorealidades.com\\\/index.php\\\/2026\\\/09\\\/04\\\/hallan-muerto-al-diputado-morenista-zenyazen-escobar-en-veracruz\\\/#breadcrumb\",\"itemListElement\":[{\"@type\":\"ListItem\",\"position\":1,\"name\":\"Inicio\",\"item\":\"https:\\\/\\\/periodicorealidades.com\\\/\"},{\"@type\":\"ListItem\",\"position\":2,\"name\":\"Hallan muerto al diputado morenista Zenyazen Escobar en Veracruz\"}]},{\"@type\":\"WebSite\",\"@id\":\"https:\\\/\\\/periodicorealidades.com\\\/#website\",\"url\":\"https:\\\/\\\/periodicorealidades.com\\\/\",\"name\":\"Peri\u00f3dico Realidades\",\"description\":\"M\u00e9dio de comunicaci\u00f3n en Nayarit\",\"publisher\":{\"@id\":\"https:\\\/\\\/periodicorealidades.com\\\/#organization\"},\"potentialAction\":[{\"@type\":\"SearchAction\",\"target\":{\"@type\":\"EntryPoint\",\"urlTemplate\":\"https:\\\/\\\/periodicorealidades.com\\\/?s={search_term_string}\"},\"query-input\":{\"@type\":\"PropertyValueSpecification\",\"valueRequired\":true,\"valueName\":\"search_term_string\"}}],\"inLanguage\":\"es\"},{\"@type\":\"Organization\",\"@id\":\"https:\\\/\\\/periodicorealidades.com\\\/#organization\",\"name\":\"Peri\u00f3dico Realidades\",\"url\":\"https:\\\/\\\/periodicorealidades.com\\\/\",\"logo\":{\"@type\":\"ImageObject\",\"inLanguage\":\"es\",\"@id\":\"https:\\\/\\\/periodicorealidades.com\\\/#\\\/schema\\\/logo\\\/image\\\/\",\"url\":\"https:\\\/\\\/periodicorealidades.com\\\/wp-content\\\/uploads\\\/2023\\\/05\\\/r-prueba.png\",\"contentUrl\":\"https:\\\/\\\/periodicorealidades.com\\\/wp-content\\\/uploads\\\/2023\\\/05\\\/r-prueba.png\",\"width\":709,\"height\":709,\"caption\":\"Peri\u00f3dico Realidades\"},\"image\":{\"@id\":\"https:\\\/\\\/periodicorealidades.com\\\/#\\\/schema\\\/logo\\\/image\\\/\"},\"sameAs\":[\"https:\\\/\\\/www.facebook.com\\\/periodicorealidades.denayarit?mibextid=LQQJ4d\"]},{\"@type\":\"Person\",\"@id\":\"https:\\\/\\\/periodicorealidades.com\\\/#\\\/schema\\\/person\\\/ed60e33c6767be45db655d22ad0c15c4\",\"name\":\"Arcelia\",\"image\":{\"@type\":\"ImageObject\",\"inLanguage\":\"es\",\"@id\":\"https:\\\/\\\/secure.gravatar.com\\\/avatar\\\/36cdbbe591db4ecc4985aac5ab27b8093cf6488d3b664974f0cda2e38368b10d?s=96&d=mm&r=g\",\"url\":\"https:\\\/\\\/secure.gravatar.com\\\/avatar\\\/36cdbbe591db4ecc4985aac5ab27b8093cf6488d3b664974f0cda2e38368b10d?s=96&d=mm&r=g\",\"contentUrl\":\"https:\\\/\\\/secure.gravatar.com\\\/avatar\\\/36cdbbe591db4ecc4985aac5ab27b8093cf6488d3b664974f0cda2e38368b10d?s=96&d=mm&r=g\",\"caption\":\"Arcelia\"},\"url\":\"https:\\\/\\\/periodicorealidades.com\\\/index.php\\\/author\\\/editor-2\\\/\"}]}<\/script>\n<!-- \/ Yoast SEO plugin. -->","yoast_head_json":{"title":"Hallan muerto al diputado morenista Zenyazen Escobar en Veracruz - Peri\u00f3dico Realidades","robots":{"index":"index","follow":"follow","max-snippet":"max-snippet:-1","max-image-preview":"max-image-preview:large","max-video-preview":"max-video-preview:-1"},"canonical":"https:\/\/periodicorealidades.com\/index.php\/2026\/09\/04\/hallan-muerto-al-diputado-morenista-zenyazen-escobar-en-veracruz\/","og_locale":"es_MX","og_type":"article","og_title":"Hallan muerto al diputado morenista Zenyazen Escobar en Veracruz - Peri\u00f3dico Realidades","og_description":"&nbsp;El diputado federal de Morena,&nbsp;Zenyazen Roberto Escobar Garc\u00eda, fue localizado sin vida la ma\u00f1ana de este viernes en el interior de su veh\u00edculo, en el municipio de Puente Nacional, Veracruz. De acuerdo con los primeros reportes, elementos policiacos encontraron el cuerpo del legislador con&nbsp;al menos un disparo de arma de fuego. El secretario de Gobierno [&hellip;]","og_url":"https:\/\/periodicorealidades.com\/index.php\/2026\/09\/04\/hallan-muerto-al-diputado-morenista-zenyazen-escobar-en-veracruz\/","og_site_name":"Peri\u00f3dico Realidades","article_publisher":"https:\/\/www.facebook.com\/periodicorealidades.denayarit?mibextid=LQQJ4d","article_published_time":"2026-09-04T22:09:10+00:00","article_modified_time":"2026-09-04T22:09:11+00:00","og_image":[{"width":1200,"height":680,"url":"https:\/\/periodicorealidades.com\/wp-content\/uploads\/2026\/09\/image-60.png","type":"image\/png"}],"author":"Arcelia","twitter_card":"summary_large_image","twitter_misc":{"Escrito por":"Arcelia","Tiempo de lectura":"2 minutos"},"schema":{"@context":"https:\/\/schema.org","@graph":[{"@type":"Article","@id":"https:\/\/periodicorealidades.com\/index.php\/2026\/09\/04\/hallan-muerto-al-diputado-morenista-zenyazen-escobar-en-veracruz\/#article","isPartOf":{"@id":"https:\/\/periodicorealidades.com\/index.php\/2026\/09\/04\/hallan-muerto-al-diputado-morenista-zenyazen-escobar-en-veracruz\/"},"author":{"name":"Arcelia","@id":"https:\/\/periodicorealidades.com\/#\/schema\/person\/ed60e33c6767be45db655d22ad0c15c4"},"headline":"Hallan muerto al diputado morenista Zenyazen Escobar en Veracruz","datePublished":"2026-09-04T22:09:10+00:00","dateModified":"2026-09-04T22:09:11+00:00","mainEntityOfPage":{"@id":"https:\/\/periodicorealidades.com\/index.php\/2026\/09\/04\/hallan-muerto-al-diputado-morenista-zenyazen-escobar-en-veracruz\/"},"wordCount":383,"publisher":{"@id":"https:\/\/periodicorealidades.com\/#organization"},"image":{"@id":"https:\/\/periodicorealidades.com\/index.php\/2026\/09\/04\/hallan-muerto-al-diputado-morenista-zenyazen-escobar-en-veracruz\/#primaryimage"},"thumbnailUrl":"https:\/\/periodicorealidades.com\/wp-content\/uploads\/2026\/09\/image-60.png","articleSection":["Nacional"],"inLanguage":"es"},{"@type":"WebPage","@id":"https:\/\/periodicorealidades.com\/index.php\/2026\/09\/04\/hallan-muerto-al-diputado-morenista-zenyazen-escobar-en-veracruz\/","url":"https:\/\/periodicorealidades.com\/index.php\/2026\/09\/04\/hallan-muerto-al-diputado-morenista-zenyazen-escobar-en-veracruz\/","name":"Hallan muerto al diputado morenista Zenyazen Escobar en Veracruz - Peri\u00f3dico Realidades","isPartOf":{"@id":"https:\/\/periodicorealidades.com\/#website"},"primaryImageOfPage":{"@id":"https:\/\/periodicorealidades.com\/index.php\/2026\/09\/04\/hallan-muerto-al-diputado-morenista-zenyazen-escobar-en-veracruz\/#primaryimage"},"image":{"@id":"https:\/\/periodicorealidades.com\/index.php\/2026\/09\/04\/hallan-muerto-al-diputado-morenista-zenyazen-escobar-en-veracruz\/#primaryimage"},"thumbnailUrl":"https:\/\/periodicorealidades.com\/wp-content\/uploads\/2026\/09\/image-60.png","datePublished":"2026-09-04T22:09:10+00:00","dateModified":"2026-09-04T22:09:11+00:00","breadcrumb":{"@id":"https:\/\/periodicorealidades.com\/index.php\/2026\/09\/04\/hallan-muerto-al-diputado-morenista-zenyazen-escobar-en-veracruz\/#breadcrumb"},"inLanguage":"es","potentialAction":[{"@type":"ReadAction","target":["https:\/\/periodicorealidades.com\/index.php\/2026\/09\/04\/hallan-muerto-al-diputado-morenista-zenyazen-escobar-en-veracruz\/"]}]},{"@type":"ImageObject","inLanguage":"es","@id":"https:\/\/periodicorealidades.com\/index.php\/2026\/09\/04\/hallan-muerto-al-diputado-morenista-zenyazen-escobar-en-veracruz\/#primaryimage","url":"https:\/\/periodicorealidades.com\/wp-content\/uploads\/2026\/09\/image-60.png","contentUrl":"https:\/\/periodicorealidades.com\/wp-content\/uploads\/2026\/09\/image-60.png","width":1200,"height":680},{"@type":"BreadcrumbList","@id":"https:\/\/periodicorealidades.com\/index.php\/2026\/09\/04\/hallan-muerto-al-diputado-morenista-zenyazen-escobar-en-veracruz\/#breadcrumb","itemListElement":[{"@type":"ListItem","position":1,"name":"Inicio","item":"https:\/\/periodicorealidades.com\/"},{"@type":"ListItem","position":2,"name":"Hallan muerto al diputado morenista Zenyazen Escobar en Veracruz"}]},{"@type":"WebSite","@id":"https:\/\/periodicorealidades.com\/#website","url":"https:\/\/periodicorealidades.com\/","name":"Peri\u00f3dico Realidades","description":"M\u00e9dio de comunicaci\u00f3n en Nayarit","publisher":{"@id":"https:\/\/periodicorealidades.com\/#organization"},"potentialAction":[{"@type":"SearchAction","target":{"@type":"EntryPoint","urlTemplate":"https:\/\/periodicorealidades.com\/?s={search_term_string}"},"query-input":{"@type":"PropertyValueSpecification","valueRequired":true,"valueName":"search_term_string"}}],"inLanguage":"es"},{"@type":"Organization","@id":"https:\/\/periodicorealidades.com\/#organization","name":"Peri\u00f3dico Realidades","url":"https:\/\/periodicorealidades.com\/","logo":{"@type":"ImageObject","inLanguage":"es","@id":"https:\/\/periodicorealidades.com\/#\/schema\/logo\/image\/","url":"https:\/\/periodicorealidades.com\/wp-content\/uploads\/2023\/05\/r-prueba.png","contentUrl":"https:\/\/periodicorealidades.com\/wp-content\/uploads\/2023\/05\/r-prueba.png","width":709,"height":709,"caption":"Peri\u00f3dico Realidades"},"image":{"@id":"https:\/\/periodicorealidades.com\/#\/schema\/logo\/image\/"},"sameAs":["https:\/\/www.facebook.com\/periodicorealidades.denayarit?mibextid=LQQJ4d"]},{"@type":"Person","@id":"https:\/\/periodicorealidades.com\/#\/schema\/person\/ed60e33c6767be45db655d22ad0c15c4","name":"Arcelia","image":{"@type":"ImageObject","inLanguage":"es","@id":"https:\/\/secure.gravatar.com\/avatar\/36cdbbe591db4ecc4985aac5ab27b8093cf6488d3b664974f0cda2e38368b10d?s=96&d=mm&r=g","url":"https:\/\/secure.gravatar.com\/avatar\/36cdbbe591db4ecc4985aac5ab27b8093cf6488d3b664974f0cda2e38368b10d?s=96&d=mm&r=g","contentUrl":"https:\/\/secure.gravatar.com\/avatar\/36cdbbe591db4ecc4985aac5ab27b8093cf6488d3b664974f0cda2e38368b10d?s=96&d=mm&r=g","caption":"Arcelia"},"url":"https:\/\/periodicorealidades.com\/index.php\/author\/editor-2\/"}]}},"_links":{"self":[{"href":"https:\/\/periodicorealidades.com\/index.php\/wp-json\/wp\/v2\/posts\/78151","targetHints":{"allow":["GET"]}}],"collection":[{"href":"https:\/\/periodicorealidades.com\/index.php\/wp-json\/wp\/v2\/posts"}],"about":[{"href":"https:\/\/periodicorealidades.com\/index.php\/wp-json\/wp\/v2\/types\/post"}],"author":[{"embeddable":true,"href":"https:\/\/periodicorealidades.com\/index.php\/wp-json\/wp\/v2\/users\/4"}],"replies":[{"embeddable":true,"href":"https:\/\/periodicorealidades.com\/index.php\/wp-json\/wp\/v2\/comments?post=78151"}],"version-history":[{"count":1,"href":"https:\/\/periodicorealidades.com\/index.php\/wp-json\/wp\/v2\/posts\/78151\/revisions"}],"predecessor-version":[{"id":78153,"href":"https:\/\/periodicorealidades.com\/index.php\/wp-json\/wp\/v2\/posts\/78151\/revisions\/78153"}],"wp:featuredmedia":[{"embeddable":true,"href":"https:\/\/periodicorealidades.com\/index.php\/wp-json\/wp\/v2\/media\/78152"}],"wp:attachment":[{"href":"https:\/\/periodicorealidades.com\/index.php\/wp-json\/wp\/v2\/media?parent=78151"}],"wp:term":[{"taxonomy":"category","embeddable":true,"href":"https:\/\/periodicorealidades.com\/index.php\/wp-json\/wp\/v2\/categories?post=78151"},{"taxonomy":"post_tag","embeddable":true,"href":"https:\/\/periodicorealidades.com\/index.php\/wp-json\/wp\/v2\/tags?post=78151"}],"curies":[{"name":"wp","href":"https:\/\/api.w.org\/{rel}","templated":true}]}}