{"id":78164,"date":"2026-09-04T21:50:17","date_gmt":"2026-09-05T04:50:17","guid":{"rendered":"https:\/\/periodicorealidades.com\/?p=78164"},"modified":"2026-09-04T21:50:18","modified_gmt":"2026-09-05T04:50:18","slug":"muere-diputado-de-morena-zenyazen-escobar-por-impacto-de-arma-de-fuego","status":"publish","type":"post","link":"https:\/\/periodicorealidades.com\/index.php\/2026\/09\/04\/muere-diputado-de-morena-zenyazen-escobar-por-impacto-de-arma-de-fuego\/","title":{"rendered":"Muere diputado de Morena Zenyazen Escobar por impacto de arma de fuego"},"content":{"rendered":"\n<p class=\"wp-block-paragraph\">El diputado federal de Morena, Zenyazen Escobar, muri\u00f3 a causa del impacto de un arma de fuego, inform\u00f3 el secretario de Gobierno de Veracruz, Ricardo Ahued.<\/p>\n\n\n\n<p class=\"wp-block-paragraph\">Por: Agencias<\/p>\n\n\n\n<p class=\"wp-block-paragraph\">Veracruz, M\u00e9xico; s\u00e0bado, 05 de septiembre del 2026.- El funcionario descart\u00f3, de manera preliminar, que se tratara de un atentado, al se\u00f1alar que el veh\u00edculo donde fue localizado el legislador no presentaba indicios de una agresi\u00f3n externa.<\/p>\n\n\n\n<p class=\"wp-block-paragraph\">\u201cNo fue un atentado porque el carro est\u00e1 a un lado, no se nota que haya sido mayor agresi\u00f3n al veh\u00edculo, fue interno\u201d, declar\u00f3 Ahued durante una conferencia de prensa. Posteriormente, confirm\u00f3 que se trat\u00f3 de \u201cun lamentable fallecimiento por un arma de fuego\u201d.<\/p>\n\n\n\n<p class=\"wp-block-paragraph\">El cuerpo de Escobar fue localizado dentro de un autom\u00f3vil en la comunidad de La Gloria, perteneciente al municipio de Puente Nacional, Veracruz. El legislador se desempe\u00f1aba como coordinador de la bancada de Morena en el Congreso estatal.<\/p>\n\n\n\n<p class=\"wp-block-paragraph\">Debido a su car\u00e1cter de legislador federal, la investigaci\u00f3n ser\u00e1 asumida por la Fiscal\u00eda General de la Rep\u00fablica (FGR), que deber\u00e1 determinar las circunstancias en las que ocurri\u00f3 el fallecimiento.<\/p>\n\n\n\n<p class=\"wp-block-paragraph\">Ahued se\u00f1al\u00f3 que se agotar\u00e1n todas las l\u00edneas de investigaci\u00f3n y pidi\u00f3 esperar a que las autoridades ministeriales concluyan las diligencias correspondientes.<\/p>\n\n\n\n<p class=\"wp-block-paragraph\">\u201cNo podemos ampliar cosas que puedan ser precisamente aclaradas tanto por la Fiscal\u00eda y ahora con la actuaci\u00f3n de la Fiscal\u00eda General de la Rep\u00fablica\u201d, expres\u00f3 el secretario de Gobierno.<\/p>\n\n\n\n<p class=\"wp-block-paragraph\">Hasta el momento, las autoridades no han informado p\u00fablicamente mayores detalles sobre las circunstancias exactas en las que ocurri\u00f3 la muerte del diputado.<\/p>\n","protected":false},"excerpt":{"rendered":"<p>El diputado federal de Morena, Zenyazen Escobar, muri\u00f3 a causa del impacto de un arma de fuego, inform\u00f3 el secretario de Gobierno de Veracruz, Ricardo Ahued. Por: Agencias Veracruz, M\u00e9xico; s\u00e0bado, 05 de septiembre del 2026.- El funcionario descart\u00f3, de manera preliminar, que se tratara de un atentado, al se\u00f1alar que el veh\u00edculo donde fue [&hellip;]<\/p>\n","protected":false},"author":2,"featured_media":78165,"comment_status":"closed","ping_status":"open","sticky":false,"template":"","format":"standard","meta":{"footnotes":""},"categories":[12,4],"tags":[],"class_list":["post-78164","post","type-post","status-publish","format-standard","has-post-thumbnail","category-nacional","category-principal"],"yoast_head":"<!-- This site is optimized with the Yoast SEO plugin v28.3 - https:\/\/yoast.com\/product\/yoast-seo-wordpress\/ -->\n<title>Muere diputado de Morena Zenyazen Escobar por impacto de arma de fuego - Peri\u00f3dico Realidades<\/title>\n<meta name=\"robots\" content=\"index, follow, max-snippet:-1, max-image-preview:large, max-video-preview:-1\" \/>\n<link rel=\"canonical\" href=\"https:\/\/periodicorealidades.com\/index.php\/2026\/09\/04\/muere-diputado-de-morena-zenyazen-escobar-por-impacto-de-arma-de-fuego\/\" \/>\n<meta property=\"og:locale\" content=\"es_MX\" \/>\n<meta property=\"og:type\" content=\"article\" \/>\n<meta property=\"og:title\" content=\"Muere diputado de Morena Zenyazen Escobar por impacto de arma de fuego - Peri\u00f3dico Realidades\" \/>\n<meta property=\"og:description\" content=\"El diputado federal de Morena, Zenyazen Escobar, muri\u00f3 a causa del impacto de un arma de fuego, inform\u00f3 el secretario de Gobierno de Veracruz, Ricardo Ahued. Por: Agencias Veracruz, M\u00e9xico; s\u00e0bado, 05 de septiembre del 2026.- El funcionario descart\u00f3, de manera preliminar, que se tratara de un atentado, al se\u00f1alar que el veh\u00edculo donde fue [&hellip;]\" \/>\n<meta property=\"og:url\" content=\"https:\/\/periodicorealidades.com\/index.php\/2026\/09\/04\/muere-diputado-de-morena-zenyazen-escobar-por-impacto-de-arma-de-fuego\/\" \/>\n<meta property=\"og:site_name\" content=\"Peri\u00f3dico Realidades\" \/>\n<meta property=\"article:publisher\" content=\"https:\/\/www.facebook.com\/periodicorealidades.denayarit?mibextid=LQQJ4d\" \/>\n<meta property=\"article:published_time\" content=\"2026-09-05T04:50:17+00:00\" \/>\n<meta property=\"article:modified_time\" content=\"2026-09-05T04:50:18+00:00\" \/>\n<meta property=\"og:image\" content=\"https:\/\/periodicorealidades.com\/wp-content\/uploads\/2026\/09\/Zenyazen-Escobar.jpeg\" \/>\n\t<meta property=\"og:image:width\" content=\"478\" \/>\n\t<meta property=\"og:image:height\" content=\"464\" \/>\n\t<meta property=\"og:image:type\" content=\"image\/jpeg\" \/>\n<meta name=\"author\" content=\"editor\" \/>\n<meta name=\"twitter:card\" content=\"summary_large_image\" \/>\n<meta name=\"twitter:label1\" content=\"Escrito por\" \/>\n\t<meta name=\"twitter:data1\" content=\"editor\" \/>\n\t<meta name=\"twitter:label2\" content=\"Tiempo de lectura\" \/>\n\t<meta name=\"twitter:data2\" content=\"2 minutos\" \/>\n<script type=\"application\/ld+json\" class=\"yoast-schema-graph\">{\"@context\":\"https:\\\/\\\/schema.org\",\"@graph\":[{\"@type\":\"Article\",\"@id\":\"https:\\\/\\\/periodicorealidades.com\\\/index.php\\\/2026\\\/09\\\/04\\\/muere-diputado-de-morena-zenyazen-escobar-por-impacto-de-arma-de-fuego\\\/#article\",\"isPartOf\":{\"@id\":\"https:\\\/\\\/periodicorealidades.com\\\/index.php\\\/2026\\\/09\\\/04\\\/muere-diputado-de-morena-zenyazen-escobar-por-impacto-de-arma-de-fuego\\\/\"},\"author\":{\"name\":\"editor\",\"@id\":\"https:\\\/\\\/periodicorealidades.com\\\/#\\\/schema\\\/person\\\/c27da34ee13acaec3162071a3e1c7832\"},\"headline\":\"Muere diputado de Morena Zenyazen Escobar por impacto de arma de fuego\",\"datePublished\":\"2026-09-05T04:50:17+00:00\",\"dateModified\":\"2026-09-05T04:50:18+00:00\",\"mainEntityOfPage\":{\"@id\":\"https:\\\/\\\/periodicorealidades.com\\\/index.php\\\/2026\\\/09\\\/04\\\/muere-diputado-de-morena-zenyazen-escobar-por-impacto-de-arma-de-fuego\\\/\"},\"wordCount\":285,\"publisher\":{\"@id\":\"https:\\\/\\\/periodicorealidades.com\\\/#organization\"},\"image\":{\"@id\":\"https:\\\/\\\/periodicorealidades.com\\\/index.php\\\/2026\\\/09\\\/04\\\/muere-diputado-de-morena-zenyazen-escobar-por-impacto-de-arma-de-fuego\\\/#primaryimage\"},\"thumbnailUrl\":\"https:\\\/\\\/periodicorealidades.com\\\/wp-content\\\/uploads\\\/2026\\\/09\\\/Zenyazen-Escobar.jpeg\",\"articleSection\":[\"Nacional\",\"Principal\"],\"inLanguage\":\"es\"},{\"@type\":\"WebPage\",\"@id\":\"https:\\\/\\\/periodicorealidades.com\\\/index.php\\\/2026\\\/09\\\/04\\\/muere-diputado-de-morena-zenyazen-escobar-por-impacto-de-arma-de-fuego\\\/\",\"url\":\"https:\\\/\\\/periodicorealidades.com\\\/index.php\\\/2026\\\/09\\\/04\\\/muere-diputado-de-morena-zenyazen-escobar-por-impacto-de-arma-de-fuego\\\/\",\"name\":\"Muere diputado de Morena Zenyazen Escobar por impacto de arma de fuego - Peri\u00f3dico Realidades\",\"isPartOf\":{\"@id\":\"https:\\\/\\\/periodicorealidades.com\\\/#website\"},\"primaryImageOfPage\":{\"@id\":\"https:\\\/\\\/periodicorealidades.com\\\/index.php\\\/2026\\\/09\\\/04\\\/muere-diputado-de-morena-zenyazen-escobar-por-impacto-de-arma-de-fuego\\\/#primaryimage\"},\"image\":{\"@id\":\"https:\\\/\\\/periodicorealidades.com\\\/index.php\\\/2026\\\/09\\\/04\\\/muere-diputado-de-morena-zenyazen-escobar-por-impacto-de-arma-de-fuego\\\/#primaryimage\"},\"thumbnailUrl\":\"https:\\\/\\\/periodicorealidades.com\\\/wp-content\\\/uploads\\\/2026\\\/09\\\/Zenyazen-Escobar.jpeg\",\"datePublished\":\"2026-09-05T04:50:17+00:00\",\"dateModified\":\"2026-09-05T04:50:18+00:00\",\"breadcrumb\":{\"@id\":\"https:\\\/\\\/periodicorealidades.com\\\/index.php\\\/2026\\\/09\\\/04\\\/muere-diputado-de-morena-zenyazen-escobar-por-impacto-de-arma-de-fuego\\\/#breadcrumb\"},\"inLanguage\":\"es\",\"potentialAction\":[{\"@type\":\"ReadAction\",\"target\":[\"https:\\\/\\\/periodicorealidades.com\\\/index.php\\\/2026\\\/09\\\/04\\\/muere-diputado-de-morena-zenyazen-escobar-por-impacto-de-arma-de-fuego\\\/\"]}]},{\"@type\":\"ImageObject\",\"inLanguage\":\"es\",\"@id\":\"https:\\\/\\\/periodicorealidades.com\\\/index.php\\\/2026\\\/09\\\/04\\\/muere-diputado-de-morena-zenyazen-escobar-por-impacto-de-arma-de-fuego\\\/#primaryimage\",\"url\":\"https:\\\/\\\/periodicorealidades.com\\\/wp-content\\\/uploads\\\/2026\\\/09\\\/Zenyazen-Escobar.jpeg\",\"contentUrl\":\"https:\\\/\\\/periodicorealidades.com\\\/wp-content\\\/uploads\\\/2026\\\/09\\\/Zenyazen-Escobar.jpeg\",\"width\":478,\"height\":464},{\"@type\":\"BreadcrumbList\",\"@id\":\"https:\\\/\\\/periodicorealidades.com\\\/index.php\\\/2026\\\/09\\\/04\\\/muere-diputado-de-morena-zenyazen-escobar-por-impacto-de-arma-de-fuego\\\/#breadcrumb\",\"itemListElement\":[{\"@type\":\"ListItem\",\"position\":1,\"name\":\"Inicio\",\"item\":\"https:\\\/\\\/periodicorealidades.com\\\/\"},{\"@type\":\"ListItem\",\"position\":2,\"name\":\"Muere diputado de Morena Zenyazen Escobar por impacto de arma de fuego\"}]},{\"@type\":\"WebSite\",\"@id\":\"https:\\\/\\\/periodicorealidades.com\\\/#website\",\"url\":\"https:\\\/\\\/periodicorealidades.com\\\/\",\"name\":\"Peri\u00f3dico Realidades\",\"description\":\"M\u00e9dio de comunicaci\u00f3n en Nayarit\",\"publisher\":{\"@id\":\"https:\\\/\\\/periodicorealidades.com\\\/#organization\"},\"potentialAction\":[{\"@type\":\"SearchAction\",\"target\":{\"@type\":\"EntryPoint\",\"urlTemplate\":\"https:\\\/\\\/periodicorealidades.com\\\/?s={search_term_string}\"},\"query-input\":{\"@type\":\"PropertyValueSpecification\",\"valueRequired\":true,\"valueName\":\"search_term_string\"}}],\"inLanguage\":\"es\"},{\"@type\":\"Organization\",\"@id\":\"https:\\\/\\\/periodicorealidades.com\\\/#organization\",\"name\":\"Peri\u00f3dico Realidades\",\"url\":\"https:\\\/\\\/periodicorealidades.com\\\/\",\"logo\":{\"@type\":\"ImageObject\",\"inLanguage\":\"es\",\"@id\":\"https:\\\/\\\/periodicorealidades.com\\\/#\\\/schema\\\/logo\\\/image\\\/\",\"url\":\"https:\\\/\\\/periodicorealidades.com\\\/wp-content\\\/uploads\\\/2023\\\/05\\\/r-prueba.png\",\"contentUrl\":\"https:\\\/\\\/periodicorealidades.com\\\/wp-content\\\/uploads\\\/2023\\\/05\\\/r-prueba.png\",\"width\":709,\"height\":709,\"caption\":\"Peri\u00f3dico Realidades\"},\"image\":{\"@id\":\"https:\\\/\\\/periodicorealidades.com\\\/#\\\/schema\\\/logo\\\/image\\\/\"},\"sameAs\":[\"https:\\\/\\\/www.facebook.com\\\/periodicorealidades.denayarit?mibextid=LQQJ4d\"]},{\"@type\":\"Person\",\"@id\":\"https:\\\/\\\/periodicorealidades.com\\\/#\\\/schema\\\/person\\\/c27da34ee13acaec3162071a3e1c7832\",\"name\":\"editor\",\"image\":{\"@type\":\"ImageObject\",\"inLanguage\":\"es\",\"@id\":\"https:\\\/\\\/secure.gravatar.com\\\/avatar\\\/dda3c3f59ea25f4b53cd53df977b0b2628039b17268e57c944a79a00e8a56e26?s=96&d=mm&r=g\",\"url\":\"https:\\\/\\\/secure.gravatar.com\\\/avatar\\\/dda3c3f59ea25f4b53cd53df977b0b2628039b17268e57c944a79a00e8a56e26?s=96&d=mm&r=g\",\"contentUrl\":\"https:\\\/\\\/secure.gravatar.com\\\/avatar\\\/dda3c3f59ea25f4b53cd53df977b0b2628039b17268e57c944a79a00e8a56e26?s=96&d=mm&r=g\",\"caption\":\"editor\"},\"url\":\"https:\\\/\\\/periodicorealidades.com\\\/index.php\\\/author\\\/editor\\\/\"}]}<\/script>\n<!-- \/ Yoast SEO plugin. -->","yoast_head_json":{"title":"Muere diputado de Morena Zenyazen Escobar por impacto de arma de fuego - Peri\u00f3dico Realidades","robots":{"index":"index","follow":"follow","max-snippet":"max-snippet:-1","max-image-preview":"max-image-preview:large","max-video-preview":"max-video-preview:-1"},"canonical":"https:\/\/periodicorealidades.com\/index.php\/2026\/09\/04\/muere-diputado-de-morena-zenyazen-escobar-por-impacto-de-arma-de-fuego\/","og_locale":"es_MX","og_type":"article","og_title":"Muere diputado de Morena Zenyazen Escobar por impacto de arma de fuego - Peri\u00f3dico Realidades","og_description":"El diputado federal de Morena, Zenyazen Escobar, muri\u00f3 a causa del impacto de un arma de fuego, inform\u00f3 el secretario de Gobierno de Veracruz, Ricardo Ahued. Por: Agencias Veracruz, M\u00e9xico; s\u00e0bado, 05 de septiembre del 2026.- El funcionario descart\u00f3, de manera preliminar, que se tratara de un atentado, al se\u00f1alar que el veh\u00edculo donde fue [&hellip;]","og_url":"https:\/\/periodicorealidades.com\/index.php\/2026\/09\/04\/muere-diputado-de-morena-zenyazen-escobar-por-impacto-de-arma-de-fuego\/","og_site_name":"Peri\u00f3dico Realidades","article_publisher":"https:\/\/www.facebook.com\/periodicorealidades.denayarit?mibextid=LQQJ4d","article_published_time":"2026-09-05T04:50:17+00:00","article_modified_time":"2026-09-05T04:50:18+00:00","og_image":[{"width":478,"height":464,"url":"https:\/\/periodicorealidades.com\/wp-content\/uploads\/2026\/09\/Zenyazen-Escobar.jpeg","type":"image\/jpeg"}],"author":"editor","twitter_card":"summary_large_image","twitter_misc":{"Escrito por":"editor","Tiempo de lectura":"2 minutos"},"schema":{"@context":"https:\/\/schema.org","@graph":[{"@type":"Article","@id":"https:\/\/periodicorealidades.com\/index.php\/2026\/09\/04\/muere-diputado-de-morena-zenyazen-escobar-por-impacto-de-arma-de-fuego\/#article","isPartOf":{"@id":"https:\/\/periodicorealidades.com\/index.php\/2026\/09\/04\/muere-diputado-de-morena-zenyazen-escobar-por-impacto-de-arma-de-fuego\/"},"author":{"name":"editor","@id":"https:\/\/periodicorealidades.com\/#\/schema\/person\/c27da34ee13acaec3162071a3e1c7832"},"headline":"Muere diputado de Morena Zenyazen Escobar por impacto de arma de fuego","datePublished":"2026-09-05T04:50:17+00:00","dateModified":"2026-09-05T04:50:18+00:00","mainEntityOfPage":{"@id":"https:\/\/periodicorealidades.com\/index.php\/2026\/09\/04\/muere-diputado-de-morena-zenyazen-escobar-por-impacto-de-arma-de-fuego\/"},"wordCount":285,"publisher":{"@id":"https:\/\/periodicorealidades.com\/#organization"},"image":{"@id":"https:\/\/periodicorealidades.com\/index.php\/2026\/09\/04\/muere-diputado-de-morena-zenyazen-escobar-por-impacto-de-arma-de-fuego\/#primaryimage"},"thumbnailUrl":"https:\/\/periodicorealidades.com\/wp-content\/uploads\/2026\/09\/Zenyazen-Escobar.jpeg","articleSection":["Nacional","Principal"],"inLanguage":"es"},{"@type":"WebPage","@id":"https:\/\/periodicorealidades.com\/index.php\/2026\/09\/04\/muere-diputado-de-morena-zenyazen-escobar-por-impacto-de-arma-de-fuego\/","url":"https:\/\/periodicorealidades.com\/index.php\/2026\/09\/04\/muere-diputado-de-morena-zenyazen-escobar-por-impacto-de-arma-de-fuego\/","name":"Muere diputado de Morena Zenyazen Escobar por impacto de arma de fuego - Peri\u00f3dico Realidades","isPartOf":{"@id":"https:\/\/periodicorealidades.com\/#website"},"primaryImageOfPage":{"@id":"https:\/\/periodicorealidades.com\/index.php\/2026\/09\/04\/muere-diputado-de-morena-zenyazen-escobar-por-impacto-de-arma-de-fuego\/#primaryimage"},"image":{"@id":"https:\/\/periodicorealidades.com\/index.php\/2026\/09\/04\/muere-diputado-de-morena-zenyazen-escobar-por-impacto-de-arma-de-fuego\/#primaryimage"},"thumbnailUrl":"https:\/\/periodicorealidades.com\/wp-content\/uploads\/2026\/09\/Zenyazen-Escobar.jpeg","datePublished":"2026-09-05T04:50:17+00:00","dateModified":"2026-09-05T04:50:18+00:00","breadcrumb":{"@id":"https:\/\/periodicorealidades.com\/index.php\/2026\/09\/04\/muere-diputado-de-morena-zenyazen-escobar-por-impacto-de-arma-de-fuego\/#breadcrumb"},"inLanguage":"es","potentialAction":[{"@type":"ReadAction","target":["https:\/\/periodicorealidades.com\/index.php\/2026\/09\/04\/muere-diputado-de-morena-zenyazen-escobar-por-impacto-de-arma-de-fuego\/"]}]},{"@type":"ImageObject","inLanguage":"es","@id":"https:\/\/periodicorealidades.com\/index.php\/2026\/09\/04\/muere-diputado-de-morena-zenyazen-escobar-por-impacto-de-arma-de-fuego\/#primaryimage","url":"https:\/\/periodicorealidades.com\/wp-content\/uploads\/2026\/09\/Zenyazen-Escobar.jpeg","contentUrl":"https:\/\/periodicorealidades.com\/wp-content\/uploads\/2026\/09\/Zenyazen-Escobar.jpeg","width":478,"height":464},{"@type":"BreadcrumbList","@id":"https:\/\/periodicorealidades.com\/index.php\/2026\/09\/04\/muere-diputado-de-morena-zenyazen-escobar-por-impacto-de-arma-de-fuego\/#breadcrumb","itemListElement":[{"@type":"ListItem","position":1,"name":"Inicio","item":"https:\/\/periodicorealidades.com\/"},{"@type":"ListItem","position":2,"name":"Muere diputado de Morena Zenyazen Escobar por impacto de arma de fuego"}]},{"@type":"WebSite","@id":"https:\/\/periodicorealidades.com\/#website","url":"https:\/\/periodicorealidades.com\/","name":"Peri\u00f3dico Realidades","description":"M\u00e9dio de comunicaci\u00f3n en Nayarit","publisher":{"@id":"https:\/\/periodicorealidades.com\/#organization"},"potentialAction":[{"@type":"SearchAction","target":{"@type":"EntryPoint","urlTemplate":"https:\/\/periodicorealidades.com\/?s={search_term_string}"},"query-input":{"@type":"PropertyValueSpecification","valueRequired":true,"valueName":"search_term_string"}}],"inLanguage":"es"},{"@type":"Organization","@id":"https:\/\/periodicorealidades.com\/#organization","name":"Peri\u00f3dico Realidades","url":"https:\/\/periodicorealidades.com\/","logo":{"@type":"ImageObject","inLanguage":"es","@id":"https:\/\/periodicorealidades.com\/#\/schema\/logo\/image\/","url":"https:\/\/periodicorealidades.com\/wp-content\/uploads\/2023\/05\/r-prueba.png","contentUrl":"https:\/\/periodicorealidades.com\/wp-content\/uploads\/2023\/05\/r-prueba.png","width":709,"height":709,"caption":"Peri\u00f3dico Realidades"},"image":{"@id":"https:\/\/periodicorealidades.com\/#\/schema\/logo\/image\/"},"sameAs":["https:\/\/www.facebook.com\/periodicorealidades.denayarit?mibextid=LQQJ4d"]},{"@type":"Person","@id":"https:\/\/periodicorealidades.com\/#\/schema\/person\/c27da34ee13acaec3162071a3e1c7832","name":"editor","image":{"@type":"ImageObject","inLanguage":"es","@id":"https:\/\/secure.gravatar.com\/avatar\/dda3c3f59ea25f4b53cd53df977b0b2628039b17268e57c944a79a00e8a56e26?s=96&d=mm&r=g","url":"https:\/\/secure.gravatar.com\/avatar\/dda3c3f59ea25f4b53cd53df977b0b2628039b17268e57c944a79a00e8a56e26?s=96&d=mm&r=g","contentUrl":"https:\/\/secure.gravatar.com\/avatar\/dda3c3f59ea25f4b53cd53df977b0b2628039b17268e57c944a79a00e8a56e26?s=96&d=mm&r=g","caption":"editor"},"url":"https:\/\/periodicorealidades.com\/index.php\/author\/editor\/"}]}},"_links":{"self":[{"href":"https:\/\/periodicorealidades.com\/index.php\/wp-json\/wp\/v2\/posts\/78164","targetHints":{"allow":["GET"]}}],"collection":[{"href":"https:\/\/periodicorealidades.com\/index.php\/wp-json\/wp\/v2\/posts"}],"about":[{"href":"https:\/\/periodicorealidades.com\/index.php\/wp-json\/wp\/v2\/types\/post"}],"author":[{"embeddable":true,"href":"https:\/\/periodicorealidades.com\/index.php\/wp-json\/wp\/v2\/users\/2"}],"replies":[{"embeddable":true,"href":"https:\/\/periodicorealidades.com\/index.php\/wp-json\/wp\/v2\/comments?post=78164"}],"version-history":[{"count":1,"href":"https:\/\/periodicorealidades.com\/index.php\/wp-json\/wp\/v2\/posts\/78164\/revisions"}],"predecessor-version":[{"id":78166,"href":"https:\/\/periodicorealidades.com\/index.php\/wp-json\/wp\/v2\/posts\/78164\/revisions\/78166"}],"wp:featuredmedia":[{"embeddable":true,"href":"https:\/\/periodicorealidades.com\/index.php\/wp-json\/wp\/v2\/media\/78165"}],"wp:attachment":[{"href":"https:\/\/periodicorealidades.com\/index.php\/wp-json\/wp\/v2\/media?parent=78164"}],"wp:term":[{"taxonomy":"category","embeddable":true,"href":"https:\/\/periodicorealidades.com\/index.php\/wp-json\/wp\/v2\/categories?post=78164"},{"taxonomy":"post_tag","embeddable":true,"href":"https:\/\/periodicorealidades.com\/index.php\/wp-json\/wp\/v2\/tags?post=78164"}],"curies":[{"name":"wp","href":"https:\/\/api.w.org\/{rel}","templated":true}]}}