{"id":78170,"date":"2026-09-04T21:51:55","date_gmt":"2026-09-05T04:51:55","guid":{"rendered":"https:\/\/periodicorealidades.com\/?p=78170"},"modified":"2026-09-04T21:51:56","modified_gmt":"2026-09-05T04:51:56","slug":"imss-proyecta-12-centros-de-cuidado-infantil-y-un-nuevo-hospital-para-nayarit","status":"publish","type":"post","link":"https:\/\/periodicorealidades.com\/index.php\/2026\/09\/04\/imss-proyecta-12-centros-de-cuidado-infantil-y-un-nuevo-hospital-para-nayarit\/","title":{"rendered":"IMSS proyecta 12 centros de cuidado infantil y un nuevo hospital para Nayarit"},"content":{"rendered":"\n<p class=\"wp-block-paragraph\">Tepic y Bah\u00eda de Banderas concentran los proyectos m\u00e1s avanzados; tambi\u00e9n contin\u00faa la gesti\u00f3n para ampliar la infraestructura hospitalaria en la entidad<\/p>\n\n\n\n<p class=\"wp-block-paragraph\">Por: Arcelia Garc\u00eda Ortega<\/p>\n\n\n\n<p class=\"wp-block-paragraph\">Tepic, Nayarit; s\u00e0bado, 05 de septiembre del 2026.- &nbsp;El Instituto Mexicano del Seguro Social (IMSS) proyecta la construcci\u00f3n de 12 Centros de Educaci\u00f3n y Cuidado Infantil (CECI) en Nayarit, adem\u00e1s de mantener vigentes diversos proyectos para ampliar y modernizar la infraestructura hospitalaria, inform\u00f3 el titular del IMSS en el estado, Jes\u00fas Ch\u00e1vez Mart\u00ednez.<\/p>\n\n\n\n<p class=\"wp-block-paragraph\">El funcionario explic\u00f3 que los proyectos de los CECI m\u00e1s avanzados se encuentran en Tepic y Bah\u00eda de Banderas, seguidos por el contemplado para Santiago Ixcuintla.<\/p>\n\n\n\n<p class=\"wp-block-paragraph\">Detall\u00f3 que el centro de Tepic estar\u00e1 ubicado en La Cantera, mientras que el de Bah\u00eda de Banderas se proyecta en las inmediaciones del Hospital General de Zona n\u00famero 33.<\/p>\n\n\n\n<p class=\"wp-block-paragraph\">En materia hospitalaria, se\u00f1al\u00f3 que contin\u00faan las gestiones para la ampliaci\u00f3n y remodelaci\u00f3n del Hospital General de Zona n\u00famero 1, as\u00ed como para construir una nueva Unidad de Medicina Familiar Plus y ampliar y remodelar la Unidad de Medicina Familiar n\u00famero 24.<\/p>\n\n\n\n<p class=\"wp-block-paragraph\">Ch\u00e1vez Mart\u00ednez aclar\u00f3 que estos proyectos requieren tiempo y procesos administrativos, pero no han sido cancelados.<\/p>\n\n\n\n<p class=\"wp-block-paragraph\">Buscan terreno para un nuevo hospital en Tepic<\/p>\n\n\n\n<p class=\"wp-block-paragraph\">El titular del IMSS inform\u00f3 adem\u00e1s que se gestiona la donaci\u00f3n de un predio en Tepic para avanzar en el proyecto de construcci\u00f3n de un nuevo hospital, debido a que la capital nayarita concentra una importante demanda de servicios m\u00e9dicos.<\/p>\n\n\n\n<p class=\"wp-block-paragraph\">Tercera procuraci\u00f3n de \u00f3rganos beneficia a cuatro personas<\/p>\n\n\n\n<p class=\"wp-block-paragraph\">Por otra parte, destac\u00f3 la tercera procuraci\u00f3n de \u00f3rganos realizada en el Hospital General de Zona n\u00famero 1, procedimiento que permiti\u00f3 beneficiar a cuatro personas.<\/p>\n\n\n\n<p class=\"wp-block-paragraph\">Los \u00f3rganos fueron trasladados v\u00eda a\u00e9rea a Guadalajara, mediante la coordinaci\u00f3n entre el IMSS y los gobiernos de Nayarit y Jalisco.<\/p>\n\n\n\n<p class=\"wp-block-paragraph\">Con esta procuraci\u00f3n, el Hospital General de Zona n\u00famero 1 alcanz\u00f3 su meta anual en este rubro, aunque el funcionario subray\u00f3 que continuar\u00e1 la promoci\u00f3n de la cultura de la donaci\u00f3n de \u00f3rganos.<\/p>\n\n\n\n<p class=\"wp-block-paragraph\">M\u00e1s de 640 mil nayaritas tienen derecho a la seguridad social<\/p>\n\n\n\n<p class=\"wp-block-paragraph\">En cuanto al empleo formal, Ch\u00e1vez Mart\u00ednez inform\u00f3 que el IMSS registra actualmente 12 mil 481 patrones en Nayarit, que representan a m\u00e1s de 182 mil trabajadores.<\/p>\n\n\n\n<p class=\"wp-block-paragraph\">Asimismo, indic\u00f3 que m\u00e1s de 640 mil nayaritas tienen derecho a la seguridad social mediante el r\u00e9gimen ordinario del IMSS, mientras que alrededor de 120 mil personas que no cuentan con seguridad social reciben atenci\u00f3n en unidades m\u00e9dicas rurales y hospitales comunitarios.<\/p>\n\n\n\n<p class=\"wp-block-paragraph\">Durante la feria del empleo, el funcionario llam\u00f3 a los trabajadores a considerar no solamente el salario al elegir un puesto, sino tambi\u00e9n las prestaciones de seguridad social, entre ellas atenci\u00f3n m\u00e9dica, pensi\u00f3n, Afore, guarder\u00edas y protecci\u00f3n ante accidentes laborales y enfermedades generales.<\/p>\n","protected":false},"excerpt":{"rendered":"<p>Tepic y Bah\u00eda de Banderas concentran los proyectos m\u00e1s avanzados; tambi\u00e9n contin\u00faa la gesti\u00f3n para ampliar la infraestructura hospitalaria en la entidad Por: Arcelia Garc\u00eda Ortega Tepic, Nayarit; s\u00e0bado, 05 de septiembre del 2026.- &nbsp;El Instituto Mexicano del Seguro Social (IMSS) proyecta la construcci\u00f3n de 12 Centros de Educaci\u00f3n y Cuidado Infantil (CECI) en Nayarit, [&hellip;]<\/p>\n","protected":false},"author":2,"featured_media":71377,"comment_status":"closed","ping_status":"open","sticky":false,"template":"","format":"standard","meta":{"footnotes":""},"categories":[4,7],"tags":[],"class_list":["post-78170","post","type-post","status-publish","format-standard","has-post-thumbnail","category-principal","category-tepic"],"yoast_head":"<!-- This site is optimized with the Yoast SEO plugin v28.3 - https:\/\/yoast.com\/product\/yoast-seo-wordpress\/ -->\n<title>IMSS proyecta 12 centros de cuidado infantil y un nuevo hospital para Nayarit - Peri\u00f3dico Realidades<\/title>\n<meta name=\"robots\" content=\"index, follow, max-snippet:-1, max-image-preview:large, max-video-preview:-1\" \/>\n<link rel=\"canonical\" href=\"https:\/\/periodicorealidades.com\/index.php\/2026\/09\/04\/imss-proyecta-12-centros-de-cuidado-infantil-y-un-nuevo-hospital-para-nayarit\/\" \/>\n<meta property=\"og:locale\" content=\"es_MX\" \/>\n<meta property=\"og:type\" content=\"article\" \/>\n<meta property=\"og:title\" content=\"IMSS proyecta 12 centros de cuidado infantil y un nuevo hospital para Nayarit - Peri\u00f3dico Realidades\" \/>\n<meta property=\"og:description\" content=\"Tepic y Bah\u00eda de Banderas concentran los proyectos m\u00e1s avanzados; tambi\u00e9n contin\u00faa la gesti\u00f3n para ampliar la infraestructura hospitalaria en la entidad Por: Arcelia Garc\u00eda Ortega Tepic, Nayarit; s\u00e0bado, 05 de septiembre del 2026.- &nbsp;El Instituto Mexicano del Seguro Social (IMSS) proyecta la construcci\u00f3n de 12 Centros de Educaci\u00f3n y Cuidado Infantil (CECI) en Nayarit, [&hellip;]\" \/>\n<meta property=\"og:url\" content=\"https:\/\/periodicorealidades.com\/index.php\/2026\/09\/04\/imss-proyecta-12-centros-de-cuidado-infantil-y-un-nuevo-hospital-para-nayarit\/\" \/>\n<meta property=\"og:site_name\" content=\"Peri\u00f3dico Realidades\" \/>\n<meta property=\"article:publisher\" content=\"https:\/\/www.facebook.com\/periodicorealidades.denayarit?mibextid=LQQJ4d\" \/>\n<meta property=\"article:published_time\" content=\"2026-09-05T04:51:55+00:00\" \/>\n<meta property=\"article:modified_time\" content=\"2026-09-05T04:51:56+00:00\" \/>\n<meta property=\"og:image\" content=\"https:\/\/periodicorealidades.com\/wp-content\/uploads\/2026\/06\/Jose-de-Jesus-Chavez-4.jpg\" \/>\n\t<meta property=\"og:image:width\" content=\"2048\" \/>\n\t<meta property=\"og:image:height\" content=\"1366\" \/>\n\t<meta property=\"og:image:type\" content=\"image\/jpeg\" \/>\n<meta name=\"author\" content=\"editor\" \/>\n<meta name=\"twitter:card\" content=\"summary_large_image\" \/>\n<meta name=\"twitter:label1\" content=\"Escrito por\" \/>\n\t<meta name=\"twitter:data1\" content=\"editor\" \/>\n\t<meta name=\"twitter:label2\" content=\"Tiempo de lectura\" \/>\n\t<meta name=\"twitter:data2\" content=\"3 minutos\" \/>\n<script type=\"application\/ld+json\" class=\"yoast-schema-graph\">{\"@context\":\"https:\\\/\\\/schema.org\",\"@graph\":[{\"@type\":\"Article\",\"@id\":\"https:\\\/\\\/periodicorealidades.com\\\/index.php\\\/2026\\\/09\\\/04\\\/imss-proyecta-12-centros-de-cuidado-infantil-y-un-nuevo-hospital-para-nayarit\\\/#article\",\"isPartOf\":{\"@id\":\"https:\\\/\\\/periodicorealidades.com\\\/index.php\\\/2026\\\/09\\\/04\\\/imss-proyecta-12-centros-de-cuidado-infantil-y-un-nuevo-hospital-para-nayarit\\\/\"},\"author\":{\"name\":\"editor\",\"@id\":\"https:\\\/\\\/periodicorealidades.com\\\/#\\\/schema\\\/person\\\/c27da34ee13acaec3162071a3e1c7832\"},\"headline\":\"IMSS proyecta 12 centros de cuidado infantil y un nuevo hospital para Nayarit\",\"datePublished\":\"2026-09-05T04:51:55+00:00\",\"dateModified\":\"2026-09-05T04:51:56+00:00\",\"mainEntityOfPage\":{\"@id\":\"https:\\\/\\\/periodicorealidades.com\\\/index.php\\\/2026\\\/09\\\/04\\\/imss-proyecta-12-centros-de-cuidado-infantil-y-un-nuevo-hospital-para-nayarit\\\/\"},\"wordCount\":504,\"publisher\":{\"@id\":\"https:\\\/\\\/periodicorealidades.com\\\/#organization\"},\"image\":{\"@id\":\"https:\\\/\\\/periodicorealidades.com\\\/index.php\\\/2026\\\/09\\\/04\\\/imss-proyecta-12-centros-de-cuidado-infantil-y-un-nuevo-hospital-para-nayarit\\\/#primaryimage\"},\"thumbnailUrl\":\"https:\\\/\\\/periodicorealidades.com\\\/wp-content\\\/uploads\\\/2026\\\/06\\\/Jose-de-Jesus-Chavez-4.jpg\",\"articleSection\":[\"Principal\",\"Tepic\"],\"inLanguage\":\"es\"},{\"@type\":\"WebPage\",\"@id\":\"https:\\\/\\\/periodicorealidades.com\\\/index.php\\\/2026\\\/09\\\/04\\\/imss-proyecta-12-centros-de-cuidado-infantil-y-un-nuevo-hospital-para-nayarit\\\/\",\"url\":\"https:\\\/\\\/periodicorealidades.com\\\/index.php\\\/2026\\\/09\\\/04\\\/imss-proyecta-12-centros-de-cuidado-infantil-y-un-nuevo-hospital-para-nayarit\\\/\",\"name\":\"IMSS proyecta 12 centros de cuidado infantil y un nuevo hospital para Nayarit - Peri\u00f3dico Realidades\",\"isPartOf\":{\"@id\":\"https:\\\/\\\/periodicorealidades.com\\\/#website\"},\"primaryImageOfPage\":{\"@id\":\"https:\\\/\\\/periodicorealidades.com\\\/index.php\\\/2026\\\/09\\\/04\\\/imss-proyecta-12-centros-de-cuidado-infantil-y-un-nuevo-hospital-para-nayarit\\\/#primaryimage\"},\"image\":{\"@id\":\"https:\\\/\\\/periodicorealidades.com\\\/index.php\\\/2026\\\/09\\\/04\\\/imss-proyecta-12-centros-de-cuidado-infantil-y-un-nuevo-hospital-para-nayarit\\\/#primaryimage\"},\"thumbnailUrl\":\"https:\\\/\\\/periodicorealidades.com\\\/wp-content\\\/uploads\\\/2026\\\/06\\\/Jose-de-Jesus-Chavez-4.jpg\",\"datePublished\":\"2026-09-05T04:51:55+00:00\",\"dateModified\":\"2026-09-05T04:51:56+00:00\",\"breadcrumb\":{\"@id\":\"https:\\\/\\\/periodicorealidades.com\\\/index.php\\\/2026\\\/09\\\/04\\\/imss-proyecta-12-centros-de-cuidado-infantil-y-un-nuevo-hospital-para-nayarit\\\/#breadcrumb\"},\"inLanguage\":\"es\",\"potentialAction\":[{\"@type\":\"ReadAction\",\"target\":[\"https:\\\/\\\/periodicorealidades.com\\\/index.php\\\/2026\\\/09\\\/04\\\/imss-proyecta-12-centros-de-cuidado-infantil-y-un-nuevo-hospital-para-nayarit\\\/\"]}]},{\"@type\":\"ImageObject\",\"inLanguage\":\"es\",\"@id\":\"https:\\\/\\\/periodicorealidades.com\\\/index.php\\\/2026\\\/09\\\/04\\\/imss-proyecta-12-centros-de-cuidado-infantil-y-un-nuevo-hospital-para-nayarit\\\/#primaryimage\",\"url\":\"https:\\\/\\\/periodicorealidades.com\\\/wp-content\\\/uploads\\\/2026\\\/06\\\/Jose-de-Jesus-Chavez-4.jpg\",\"contentUrl\":\"https:\\\/\\\/periodicorealidades.com\\\/wp-content\\\/uploads\\\/2026\\\/06\\\/Jose-de-Jesus-Chavez-4.jpg\",\"width\":2048,\"height\":1366},{\"@type\":\"BreadcrumbList\",\"@id\":\"https:\\\/\\\/periodicorealidades.com\\\/index.php\\\/2026\\\/09\\\/04\\\/imss-proyecta-12-centros-de-cuidado-infantil-y-un-nuevo-hospital-para-nayarit\\\/#breadcrumb\",\"itemListElement\":[{\"@type\":\"ListItem\",\"position\":1,\"name\":\"Inicio\",\"item\":\"https:\\\/\\\/periodicorealidades.com\\\/\"},{\"@type\":\"ListItem\",\"position\":2,\"name\":\"IMSS proyecta 12 centros de cuidado infantil y un nuevo hospital para Nayarit\"}]},{\"@type\":\"WebSite\",\"@id\":\"https:\\\/\\\/periodicorealidades.com\\\/#website\",\"url\":\"https:\\\/\\\/periodicorealidades.com\\\/\",\"name\":\"Peri\u00f3dico Realidades\",\"description\":\"M\u00e9dio de comunicaci\u00f3n en Nayarit\",\"publisher\":{\"@id\":\"https:\\\/\\\/periodicorealidades.com\\\/#organization\"},\"potentialAction\":[{\"@type\":\"SearchAction\",\"target\":{\"@type\":\"EntryPoint\",\"urlTemplate\":\"https:\\\/\\\/periodicorealidades.com\\\/?s={search_term_string}\"},\"query-input\":{\"@type\":\"PropertyValueSpecification\",\"valueRequired\":true,\"valueName\":\"search_term_string\"}}],\"inLanguage\":\"es\"},{\"@type\":\"Organization\",\"@id\":\"https:\\\/\\\/periodicorealidades.com\\\/#organization\",\"name\":\"Peri\u00f3dico Realidades\",\"url\":\"https:\\\/\\\/periodicorealidades.com\\\/\",\"logo\":{\"@type\":\"ImageObject\",\"inLanguage\":\"es\",\"@id\":\"https:\\\/\\\/periodicorealidades.com\\\/#\\\/schema\\\/logo\\\/image\\\/\",\"url\":\"https:\\\/\\\/periodicorealidades.com\\\/wp-content\\\/uploads\\\/2023\\\/05\\\/r-prueba.png\",\"contentUrl\":\"https:\\\/\\\/periodicorealidades.com\\\/wp-content\\\/uploads\\\/2023\\\/05\\\/r-prueba.png\",\"width\":709,\"height\":709,\"caption\":\"Peri\u00f3dico Realidades\"},\"image\":{\"@id\":\"https:\\\/\\\/periodicorealidades.com\\\/#\\\/schema\\\/logo\\\/image\\\/\"},\"sameAs\":[\"https:\\\/\\\/www.facebook.com\\\/periodicorealidades.denayarit?mibextid=LQQJ4d\"]},{\"@type\":\"Person\",\"@id\":\"https:\\\/\\\/periodicorealidades.com\\\/#\\\/schema\\\/person\\\/c27da34ee13acaec3162071a3e1c7832\",\"name\":\"editor\",\"image\":{\"@type\":\"ImageObject\",\"inLanguage\":\"es\",\"@id\":\"https:\\\/\\\/secure.gravatar.com\\\/avatar\\\/dda3c3f59ea25f4b53cd53df977b0b2628039b17268e57c944a79a00e8a56e26?s=96&d=mm&r=g\",\"url\":\"https:\\\/\\\/secure.gravatar.com\\\/avatar\\\/dda3c3f59ea25f4b53cd53df977b0b2628039b17268e57c944a79a00e8a56e26?s=96&d=mm&r=g\",\"contentUrl\":\"https:\\\/\\\/secure.gravatar.com\\\/avatar\\\/dda3c3f59ea25f4b53cd53df977b0b2628039b17268e57c944a79a00e8a56e26?s=96&d=mm&r=g\",\"caption\":\"editor\"},\"url\":\"https:\\\/\\\/periodicorealidades.com\\\/index.php\\\/author\\\/editor\\\/\"}]}<\/script>\n<!-- \/ Yoast SEO plugin. -->","yoast_head_json":{"title":"IMSS proyecta 12 centros de cuidado infantil y un nuevo hospital para Nayarit - Peri\u00f3dico Realidades","robots":{"index":"index","follow":"follow","max-snippet":"max-snippet:-1","max-image-preview":"max-image-preview:large","max-video-preview":"max-video-preview:-1"},"canonical":"https:\/\/periodicorealidades.com\/index.php\/2026\/09\/04\/imss-proyecta-12-centros-de-cuidado-infantil-y-un-nuevo-hospital-para-nayarit\/","og_locale":"es_MX","og_type":"article","og_title":"IMSS proyecta 12 centros de cuidado infantil y un nuevo hospital para Nayarit - Peri\u00f3dico Realidades","og_description":"Tepic y Bah\u00eda de Banderas concentran los proyectos m\u00e1s avanzados; tambi\u00e9n contin\u00faa la gesti\u00f3n para ampliar la infraestructura hospitalaria en la entidad Por: Arcelia Garc\u00eda Ortega Tepic, Nayarit; s\u00e0bado, 05 de septiembre del 2026.- &nbsp;El Instituto Mexicano del Seguro Social (IMSS) proyecta la construcci\u00f3n de 12 Centros de Educaci\u00f3n y Cuidado Infantil (CECI) en Nayarit, [&hellip;]","og_url":"https:\/\/periodicorealidades.com\/index.php\/2026\/09\/04\/imss-proyecta-12-centros-de-cuidado-infantil-y-un-nuevo-hospital-para-nayarit\/","og_site_name":"Peri\u00f3dico Realidades","article_publisher":"https:\/\/www.facebook.com\/periodicorealidades.denayarit?mibextid=LQQJ4d","article_published_time":"2026-09-05T04:51:55+00:00","article_modified_time":"2026-09-05T04:51:56+00:00","og_image":[{"width":2048,"height":1366,"url":"https:\/\/periodicorealidades.com\/wp-content\/uploads\/2026\/06\/Jose-de-Jesus-Chavez-4.jpg","type":"image\/jpeg"}],"author":"editor","twitter_card":"summary_large_image","twitter_misc":{"Escrito por":"editor","Tiempo de lectura":"3 minutos"},"schema":{"@context":"https:\/\/schema.org","@graph":[{"@type":"Article","@id":"https:\/\/periodicorealidades.com\/index.php\/2026\/09\/04\/imss-proyecta-12-centros-de-cuidado-infantil-y-un-nuevo-hospital-para-nayarit\/#article","isPartOf":{"@id":"https:\/\/periodicorealidades.com\/index.php\/2026\/09\/04\/imss-proyecta-12-centros-de-cuidado-infantil-y-un-nuevo-hospital-para-nayarit\/"},"author":{"name":"editor","@id":"https:\/\/periodicorealidades.com\/#\/schema\/person\/c27da34ee13acaec3162071a3e1c7832"},"headline":"IMSS proyecta 12 centros de cuidado infantil y un nuevo hospital para Nayarit","datePublished":"2026-09-05T04:51:55+00:00","dateModified":"2026-09-05T04:51:56+00:00","mainEntityOfPage":{"@id":"https:\/\/periodicorealidades.com\/index.php\/2026\/09\/04\/imss-proyecta-12-centros-de-cuidado-infantil-y-un-nuevo-hospital-para-nayarit\/"},"wordCount":504,"publisher":{"@id":"https:\/\/periodicorealidades.com\/#organization"},"image":{"@id":"https:\/\/periodicorealidades.com\/index.php\/2026\/09\/04\/imss-proyecta-12-centros-de-cuidado-infantil-y-un-nuevo-hospital-para-nayarit\/#primaryimage"},"thumbnailUrl":"https:\/\/periodicorealidades.com\/wp-content\/uploads\/2026\/06\/Jose-de-Jesus-Chavez-4.jpg","articleSection":["Principal","Tepic"],"inLanguage":"es"},{"@type":"WebPage","@id":"https:\/\/periodicorealidades.com\/index.php\/2026\/09\/04\/imss-proyecta-12-centros-de-cuidado-infantil-y-un-nuevo-hospital-para-nayarit\/","url":"https:\/\/periodicorealidades.com\/index.php\/2026\/09\/04\/imss-proyecta-12-centros-de-cuidado-infantil-y-un-nuevo-hospital-para-nayarit\/","name":"IMSS proyecta 12 centros de cuidado infantil y un nuevo hospital para Nayarit - Peri\u00f3dico Realidades","isPartOf":{"@id":"https:\/\/periodicorealidades.com\/#website"},"primaryImageOfPage":{"@id":"https:\/\/periodicorealidades.com\/index.php\/2026\/09\/04\/imss-proyecta-12-centros-de-cuidado-infantil-y-un-nuevo-hospital-para-nayarit\/#primaryimage"},"image":{"@id":"https:\/\/periodicorealidades.com\/index.php\/2026\/09\/04\/imss-proyecta-12-centros-de-cuidado-infantil-y-un-nuevo-hospital-para-nayarit\/#primaryimage"},"thumbnailUrl":"https:\/\/periodicorealidades.com\/wp-content\/uploads\/2026\/06\/Jose-de-Jesus-Chavez-4.jpg","datePublished":"2026-09-05T04:51:55+00:00","dateModified":"2026-09-05T04:51:56+00:00","breadcrumb":{"@id":"https:\/\/periodicorealidades.com\/index.php\/2026\/09\/04\/imss-proyecta-12-centros-de-cuidado-infantil-y-un-nuevo-hospital-para-nayarit\/#breadcrumb"},"inLanguage":"es","potentialAction":[{"@type":"ReadAction","target":["https:\/\/periodicorealidades.com\/index.php\/2026\/09\/04\/imss-proyecta-12-centros-de-cuidado-infantil-y-un-nuevo-hospital-para-nayarit\/"]}]},{"@type":"ImageObject","inLanguage":"es","@id":"https:\/\/periodicorealidades.com\/index.php\/2026\/09\/04\/imss-proyecta-12-centros-de-cuidado-infantil-y-un-nuevo-hospital-para-nayarit\/#primaryimage","url":"https:\/\/periodicorealidades.com\/wp-content\/uploads\/2026\/06\/Jose-de-Jesus-Chavez-4.jpg","contentUrl":"https:\/\/periodicorealidades.com\/wp-content\/uploads\/2026\/06\/Jose-de-Jesus-Chavez-4.jpg","width":2048,"height":1366},{"@type":"BreadcrumbList","@id":"https:\/\/periodicorealidades.com\/index.php\/2026\/09\/04\/imss-proyecta-12-centros-de-cuidado-infantil-y-un-nuevo-hospital-para-nayarit\/#breadcrumb","itemListElement":[{"@type":"ListItem","position":1,"name":"Inicio","item":"https:\/\/periodicorealidades.com\/"},{"@type":"ListItem","position":2,"name":"IMSS proyecta 12 centros de cuidado infantil y un nuevo hospital para Nayarit"}]},{"@type":"WebSite","@id":"https:\/\/periodicorealidades.com\/#website","url":"https:\/\/periodicorealidades.com\/","name":"Peri\u00f3dico Realidades","description":"M\u00e9dio de comunicaci\u00f3n en Nayarit","publisher":{"@id":"https:\/\/periodicorealidades.com\/#organization"},"potentialAction":[{"@type":"SearchAction","target":{"@type":"EntryPoint","urlTemplate":"https:\/\/periodicorealidades.com\/?s={search_term_string}"},"query-input":{"@type":"PropertyValueSpecification","valueRequired":true,"valueName":"search_term_string"}}],"inLanguage":"es"},{"@type":"Organization","@id":"https:\/\/periodicorealidades.com\/#organization","name":"Peri\u00f3dico Realidades","url":"https:\/\/periodicorealidades.com\/","logo":{"@type":"ImageObject","inLanguage":"es","@id":"https:\/\/periodicorealidades.com\/#\/schema\/logo\/image\/","url":"https:\/\/periodicorealidades.com\/wp-content\/uploads\/2023\/05\/r-prueba.png","contentUrl":"https:\/\/periodicorealidades.com\/wp-content\/uploads\/2023\/05\/r-prueba.png","width":709,"height":709,"caption":"Peri\u00f3dico Realidades"},"image":{"@id":"https:\/\/periodicorealidades.com\/#\/schema\/logo\/image\/"},"sameAs":["https:\/\/www.facebook.com\/periodicorealidades.denayarit?mibextid=LQQJ4d"]},{"@type":"Person","@id":"https:\/\/periodicorealidades.com\/#\/schema\/person\/c27da34ee13acaec3162071a3e1c7832","name":"editor","image":{"@type":"ImageObject","inLanguage":"es","@id":"https:\/\/secure.gravatar.com\/avatar\/dda3c3f59ea25f4b53cd53df977b0b2628039b17268e57c944a79a00e8a56e26?s=96&d=mm&r=g","url":"https:\/\/secure.gravatar.com\/avatar\/dda3c3f59ea25f4b53cd53df977b0b2628039b17268e57c944a79a00e8a56e26?s=96&d=mm&r=g","contentUrl":"https:\/\/secure.gravatar.com\/avatar\/dda3c3f59ea25f4b53cd53df977b0b2628039b17268e57c944a79a00e8a56e26?s=96&d=mm&r=g","caption":"editor"},"url":"https:\/\/periodicorealidades.com\/index.php\/author\/editor\/"}]}},"_links":{"self":[{"href":"https:\/\/periodicorealidades.com\/index.php\/wp-json\/wp\/v2\/posts\/78170","targetHints":{"allow":["GET"]}}],"collection":[{"href":"https:\/\/periodicorealidades.com\/index.php\/wp-json\/wp\/v2\/posts"}],"about":[{"href":"https:\/\/periodicorealidades.com\/index.php\/wp-json\/wp\/v2\/types\/post"}],"author":[{"embeddable":true,"href":"https:\/\/periodicorealidades.com\/index.php\/wp-json\/wp\/v2\/users\/2"}],"replies":[{"embeddable":true,"href":"https:\/\/periodicorealidades.com\/index.php\/wp-json\/wp\/v2\/comments?post=78170"}],"version-history":[{"count":1,"href":"https:\/\/periodicorealidades.com\/index.php\/wp-json\/wp\/v2\/posts\/78170\/revisions"}],"predecessor-version":[{"id":78171,"href":"https:\/\/periodicorealidades.com\/index.php\/wp-json\/wp\/v2\/posts\/78170\/revisions\/78171"}],"wp:featuredmedia":[{"embeddable":true,"href":"https:\/\/periodicorealidades.com\/index.php\/wp-json\/wp\/v2\/media\/71377"}],"wp:attachment":[{"href":"https:\/\/periodicorealidades.com\/index.php\/wp-json\/wp\/v2\/media?parent=78170"}],"wp:term":[{"taxonomy":"category","embeddable":true,"href":"https:\/\/periodicorealidades.com\/index.php\/wp-json\/wp\/v2\/categories?post=78170"},{"taxonomy":"post_tag","embeddable":true,"href":"https:\/\/periodicorealidades.com\/index.php\/wp-json\/wp\/v2\/tags?post=78170"}],"curies":[{"name":"wp","href":"https:\/\/api.w.org\/{rel}","templated":true}]}}