{"id":78177,"date":"2026-09-04T21:54:25","date_gmt":"2026-09-05T04:54:25","guid":{"rendered":"https:\/\/periodicorealidades.com\/?p=78177"},"modified":"2026-09-04T21:54:26","modified_gmt":"2026-09-05T04:54:26","slug":"detienen-al-amarillo-con-39-vehiculos-deportivos-de-lujo","status":"publish","type":"post","link":"https:\/\/periodicorealidades.com\/index.php\/2026\/09\/04\/detienen-al-amarillo-con-39-vehiculos-deportivos-de-lujo\/","title":{"rendered":"Detienen al &#8220;amarillo&#8221; con 39 veh\u00edculos deportivos de lujo"},"content":{"rendered":"\n<p class=\"wp-block-paragraph\">El gran operativo fue coordinado por la Secretar\u00eda de Marina (SEMAR), la Fiscal\u00eda General de la Rep\u00fablica (FGR) y la Secretar\u00eda de Seguridad y Protecci\u00f3n Ciudadana (SSPC).<\/p>\n\n\n\n<p class=\"wp-block-paragraph\">Por: Agencias<\/p>\n\n\n\n<p class=\"wp-block-paragraph\">Puebla, Puebla; s\u00e0bado, 05 de septiembre del 2026.- Las acciones clave incluyeron, los autos: Se aseguraron 39 veh\u00edculos deportivos y de s\u00faper lujo de marcas exclusivas como Ferrari, Lamborghini, Porsche, McLaren y una Tesla El lugar del decomiso: La gran mayor\u00eda de los veh\u00edculos se encontraron dentro de la agencia automotriz &#8220;Dimont&#8221;, ubicada en la exclusiva zona de Lomas de Angel\u00f3polis Negocios asegurados: Adem\u00e1s de la agencia de autos, las autoridades clausuraron el centro nocturno Victoria Luxury Club (donde fue detenido el sospechoso) y el taller mec\u00e1nico Persa Motors. [1]\u00bfQui\u00e9n es &#8220;El Amarillo&#8221; y con qui\u00e9n se le vincula?De acuerdo con los reportes oficiales del Gabinete de Seguridad, Gov\u00e9n Ulises &#8220;N&#8221; es identificado como el l\u00edder de &#8220;Los Amarillos&#8221;, una c\u00e9lula criminal con base en la Zona Diamante de Acapulco, Guerrero. Esta organizaci\u00f3n trabaja en alianza operativa con &#8220;Los Rusos&#8221;, un grupo delictivo ligado a una facci\u00f3n del C\u00e1rtel de Sinaloa. &#8220;El Amarillo&#8221; se le adjudican delitos graves como narcotr\u00e1fico, extorsi\u00f3n y cobro de cuotas a empresarios del sector tur\u00edstico y transportistas en Guerrero, as\u00ed como secuestros y homicidios. Al momento de su detenci\u00f3n en Puebla, contaba con una orden de aprehensi\u00f3n vigente por homicidio calificado.Todos los veh\u00edculos y los inmuebles quedaron bajo el resguardo del Ministerio P\u00fablico de la Federaci\u00f3n para determinar oficialmente su origen legal<\/p>\n","protected":false},"excerpt":{"rendered":"<p>El gran operativo fue coordinado por la Secretar\u00eda de Marina (SEMAR), la Fiscal\u00eda General de la Rep\u00fablica (FGR) y la Secretar\u00eda de Seguridad y Protecci\u00f3n Ciudadana (SSPC). Por: Agencias Puebla, Puebla; s\u00e0bado, 05 de septiembre del 2026.- Las acciones clave incluyeron, los autos: Se aseguraron 39 veh\u00edculos deportivos y de s\u00faper lujo de marcas exclusivas [&hellip;]<\/p>\n","protected":false},"author":2,"featured_media":78178,"comment_status":"closed","ping_status":"open","sticky":false,"template":"","format":"standard","meta":{"footnotes":""},"categories":[12,4],"tags":[],"class_list":["post-78177","post","type-post","status-publish","format-standard","has-post-thumbnail","category-nacional","category-principal"],"yoast_head":"<!-- This site is optimized with the Yoast SEO plugin v28.3 - https:\/\/yoast.com\/product\/yoast-seo-wordpress\/ -->\n<title>Detienen al &quot;amarillo&quot; con 39 veh\u00edculos deportivos de lujo - Peri\u00f3dico Realidades<\/title>\n<meta name=\"robots\" content=\"index, follow, max-snippet:-1, max-image-preview:large, max-video-preview:-1\" \/>\n<link rel=\"canonical\" href=\"https:\/\/periodicorealidades.com\/index.php\/2026\/09\/04\/detienen-al-amarillo-con-39-vehiculos-deportivos-de-lujo\/\" \/>\n<meta property=\"og:locale\" content=\"es_MX\" \/>\n<meta property=\"og:type\" content=\"article\" \/>\n<meta property=\"og:title\" content=\"Detienen al &quot;amarillo&quot; con 39 veh\u00edculos deportivos de lujo - Peri\u00f3dico Realidades\" \/>\n<meta property=\"og:description\" content=\"El gran operativo fue coordinado por la Secretar\u00eda de Marina (SEMAR), la Fiscal\u00eda General de la Rep\u00fablica (FGR) y la Secretar\u00eda de Seguridad y Protecci\u00f3n Ciudadana (SSPC). Por: Agencias Puebla, Puebla; s\u00e0bado, 05 de septiembre del 2026.- Las acciones clave incluyeron, los autos: Se aseguraron 39 veh\u00edculos deportivos y de s\u00faper lujo de marcas exclusivas [&hellip;]\" \/>\n<meta property=\"og:url\" content=\"https:\/\/periodicorealidades.com\/index.php\/2026\/09\/04\/detienen-al-amarillo-con-39-vehiculos-deportivos-de-lujo\/\" \/>\n<meta property=\"og:site_name\" content=\"Peri\u00f3dico Realidades\" \/>\n<meta property=\"article:publisher\" content=\"https:\/\/www.facebook.com\/periodicorealidades.denayarit?mibextid=LQQJ4d\" \/>\n<meta property=\"article:published_time\" content=\"2026-09-05T04:54:25+00:00\" \/>\n<meta property=\"article:modified_time\" content=\"2026-09-05T04:54:26+00:00\" \/>\n<meta property=\"og:image\" content=\"https:\/\/periodicorealidades.com\/wp-content\/uploads\/2026\/09\/EL-AMARILLO.jpg\" \/>\n\t<meta property=\"og:image:width\" content=\"419\" \/>\n\t<meta property=\"og:image:height\" content=\"477\" \/>\n\t<meta property=\"og:image:type\" content=\"image\/jpeg\" \/>\n<meta name=\"author\" content=\"editor\" \/>\n<meta name=\"twitter:card\" content=\"summary_large_image\" \/>\n<meta name=\"twitter:label1\" content=\"Escrito por\" \/>\n\t<meta name=\"twitter:data1\" content=\"editor\" \/>\n\t<meta name=\"twitter:label2\" content=\"Tiempo de lectura\" \/>\n\t<meta name=\"twitter:data2\" content=\"2 minutos\" \/>\n<script type=\"application\/ld+json\" class=\"yoast-schema-graph\">{\"@context\":\"https:\\\/\\\/schema.org\",\"@graph\":[{\"@type\":\"Article\",\"@id\":\"https:\\\/\\\/periodicorealidades.com\\\/index.php\\\/2026\\\/09\\\/04\\\/detienen-al-amarillo-con-39-vehiculos-deportivos-de-lujo\\\/#article\",\"isPartOf\":{\"@id\":\"https:\\\/\\\/periodicorealidades.com\\\/index.php\\\/2026\\\/09\\\/04\\\/detienen-al-amarillo-con-39-vehiculos-deportivos-de-lujo\\\/\"},\"author\":{\"name\":\"editor\",\"@id\":\"https:\\\/\\\/periodicorealidades.com\\\/#\\\/schema\\\/person\\\/c27da34ee13acaec3162071a3e1c7832\"},\"headline\":\"Detienen al &#8220;amarillo&#8221; con 39 veh\u00edculos deportivos de lujo\",\"datePublished\":\"2026-09-05T04:54:25+00:00\",\"dateModified\":\"2026-09-05T04:54:26+00:00\",\"mainEntityOfPage\":{\"@id\":\"https:\\\/\\\/periodicorealidades.com\\\/index.php\\\/2026\\\/09\\\/04\\\/detienen-al-amarillo-con-39-vehiculos-deportivos-de-lujo\\\/\"},\"wordCount\":284,\"publisher\":{\"@id\":\"https:\\\/\\\/periodicorealidades.com\\\/#organization\"},\"image\":{\"@id\":\"https:\\\/\\\/periodicorealidades.com\\\/index.php\\\/2026\\\/09\\\/04\\\/detienen-al-amarillo-con-39-vehiculos-deportivos-de-lujo\\\/#primaryimage\"},\"thumbnailUrl\":\"https:\\\/\\\/periodicorealidades.com\\\/wp-content\\\/uploads\\\/2026\\\/09\\\/EL-AMARILLO.jpg\",\"articleSection\":[\"Nacional\",\"Principal\"],\"inLanguage\":\"es\"},{\"@type\":\"WebPage\",\"@id\":\"https:\\\/\\\/periodicorealidades.com\\\/index.php\\\/2026\\\/09\\\/04\\\/detienen-al-amarillo-con-39-vehiculos-deportivos-de-lujo\\\/\",\"url\":\"https:\\\/\\\/periodicorealidades.com\\\/index.php\\\/2026\\\/09\\\/04\\\/detienen-al-amarillo-con-39-vehiculos-deportivos-de-lujo\\\/\",\"name\":\"Detienen al \\\"amarillo\\\" con 39 veh\u00edculos deportivos de lujo - Peri\u00f3dico Realidades\",\"isPartOf\":{\"@id\":\"https:\\\/\\\/periodicorealidades.com\\\/#website\"},\"primaryImageOfPage\":{\"@id\":\"https:\\\/\\\/periodicorealidades.com\\\/index.php\\\/2026\\\/09\\\/04\\\/detienen-al-amarillo-con-39-vehiculos-deportivos-de-lujo\\\/#primaryimage\"},\"image\":{\"@id\":\"https:\\\/\\\/periodicorealidades.com\\\/index.php\\\/2026\\\/09\\\/04\\\/detienen-al-amarillo-con-39-vehiculos-deportivos-de-lujo\\\/#primaryimage\"},\"thumbnailUrl\":\"https:\\\/\\\/periodicorealidades.com\\\/wp-content\\\/uploads\\\/2026\\\/09\\\/EL-AMARILLO.jpg\",\"datePublished\":\"2026-09-05T04:54:25+00:00\",\"dateModified\":\"2026-09-05T04:54:26+00:00\",\"breadcrumb\":{\"@id\":\"https:\\\/\\\/periodicorealidades.com\\\/index.php\\\/2026\\\/09\\\/04\\\/detienen-al-amarillo-con-39-vehiculos-deportivos-de-lujo\\\/#breadcrumb\"},\"inLanguage\":\"es\",\"potentialAction\":[{\"@type\":\"ReadAction\",\"target\":[\"https:\\\/\\\/periodicorealidades.com\\\/index.php\\\/2026\\\/09\\\/04\\\/detienen-al-amarillo-con-39-vehiculos-deportivos-de-lujo\\\/\"]}]},{\"@type\":\"ImageObject\",\"inLanguage\":\"es\",\"@id\":\"https:\\\/\\\/periodicorealidades.com\\\/index.php\\\/2026\\\/09\\\/04\\\/detienen-al-amarillo-con-39-vehiculos-deportivos-de-lujo\\\/#primaryimage\",\"url\":\"https:\\\/\\\/periodicorealidades.com\\\/wp-content\\\/uploads\\\/2026\\\/09\\\/EL-AMARILLO.jpg\",\"contentUrl\":\"https:\\\/\\\/periodicorealidades.com\\\/wp-content\\\/uploads\\\/2026\\\/09\\\/EL-AMARILLO.jpg\",\"width\":419,\"height\":477},{\"@type\":\"BreadcrumbList\",\"@id\":\"https:\\\/\\\/periodicorealidades.com\\\/index.php\\\/2026\\\/09\\\/04\\\/detienen-al-amarillo-con-39-vehiculos-deportivos-de-lujo\\\/#breadcrumb\",\"itemListElement\":[{\"@type\":\"ListItem\",\"position\":1,\"name\":\"Inicio\",\"item\":\"https:\\\/\\\/periodicorealidades.com\\\/\"},{\"@type\":\"ListItem\",\"position\":2,\"name\":\"Detienen al &#8220;amarillo&#8221; con 39 veh\u00edculos deportivos de lujo\"}]},{\"@type\":\"WebSite\",\"@id\":\"https:\\\/\\\/periodicorealidades.com\\\/#website\",\"url\":\"https:\\\/\\\/periodicorealidades.com\\\/\",\"name\":\"Peri\u00f3dico Realidades\",\"description\":\"M\u00e9dio de comunicaci\u00f3n en Nayarit\",\"publisher\":{\"@id\":\"https:\\\/\\\/periodicorealidades.com\\\/#organization\"},\"potentialAction\":[{\"@type\":\"SearchAction\",\"target\":{\"@type\":\"EntryPoint\",\"urlTemplate\":\"https:\\\/\\\/periodicorealidades.com\\\/?s={search_term_string}\"},\"query-input\":{\"@type\":\"PropertyValueSpecification\",\"valueRequired\":true,\"valueName\":\"search_term_string\"}}],\"inLanguage\":\"es\"},{\"@type\":\"Organization\",\"@id\":\"https:\\\/\\\/periodicorealidades.com\\\/#organization\",\"name\":\"Peri\u00f3dico Realidades\",\"url\":\"https:\\\/\\\/periodicorealidades.com\\\/\",\"logo\":{\"@type\":\"ImageObject\",\"inLanguage\":\"es\",\"@id\":\"https:\\\/\\\/periodicorealidades.com\\\/#\\\/schema\\\/logo\\\/image\\\/\",\"url\":\"https:\\\/\\\/periodicorealidades.com\\\/wp-content\\\/uploads\\\/2023\\\/05\\\/r-prueba.png\",\"contentUrl\":\"https:\\\/\\\/periodicorealidades.com\\\/wp-content\\\/uploads\\\/2023\\\/05\\\/r-prueba.png\",\"width\":709,\"height\":709,\"caption\":\"Peri\u00f3dico Realidades\"},\"image\":{\"@id\":\"https:\\\/\\\/periodicorealidades.com\\\/#\\\/schema\\\/logo\\\/image\\\/\"},\"sameAs\":[\"https:\\\/\\\/www.facebook.com\\\/periodicorealidades.denayarit?mibextid=LQQJ4d\"]},{\"@type\":\"Person\",\"@id\":\"https:\\\/\\\/periodicorealidades.com\\\/#\\\/schema\\\/person\\\/c27da34ee13acaec3162071a3e1c7832\",\"name\":\"editor\",\"image\":{\"@type\":\"ImageObject\",\"inLanguage\":\"es\",\"@id\":\"https:\\\/\\\/secure.gravatar.com\\\/avatar\\\/dda3c3f59ea25f4b53cd53df977b0b2628039b17268e57c944a79a00e8a56e26?s=96&d=mm&r=g\",\"url\":\"https:\\\/\\\/secure.gravatar.com\\\/avatar\\\/dda3c3f59ea25f4b53cd53df977b0b2628039b17268e57c944a79a00e8a56e26?s=96&d=mm&r=g\",\"contentUrl\":\"https:\\\/\\\/secure.gravatar.com\\\/avatar\\\/dda3c3f59ea25f4b53cd53df977b0b2628039b17268e57c944a79a00e8a56e26?s=96&d=mm&r=g\",\"caption\":\"editor\"},\"url\":\"https:\\\/\\\/periodicorealidades.com\\\/index.php\\\/author\\\/editor\\\/\"}]}<\/script>\n<!-- \/ Yoast SEO plugin. -->","yoast_head_json":{"title":"Detienen al \"amarillo\" con 39 veh\u00edculos deportivos de lujo - Peri\u00f3dico Realidades","robots":{"index":"index","follow":"follow","max-snippet":"max-snippet:-1","max-image-preview":"max-image-preview:large","max-video-preview":"max-video-preview:-1"},"canonical":"https:\/\/periodicorealidades.com\/index.php\/2026\/09\/04\/detienen-al-amarillo-con-39-vehiculos-deportivos-de-lujo\/","og_locale":"es_MX","og_type":"article","og_title":"Detienen al \"amarillo\" con 39 veh\u00edculos deportivos de lujo - Peri\u00f3dico Realidades","og_description":"El gran operativo fue coordinado por la Secretar\u00eda de Marina (SEMAR), la Fiscal\u00eda General de la Rep\u00fablica (FGR) y la Secretar\u00eda de Seguridad y Protecci\u00f3n Ciudadana (SSPC). Por: Agencias Puebla, Puebla; s\u00e0bado, 05 de septiembre del 2026.- Las acciones clave incluyeron, los autos: Se aseguraron 39 veh\u00edculos deportivos y de s\u00faper lujo de marcas exclusivas [&hellip;]","og_url":"https:\/\/periodicorealidades.com\/index.php\/2026\/09\/04\/detienen-al-amarillo-con-39-vehiculos-deportivos-de-lujo\/","og_site_name":"Peri\u00f3dico Realidades","article_publisher":"https:\/\/www.facebook.com\/periodicorealidades.denayarit?mibextid=LQQJ4d","article_published_time":"2026-09-05T04:54:25+00:00","article_modified_time":"2026-09-05T04:54:26+00:00","og_image":[{"width":419,"height":477,"url":"https:\/\/periodicorealidades.com\/wp-content\/uploads\/2026\/09\/EL-AMARILLO.jpg","type":"image\/jpeg"}],"author":"editor","twitter_card":"summary_large_image","twitter_misc":{"Escrito por":"editor","Tiempo de lectura":"2 minutos"},"schema":{"@context":"https:\/\/schema.org","@graph":[{"@type":"Article","@id":"https:\/\/periodicorealidades.com\/index.php\/2026\/09\/04\/detienen-al-amarillo-con-39-vehiculos-deportivos-de-lujo\/#article","isPartOf":{"@id":"https:\/\/periodicorealidades.com\/index.php\/2026\/09\/04\/detienen-al-amarillo-con-39-vehiculos-deportivos-de-lujo\/"},"author":{"name":"editor","@id":"https:\/\/periodicorealidades.com\/#\/schema\/person\/c27da34ee13acaec3162071a3e1c7832"},"headline":"Detienen al &#8220;amarillo&#8221; con 39 veh\u00edculos deportivos de lujo","datePublished":"2026-09-05T04:54:25+00:00","dateModified":"2026-09-05T04:54:26+00:00","mainEntityOfPage":{"@id":"https:\/\/periodicorealidades.com\/index.php\/2026\/09\/04\/detienen-al-amarillo-con-39-vehiculos-deportivos-de-lujo\/"},"wordCount":284,"publisher":{"@id":"https:\/\/periodicorealidades.com\/#organization"},"image":{"@id":"https:\/\/periodicorealidades.com\/index.php\/2026\/09\/04\/detienen-al-amarillo-con-39-vehiculos-deportivos-de-lujo\/#primaryimage"},"thumbnailUrl":"https:\/\/periodicorealidades.com\/wp-content\/uploads\/2026\/09\/EL-AMARILLO.jpg","articleSection":["Nacional","Principal"],"inLanguage":"es"},{"@type":"WebPage","@id":"https:\/\/periodicorealidades.com\/index.php\/2026\/09\/04\/detienen-al-amarillo-con-39-vehiculos-deportivos-de-lujo\/","url":"https:\/\/periodicorealidades.com\/index.php\/2026\/09\/04\/detienen-al-amarillo-con-39-vehiculos-deportivos-de-lujo\/","name":"Detienen al \"amarillo\" con 39 veh\u00edculos deportivos de lujo - Peri\u00f3dico Realidades","isPartOf":{"@id":"https:\/\/periodicorealidades.com\/#website"},"primaryImageOfPage":{"@id":"https:\/\/periodicorealidades.com\/index.php\/2026\/09\/04\/detienen-al-amarillo-con-39-vehiculos-deportivos-de-lujo\/#primaryimage"},"image":{"@id":"https:\/\/periodicorealidades.com\/index.php\/2026\/09\/04\/detienen-al-amarillo-con-39-vehiculos-deportivos-de-lujo\/#primaryimage"},"thumbnailUrl":"https:\/\/periodicorealidades.com\/wp-content\/uploads\/2026\/09\/EL-AMARILLO.jpg","datePublished":"2026-09-05T04:54:25+00:00","dateModified":"2026-09-05T04:54:26+00:00","breadcrumb":{"@id":"https:\/\/periodicorealidades.com\/index.php\/2026\/09\/04\/detienen-al-amarillo-con-39-vehiculos-deportivos-de-lujo\/#breadcrumb"},"inLanguage":"es","potentialAction":[{"@type":"ReadAction","target":["https:\/\/periodicorealidades.com\/index.php\/2026\/09\/04\/detienen-al-amarillo-con-39-vehiculos-deportivos-de-lujo\/"]}]},{"@type":"ImageObject","inLanguage":"es","@id":"https:\/\/periodicorealidades.com\/index.php\/2026\/09\/04\/detienen-al-amarillo-con-39-vehiculos-deportivos-de-lujo\/#primaryimage","url":"https:\/\/periodicorealidades.com\/wp-content\/uploads\/2026\/09\/EL-AMARILLO.jpg","contentUrl":"https:\/\/periodicorealidades.com\/wp-content\/uploads\/2026\/09\/EL-AMARILLO.jpg","width":419,"height":477},{"@type":"BreadcrumbList","@id":"https:\/\/periodicorealidades.com\/index.php\/2026\/09\/04\/detienen-al-amarillo-con-39-vehiculos-deportivos-de-lujo\/#breadcrumb","itemListElement":[{"@type":"ListItem","position":1,"name":"Inicio","item":"https:\/\/periodicorealidades.com\/"},{"@type":"ListItem","position":2,"name":"Detienen al &#8220;amarillo&#8221; con 39 veh\u00edculos deportivos de lujo"}]},{"@type":"WebSite","@id":"https:\/\/periodicorealidades.com\/#website","url":"https:\/\/periodicorealidades.com\/","name":"Peri\u00f3dico Realidades","description":"M\u00e9dio de comunicaci\u00f3n en Nayarit","publisher":{"@id":"https:\/\/periodicorealidades.com\/#organization"},"potentialAction":[{"@type":"SearchAction","target":{"@type":"EntryPoint","urlTemplate":"https:\/\/periodicorealidades.com\/?s={search_term_string}"},"query-input":{"@type":"PropertyValueSpecification","valueRequired":true,"valueName":"search_term_string"}}],"inLanguage":"es"},{"@type":"Organization","@id":"https:\/\/periodicorealidades.com\/#organization","name":"Peri\u00f3dico Realidades","url":"https:\/\/periodicorealidades.com\/","logo":{"@type":"ImageObject","inLanguage":"es","@id":"https:\/\/periodicorealidades.com\/#\/schema\/logo\/image\/","url":"https:\/\/periodicorealidades.com\/wp-content\/uploads\/2023\/05\/r-prueba.png","contentUrl":"https:\/\/periodicorealidades.com\/wp-content\/uploads\/2023\/05\/r-prueba.png","width":709,"height":709,"caption":"Peri\u00f3dico Realidades"},"image":{"@id":"https:\/\/periodicorealidades.com\/#\/schema\/logo\/image\/"},"sameAs":["https:\/\/www.facebook.com\/periodicorealidades.denayarit?mibextid=LQQJ4d"]},{"@type":"Person","@id":"https:\/\/periodicorealidades.com\/#\/schema\/person\/c27da34ee13acaec3162071a3e1c7832","name":"editor","image":{"@type":"ImageObject","inLanguage":"es","@id":"https:\/\/secure.gravatar.com\/avatar\/dda3c3f59ea25f4b53cd53df977b0b2628039b17268e57c944a79a00e8a56e26?s=96&d=mm&r=g","url":"https:\/\/secure.gravatar.com\/avatar\/dda3c3f59ea25f4b53cd53df977b0b2628039b17268e57c944a79a00e8a56e26?s=96&d=mm&r=g","contentUrl":"https:\/\/secure.gravatar.com\/avatar\/dda3c3f59ea25f4b53cd53df977b0b2628039b17268e57c944a79a00e8a56e26?s=96&d=mm&r=g","caption":"editor"},"url":"https:\/\/periodicorealidades.com\/index.php\/author\/editor\/"}]}},"_links":{"self":[{"href":"https:\/\/periodicorealidades.com\/index.php\/wp-json\/wp\/v2\/posts\/78177","targetHints":{"allow":["GET"]}}],"collection":[{"href":"https:\/\/periodicorealidades.com\/index.php\/wp-json\/wp\/v2\/posts"}],"about":[{"href":"https:\/\/periodicorealidades.com\/index.php\/wp-json\/wp\/v2\/types\/post"}],"author":[{"embeddable":true,"href":"https:\/\/periodicorealidades.com\/index.php\/wp-json\/wp\/v2\/users\/2"}],"replies":[{"embeddable":true,"href":"https:\/\/periodicorealidades.com\/index.php\/wp-json\/wp\/v2\/comments?post=78177"}],"version-history":[{"count":1,"href":"https:\/\/periodicorealidades.com\/index.php\/wp-json\/wp\/v2\/posts\/78177\/revisions"}],"predecessor-version":[{"id":78179,"href":"https:\/\/periodicorealidades.com\/index.php\/wp-json\/wp\/v2\/posts\/78177\/revisions\/78179"}],"wp:featuredmedia":[{"embeddable":true,"href":"https:\/\/periodicorealidades.com\/index.php\/wp-json\/wp\/v2\/media\/78178"}],"wp:attachment":[{"href":"https:\/\/periodicorealidades.com\/index.php\/wp-json\/wp\/v2\/media?parent=78177"}],"wp:term":[{"taxonomy":"category","embeddable":true,"href":"https:\/\/periodicorealidades.com\/index.php\/wp-json\/wp\/v2\/categories?post=78177"},{"taxonomy":"post_tag","embeddable":true,"href":"https:\/\/periodicorealidades.com\/index.php\/wp-json\/wp\/v2\/tags?post=78177"}],"curies":[{"name":"wp","href":"https:\/\/api.w.org\/{rel}","templated":true}]}}