{"id":78180,"date":"2026-09-04T21:56:12","date_gmt":"2026-09-05T04:56:12","guid":{"rendered":"https:\/\/periodicorealidades.com\/?p=78180"},"modified":"2026-09-04T21:56:12","modified_gmt":"2026-09-05T04:56:12","slug":"dra-beatriz-estrada-entrega-una-vivienda-a-la-familia-afectada-por-inundaciones","status":"publish","type":"post","link":"https:\/\/periodicorealidades.com\/index.php\/2026\/09\/04\/dra-beatriz-estrada-entrega-una-vivienda-a-la-familia-afectada-por-inundaciones\/","title":{"rendered":"Dra. Beatriz Estrada entrega una vivienda a la familia afectada por inundaciones"},"content":{"rendered":"\n<p class=\"wp-block-paragraph\">Brindar bienestar, confianza y seguridad en momentos de mayor angustia es una de las prioridades de la presidenta del Sistema DIF Nayarit, doctora Beatriz Estrada Mart\u00ednez, quien realiz\u00f3 la entrega de una vivienda en la localidad de La Curva, municipio de Xalisco, a una familia cuya casa sufri\u00f3 da\u00f1os irreparables a consecuencia de las fuertes lluvias registradas durante el mes de agosto.<\/p>\n\n\n\n<figure class=\"wp-block-gallery has-nested-images columns-default is-cropped wp-block-gallery-1 is-layout-flex wp-block-gallery-is-layout-flex\">\n<figure class=\"wp-block-image size-large\"><img loading=\"lazy\" decoding=\"async\" width=\"1024\" height=\"682\" data-id=\"78189\" src=\"https:\/\/periodicorealidades.com\/wp-content\/uploads\/2026\/09\/WhatsApp-Image-2026-09-04-at-7.30.24-PM-1024x682.jpeg\" alt=\"\" class=\"wp-image-78189\" srcset=\"https:\/\/periodicorealidades.com\/wp-content\/uploads\/2026\/09\/WhatsApp-Image-2026-09-04-at-7.30.24-PM-1024x682.jpeg 1024w, https:\/\/periodicorealidades.com\/wp-content\/uploads\/2026\/09\/WhatsApp-Image-2026-09-04-at-7.30.24-PM-300x200.jpeg 300w, https:\/\/periodicorealidades.com\/wp-content\/uploads\/2026\/09\/WhatsApp-Image-2026-09-04-at-7.30.24-PM-768x512.jpeg 768w, https:\/\/periodicorealidades.com\/wp-content\/uploads\/2026\/09\/WhatsApp-Image-2026-09-04-at-7.30.24-PM-1536x1023.jpeg 1536w, https:\/\/periodicorealidades.com\/wp-content\/uploads\/2026\/09\/WhatsApp-Image-2026-09-04-at-7.30.24-PM-696x464.jpeg 696w, https:\/\/periodicorealidades.com\/wp-content\/uploads\/2026\/09\/WhatsApp-Image-2026-09-04-at-7.30.24-PM-1068x712.jpeg 1068w, https:\/\/periodicorealidades.com\/wp-content\/uploads\/2026\/09\/WhatsApp-Image-2026-09-04-at-7.30.24-PM.jpeg 1600w\" sizes=\"auto, (max-width: 1024px) 100vw, 1024px\" \/><\/figure>\n\n\n\n<figure class=\"wp-block-image size-large\"><img loading=\"lazy\" decoding=\"async\" width=\"1024\" height=\"682\" data-id=\"78188\" src=\"https:\/\/periodicorealidades.com\/wp-content\/uploads\/2026\/09\/WhatsApp-Image-2026-09-04-at-7.30.24-PM-2-1024x682.jpeg\" alt=\"\" class=\"wp-image-78188\" srcset=\"https:\/\/periodicorealidades.com\/wp-content\/uploads\/2026\/09\/WhatsApp-Image-2026-09-04-at-7.30.24-PM-2-1024x682.jpeg 1024w, https:\/\/periodicorealidades.com\/wp-content\/uploads\/2026\/09\/WhatsApp-Image-2026-09-04-at-7.30.24-PM-2-300x200.jpeg 300w, https:\/\/periodicorealidades.com\/wp-content\/uploads\/2026\/09\/WhatsApp-Image-2026-09-04-at-7.30.24-PM-2-768x512.jpeg 768w, https:\/\/periodicorealidades.com\/wp-content\/uploads\/2026\/09\/WhatsApp-Image-2026-09-04-at-7.30.24-PM-2-1536x1023.jpeg 1536w, https:\/\/periodicorealidades.com\/wp-content\/uploads\/2026\/09\/WhatsApp-Image-2026-09-04-at-7.30.24-PM-2-696x464.jpeg 696w, https:\/\/periodicorealidades.com\/wp-content\/uploads\/2026\/09\/WhatsApp-Image-2026-09-04-at-7.30.24-PM-2-1068x712.jpeg 1068w, https:\/\/periodicorealidades.com\/wp-content\/uploads\/2026\/09\/WhatsApp-Image-2026-09-04-at-7.30.24-PM-2.jpeg 1600w\" sizes=\"auto, (max-width: 1024px) 100vw, 1024px\" \/><\/figure>\n<\/figure>\n\n\n\n<p class=\"wp-block-paragraph\">Por: Bolet\u00ecn<\/p>\n\n\n\n<p class=\"wp-block-paragraph\">Tepic, Nayarit; s\u00e0bado, 05 de septiembre 2026.-Durante la entrega, que fue posible gracias a la sensibilidad del Gobierno del Estado, la titular de la asistencia social en la entidad reafirm\u00f3 su compromiso de realizar acciones que dignifiquen la vida de las y los nayaritas.<\/p>\n\n\n\n<figure class=\"wp-block-gallery has-nested-images columns-default is-cropped wp-block-gallery-2 is-layout-flex wp-block-gallery-is-layout-flex\">\n<figure class=\"wp-block-image size-large\"><img loading=\"lazy\" decoding=\"async\" width=\"1024\" height=\"682\" data-id=\"78187\" src=\"https:\/\/periodicorealidades.com\/wp-content\/uploads\/2026\/09\/WhatsApp-Image-2026-09-04-at-7.30.24-PM-1-1024x682.jpeg\" alt=\"\" class=\"wp-image-78187\" srcset=\"https:\/\/periodicorealidades.com\/wp-content\/uploads\/2026\/09\/WhatsApp-Image-2026-09-04-at-7.30.24-PM-1-1024x682.jpeg 1024w, https:\/\/periodicorealidades.com\/wp-content\/uploads\/2026\/09\/WhatsApp-Image-2026-09-04-at-7.30.24-PM-1-300x200.jpeg 300w, https:\/\/periodicorealidades.com\/wp-content\/uploads\/2026\/09\/WhatsApp-Image-2026-09-04-at-7.30.24-PM-1-768x512.jpeg 768w, https:\/\/periodicorealidades.com\/wp-content\/uploads\/2026\/09\/WhatsApp-Image-2026-09-04-at-7.30.24-PM-1-1536x1023.jpeg 1536w, https:\/\/periodicorealidades.com\/wp-content\/uploads\/2026\/09\/WhatsApp-Image-2026-09-04-at-7.30.24-PM-1-696x464.jpeg 696w, https:\/\/periodicorealidades.com\/wp-content\/uploads\/2026\/09\/WhatsApp-Image-2026-09-04-at-7.30.24-PM-1-1068x712.jpeg 1068w, https:\/\/periodicorealidades.com\/wp-content\/uploads\/2026\/09\/WhatsApp-Image-2026-09-04-at-7.30.24-PM-1.jpeg 1600w\" sizes=\"auto, (max-width: 1024px) 100vw, 1024px\" \/><\/figure>\n\n\n\n<figure class=\"wp-block-image size-large\"><img loading=\"lazy\" decoding=\"async\" width=\"1024\" height=\"682\" data-id=\"78186\" src=\"https:\/\/periodicorealidades.com\/wp-content\/uploads\/2026\/09\/WhatsApp-Image-2026-09-04-at-7.30.23-PM-1024x682.jpeg\" alt=\"\" class=\"wp-image-78186\" srcset=\"https:\/\/periodicorealidades.com\/wp-content\/uploads\/2026\/09\/WhatsApp-Image-2026-09-04-at-7.30.23-PM-1024x682.jpeg 1024w, https:\/\/periodicorealidades.com\/wp-content\/uploads\/2026\/09\/WhatsApp-Image-2026-09-04-at-7.30.23-PM-300x200.jpeg 300w, https:\/\/periodicorealidades.com\/wp-content\/uploads\/2026\/09\/WhatsApp-Image-2026-09-04-at-7.30.23-PM-768x512.jpeg 768w, https:\/\/periodicorealidades.com\/wp-content\/uploads\/2026\/09\/WhatsApp-Image-2026-09-04-at-7.30.23-PM-1536x1023.jpeg 1536w, https:\/\/periodicorealidades.com\/wp-content\/uploads\/2026\/09\/WhatsApp-Image-2026-09-04-at-7.30.23-PM-696x464.jpeg 696w, https:\/\/periodicorealidades.com\/wp-content\/uploads\/2026\/09\/WhatsApp-Image-2026-09-04-at-7.30.23-PM-1068x712.jpeg 1068w, https:\/\/periodicorealidades.com\/wp-content\/uploads\/2026\/09\/WhatsApp-Image-2026-09-04-at-7.30.23-PM.jpeg 1600w\" sizes=\"auto, (max-width: 1024px) 100vw, 1024px\" \/><\/figure>\n<\/figure>\n\n\n\n<p class=\"wp-block-paragraph\">\u201cLes estamos entregando a ustedes certeza jur\u00eddica de que es un patrimonio de ustedes, todo esto va a repercutir principalmente en el bienestar, en la tranquilidad, esto es suyo. De verdad que me da mucho gusto ser parte de un conjunto de colaboraci\u00f3n, de apoyos, de recursos y venir a entregarles a ustedes su casa, su patrimonio, su legado que habr\u00e1n de dejar a sus hijos, a sus hijas. Lo que venimos a entregarles es justicia y su nuevo hogar\u201d, afirm\u00f3 la doctora Beatriz.<\/p>\n\n\n\n<figure class=\"wp-block-gallery has-nested-images columns-default is-cropped wp-block-gallery-3 is-layout-flex wp-block-gallery-is-layout-flex\">\n<figure class=\"wp-block-image size-large\"><img loading=\"lazy\" decoding=\"async\" width=\"1024\" height=\"682\" data-id=\"78185\" src=\"https:\/\/periodicorealidades.com\/wp-content\/uploads\/2026\/09\/WhatsApp-Image-2026-09-04-at-7.30.23-PM-3-1024x682.jpeg\" alt=\"\" class=\"wp-image-78185\" srcset=\"https:\/\/periodicorealidades.com\/wp-content\/uploads\/2026\/09\/WhatsApp-Image-2026-09-04-at-7.30.23-PM-3-1024x682.jpeg 1024w, https:\/\/periodicorealidades.com\/wp-content\/uploads\/2026\/09\/WhatsApp-Image-2026-09-04-at-7.30.23-PM-3-300x200.jpeg 300w, https:\/\/periodicorealidades.com\/wp-content\/uploads\/2026\/09\/WhatsApp-Image-2026-09-04-at-7.30.23-PM-3-768x512.jpeg 768w, https:\/\/periodicorealidades.com\/wp-content\/uploads\/2026\/09\/WhatsApp-Image-2026-09-04-at-7.30.23-PM-3-1536x1023.jpeg 1536w, https:\/\/periodicorealidades.com\/wp-content\/uploads\/2026\/09\/WhatsApp-Image-2026-09-04-at-7.30.23-PM-3-696x464.jpeg 696w, https:\/\/periodicorealidades.com\/wp-content\/uploads\/2026\/09\/WhatsApp-Image-2026-09-04-at-7.30.23-PM-3-1068x712.jpeg 1068w, https:\/\/periodicorealidades.com\/wp-content\/uploads\/2026\/09\/WhatsApp-Image-2026-09-04-at-7.30.23-PM-3.jpeg 1600w\" sizes=\"auto, (max-width: 1024px) 100vw, 1024px\" \/><\/figure>\n\n\n\n<figure class=\"wp-block-image size-large\"><img loading=\"lazy\" decoding=\"async\" width=\"1024\" height=\"682\" data-id=\"78184\" src=\"https:\/\/periodicorealidades.com\/wp-content\/uploads\/2026\/09\/WhatsApp-Image-2026-09-04-at-7.30.23-PM-2-1024x682.jpeg\" alt=\"\" class=\"wp-image-78184\" srcset=\"https:\/\/periodicorealidades.com\/wp-content\/uploads\/2026\/09\/WhatsApp-Image-2026-09-04-at-7.30.23-PM-2-1024x682.jpeg 1024w, https:\/\/periodicorealidades.com\/wp-content\/uploads\/2026\/09\/WhatsApp-Image-2026-09-04-at-7.30.23-PM-2-300x200.jpeg 300w, https:\/\/periodicorealidades.com\/wp-content\/uploads\/2026\/09\/WhatsApp-Image-2026-09-04-at-7.30.23-PM-2-768x512.jpeg 768w, https:\/\/periodicorealidades.com\/wp-content\/uploads\/2026\/09\/WhatsApp-Image-2026-09-04-at-7.30.23-PM-2-1536x1023.jpeg 1536w, https:\/\/periodicorealidades.com\/wp-content\/uploads\/2026\/09\/WhatsApp-Image-2026-09-04-at-7.30.23-PM-2-696x464.jpeg 696w, https:\/\/periodicorealidades.com\/wp-content\/uploads\/2026\/09\/WhatsApp-Image-2026-09-04-at-7.30.23-PM-2-1068x712.jpeg 1068w, https:\/\/periodicorealidades.com\/wp-content\/uploads\/2026\/09\/WhatsApp-Image-2026-09-04-at-7.30.23-PM-2.jpeg 1600w\" sizes=\"auto, (max-width: 1024px) 100vw, 1024px\" \/><\/figure>\n<\/figure>\n\n\n\n<p class=\"wp-block-paragraph\">La nueva vivienda representa para la familia beneficiada la oportunidad de contar nuevamente con un espacio digno, seguro y adecuado para vivir, luego de las afectaciones ocasionadas por las intensas precipitaciones que se registraron en la entidad.<\/p>\n\n\n\n<figure class=\"wp-block-gallery has-nested-images columns-default is-cropped wp-block-gallery-4 is-layout-flex wp-block-gallery-is-layout-flex\">\n<figure class=\"wp-block-image size-large\"><img loading=\"lazy\" decoding=\"async\" width=\"1024\" height=\"682\" data-id=\"78183\" src=\"https:\/\/periodicorealidades.com\/wp-content\/uploads\/2026\/09\/WhatsApp-Image-2026-09-04-at-7.30.23-PM-1-1024x682.jpeg\" alt=\"\" class=\"wp-image-78183\" srcset=\"https:\/\/periodicorealidades.com\/wp-content\/uploads\/2026\/09\/WhatsApp-Image-2026-09-04-at-7.30.23-PM-1-1024x682.jpeg 1024w, https:\/\/periodicorealidades.com\/wp-content\/uploads\/2026\/09\/WhatsApp-Image-2026-09-04-at-7.30.23-PM-1-300x200.jpeg 300w, https:\/\/periodicorealidades.com\/wp-content\/uploads\/2026\/09\/WhatsApp-Image-2026-09-04-at-7.30.23-PM-1-768x512.jpeg 768w, https:\/\/periodicorealidades.com\/wp-content\/uploads\/2026\/09\/WhatsApp-Image-2026-09-04-at-7.30.23-PM-1-1536x1023.jpeg 1536w, https:\/\/periodicorealidades.com\/wp-content\/uploads\/2026\/09\/WhatsApp-Image-2026-09-04-at-7.30.23-PM-1-696x464.jpeg 696w, https:\/\/periodicorealidades.com\/wp-content\/uploads\/2026\/09\/WhatsApp-Image-2026-09-04-at-7.30.23-PM-1-1068x712.jpeg 1068w, https:\/\/periodicorealidades.com\/wp-content\/uploads\/2026\/09\/WhatsApp-Image-2026-09-04-at-7.30.23-PM-1.jpeg 1600w\" sizes=\"auto, (max-width: 1024px) 100vw, 1024px\" \/><\/figure>\n\n\n\n<figure class=\"wp-block-image size-large\"><img loading=\"lazy\" decoding=\"async\" width=\"1024\" height=\"682\" data-id=\"78181\" src=\"https:\/\/periodicorealidades.com\/wp-content\/uploads\/2026\/09\/WhatsApp-Image-2026-09-04-at-7.30.22-PM-1-1024x682.jpeg\" alt=\"\" class=\"wp-image-78181\" srcset=\"https:\/\/periodicorealidades.com\/wp-content\/uploads\/2026\/09\/WhatsApp-Image-2026-09-04-at-7.30.22-PM-1-1024x682.jpeg 1024w, https:\/\/periodicorealidades.com\/wp-content\/uploads\/2026\/09\/WhatsApp-Image-2026-09-04-at-7.30.22-PM-1-300x200.jpeg 300w, https:\/\/periodicorealidades.com\/wp-content\/uploads\/2026\/09\/WhatsApp-Image-2026-09-04-at-7.30.22-PM-1-768x512.jpeg 768w, https:\/\/periodicorealidades.com\/wp-content\/uploads\/2026\/09\/WhatsApp-Image-2026-09-04-at-7.30.22-PM-1-1536x1023.jpeg 1536w, https:\/\/periodicorealidades.com\/wp-content\/uploads\/2026\/09\/WhatsApp-Image-2026-09-04-at-7.30.22-PM-1-696x464.jpeg 696w, https:\/\/periodicorealidades.com\/wp-content\/uploads\/2026\/09\/WhatsApp-Image-2026-09-04-at-7.30.22-PM-1-1068x712.jpeg 1068w, https:\/\/periodicorealidades.com\/wp-content\/uploads\/2026\/09\/WhatsApp-Image-2026-09-04-at-7.30.22-PM-1.jpeg 1600w\" sizes=\"auto, (max-width: 1024px) 100vw, 1024px\" \/><\/figure>\n<\/figure>\n\n\n\n<p class=\"wp-block-paragraph\">Con acciones como esta, el Gobierno de Nayarit y el DIF Estatal trabajan de manera cercana y sensible con las familias nayaritas, impulsando acciones que contribuyan a mejorar sus condiciones de vida.<\/p>\n","protected":false},"excerpt":{"rendered":"<p>Brindar bienestar, confianza y seguridad en momentos de mayor angustia es una de las prioridades de la presidenta del Sistema DIF Nayarit, doctora Beatriz Estrada Mart\u00ednez, quien realiz\u00f3 la entrega de una vivienda en la localidad de La Curva, municipio de Xalisco, a una familia cuya casa sufri\u00f3 da\u00f1os irreparables a consecuencia de las fuertes [&hellip;]<\/p>\n","protected":false},"author":2,"featured_media":78182,"comment_status":"closed","ping_status":"open","sticky":false,"template":"","format":"standard","meta":{"footnotes":""},"categories":[4,7],"tags":[],"class_list":["post-78180","post","type-post","status-publish","format-standard","has-post-thumbnail","category-principal","category-tepic"],"yoast_head":"<!-- This site is optimized with the Yoast SEO plugin v28.3 - https:\/\/yoast.com\/product\/yoast-seo-wordpress\/ -->\n<title>Dra. Beatriz Estrada entrega una vivienda a la familia afectada por inundaciones - Peri\u00f3dico Realidades<\/title>\n<meta name=\"robots\" content=\"index, follow, max-snippet:-1, max-image-preview:large, max-video-preview:-1\" \/>\n<link rel=\"canonical\" href=\"https:\/\/periodicorealidades.com\/index.php\/2026\/09\/04\/dra-beatriz-estrada-entrega-una-vivienda-a-la-familia-afectada-por-inundaciones\/\" \/>\n<meta property=\"og:locale\" content=\"es_MX\" \/>\n<meta property=\"og:type\" content=\"article\" \/>\n<meta property=\"og:title\" content=\"Dra. Beatriz Estrada entrega una vivienda a la familia afectada por inundaciones - Peri\u00f3dico Realidades\" \/>\n<meta property=\"og:description\" content=\"Brindar bienestar, confianza y seguridad en momentos de mayor angustia es una de las prioridades de la presidenta del Sistema DIF Nayarit, doctora Beatriz Estrada Mart\u00ednez, quien realiz\u00f3 la entrega de una vivienda en la localidad de La Curva, municipio de Xalisco, a una familia cuya casa sufri\u00f3 da\u00f1os irreparables a consecuencia de las fuertes [&hellip;]\" \/>\n<meta property=\"og:url\" content=\"https:\/\/periodicorealidades.com\/index.php\/2026\/09\/04\/dra-beatriz-estrada-entrega-una-vivienda-a-la-familia-afectada-por-inundaciones\/\" \/>\n<meta property=\"og:site_name\" content=\"Peri\u00f3dico Realidades\" \/>\n<meta property=\"article:publisher\" content=\"https:\/\/www.facebook.com\/periodicorealidades.denayarit?mibextid=LQQJ4d\" \/>\n<meta property=\"article:published_time\" content=\"2026-09-05T04:56:12+00:00\" \/>\n<meta property=\"og:image\" content=\"https:\/\/periodicorealidades.com\/wp-content\/uploads\/2026\/09\/WhatsApp-Image-2026-09-04-at-7.30.22-PM.jpeg\" \/>\n\t<meta property=\"og:image:width\" content=\"1600\" \/>\n\t<meta property=\"og:image:height\" content=\"1066\" \/>\n\t<meta property=\"og:image:type\" content=\"image\/jpeg\" \/>\n<meta name=\"author\" content=\"editor\" \/>\n<meta name=\"twitter:card\" content=\"summary_large_image\" \/>\n<meta name=\"twitter:label1\" content=\"Escrito por\" \/>\n\t<meta name=\"twitter:data1\" content=\"editor\" \/>\n\t<meta name=\"twitter:label2\" content=\"Tiempo de lectura\" \/>\n\t<meta name=\"twitter:data2\" content=\"3 minutos\" \/>\n<script type=\"application\/ld+json\" class=\"yoast-schema-graph\">{\"@context\":\"https:\\\/\\\/schema.org\",\"@graph\":[{\"@type\":\"Article\",\"@id\":\"https:\\\/\\\/periodicorealidades.com\\\/index.php\\\/2026\\\/09\\\/04\\\/dra-beatriz-estrada-entrega-una-vivienda-a-la-familia-afectada-por-inundaciones\\\/#article\",\"isPartOf\":{\"@id\":\"https:\\\/\\\/periodicorealidades.com\\\/index.php\\\/2026\\\/09\\\/04\\\/dra-beatriz-estrada-entrega-una-vivienda-a-la-familia-afectada-por-inundaciones\\\/\"},\"author\":{\"name\":\"editor\",\"@id\":\"https:\\\/\\\/periodicorealidades.com\\\/#\\\/schema\\\/person\\\/c27da34ee13acaec3162071a3e1c7832\"},\"headline\":\"Dra. Beatriz Estrada entrega una vivienda a la familia afectada por inundaciones\",\"datePublished\":\"2026-09-05T04:56:12+00:00\",\"mainEntityOfPage\":{\"@id\":\"https:\\\/\\\/periodicorealidades.com\\\/index.php\\\/2026\\\/09\\\/04\\\/dra-beatriz-estrada-entrega-una-vivienda-a-la-familia-afectada-por-inundaciones\\\/\"},\"wordCount\":279,\"publisher\":{\"@id\":\"https:\\\/\\\/periodicorealidades.com\\\/#organization\"},\"image\":{\"@id\":\"https:\\\/\\\/periodicorealidades.com\\\/index.php\\\/2026\\\/09\\\/04\\\/dra-beatriz-estrada-entrega-una-vivienda-a-la-familia-afectada-por-inundaciones\\\/#primaryimage\"},\"thumbnailUrl\":\"https:\\\/\\\/periodicorealidades.com\\\/wp-content\\\/uploads\\\/2026\\\/09\\\/WhatsApp-Image-2026-09-04-at-7.30.22-PM.jpeg\",\"articleSection\":[\"Principal\",\"Tepic\"],\"inLanguage\":\"es\"},{\"@type\":\"WebPage\",\"@id\":\"https:\\\/\\\/periodicorealidades.com\\\/index.php\\\/2026\\\/09\\\/04\\\/dra-beatriz-estrada-entrega-una-vivienda-a-la-familia-afectada-por-inundaciones\\\/\",\"url\":\"https:\\\/\\\/periodicorealidades.com\\\/index.php\\\/2026\\\/09\\\/04\\\/dra-beatriz-estrada-entrega-una-vivienda-a-la-familia-afectada-por-inundaciones\\\/\",\"name\":\"Dra. Beatriz Estrada entrega una vivienda a la familia afectada por inundaciones - Peri\u00f3dico Realidades\",\"isPartOf\":{\"@id\":\"https:\\\/\\\/periodicorealidades.com\\\/#website\"},\"primaryImageOfPage\":{\"@id\":\"https:\\\/\\\/periodicorealidades.com\\\/index.php\\\/2026\\\/09\\\/04\\\/dra-beatriz-estrada-entrega-una-vivienda-a-la-familia-afectada-por-inundaciones\\\/#primaryimage\"},\"image\":{\"@id\":\"https:\\\/\\\/periodicorealidades.com\\\/index.php\\\/2026\\\/09\\\/04\\\/dra-beatriz-estrada-entrega-una-vivienda-a-la-familia-afectada-por-inundaciones\\\/#primaryimage\"},\"thumbnailUrl\":\"https:\\\/\\\/periodicorealidades.com\\\/wp-content\\\/uploads\\\/2026\\\/09\\\/WhatsApp-Image-2026-09-04-at-7.30.22-PM.jpeg\",\"datePublished\":\"2026-09-05T04:56:12+00:00\",\"breadcrumb\":{\"@id\":\"https:\\\/\\\/periodicorealidades.com\\\/index.php\\\/2026\\\/09\\\/04\\\/dra-beatriz-estrada-entrega-una-vivienda-a-la-familia-afectada-por-inundaciones\\\/#breadcrumb\"},\"inLanguage\":\"es\",\"potentialAction\":[{\"@type\":\"ReadAction\",\"target\":[\"https:\\\/\\\/periodicorealidades.com\\\/index.php\\\/2026\\\/09\\\/04\\\/dra-beatriz-estrada-entrega-una-vivienda-a-la-familia-afectada-por-inundaciones\\\/\"]}]},{\"@type\":\"ImageObject\",\"inLanguage\":\"es\",\"@id\":\"https:\\\/\\\/periodicorealidades.com\\\/index.php\\\/2026\\\/09\\\/04\\\/dra-beatriz-estrada-entrega-una-vivienda-a-la-familia-afectada-por-inundaciones\\\/#primaryimage\",\"url\":\"https:\\\/\\\/periodicorealidades.com\\\/wp-content\\\/uploads\\\/2026\\\/09\\\/WhatsApp-Image-2026-09-04-at-7.30.22-PM.jpeg\",\"contentUrl\":\"https:\\\/\\\/periodicorealidades.com\\\/wp-content\\\/uploads\\\/2026\\\/09\\\/WhatsApp-Image-2026-09-04-at-7.30.22-PM.jpeg\",\"width\":1600,\"height\":1066},{\"@type\":\"BreadcrumbList\",\"@id\":\"https:\\\/\\\/periodicorealidades.com\\\/index.php\\\/2026\\\/09\\\/04\\\/dra-beatriz-estrada-entrega-una-vivienda-a-la-familia-afectada-por-inundaciones\\\/#breadcrumb\",\"itemListElement\":[{\"@type\":\"ListItem\",\"position\":1,\"name\":\"Inicio\",\"item\":\"https:\\\/\\\/periodicorealidades.com\\\/\"},{\"@type\":\"ListItem\",\"position\":2,\"name\":\"Dra. Beatriz Estrada entrega una vivienda a la familia afectada por inundaciones\"}]},{\"@type\":\"WebSite\",\"@id\":\"https:\\\/\\\/periodicorealidades.com\\\/#website\",\"url\":\"https:\\\/\\\/periodicorealidades.com\\\/\",\"name\":\"Peri\u00f3dico Realidades\",\"description\":\"M\u00e9dio de comunicaci\u00f3n en Nayarit\",\"publisher\":{\"@id\":\"https:\\\/\\\/periodicorealidades.com\\\/#organization\"},\"potentialAction\":[{\"@type\":\"SearchAction\",\"target\":{\"@type\":\"EntryPoint\",\"urlTemplate\":\"https:\\\/\\\/periodicorealidades.com\\\/?s={search_term_string}\"},\"query-input\":{\"@type\":\"PropertyValueSpecification\",\"valueRequired\":true,\"valueName\":\"search_term_string\"}}],\"inLanguage\":\"es\"},{\"@type\":\"Organization\",\"@id\":\"https:\\\/\\\/periodicorealidades.com\\\/#organization\",\"name\":\"Peri\u00f3dico Realidades\",\"url\":\"https:\\\/\\\/periodicorealidades.com\\\/\",\"logo\":{\"@type\":\"ImageObject\",\"inLanguage\":\"es\",\"@id\":\"https:\\\/\\\/periodicorealidades.com\\\/#\\\/schema\\\/logo\\\/image\\\/\",\"url\":\"https:\\\/\\\/periodicorealidades.com\\\/wp-content\\\/uploads\\\/2023\\\/05\\\/r-prueba.png\",\"contentUrl\":\"https:\\\/\\\/periodicorealidades.com\\\/wp-content\\\/uploads\\\/2023\\\/05\\\/r-prueba.png\",\"width\":709,\"height\":709,\"caption\":\"Peri\u00f3dico Realidades\"},\"image\":{\"@id\":\"https:\\\/\\\/periodicorealidades.com\\\/#\\\/schema\\\/logo\\\/image\\\/\"},\"sameAs\":[\"https:\\\/\\\/www.facebook.com\\\/periodicorealidades.denayarit?mibextid=LQQJ4d\"]},{\"@type\":\"Person\",\"@id\":\"https:\\\/\\\/periodicorealidades.com\\\/#\\\/schema\\\/person\\\/c27da34ee13acaec3162071a3e1c7832\",\"name\":\"editor\",\"image\":{\"@type\":\"ImageObject\",\"inLanguage\":\"es\",\"@id\":\"https:\\\/\\\/secure.gravatar.com\\\/avatar\\\/dda3c3f59ea25f4b53cd53df977b0b2628039b17268e57c944a79a00e8a56e26?s=96&d=mm&r=g\",\"url\":\"https:\\\/\\\/secure.gravatar.com\\\/avatar\\\/dda3c3f59ea25f4b53cd53df977b0b2628039b17268e57c944a79a00e8a56e26?s=96&d=mm&r=g\",\"contentUrl\":\"https:\\\/\\\/secure.gravatar.com\\\/avatar\\\/dda3c3f59ea25f4b53cd53df977b0b2628039b17268e57c944a79a00e8a56e26?s=96&d=mm&r=g\",\"caption\":\"editor\"},\"url\":\"https:\\\/\\\/periodicorealidades.com\\\/index.php\\\/author\\\/editor\\\/\"}]}<\/script>\n<!-- \/ Yoast SEO plugin. -->","yoast_head_json":{"title":"Dra. Beatriz Estrada entrega una vivienda a la familia afectada por inundaciones - Peri\u00f3dico Realidades","robots":{"index":"index","follow":"follow","max-snippet":"max-snippet:-1","max-image-preview":"max-image-preview:large","max-video-preview":"max-video-preview:-1"},"canonical":"https:\/\/periodicorealidades.com\/index.php\/2026\/09\/04\/dra-beatriz-estrada-entrega-una-vivienda-a-la-familia-afectada-por-inundaciones\/","og_locale":"es_MX","og_type":"article","og_title":"Dra. Beatriz Estrada entrega una vivienda a la familia afectada por inundaciones - Peri\u00f3dico Realidades","og_description":"Brindar bienestar, confianza y seguridad en momentos de mayor angustia es una de las prioridades de la presidenta del Sistema DIF Nayarit, doctora Beatriz Estrada Mart\u00ednez, quien realiz\u00f3 la entrega de una vivienda en la localidad de La Curva, municipio de Xalisco, a una familia cuya casa sufri\u00f3 da\u00f1os irreparables a consecuencia de las fuertes [&hellip;]","og_url":"https:\/\/periodicorealidades.com\/index.php\/2026\/09\/04\/dra-beatriz-estrada-entrega-una-vivienda-a-la-familia-afectada-por-inundaciones\/","og_site_name":"Peri\u00f3dico Realidades","article_publisher":"https:\/\/www.facebook.com\/periodicorealidades.denayarit?mibextid=LQQJ4d","article_published_time":"2026-09-05T04:56:12+00:00","og_image":[{"width":1600,"height":1066,"url":"https:\/\/periodicorealidades.com\/wp-content\/uploads\/2026\/09\/WhatsApp-Image-2026-09-04-at-7.30.22-PM.jpeg","type":"image\/jpeg"}],"author":"editor","twitter_card":"summary_large_image","twitter_misc":{"Escrito por":"editor","Tiempo de lectura":"3 minutos"},"schema":{"@context":"https:\/\/schema.org","@graph":[{"@type":"Article","@id":"https:\/\/periodicorealidades.com\/index.php\/2026\/09\/04\/dra-beatriz-estrada-entrega-una-vivienda-a-la-familia-afectada-por-inundaciones\/#article","isPartOf":{"@id":"https:\/\/periodicorealidades.com\/index.php\/2026\/09\/04\/dra-beatriz-estrada-entrega-una-vivienda-a-la-familia-afectada-por-inundaciones\/"},"author":{"name":"editor","@id":"https:\/\/periodicorealidades.com\/#\/schema\/person\/c27da34ee13acaec3162071a3e1c7832"},"headline":"Dra. Beatriz Estrada entrega una vivienda a la familia afectada por inundaciones","datePublished":"2026-09-05T04:56:12+00:00","mainEntityOfPage":{"@id":"https:\/\/periodicorealidades.com\/index.php\/2026\/09\/04\/dra-beatriz-estrada-entrega-una-vivienda-a-la-familia-afectada-por-inundaciones\/"},"wordCount":279,"publisher":{"@id":"https:\/\/periodicorealidades.com\/#organization"},"image":{"@id":"https:\/\/periodicorealidades.com\/index.php\/2026\/09\/04\/dra-beatriz-estrada-entrega-una-vivienda-a-la-familia-afectada-por-inundaciones\/#primaryimage"},"thumbnailUrl":"https:\/\/periodicorealidades.com\/wp-content\/uploads\/2026\/09\/WhatsApp-Image-2026-09-04-at-7.30.22-PM.jpeg","articleSection":["Principal","Tepic"],"inLanguage":"es"},{"@type":"WebPage","@id":"https:\/\/periodicorealidades.com\/index.php\/2026\/09\/04\/dra-beatriz-estrada-entrega-una-vivienda-a-la-familia-afectada-por-inundaciones\/","url":"https:\/\/periodicorealidades.com\/index.php\/2026\/09\/04\/dra-beatriz-estrada-entrega-una-vivienda-a-la-familia-afectada-por-inundaciones\/","name":"Dra. Beatriz Estrada entrega una vivienda a la familia afectada por inundaciones - Peri\u00f3dico Realidades","isPartOf":{"@id":"https:\/\/periodicorealidades.com\/#website"},"primaryImageOfPage":{"@id":"https:\/\/periodicorealidades.com\/index.php\/2026\/09\/04\/dra-beatriz-estrada-entrega-una-vivienda-a-la-familia-afectada-por-inundaciones\/#primaryimage"},"image":{"@id":"https:\/\/periodicorealidades.com\/index.php\/2026\/09\/04\/dra-beatriz-estrada-entrega-una-vivienda-a-la-familia-afectada-por-inundaciones\/#primaryimage"},"thumbnailUrl":"https:\/\/periodicorealidades.com\/wp-content\/uploads\/2026\/09\/WhatsApp-Image-2026-09-04-at-7.30.22-PM.jpeg","datePublished":"2026-09-05T04:56:12+00:00","breadcrumb":{"@id":"https:\/\/periodicorealidades.com\/index.php\/2026\/09\/04\/dra-beatriz-estrada-entrega-una-vivienda-a-la-familia-afectada-por-inundaciones\/#breadcrumb"},"inLanguage":"es","potentialAction":[{"@type":"ReadAction","target":["https:\/\/periodicorealidades.com\/index.php\/2026\/09\/04\/dra-beatriz-estrada-entrega-una-vivienda-a-la-familia-afectada-por-inundaciones\/"]}]},{"@type":"ImageObject","inLanguage":"es","@id":"https:\/\/periodicorealidades.com\/index.php\/2026\/09\/04\/dra-beatriz-estrada-entrega-una-vivienda-a-la-familia-afectada-por-inundaciones\/#primaryimage","url":"https:\/\/periodicorealidades.com\/wp-content\/uploads\/2026\/09\/WhatsApp-Image-2026-09-04-at-7.30.22-PM.jpeg","contentUrl":"https:\/\/periodicorealidades.com\/wp-content\/uploads\/2026\/09\/WhatsApp-Image-2026-09-04-at-7.30.22-PM.jpeg","width":1600,"height":1066},{"@type":"BreadcrumbList","@id":"https:\/\/periodicorealidades.com\/index.php\/2026\/09\/04\/dra-beatriz-estrada-entrega-una-vivienda-a-la-familia-afectada-por-inundaciones\/#breadcrumb","itemListElement":[{"@type":"ListItem","position":1,"name":"Inicio","item":"https:\/\/periodicorealidades.com\/"},{"@type":"ListItem","position":2,"name":"Dra. Beatriz Estrada entrega una vivienda a la familia afectada por inundaciones"}]},{"@type":"WebSite","@id":"https:\/\/periodicorealidades.com\/#website","url":"https:\/\/periodicorealidades.com\/","name":"Peri\u00f3dico Realidades","description":"M\u00e9dio de comunicaci\u00f3n en Nayarit","publisher":{"@id":"https:\/\/periodicorealidades.com\/#organization"},"potentialAction":[{"@type":"SearchAction","target":{"@type":"EntryPoint","urlTemplate":"https:\/\/periodicorealidades.com\/?s={search_term_string}"},"query-input":{"@type":"PropertyValueSpecification","valueRequired":true,"valueName":"search_term_string"}}],"inLanguage":"es"},{"@type":"Organization","@id":"https:\/\/periodicorealidades.com\/#organization","name":"Peri\u00f3dico Realidades","url":"https:\/\/periodicorealidades.com\/","logo":{"@type":"ImageObject","inLanguage":"es","@id":"https:\/\/periodicorealidades.com\/#\/schema\/logo\/image\/","url":"https:\/\/periodicorealidades.com\/wp-content\/uploads\/2023\/05\/r-prueba.png","contentUrl":"https:\/\/periodicorealidades.com\/wp-content\/uploads\/2023\/05\/r-prueba.png","width":709,"height":709,"caption":"Peri\u00f3dico Realidades"},"image":{"@id":"https:\/\/periodicorealidades.com\/#\/schema\/logo\/image\/"},"sameAs":["https:\/\/www.facebook.com\/periodicorealidades.denayarit?mibextid=LQQJ4d"]},{"@type":"Person","@id":"https:\/\/periodicorealidades.com\/#\/schema\/person\/c27da34ee13acaec3162071a3e1c7832","name":"editor","image":{"@type":"ImageObject","inLanguage":"es","@id":"https:\/\/secure.gravatar.com\/avatar\/dda3c3f59ea25f4b53cd53df977b0b2628039b17268e57c944a79a00e8a56e26?s=96&d=mm&r=g","url":"https:\/\/secure.gravatar.com\/avatar\/dda3c3f59ea25f4b53cd53df977b0b2628039b17268e57c944a79a00e8a56e26?s=96&d=mm&r=g","contentUrl":"https:\/\/secure.gravatar.com\/avatar\/dda3c3f59ea25f4b53cd53df977b0b2628039b17268e57c944a79a00e8a56e26?s=96&d=mm&r=g","caption":"editor"},"url":"https:\/\/periodicorealidades.com\/index.php\/author\/editor\/"}]}},"_links":{"self":[{"href":"https:\/\/periodicorealidades.com\/index.php\/wp-json\/wp\/v2\/posts\/78180","targetHints":{"allow":["GET"]}}],"collection":[{"href":"https:\/\/periodicorealidades.com\/index.php\/wp-json\/wp\/v2\/posts"}],"about":[{"href":"https:\/\/periodicorealidades.com\/index.php\/wp-json\/wp\/v2\/types\/post"}],"author":[{"embeddable":true,"href":"https:\/\/periodicorealidades.com\/index.php\/wp-json\/wp\/v2\/users\/2"}],"replies":[{"embeddable":true,"href":"https:\/\/periodicorealidades.com\/index.php\/wp-json\/wp\/v2\/comments?post=78180"}],"version-history":[{"count":1,"href":"https:\/\/periodicorealidades.com\/index.php\/wp-json\/wp\/v2\/posts\/78180\/revisions"}],"predecessor-version":[{"id":78190,"href":"https:\/\/periodicorealidades.com\/index.php\/wp-json\/wp\/v2\/posts\/78180\/revisions\/78190"}],"wp:featuredmedia":[{"embeddable":true,"href":"https:\/\/periodicorealidades.com\/index.php\/wp-json\/wp\/v2\/media\/78182"}],"wp:attachment":[{"href":"https:\/\/periodicorealidades.com\/index.php\/wp-json\/wp\/v2\/media?parent=78180"}],"wp:term":[{"taxonomy":"category","embeddable":true,"href":"https:\/\/periodicorealidades.com\/index.php\/wp-json\/wp\/v2\/categories?post=78180"},{"taxonomy":"post_tag","embeddable":true,"href":"https:\/\/periodicorealidades.com\/index.php\/wp-json\/wp\/v2\/tags?post=78180"}],"curies":[{"name":"wp","href":"https:\/\/api.w.org\/{rel}","templated":true}]}}